{"id":4605,"date":"2022-09-20T13:38:11","date_gmt":"2022-09-20T11:38:11","guid":{"rendered":"https:\/\/www.naturparkmagazin.de\/dahme-heideseen\/?p=4605"},"modified":"2022-09-28T09:30:20","modified_gmt":"2022-09-28T07:30:20","slug":"netzwerktreffen-fuer-ausserschulische-bildungsanbietende-im-na-turpark-dahme-heideseen","status":"publish","type":"post","link":"https:\/\/www.naturparkmagazin.de\/dahme-heideseen\/netzwerktreffen-fuer-ausserschulische-bildungsanbietende-im-na-turpark-dahme-heideseen\/","title":{"rendered":"Netzwerktreffen f\u00fcr au\u00dferschulische Bildungsanbietende im Na-turpark Dahme-Heideseen"},"content":{"rendered":"<p><strong>Gemeinsam mit der Servicestelle BNE und Engagement Global l\u00e4dt die Naturpark-Verwaltung Dahme-Heideseen zu einem regionalen Werkstattgespr\u00e4ch f\u00fcr Einrichtungen und Aktive im Bereich der Umweltbildung ein. Ziel ist es, unter dem Schirm der Agenda 2030 lokale und regionale Akteursgruppen in den Regionen Dahme-Spreewald und Oder-Spree st\u00e4rker miteinander in den Austausch zu bringen und zu vernetzen. Der Aufbau von lokalen Bildungslandschaften und damit einer Bildungsszene, die sich gegenseitig inspiriert und gemeinsam weiterentwickelt, tr\u00e4gt dazu bei, Hindernisse zu \u00fcberwinden und die Ziele und Inhalte der Agenda in der Fl\u00e4che zu verbreiten.<\/strong><\/p>\n<p>Bildung f\u00fcr nachhaltige Entwicklung (BNE) ist zentral f\u00fcr die Erreichung der UN Agenda 2030 mit ihren 17 Nachhaltigkeitszielen. Die Agenda 2030 schafft die Grundlage daf\u00fcr, weltweiten wirtschaftlichen Fortschritt im Einklang mit sozialer Gerechtigkeit und im Rahmen der \u00f6kologischen Grenzen der Erde zu gestalten. In Brandenburg orientiert sich die Landesnachhaltigkeitsstrategie ebenfalls an der Agenda 2030 und den Nachhaltigkeitszielen. Dabei ist die Einbindung lokaler Akteurinnen und Akteure f\u00fcr eine Verwirklichung von Nachhaltigkeit und das Erreichen der Nachhaltigkeitsziele von entscheidender Bedeutung.<\/p>\n<p>Das Werkstattgespr\u00e4ch bietet die M\u00f6glichkeit, mit anderen regionalen Bildungsanbietenden ins Gespr\u00e4ch zu kommen, die eigene Arbeit vorzustellen und zu reflektieren sowie im Kontext einer Bildung f\u00fcr nachhaltige Entwicklung und des Globalen Lernens einzuordnen.<\/p>\n<p>F\u00fcr eine weitere Zusammenarbeit und Vernetzung kann die Naturpark-Verwaltung als Dach-Organisation dienen. Auf welche Art der Austausch in der Region zuk\u00fcnftig fortgef\u00fchrt werden soll, k\u00f6nnen die Teilnehmenden bei dem Werkstattgespr\u00e4ch gemeinsam beschlie\u00dfen.<\/p>\n<p>&nbsp;<\/p>\n<p><strong>Veranstaltungsort:<\/strong> Burg Storkow, Schlo\u00dfstr. 6, 15859 Storkow (Mark)<\/p>\n<p><a href=\"https:\/\/bit.ly\/3IdiKH9\" target=\"_blank\">Anmeldung hier..<\/a><\/p>\n<p>&nbsp;<\/p>\n<p><u>Hintergrund<\/u>:<\/p>\n<p>Der Naturpark Dahme-Heideseen geh\u00f6rt zu den 15 Gro\u00dfschutzgebieten in Brandenburg. Seine vier Kernaufgaben umfassen Naturschutz, F\u00f6rderung von Naturtourismus und nachhaltiger Regionalentwicklung sowie Bildung f\u00fcr nachhaltige Entwicklung (BNE). Im Bereich BNE versteht sich der Naturpark als Impulsgeber und Moderator in der Region.<\/p>\n<p>Die Servicestelle BNE ist eine zentrale Anlaufstelle f\u00fcr das Thema Bildung f\u00fcr nachhaltige Entwicklung in Brandenburg, beauftragt vom Land Brandenburg, Ministerium f\u00fcr Landwirtschaft, Umwelt und Klimaschutz. Sie hat das Ziel, die Qualit\u00e4tsentwicklung der BNE in Brandenburg zu unterst\u00fctzen, die Pr\u00e4senz des Themas in der \u00d6ffentlichkeit zu st\u00e4rken und die BNE-Landschaft im Land sichtbar zu machen.<\/p>\n<p>ENGAGEMENT GLOBAL gGmbH \u2013 Service f\u00fcr Entwicklungsinitiativen informiert und ber\u00e4t Einzelpersonen, Zivilgesellschaft, Kommunen, Schulen, Wirtschaft und Stiftungen zu entwicklungspolitischen Vorhaben und f\u00f6rdert diese finanziell. Sie qualifiziert bedarfsgerecht, verbindet Menschen und Institutionen miteinander, unterst\u00fctzt zivilgesellschaftliches und kommunales Engagement. Die Au\u00dfenstelle Berlin ist die regionale Ansprechpartnerin f\u00fcr entwicklungspolitisches Engagement und bietet vielf\u00e4ltige Unterst\u00fctzung f\u00fcr Organisationen der Zivilgesellschaft, Vereine und Initiativen, engagierte Einzelpersonen sowie Kommunen und ihre Vertreterinnen und Vertreter f\u00fcr die Bundesl\u00e4nder Berlin und Brandenburg<\/p>\n","protected":false},"excerpt":{"rendered":"<p>Gemeinsam mit der Servicestelle BNE und Engagement Global l\u00e4dt die Naturpark-Verwaltung Dahme-Heideseen zu einem regionalen Werkstattgespr\u00e4ch f\u00fcr Einrich-tungen und Aktive im Bereich der Umweltbildung ein. Ziel ist es, unter dem Schirm der Agenda 2030 lokale und regionale Akteursgruppen in den Regionen Dahme-Spreewald und Oder-Spree st\u00e4rker miteinander in den Austausch zu bringen und zu vernetzen. Der Aufbau von lokalen Bildungslandschaften und damit einer Bil-dungsszene, die sich gegenseitig inspiriert und gemeinsam weiterentwickelt, tr\u00e4gt dazu bei, Hindernisse zu \u00fcberwinden und die Ziele und Inhalte der Agenda in der Fl\u00e4che zu verbreiten.<\/p>\n","protected":false},"author":83,"featured_media":1581,"comment_status":"open","ping_status":"open","sticky":false,"template":"","format":"standard","meta":[],"categories":[11],"tags":[674,3078],"yoast_head":"<!-- This site is optimized with the Yoast SEO plugin v19.10 - https:\/\/yoast.com\/wordpress\/plugins\/seo\/ -->\n<title>Netzwerktreffen f\u00fcr au\u00dferschulische Bildungsanbietende im Na-turpark Dahme-Heideseen - Naturpark Dahme-Heideseen<\/title>\n<meta name=\"robots\" content=\"index, follow, max-snippet:-1, max-image-preview:large, max-video-preview:-1\" \/>\n<link rel=\"canonical\" href=\"https:\/\/www.naturparkmagazin.de\/dahme-heideseen\/netzwerktreffen-fuer-ausserschulische-bildungsanbietende-im-na-turpark-dahme-heideseen\/\" \/>\n<meta property=\"og:locale\" content=\"de_DE\" \/>\n<meta property=\"og:type\" content=\"article\" \/>\n<meta property=\"og:title\" content=\"Netzwerktreffen f\u00fcr au\u00dferschulische Bildungsanbietende im Na-turpark Dahme-Heideseen - Naturpark Dahme-Heideseen\" \/>\n<meta property=\"og:description\" content=\"Gemeinsam mit der Servicestelle BNE und Engagement Global l\u00e4dt die Naturpark-Verwaltung Dahme-Heideseen zu einem regionalen Werkstattgespr\u00e4ch f\u00fcr Einrich-tungen und Aktive im Bereich der Umweltbildung ein. Ziel ist es, unter dem Schirm der Agenda 2030 lokale und regionale Akteursgruppen in den Regionen Dahme-Spreewald und Oder-Spree st\u00e4rker miteinander in den Austausch zu bringen und zu vernetzen. Der Aufbau von lokalen Bildungslandschaften und damit einer Bil-dungsszene, die sich gegenseitig inspiriert und gemeinsam weiterentwickelt, tr\u00e4gt dazu bei, Hindernisse zu \u00fcberwinden und die Ziele und Inhalte der Agenda in der Fl\u00e4che zu verbreiten.\" \/>\n<meta property=\"og:url\" content=\"https:\/\/www.naturparkmagazin.de\/dahme-heideseen\/netzwerktreffen-fuer-ausserschulische-bildungsanbietende-im-na-turpark-dahme-heideseen\/\" \/>\n<meta property=\"og:site_name\" content=\"Naturpark Dahme-Heideseen\" \/>\n<meta property=\"article:published_time\" content=\"2022-09-20T11:38:11+00:00\" \/>\n<meta property=\"article:modified_time\" content=\"2022-09-28T07:30:20+00:00\" \/>\n<meta property=\"og:image\" content=\"https:\/\/www.naturparkmagazin.de\/dahme-heideseen\/wp-content\/uploads\/sites\/37\/npdh_biogarten_insektenwand_sonnenberg.jpg\" \/>\n\t<meta property=\"og:image:width\" content=\"1000\" \/>\n\t<meta property=\"og:image:height\" content=\"669\" \/>\n\t<meta property=\"og:image:type\" content=\"image\/jpeg\" \/>\n<meta name=\"author\" content=\"Astrid Osenbr\u00fcck\" \/>\n<meta name=\"twitter:label1\" content=\"Verfasst von\" \/>\n\t<meta name=\"twitter:data1\" content=\"Astrid Osenbr\u00fcck\" \/>\n\t<meta name=\"twitter:label2\" content=\"Gesch\u00e4tzte Lesezeit\" \/>\n\t<meta name=\"twitter:data2\" content=\"2\u00a0Minuten\" \/>\n<script type=\"application\/ld+json\" class=\"yoast-schema-graph\">{\"@context\":\"https:\/\/schema.org\",\"@graph\":[{\"@type\":\"WebPage\",\"@id\":\"https:\/\/www.naturparkmagazin.de\/dahme-heideseen\/netzwerktreffen-fuer-ausserschulische-bildungsanbietende-im-na-turpark-dahme-heideseen\/\",\"url\":\"https:\/\/www.naturparkmagazin.de\/dahme-heideseen\/netzwerktreffen-fuer-ausserschulische-bildungsanbietende-im-na-turpark-dahme-heideseen\/\",\"name\":\"Netzwerktreffen f\u00fcr au\u00dferschulische Bildungsanbietende im Na-turpark Dahme-Heideseen - Naturpark Dahme-Heideseen\",\"isPartOf\":{\"@id\":\"https:\/\/www.naturparkmagazin.de\/dahme-heideseen\/#website\"},\"datePublished\":\"2022-09-20T11:38:11+00:00\",\"dateModified\":\"2022-09-28T07:30:20+00:00\",\"author\":{\"@id\":\"https:\/\/www.naturparkmagazin.de\/dahme-heideseen\/#\/schema\/person\/a0510aafafdf8183c95fc98faf0c9f21\"},\"breadcrumb\":{\"@id\":\"https:\/\/www.naturparkmagazin.de\/dahme-heideseen\/netzwerktreffen-fuer-ausserschulische-bildungsanbietende-im-na-turpark-dahme-heideseen\/#breadcrumb\"},\"inLanguage\":\"de\",\"potentialAction\":[{\"@type\":\"ReadAction\",\"target\":[\"https:\/\/www.naturparkmagazin.de\/dahme-heideseen\/netzwerktreffen-fuer-ausserschulische-bildungsanbietende-im-na-turpark-dahme-heideseen\/\"]}]},{\"@type\":\"BreadcrumbList\",\"@id\":\"https:\/\/www.naturparkmagazin.de\/dahme-heideseen\/netzwerktreffen-fuer-ausserschulische-bildungsanbietende-im-na-turpark-dahme-heideseen\/#breadcrumb\",\"itemListElement\":[{\"@type\":\"ListItem\",\"position\":1,\"name\":\"Home\",\"item\":\"https:\/\/www.naturparkmagazin.de\/dahme-heideseen\/\"},{\"@type\":\"ListItem\",\"position\":2,\"name\":\"Netzwerktreffen f\u00fcr au\u00dferschulische Bildungsanbietende im Na-turpark Dahme-Heideseen\"}]},{\"@type\":\"WebSite\",\"@id\":\"https:\/\/www.naturparkmagazin.de\/dahme-heideseen\/#website\",\"url\":\"https:\/\/www.naturparkmagazin.de\/dahme-heideseen\/\",\"name\":\"Naturpark Dahme-Heideseen\",\"description\":\"\",\"potentialAction\":[{\"@type\":\"SearchAction\",\"target\":{\"@type\":\"EntryPoint\",\"urlTemplate\":\"https:\/\/www.naturparkmagazin.de\/dahme-heideseen\/?s={search_term_string}\"},\"query-input\":\"required name=search_term_string\"}],\"inLanguage\":\"de\"},{\"@type\":\"Person\",\"@id\":\"https:\/\/www.naturparkmagazin.de\/dahme-heideseen\/#\/schema\/person\/a0510aafafdf8183c95fc98faf0c9f21\",\"name\":\"Astrid Osenbr\u00fcck\",\"sameAs\":[\"http:\/\/www.dahme-heideseen-naturpark.de\"],\"url\":\"https:\/\/www.naturparkmagazin.de\/dahme-heideseen\/author\/astridosenbrueck\/\"}]}<\/script>\n<!-- \/ Yoast SEO plugin. -->","yoast_head_json":{"title":"Netzwerktreffen f\u00fcr au\u00dferschulische Bildungsanbietende im Na-turpark Dahme-Heideseen - Naturpark Dahme-Heideseen","robots":{"index":"index","follow":"follow","max-snippet":"max-snippet:-1","max-image-preview":"max-image-preview:large","max-video-preview":"max-video-preview:-1"},"canonical":"https:\/\/www.naturparkmagazin.de\/dahme-heideseen\/netzwerktreffen-fuer-ausserschulische-bildungsanbietende-im-na-turpark-dahme-heideseen\/","og_locale":"de_DE","og_type":"article","og_title":"Netzwerktreffen f\u00fcr au\u00dferschulische Bildungsanbietende im Na-turpark Dahme-Heideseen - Naturpark Dahme-Heideseen","og_description":"Gemeinsam mit der Servicestelle BNE und Engagement Global l\u00e4dt die Naturpark-Verwaltung Dahme-Heideseen zu einem regionalen Werkstattgespr\u00e4ch f\u00fcr Einrich-tungen und Aktive im Bereich der Umweltbildung ein. Ziel ist es, unter dem Schirm der Agenda 2030 lokale und regionale Akteursgruppen in den Regionen Dahme-Spreewald und Oder-Spree st\u00e4rker miteinander in den Austausch zu bringen und zu vernetzen. Der Aufbau von lokalen Bildungslandschaften und damit einer Bil-dungsszene, die sich gegenseitig inspiriert und gemeinsam weiterentwickelt, tr\u00e4gt dazu bei, Hindernisse zu \u00fcberwinden und die Ziele und Inhalte der Agenda in der Fl\u00e4che zu verbreiten.","og_url":"https:\/\/www.naturparkmagazin.de\/dahme-heideseen\/netzwerktreffen-fuer-ausserschulische-bildungsanbietende-im-na-turpark-dahme-heideseen\/","og_site_name":"Naturpark Dahme-Heideseen","article_published_time":"2022-09-20T11:38:11+00:00","article_modified_time":"2022-09-28T07:30:20+00:00","og_image":[{"width":1000,"height":669,"url":"https:\/\/www.naturparkmagazin.de\/dahme-heideseen\/wp-content\/uploads\/sites\/37\/npdh_biogarten_insektenwand_sonnenberg.jpg","type":"image\/jpeg"}],"author":"Astrid Osenbr\u00fcck","twitter_misc":{"Verfasst von":"Astrid Osenbr\u00fcck","Gesch\u00e4tzte Lesezeit":"2\u00a0Minuten"},"schema":{"@context":"https:\/\/schema.org","@graph":[{"@type":"WebPage","@id":"https:\/\/www.naturparkmagazin.de\/dahme-heideseen\/netzwerktreffen-fuer-ausserschulische-bildungsanbietende-im-na-turpark-dahme-heideseen\/","url":"https:\/\/www.naturparkmagazin.de\/dahme-heideseen\/netzwerktreffen-fuer-ausserschulische-bildungsanbietende-im-na-turpark-dahme-heideseen\/","name":"Netzwerktreffen f\u00fcr au\u00dferschulische Bildungsanbietende im Na-turpark Dahme-Heideseen - Naturpark Dahme-Heideseen","isPartOf":{"@id":"https:\/\/www.naturparkmagazin.de\/dahme-heideseen\/#website"},"datePublished":"2022-09-20T11:38:11+00:00","dateModified":"2022-09-28T07:30:20+00:00","author":{"@id":"https:\/\/www.naturparkmagazin.de\/dahme-heideseen\/#\/schema\/person\/a0510aafafdf8183c95fc98faf0c9f21"},"breadcrumb":{"@id":"https:\/\/www.naturparkmagazin.de\/dahme-heideseen\/netzwerktreffen-fuer-ausserschulische-bildungsanbietende-im-na-turpark-dahme-heideseen\/#breadcrumb"},"inLanguage":"de","potentialAction":[{"@type":"ReadAction","target":["https:\/\/www.naturparkmagazin.de\/dahme-heideseen\/netzwerktreffen-fuer-ausserschulische-bildungsanbietende-im-na-turpark-dahme-heideseen\/"]}]},{"@type":"BreadcrumbList","@id":"https:\/\/www.naturparkmagazin.de\/dahme-heideseen\/netzwerktreffen-fuer-ausserschulische-bildungsanbietende-im-na-turpark-dahme-heideseen\/#breadcrumb","itemListElement":[{"@type":"ListItem","position":1,"name":"Home","item":"https:\/\/www.naturparkmagazin.de\/dahme-heideseen\/"},{"@type":"ListItem","position":2,"name":"Netzwerktreffen f\u00fcr au\u00dferschulische Bildungsanbietende im Na-turpark Dahme-Heideseen"}]},{"@type":"WebSite","@id":"https:\/\/www.naturparkmagazin.de\/dahme-heideseen\/#website","url":"https:\/\/www.naturparkmagazin.de\/dahme-heideseen\/","name":"Naturpark Dahme-Heideseen","description":"","potentialAction":[{"@type":"SearchAction","target":{"@type":"EntryPoint","urlTemplate":"https:\/\/www.naturparkmagazin.de\/dahme-heideseen\/?s={search_term_string}"},"query-input":"required name=search_term_string"}],"inLanguage":"de"},{"@type":"Person","@id":"https:\/\/www.naturparkmagazin.de\/dahme-heideseen\/#\/schema\/person\/a0510aafafdf8183c95fc98faf0c9f21","name":"Astrid Osenbr\u00fcck","sameAs":["http:\/\/www.dahme-heideseen-naturpark.de"],"url":"https:\/\/www.naturparkmagazin.de\/dahme-heideseen\/author\/astridosenbrueck\/"}]}},"_links":{"self":[{"href":"https:\/\/www.naturparkmagazin.de\/dahme-heideseen\/wp-json\/wp\/v2\/posts\/4605"}],"collection":[{"href":"https:\/\/www.naturparkmagazin.de\/dahme-heideseen\/wp-json\/wp\/v2\/posts"}],"about":[{"href":"https:\/\/www.naturparkmagazin.de\/dahme-heideseen\/wp-json\/wp\/v2\/types\/post"}],"author":[{"embeddable":true,"href":"https:\/\/www.naturparkmagazin.de\/dahme-heideseen\/wp-json\/wp\/v2\/users\/83"}],"replies":[{"embeddable":true,"href":"https:\/\/www.naturparkmagazin.de\/dahme-heideseen\/wp-json\/wp\/v2\/comments?post=4605"}],"version-history":[{"count":3,"href":"https:\/\/www.naturparkmagazin.de\/dahme-heideseen\/wp-json\/wp\/v2\/posts\/4605\/revisions"}],"predecessor-version":[{"id":4629,"href":"https:\/\/www.naturparkmagazin.de\/dahme-heideseen\/wp-json\/wp\/v2\/posts\/4605\/revisions\/4629"}],"wp:featuredmedia":[{"embeddable":true,"href":"https:\/\/www.naturparkmagazin.de\/dahme-heideseen\/wp-json\/wp\/v2\/media\/1581"}],"wp:attachment":[{"href":"https:\/\/www.naturparkmagazin.de\/dahme-heideseen\/wp-json\/wp\/v2\/media?parent=4605"}],"wp:term":[{"taxonomy":"category","embeddable":true,"href":"https:\/\/www.naturparkmagazin.de\/dahme-heideseen\/wp-json\/wp\/v2\/categories?post=4605"},{"taxonomy":"post_tag","embeddable":true,"href":"https:\/\/www.naturparkmagazin.de\/dahme-heideseen\/wp-json\/wp\/v2\/tags?post=4605"}],"curies":[{"name":"wp","href":"https:\/\/api.w.org\/{rel}","templated":true}]}}