{"id":4608,"date":"2022-09-20T13:42:04","date_gmt":"2022-09-20T11:42:04","guid":{"rendered":"https:\/\/www.naturparkmagazin.de\/dahme-heideseen\/?p=4608"},"modified":"2022-09-27T13:42:24","modified_gmt":"2022-09-27T11:42:24","slug":"ausstellungseroeffnung-durch-die-linse-der-ranger","status":"publish","type":"post","link":"https:\/\/www.naturparkmagazin.de\/dahme-heideseen\/ausstellungseroeffnung-durch-die-linse-der-ranger\/","title":{"rendered":"Ausstellungser\u00f6ffnung \u201eDurch die Linse der Ranger&#8220;"},"content":{"rendered":"<p>Am Freitagabend (16.09.22) wurde in der Stadtbibliothek K\u00f6nigs Wusterhausen die Ausstellung \u201eDurch die Linse der Ranger\u201c mit einem Vortrag er\u00f6ffnet.<\/p>\n<p>Astrid Osenbr\u00fcck von der Naturparkverwaltung und Rangerin Theresa Schwalbe informierten in einem Vortrag \u00fcber die Besonderheiten des Naturparks Dahme-Heideseen, insbesondere \u00fcber dessen Vogelwelt.<\/p>\n<div id=\"attachment_4611\" style=\"width: 630px\" class=\"wp-caption alignnone\"><a href=\"https:\/\/www.naturparkmagazin.de\/dahme-heideseen\/wp-content\/uploads\/sites\/37\/durch-die-Linse-der-Ranger-a1.jpg\"><img aria-describedby=\"caption-attachment-4611\" decoding=\"async\" loading=\"lazy\" class=\"wp-image-4611 size-medium\" src=\"https:\/\/www.naturparkmagazin.de\/dahme-heideseen\/wp-content\/uploads\/sites\/37\/durch-die-Linse-der-Ranger-a1-620x465.jpg\" alt=\"durch-die-Linse-der-Ranger-a1\" width=\"620\" height=\"465\" srcset=\"https:\/\/www.naturparkmagazin.de\/dahme-heideseen\/wp-content\/uploads\/sites\/37\/durch-die-Linse-der-Ranger-a1-620x465.jpg 620w, https:\/\/www.naturparkmagazin.de\/dahme-heideseen\/wp-content\/uploads\/sites\/37\/durch-die-Linse-der-Ranger-a1-300x225.jpg 300w, https:\/\/www.naturparkmagazin.de\/dahme-heideseen\/wp-content\/uploads\/sites\/37\/durch-die-Linse-der-Ranger-a1-580x435.jpg 580w, https:\/\/www.naturparkmagazin.de\/dahme-heideseen\/wp-content\/uploads\/sites\/37\/durch-die-Linse-der-Ranger-a1-420x315.jpg 420w, https:\/\/www.naturparkmagazin.de\/dahme-heideseen\/wp-content\/uploads\/sites\/37\/durch-die-Linse-der-Ranger-a1-180x135.jpg 180w, https:\/\/www.naturparkmagazin.de\/dahme-heideseen\/wp-content\/uploads\/sites\/37\/durch-die-Linse-der-Ranger-a1-95x71.jpg 95w, https:\/\/www.naturparkmagazin.de\/dahme-heideseen\/wp-content\/uploads\/sites\/37\/durch-die-Linse-der-Ranger-a1-670x503.jpg 670w, https:\/\/www.naturparkmagazin.de\/dahme-heideseen\/wp-content\/uploads\/sites\/37\/durch-die-Linse-der-Ranger-a1-200x150.jpg 200w, https:\/\/www.naturparkmagazin.de\/dahme-heideseen\/wp-content\/uploads\/sites\/37\/durch-die-Linse-der-Ranger-a1.jpg 920w\" sizes=\"(max-width: 620px) 100vw, 620px\" \/><\/a><p id=\"caption-attachment-4611\" class=\"wp-caption-text\">(\u00a9 Carsten Preu\u00df)<\/p><\/div>\n<p>In Brandenburg gibt es 205 regelm\u00e4\u00dfig br\u00fctende Vogelarten. In ganz Deutschland sind es 259 Arten. Der hohe Gesamtbestand ergibt sich daraus, dass Brandenburg einen hohen Anteil an Wald und Gew\u00e4sser hat und die Bev\u00f6lkerungsdichte relativ gering ist und die Landschaftsstruktur noch relativ vielseitig.<\/p>\n<p>Die Heidelerche, ein Bodenbr\u00fcter, die es warm und sandigen Boden mag, findet im Vogelschutzgebiet um die Gro\u00df Schauener Seenkette gute Bedingungen. Bis zu 15.000 Brutpaare konnten in Brandenburg gez\u00e4hlt werden. Das sind 37 Prozent des Brutvorkommens in der Bundesrepublik. Rund um die Gro\u00df Schauener Seenkette sind zahlreiche Vogelbeobachtungen m\u00f6glich. So kommt hier z. B. die seltene und gut getarnte Rohrdommel vor. Gut zu beobachten sind Kraniche, vorbeiziehende Saat- und Bl\u00e4ssg\u00e4nse und Fischadler. F\u00fcr einen Rundumblick eignen sich die Aussichtst\u00fcrme in Selchow und am Schaplowsee.<\/p>\n<p>Der Rotmilan ist haupts\u00e4chlich in Europa verbreitet \u00dcber 50 Prozent des Gesamtbestandes der Rotmilane br\u00fctet in Deutschland. Um zu wissen, wie viele Tiere sich im SPA-Gebiet (Vogelschutzgebiet) an der Gro\u00df Schauener Seenkette wohl f\u00fchlen, kartieren die Ranger regelm\u00e4\u00dfig die dortigen Vorkommen.<\/p>\n<p>Allerdings geht es insbesondere den Vogelarten der Agrarlandschaften so schlecht wie nie zuvor. F\u00fcr die Bestandsr\u00fcckg\u00e4nge ist die intensive Landwirtschaft mit all ihren negativen Folgen verantwortlich: anhaltend hoher Pestizideinsatz, Verlust von naturnahem Gr\u00fcnland, R\u00fcckgang von Brachfl\u00e4chen sowie die Vergr\u00f6\u00dferung und Vereinheitlichung der Ackerschl\u00e4ge. Im Naturpark Dahme-Heideseen ist die Situation besser. Mehr als 60 Prozent der gesamten Landwirtschaftsfl\u00e4che werden \u00f6kologisch genutzt.<\/p>\n<p>Es gibt in Brandenburg auch positive Tendenzen: W\u00e4hrend der Fischadler in den 1960er Jahren als ausgerottet galt, ist es gelungen ihn wieder anzusiedeln. Derzeit gibt es 381 Brutpaare in Brandenburg, zumeist auf Hochspannungsmasten.<\/p>\n<p>Im Vortrag gab es auch viele n\u00fctzliche Tipps zum Vogelschutz, die jeder selbst umsetzten kann, und Hinweise zur Vogelbeobachtung.<\/p>\n<p>&nbsp;<\/p>\n<p><strong>Vom 21. September bis zum 6. M\u00e4rz<\/strong> ist die Ausstellung, die insgesamt 20 Tafeln umfasst, in der <strong><a class=\"external-link-new-window\" title=\"VHS Dahme-Spreewald\" href=\"https:\/\/vhs-dahme-spreewald.de\/\" target=\"_blank\">Volkshochschule Dahme-Spreewald<\/a>, Schulweg 1b in K\u00f6nigs Wusterhausen<\/strong> zu sehen.<\/p>\n","protected":false},"excerpt":{"rendered":"<p>Am Freitagabend (16.09.22) wurde in der Stadtbibliothek K\u00f6nigs Wusterhausen die Ausstellung \u201eDurch die Linse der Ranger\u201c mit einem Vortrag er\u00f6ffnet. Astrid Osenbr\u00fcck von der Naturparkverwaltung und Rangerin Theresa Schwalbe informierten in einem Vortrag \u00fcber die Besonderheiten des Naturparks Dahme-Heideseen, insbesondere \u00fcber dessen Vogelwelt. In Brandenburg gibt es 205 regelm\u00e4\u00dfig br\u00fctende Vogelarten. In ganz Deutschland sind<\/p>\n","protected":false},"author":83,"featured_media":4610,"comment_status":"open","ping_status":"open","sticky":false,"template":"","format":"standard","meta":[],"categories":[11],"tags":[],"yoast_head":"<!-- This site is optimized with the Yoast SEO plugin v19.10 - https:\/\/yoast.com\/wordpress\/plugins\/seo\/ -->\n<title>Ausstellungser\u00f6ffnung \u201eDurch die Linse der Ranger&quot; - Naturpark Dahme-Heideseen<\/title>\n<meta name=\"robots\" content=\"index, follow, max-snippet:-1, max-image-preview:large, max-video-preview:-1\" \/>\n<link rel=\"canonical\" href=\"https:\/\/www.naturparkmagazin.de\/dahme-heideseen\/ausstellungseroeffnung-durch-die-linse-der-ranger\/\" \/>\n<meta property=\"og:locale\" content=\"de_DE\" \/>\n<meta property=\"og:type\" content=\"article\" \/>\n<meta property=\"og:title\" content=\"Ausstellungser\u00f6ffnung \u201eDurch die Linse der Ranger&quot; - Naturpark Dahme-Heideseen\" \/>\n<meta property=\"og:description\" content=\"Am Freitagabend (16.09.22) wurde in der Stadtbibliothek K\u00f6nigs Wusterhausen die Ausstellung \u201eDurch die Linse der Ranger\u201c mit einem Vortrag er\u00f6ffnet. Astrid Osenbr\u00fcck von der Naturparkverwaltung und Rangerin Theresa Schwalbe informierten in einem Vortrag \u00fcber die Besonderheiten des Naturparks Dahme-Heideseen, insbesondere \u00fcber dessen Vogelwelt. In Brandenburg gibt es 205 regelm\u00e4\u00dfig br\u00fctende Vogelarten. In ganz Deutschland sind\" \/>\n<meta property=\"og:url\" content=\"https:\/\/www.naturparkmagazin.de\/dahme-heideseen\/ausstellungseroeffnung-durch-die-linse-der-ranger\/\" \/>\n<meta property=\"og:site_name\" content=\"Naturpark Dahme-Heideseen\" \/>\n<meta property=\"article:published_time\" content=\"2022-09-20T11:42:04+00:00\" \/>\n<meta property=\"article:modified_time\" content=\"2022-09-27T11:42:24+00:00\" \/>\n<meta property=\"og:image\" content=\"https:\/\/www.naturparkmagazin.de\/dahme-heideseen\/wp-content\/uploads\/sites\/37\/durch-die-Linse-der-Ranger-d.jpg\" \/>\n\t<meta property=\"og:image:width\" content=\"881\" \/>\n\t<meta property=\"og:image:height\" content=\"661\" \/>\n\t<meta property=\"og:image:type\" content=\"image\/jpeg\" \/>\n<meta name=\"author\" content=\"Astrid Osenbr\u00fcck\" \/>\n<meta name=\"twitter:label1\" content=\"Verfasst von\" \/>\n\t<meta name=\"twitter:data1\" content=\"Astrid Osenbr\u00fcck\" \/>\n\t<meta name=\"twitter:label2\" content=\"Gesch\u00e4tzte Lesezeit\" \/>\n\t<meta name=\"twitter:data2\" content=\"2\u00a0Minuten\" \/>\n<script type=\"application\/ld+json\" class=\"yoast-schema-graph\">{\"@context\":\"https:\/\/schema.org\",\"@graph\":[{\"@type\":\"WebPage\",\"@id\":\"https:\/\/www.naturparkmagazin.de\/dahme-heideseen\/ausstellungseroeffnung-durch-die-linse-der-ranger\/\",\"url\":\"https:\/\/www.naturparkmagazin.de\/dahme-heideseen\/ausstellungseroeffnung-durch-die-linse-der-ranger\/\",\"name\":\"Ausstellungser\u00f6ffnung \u201eDurch die Linse der Ranger\\\" - Naturpark Dahme-Heideseen\",\"isPartOf\":{\"@id\":\"https:\/\/www.naturparkmagazin.de\/dahme-heideseen\/#website\"},\"datePublished\":\"2022-09-20T11:42:04+00:00\",\"dateModified\":\"2022-09-27T11:42:24+00:00\",\"author\":{\"@id\":\"https:\/\/www.naturparkmagazin.de\/dahme-heideseen\/#\/schema\/person\/a0510aafafdf8183c95fc98faf0c9f21\"},\"breadcrumb\":{\"@id\":\"https:\/\/www.naturparkmagazin.de\/dahme-heideseen\/ausstellungseroeffnung-durch-die-linse-der-ranger\/#breadcrumb\"},\"inLanguage\":\"de\",\"potentialAction\":[{\"@type\":\"ReadAction\",\"target\":[\"https:\/\/www.naturparkmagazin.de\/dahme-heideseen\/ausstellungseroeffnung-durch-die-linse-der-ranger\/\"]}]},{\"@type\":\"BreadcrumbList\",\"@id\":\"https:\/\/www.naturparkmagazin.de\/dahme-heideseen\/ausstellungseroeffnung-durch-die-linse-der-ranger\/#breadcrumb\",\"itemListElement\":[{\"@type\":\"ListItem\",\"position\":1,\"name\":\"Home\",\"item\":\"https:\/\/www.naturparkmagazin.de\/dahme-heideseen\/\"},{\"@type\":\"ListItem\",\"position\":2,\"name\":\"Ausstellungser\u00f6ffnung \u201eDurch die Linse der Ranger&#8220;\"}]},{\"@type\":\"WebSite\",\"@id\":\"https:\/\/www.naturparkmagazin.de\/dahme-heideseen\/#website\",\"url\":\"https:\/\/www.naturparkmagazin.de\/dahme-heideseen\/\",\"name\":\"Naturpark Dahme-Heideseen\",\"description\":\"\",\"potentialAction\":[{\"@type\":\"SearchAction\",\"target\":{\"@type\":\"EntryPoint\",\"urlTemplate\":\"https:\/\/www.naturparkmagazin.de\/dahme-heideseen\/?s={search_term_string}\"},\"query-input\":\"required name=search_term_string\"}],\"inLanguage\":\"de\"},{\"@type\":\"Person\",\"@id\":\"https:\/\/www.naturparkmagazin.de\/dahme-heideseen\/#\/schema\/person\/a0510aafafdf8183c95fc98faf0c9f21\",\"name\":\"Astrid Osenbr\u00fcck\",\"sameAs\":[\"http:\/\/www.dahme-heideseen-naturpark.de\"],\"url\":\"https:\/\/www.naturparkmagazin.de\/dahme-heideseen\/author\/astridosenbrueck\/\"}]}<\/script>\n<!-- \/ Yoast SEO plugin. -->","yoast_head_json":{"title":"Ausstellungser\u00f6ffnung \u201eDurch die Linse der Ranger\" - Naturpark Dahme-Heideseen","robots":{"index":"index","follow":"follow","max-snippet":"max-snippet:-1","max-image-preview":"max-image-preview:large","max-video-preview":"max-video-preview:-1"},"canonical":"https:\/\/www.naturparkmagazin.de\/dahme-heideseen\/ausstellungseroeffnung-durch-die-linse-der-ranger\/","og_locale":"de_DE","og_type":"article","og_title":"Ausstellungser\u00f6ffnung \u201eDurch die Linse der Ranger\" - Naturpark Dahme-Heideseen","og_description":"Am Freitagabend (16.09.22) wurde in der Stadtbibliothek K\u00f6nigs Wusterhausen die Ausstellung \u201eDurch die Linse der Ranger\u201c mit einem Vortrag er\u00f6ffnet. Astrid Osenbr\u00fcck von der Naturparkverwaltung und Rangerin Theresa Schwalbe informierten in einem Vortrag \u00fcber die Besonderheiten des Naturparks Dahme-Heideseen, insbesondere \u00fcber dessen Vogelwelt. In Brandenburg gibt es 205 regelm\u00e4\u00dfig br\u00fctende Vogelarten. In ganz Deutschland sind","og_url":"https:\/\/www.naturparkmagazin.de\/dahme-heideseen\/ausstellungseroeffnung-durch-die-linse-der-ranger\/","og_site_name":"Naturpark Dahme-Heideseen","article_published_time":"2022-09-20T11:42:04+00:00","article_modified_time":"2022-09-27T11:42:24+00:00","og_image":[{"width":881,"height":661,"url":"https:\/\/www.naturparkmagazin.de\/dahme-heideseen\/wp-content\/uploads\/sites\/37\/durch-die-Linse-der-Ranger-d.jpg","type":"image\/jpeg"}],"author":"Astrid Osenbr\u00fcck","twitter_misc":{"Verfasst von":"Astrid Osenbr\u00fcck","Gesch\u00e4tzte Lesezeit":"2\u00a0Minuten"},"schema":{"@context":"https:\/\/schema.org","@graph":[{"@type":"WebPage","@id":"https:\/\/www.naturparkmagazin.de\/dahme-heideseen\/ausstellungseroeffnung-durch-die-linse-der-ranger\/","url":"https:\/\/www.naturparkmagazin.de\/dahme-heideseen\/ausstellungseroeffnung-durch-die-linse-der-ranger\/","name":"Ausstellungser\u00f6ffnung \u201eDurch die Linse der Ranger\" - Naturpark Dahme-Heideseen","isPartOf":{"@id":"https:\/\/www.naturparkmagazin.de\/dahme-heideseen\/#website"},"datePublished":"2022-09-20T11:42:04+00:00","dateModified":"2022-09-27T11:42:24+00:00","author":{"@id":"https:\/\/www.naturparkmagazin.de\/dahme-heideseen\/#\/schema\/person\/a0510aafafdf8183c95fc98faf0c9f21"},"breadcrumb":{"@id":"https:\/\/www.naturparkmagazin.de\/dahme-heideseen\/ausstellungseroeffnung-durch-die-linse-der-ranger\/#breadcrumb"},"inLanguage":"de","potentialAction":[{"@type":"ReadAction","target":["https:\/\/www.naturparkmagazin.de\/dahme-heideseen\/ausstellungseroeffnung-durch-die-linse-der-ranger\/"]}]},{"@type":"BreadcrumbList","@id":"https:\/\/www.naturparkmagazin.de\/dahme-heideseen\/ausstellungseroeffnung-durch-die-linse-der-ranger\/#breadcrumb","itemListElement":[{"@type":"ListItem","position":1,"name":"Home","item":"https:\/\/www.naturparkmagazin.de\/dahme-heideseen\/"},{"@type":"ListItem","position":2,"name":"Ausstellungser\u00f6ffnung \u201eDurch die Linse der Ranger&#8220;"}]},{"@type":"WebSite","@id":"https:\/\/www.naturparkmagazin.de\/dahme-heideseen\/#website","url":"https:\/\/www.naturparkmagazin.de\/dahme-heideseen\/","name":"Naturpark Dahme-Heideseen","description":"","potentialAction":[{"@type":"SearchAction","target":{"@type":"EntryPoint","urlTemplate":"https:\/\/www.naturparkmagazin.de\/dahme-heideseen\/?s={search_term_string}"},"query-input":"required name=search_term_string"}],"inLanguage":"de"},{"@type":"Person","@id":"https:\/\/www.naturparkmagazin.de\/dahme-heideseen\/#\/schema\/person\/a0510aafafdf8183c95fc98faf0c9f21","name":"Astrid Osenbr\u00fcck","sameAs":["http:\/\/www.dahme-heideseen-naturpark.de"],"url":"https:\/\/www.naturparkmagazin.de\/dahme-heideseen\/author\/astridosenbrueck\/"}]}},"_links":{"self":[{"href":"https:\/\/www.naturparkmagazin.de\/dahme-heideseen\/wp-json\/wp\/v2\/posts\/4608"}],"collection":[{"href":"https:\/\/www.naturparkmagazin.de\/dahme-heideseen\/wp-json\/wp\/v2\/posts"}],"about":[{"href":"https:\/\/www.naturparkmagazin.de\/dahme-heideseen\/wp-json\/wp\/v2\/types\/post"}],"author":[{"embeddable":true,"href":"https:\/\/www.naturparkmagazin.de\/dahme-heideseen\/wp-json\/wp\/v2\/users\/83"}],"replies":[{"embeddable":true,"href":"https:\/\/www.naturparkmagazin.de\/dahme-heideseen\/wp-json\/wp\/v2\/comments?post=4608"}],"version-history":[{"count":1,"href":"https:\/\/www.naturparkmagazin.de\/dahme-heideseen\/wp-json\/wp\/v2\/posts\/4608\/revisions"}],"predecessor-version":[{"id":4612,"href":"https:\/\/www.naturparkmagazin.de\/dahme-heideseen\/wp-json\/wp\/v2\/posts\/4608\/revisions\/4612"}],"wp:featuredmedia":[{"embeddable":true,"href":"https:\/\/www.naturparkmagazin.de\/dahme-heideseen\/wp-json\/wp\/v2\/media\/4610"}],"wp:attachment":[{"href":"https:\/\/www.naturparkmagazin.de\/dahme-heideseen\/wp-json\/wp\/v2\/media?parent=4608"}],"wp:term":[{"taxonomy":"category","embeddable":true,"href":"https:\/\/www.naturparkmagazin.de\/dahme-heideseen\/wp-json\/wp\/v2\/categories?post=4608"},{"taxonomy":"post_tag","embeddable":true,"href":"https:\/\/www.naturparkmagazin.de\/dahme-heideseen\/wp-json\/wp\/v2\/tags?post=4608"}],"curies":[{"name":"wp","href":"https:\/\/api.w.org\/{rel}","templated":true}]}}