{"id":4632,"date":"2022-10-24T09:28:05","date_gmt":"2022-10-24T07:28:05","guid":{"rendered":"https:\/\/www.naturparkmagazin.de\/dahme-heideseen\/?p=4632"},"modified":"2022-10-24T09:28:05","modified_gmt":"2022-10-24T07:28:05","slug":"wanderausstellung-klima-und-ernaehrung","status":"publish","type":"post","link":"https:\/\/www.naturparkmagazin.de\/dahme-heideseen\/wanderausstellung-klima-und-ernaehrung\/","title":{"rendered":"Wanderausstellung \u201eKlima und Ern\u00e4hrung&#8220;"},"content":{"rendered":"<p>Anl\u00e4sslich des Weltern\u00e4hrungstages am 16. Oktober macht eine neue Wanderausstellung zum Thema \u201eKlima und Ern\u00e4hrung\u201c Halt im Naturpark Dahme-Heideseen. Die Ausstellung ist ab 17. Oktober ge\u00f6ffnet und l\u00e4dt dazu ein, Wissenswertes \u00fcber klimafreundliche Ern\u00e4hrung zu erfahren und interaktive Elemente wie den \u00f6kologischen Fu\u00dfabdruckrechner zu entdecken. So kann das eigene Konsum- und Ern\u00e4hrungsverhalten etwas f\u00fcr das Weltklima, f\u00fcr sich selbst und f\u00fcr regionale Lebensmittelproduzenten bewirken.<\/p>\n<p>In der neuen Wanderausstellung \u201eKlima und Ern\u00e4hrung\u201c werden Fragen wie \u201eWie viel Fl\u00e4che braucht eigentlich unsere Ern\u00e4hrung?&#8220; und \u201eKann man eigentlich gesund, lecker und klimafreundlich essen?\u201c betrachtet. Mit interaktiven Elementen wie dem \u00f6kologischen Fu\u00dfabdruckrechner kann man vor Ort seinen eigenen Fl\u00e4chenverbrauch f\u00fcr die eigene Ern\u00e4hrung berechnen.<\/p>\n<p>Thematisiert wird mit der Ausstellung auch die Bedeutung von Regionalit\u00e4t und Saisonalit\u00e4t. Vor allem die saisonale Ern\u00e4hrung hat viele Vorteile f\u00fcr das Klima und f\u00fcr die Verbraucherinnen und Verbraucher. Kritisch beleuchtet wird die Lebensmittelverschwendung: Jedes Jahr werden allein in Brandenburg durchschnittlich circa 137.000.000 Kilogramm Lebensmittel weggeworfen. Pro Person sind das 55 Kilogramm pro Jahr. Davon sind etwa die H\u00e4lfte vermeidbare Abf\u00e4lle und damit vermeidbare Treibhausgasemissionen.<\/p>\n<p>Die Ausstellung gibt Tipps und Tricks mit auf den Weg, wie man bereits auf dem eigenen Teller etwas f\u00fcr das Weltklima, f\u00fcr sich selbst und die Lebensmittelproduzenten vor Ort machen kann. Sie richtet sich an interessierte B\u00fcrgerinnen und B\u00fcrger, Bildungseinrichtungen, Kinder und Familien, die sich f\u00fcr gesunde und klimafreundliche Ern\u00e4hrung interessieren.<\/p>\n<p><strong>Die Wanderausstellung ist bis zum 28. Februar 2023 im Naturpark-Infopunkt Prieros, Arnold-Breithor-Stra\u00dfe 8 in 15754 Heidesee OT Prieros zu sehen.<\/strong><\/p>\n<p>Hintergrund: Der 16. Oktober ist Weltern\u00e4hrungstag oder Welthungertag. Er wurde 1979 eingef\u00fchrt und erinnert an die Gr\u00fcndung der Ern\u00e4hrungs- und Landwirtschaftsorganisation FAO (Food and Agriculture Organization of the United Nations) als Sonderorganisation der UNO am 16. Oktober 1945. Er soll darauf aufmerksam machen, dass weltweit viele Millionen Menschen an Hunger leiden. Die Zahl der Hungernden steigt weltweit sogar weiter an. Grund daf\u00fcr sind neue und andauernde Konflikte, die Corona-Pandemie und die sp\u00fcrbaren Folgen des Klimawandels. (Quelle: FAO, IFAD, UNICEF, WFP and WHO. 2022. The State of Food Security and Nutrition in the World 2022. Rome, FAO, S. 13.)<\/p>\n<p>Zu den Aufgaben des Naturparkes Dahme-Heideseen geh\u00f6rt die nachhaltige Regionalentwicklung und die Bildung f\u00fcr nachhaltige Entwicklung (BNE). Es findet Ausstellungen, Vortr\u00e4ge, Veranstaltungen zu diesen Themen statt sowie die Weiterentwicklung des Naturpark Partnernetzwerkes. Hier werden regionale Erzeuger im Naturpark vernetzt.<\/p>\n<p>Die Wanderausstellung wurde vom BUND Brandenburg konzipiert und mit Mitteln des Ministeriums f\u00fcr Landwirtschaft, Umwelt und Klimaschutz des Landes Brandenburg gef\u00f6rdert.<\/p>\n","protected":false},"excerpt":{"rendered":"<p>Anl\u00e4sslich des Weltern\u00e4hrungstages macht eine neue Wanderausstellung zum Thema \u201eKlima und Ern\u00e4hrung\u201c Halt im Naturpark Dahme-Heideseen. Die Ausstellung ist ab 17. Oktober ge\u00f6ffnet und l\u00e4dt dazu ein, Wissenswertes \u00fcber klimafreundliche Ern\u00e4hrung zu erfahren und interaktive Elemente wie den \u00f6kologischen Fu\u00dfabdruckrechner zu entdecken.<\/p>\n","protected":false},"author":83,"featured_media":4633,"comment_status":"open","ping_status":"open","sticky":false,"template":"","format":"standard","meta":[],"categories":[11],"tags":[735],"yoast_head":"<!-- This site is optimized with the Yoast SEO plugin v19.10 - https:\/\/yoast.com\/wordpress\/plugins\/seo\/ -->\n<title>Wanderausstellung \u201eKlima und Ern\u00e4hrung&quot; - Naturpark Dahme-Heideseen<\/title>\n<meta name=\"robots\" content=\"index, follow, max-snippet:-1, max-image-preview:large, max-video-preview:-1\" \/>\n<link rel=\"canonical\" href=\"https:\/\/www.naturparkmagazin.de\/dahme-heideseen\/wanderausstellung-klima-und-ernaehrung\/\" \/>\n<meta property=\"og:locale\" content=\"de_DE\" \/>\n<meta property=\"og:type\" content=\"article\" \/>\n<meta property=\"og:title\" content=\"Wanderausstellung \u201eKlima und Ern\u00e4hrung&quot; - Naturpark Dahme-Heideseen\" \/>\n<meta property=\"og:description\" content=\"Anl\u00e4sslich des Weltern\u00e4hrungstages macht eine neue Wanderausstellung zum Thema \u201eKlima und Ern\u00e4hrung\u201c Halt im Naturpark Dahme-Heideseen. Die Ausstellung ist ab 17. Oktober ge\u00f6ffnet und l\u00e4dt dazu ein, Wissenswertes \u00fcber klimafreundliche Ern\u00e4hrung zu erfahren und interaktive Elemente wie den \u00f6kologischen Fu\u00dfabdruckrechner zu entdecken.\" \/>\n<meta property=\"og:url\" content=\"https:\/\/www.naturparkmagazin.de\/dahme-heideseen\/wanderausstellung-klima-und-ernaehrung\/\" \/>\n<meta property=\"og:site_name\" content=\"Naturpark Dahme-Heideseen\" \/>\n<meta property=\"article:published_time\" content=\"2022-10-24T07:28:05+00:00\" \/>\n<meta property=\"og:image\" content=\"https:\/\/www.naturparkmagazin.de\/dahme-heideseen\/wp-content\/uploads\/sites\/37\/ern\u00e4hrung-Ausstellung-e-003.jpg\" \/>\n\t<meta property=\"og:image:width\" content=\"1057\" \/>\n\t<meta property=\"og:image:height\" content=\"716\" \/>\n\t<meta property=\"og:image:type\" content=\"image\/jpeg\" \/>\n<meta name=\"author\" content=\"Astrid Osenbr\u00fcck\" \/>\n<meta name=\"twitter:label1\" content=\"Verfasst von\" \/>\n\t<meta name=\"twitter:data1\" content=\"Astrid Osenbr\u00fcck\" \/>\n\t<meta name=\"twitter:label2\" content=\"Gesch\u00e4tzte Lesezeit\" \/>\n\t<meta name=\"twitter:data2\" content=\"2\u00a0Minuten\" \/>\n<script type=\"application\/ld+json\" class=\"yoast-schema-graph\">{\"@context\":\"https:\/\/schema.org\",\"@graph\":[{\"@type\":\"WebPage\",\"@id\":\"https:\/\/www.naturparkmagazin.de\/dahme-heideseen\/wanderausstellung-klima-und-ernaehrung\/\",\"url\":\"https:\/\/www.naturparkmagazin.de\/dahme-heideseen\/wanderausstellung-klima-und-ernaehrung\/\",\"name\":\"Wanderausstellung \u201eKlima und Ern\u00e4hrung\\\" - Naturpark Dahme-Heideseen\",\"isPartOf\":{\"@id\":\"https:\/\/www.naturparkmagazin.de\/dahme-heideseen\/#website\"},\"datePublished\":\"2022-10-24T07:28:05+00:00\",\"dateModified\":\"2022-10-24T07:28:05+00:00\",\"author\":{\"@id\":\"https:\/\/www.naturparkmagazin.de\/dahme-heideseen\/#\/schema\/person\/a0510aafafdf8183c95fc98faf0c9f21\"},\"breadcrumb\":{\"@id\":\"https:\/\/www.naturparkmagazin.de\/dahme-heideseen\/wanderausstellung-klima-und-ernaehrung\/#breadcrumb\"},\"inLanguage\":\"de\",\"potentialAction\":[{\"@type\":\"ReadAction\",\"target\":[\"https:\/\/www.naturparkmagazin.de\/dahme-heideseen\/wanderausstellung-klima-und-ernaehrung\/\"]}]},{\"@type\":\"BreadcrumbList\",\"@id\":\"https:\/\/www.naturparkmagazin.de\/dahme-heideseen\/wanderausstellung-klima-und-ernaehrung\/#breadcrumb\",\"itemListElement\":[{\"@type\":\"ListItem\",\"position\":1,\"name\":\"Home\",\"item\":\"https:\/\/www.naturparkmagazin.de\/dahme-heideseen\/\"},{\"@type\":\"ListItem\",\"position\":2,\"name\":\"Wanderausstellung \u201eKlima und Ern\u00e4hrung&#8220;\"}]},{\"@type\":\"WebSite\",\"@id\":\"https:\/\/www.naturparkmagazin.de\/dahme-heideseen\/#website\",\"url\":\"https:\/\/www.naturparkmagazin.de\/dahme-heideseen\/\",\"name\":\"Naturpark Dahme-Heideseen\",\"description\":\"\",\"potentialAction\":[{\"@type\":\"SearchAction\",\"target\":{\"@type\":\"EntryPoint\",\"urlTemplate\":\"https:\/\/www.naturparkmagazin.de\/dahme-heideseen\/?s={search_term_string}\"},\"query-input\":\"required name=search_term_string\"}],\"inLanguage\":\"de\"},{\"@type\":\"Person\",\"@id\":\"https:\/\/www.naturparkmagazin.de\/dahme-heideseen\/#\/schema\/person\/a0510aafafdf8183c95fc98faf0c9f21\",\"name\":\"Astrid Osenbr\u00fcck\",\"sameAs\":[\"http:\/\/www.dahme-heideseen-naturpark.de\"],\"url\":\"https:\/\/www.naturparkmagazin.de\/dahme-heideseen\/author\/astridosenbrueck\/\"}]}<\/script>\n<!-- \/ Yoast SEO plugin. -->","yoast_head_json":{"title":"Wanderausstellung \u201eKlima und Ern\u00e4hrung\" - Naturpark Dahme-Heideseen","robots":{"index":"index","follow":"follow","max-snippet":"max-snippet:-1","max-image-preview":"max-image-preview:large","max-video-preview":"max-video-preview:-1"},"canonical":"https:\/\/www.naturparkmagazin.de\/dahme-heideseen\/wanderausstellung-klima-und-ernaehrung\/","og_locale":"de_DE","og_type":"article","og_title":"Wanderausstellung \u201eKlima und Ern\u00e4hrung\" - Naturpark Dahme-Heideseen","og_description":"Anl\u00e4sslich des Weltern\u00e4hrungstages macht eine neue Wanderausstellung zum Thema \u201eKlima und Ern\u00e4hrung\u201c Halt im Naturpark Dahme-Heideseen. Die Ausstellung ist ab 17. Oktober ge\u00f6ffnet und l\u00e4dt dazu ein, Wissenswertes \u00fcber klimafreundliche Ern\u00e4hrung zu erfahren und interaktive Elemente wie den \u00f6kologischen Fu\u00dfabdruckrechner zu entdecken.","og_url":"https:\/\/www.naturparkmagazin.de\/dahme-heideseen\/wanderausstellung-klima-und-ernaehrung\/","og_site_name":"Naturpark Dahme-Heideseen","article_published_time":"2022-10-24T07:28:05+00:00","og_image":[{"width":1057,"height":716,"url":"https:\/\/www.naturparkmagazin.de\/dahme-heideseen\/wp-content\/uploads\/sites\/37\/ern\u00e4hrung-Ausstellung-e-003.jpg","type":"image\/jpeg"}],"author":"Astrid Osenbr\u00fcck","twitter_misc":{"Verfasst von":"Astrid Osenbr\u00fcck","Gesch\u00e4tzte Lesezeit":"2\u00a0Minuten"},"schema":{"@context":"https:\/\/schema.org","@graph":[{"@type":"WebPage","@id":"https:\/\/www.naturparkmagazin.de\/dahme-heideseen\/wanderausstellung-klima-und-ernaehrung\/","url":"https:\/\/www.naturparkmagazin.de\/dahme-heideseen\/wanderausstellung-klima-und-ernaehrung\/","name":"Wanderausstellung \u201eKlima und Ern\u00e4hrung\" - Naturpark Dahme-Heideseen","isPartOf":{"@id":"https:\/\/www.naturparkmagazin.de\/dahme-heideseen\/#website"},"datePublished":"2022-10-24T07:28:05+00:00","dateModified":"2022-10-24T07:28:05+00:00","author":{"@id":"https:\/\/www.naturparkmagazin.de\/dahme-heideseen\/#\/schema\/person\/a0510aafafdf8183c95fc98faf0c9f21"},"breadcrumb":{"@id":"https:\/\/www.naturparkmagazin.de\/dahme-heideseen\/wanderausstellung-klima-und-ernaehrung\/#breadcrumb"},"inLanguage":"de","potentialAction":[{"@type":"ReadAction","target":["https:\/\/www.naturparkmagazin.de\/dahme-heideseen\/wanderausstellung-klima-und-ernaehrung\/"]}]},{"@type":"BreadcrumbList","@id":"https:\/\/www.naturparkmagazin.de\/dahme-heideseen\/wanderausstellung-klima-und-ernaehrung\/#breadcrumb","itemListElement":[{"@type":"ListItem","position":1,"name":"Home","item":"https:\/\/www.naturparkmagazin.de\/dahme-heideseen\/"},{"@type":"ListItem","position":2,"name":"Wanderausstellung \u201eKlima und Ern\u00e4hrung&#8220;"}]},{"@type":"WebSite","@id":"https:\/\/www.naturparkmagazin.de\/dahme-heideseen\/#website","url":"https:\/\/www.naturparkmagazin.de\/dahme-heideseen\/","name":"Naturpark Dahme-Heideseen","description":"","potentialAction":[{"@type":"SearchAction","target":{"@type":"EntryPoint","urlTemplate":"https:\/\/www.naturparkmagazin.de\/dahme-heideseen\/?s={search_term_string}"},"query-input":"required name=search_term_string"}],"inLanguage":"de"},{"@type":"Person","@id":"https:\/\/www.naturparkmagazin.de\/dahme-heideseen\/#\/schema\/person\/a0510aafafdf8183c95fc98faf0c9f21","name":"Astrid Osenbr\u00fcck","sameAs":["http:\/\/www.dahme-heideseen-naturpark.de"],"url":"https:\/\/www.naturparkmagazin.de\/dahme-heideseen\/author\/astridosenbrueck\/"}]}},"_links":{"self":[{"href":"https:\/\/www.naturparkmagazin.de\/dahme-heideseen\/wp-json\/wp\/v2\/posts\/4632"}],"collection":[{"href":"https:\/\/www.naturparkmagazin.de\/dahme-heideseen\/wp-json\/wp\/v2\/posts"}],"about":[{"href":"https:\/\/www.naturparkmagazin.de\/dahme-heideseen\/wp-json\/wp\/v2\/types\/post"}],"author":[{"embeddable":true,"href":"https:\/\/www.naturparkmagazin.de\/dahme-heideseen\/wp-json\/wp\/v2\/users\/83"}],"replies":[{"embeddable":true,"href":"https:\/\/www.naturparkmagazin.de\/dahme-heideseen\/wp-json\/wp\/v2\/comments?post=4632"}],"version-history":[{"count":1,"href":"https:\/\/www.naturparkmagazin.de\/dahme-heideseen\/wp-json\/wp\/v2\/posts\/4632\/revisions"}],"predecessor-version":[{"id":4634,"href":"https:\/\/www.naturparkmagazin.de\/dahme-heideseen\/wp-json\/wp\/v2\/posts\/4632\/revisions\/4634"}],"wp:featuredmedia":[{"embeddable":true,"href":"https:\/\/www.naturparkmagazin.de\/dahme-heideseen\/wp-json\/wp\/v2\/media\/4633"}],"wp:attachment":[{"href":"https:\/\/www.naturparkmagazin.de\/dahme-heideseen\/wp-json\/wp\/v2\/media?parent=4632"}],"wp:term":[{"taxonomy":"category","embeddable":true,"href":"https:\/\/www.naturparkmagazin.de\/dahme-heideseen\/wp-json\/wp\/v2\/categories?post=4632"},{"taxonomy":"post_tag","embeddable":true,"href":"https:\/\/www.naturparkmagazin.de\/dahme-heideseen\/wp-json\/wp\/v2\/tags?post=4632"}],"curies":[{"name":"wp","href":"https:\/\/api.w.org\/{rel}","templated":true}]}}