{"id":4638,"date":"2022-10-24T09:39:05","date_gmt":"2022-10-24T07:39:05","guid":{"rendered":"https:\/\/www.naturparkmagazin.de\/dahme-heideseen\/?p=4638"},"modified":"2022-10-24T09:39:05","modified_gmt":"2022-10-24T07:39:05","slug":"verwertungskooperation-regionale-biomasse","status":"publish","type":"post","link":"https:\/\/www.naturparkmagazin.de\/dahme-heideseen\/verwertungskooperation-regionale-biomasse\/","title":{"rendered":"Verwertungskooperation regionale Biomasse"},"content":{"rendered":"<p>Die Veranstaltung richtet sich an Unternehmen, Kommunen, Landnutzer*innen und B\u00fcrger, die an regionalen Wertsch\u00f6pfungsketten interessiert sind. Im Rahmen der Veranstaltung werden Verwertungsm\u00f6glichkeiten f\u00fcr Biomasse aus Landschaftspflegematerial, kommunalen Gr\u00fcnschnitt oder Laub vorgestellt und m\u00f6glichst konkrete Umsetzungsstrategien besprochen. Gesucht werden nicht nur Lieferanten von Schnittgut, sondern auch Produktionsstandorte.<\/p>\n<p>Bas Spanjers von der Arbeitsgemeinschaft Klimamoor Brandenburg wird zun\u00e4chst einen allgemeinen \u00dcberblick zu den g\u00e4ngigsten Verwertungsformen von Moorbiomasse geben. Franz Aumann von der Firma Texas Bio Energie wird die Verwertung von Biomasse als Substrat (Terra Preta) vorstellen und das Verfahren genauer erl\u00e4utern. In der Diskussion sollen insbesondere die \u00f6konomischen Aspekte thematisiert werden.<\/p>\n<p>Die Veranstaltung findet im Rahmen des Projektes \u201eKooperation f\u00fcr moorschonende und moorerhaltende Landtechnik und Bewirtschaftungsformen in Brandenburg &#8211; Ko-MoTec\u201c des Deutschen Verbands f\u00fcr Landschaftspflege (DVL) e.V. statt.<\/p>\n<p>Anmeldung und R\u00fcckfragen bis zum 2. November an: melanie.wagner@lfu.brandenburg.de<\/p>\n","protected":false},"excerpt":{"rendered":"<p>Am 3. November findet von 10-13 Uhr ein Netzwerktreffen zum Aufbau einer regionalen Verwertungs-Kooperation von Gr\u00fcnschnitt statt. Der Fokus der Veranstaltung liegt bei der Herstellung von terra preta.<\/p>\n","protected":false},"author":83,"featured_media":4639,"comment_status":"open","ping_status":"open","sticky":false,"template":"","format":"standard","meta":[],"categories":[11],"tags":[],"yoast_head":"<!-- This site is optimized with the Yoast SEO plugin v19.10 - https:\/\/yoast.com\/wordpress\/plugins\/seo\/ -->\n<title>Verwertungskooperation regionale Biomasse - Naturpark Dahme-Heideseen<\/title>\n<meta name=\"robots\" content=\"index, follow, max-snippet:-1, max-image-preview:large, max-video-preview:-1\" \/>\n<link rel=\"canonical\" href=\"https:\/\/www.naturparkmagazin.de\/dahme-heideseen\/verwertungskooperation-regionale-biomasse\/\" \/>\n<meta property=\"og:locale\" content=\"de_DE\" \/>\n<meta property=\"og:type\" content=\"article\" \/>\n<meta property=\"og:title\" content=\"Verwertungskooperation regionale Biomasse - Naturpark Dahme-Heideseen\" \/>\n<meta property=\"og:description\" content=\"Am 3. November findet von 10-13 Uhr ein Netzwerktreffen zum Aufbau einer regionalen Verwertungs-Kooperation von Gr\u00fcnschnitt statt. Der Fokus der Veranstaltung liegt bei der Herstellung von terra preta.\" \/>\n<meta property=\"og:url\" content=\"https:\/\/www.naturparkmagazin.de\/dahme-heideseen\/verwertungskooperation-regionale-biomasse\/\" \/>\n<meta property=\"og:site_name\" content=\"Naturpark Dahme-Heideseen\" \/>\n<meta property=\"article:published_time\" content=\"2022-10-24T07:39:05+00:00\" \/>\n<meta property=\"og:image\" content=\"https:\/\/www.naturparkmagazin.de\/dahme-heideseen\/wp-content\/uploads\/sites\/37\/csm_Loeptener-Fenne-d1_8d1ea504de.jpg\" \/>\n\t<meta property=\"og:image:width\" content=\"1000\" \/>\n\t<meta property=\"og:image:height\" content=\"750\" \/>\n\t<meta property=\"og:image:type\" content=\"image\/jpeg\" \/>\n<meta name=\"author\" content=\"Astrid Osenbr\u00fcck\" \/>\n<meta name=\"twitter:label1\" content=\"Verfasst von\" \/>\n\t<meta name=\"twitter:data1\" content=\"Astrid Osenbr\u00fcck\" \/>\n\t<meta name=\"twitter:label2\" content=\"Gesch\u00e4tzte Lesezeit\" \/>\n\t<meta name=\"twitter:data2\" content=\"1\u00a0Minute\" \/>\n<script type=\"application\/ld+json\" class=\"yoast-schema-graph\">{\"@context\":\"https:\/\/schema.org\",\"@graph\":[{\"@type\":\"WebPage\",\"@id\":\"https:\/\/www.naturparkmagazin.de\/dahme-heideseen\/verwertungskooperation-regionale-biomasse\/\",\"url\":\"https:\/\/www.naturparkmagazin.de\/dahme-heideseen\/verwertungskooperation-regionale-biomasse\/\",\"name\":\"Verwertungskooperation regionale Biomasse - Naturpark Dahme-Heideseen\",\"isPartOf\":{\"@id\":\"https:\/\/www.naturparkmagazin.de\/dahme-heideseen\/#website\"},\"datePublished\":\"2022-10-24T07:39:05+00:00\",\"dateModified\":\"2022-10-24T07:39:05+00:00\",\"author\":{\"@id\":\"https:\/\/www.naturparkmagazin.de\/dahme-heideseen\/#\/schema\/person\/a0510aafafdf8183c95fc98faf0c9f21\"},\"breadcrumb\":{\"@id\":\"https:\/\/www.naturparkmagazin.de\/dahme-heideseen\/verwertungskooperation-regionale-biomasse\/#breadcrumb\"},\"inLanguage\":\"de\",\"potentialAction\":[{\"@type\":\"ReadAction\",\"target\":[\"https:\/\/www.naturparkmagazin.de\/dahme-heideseen\/verwertungskooperation-regionale-biomasse\/\"]}]},{\"@type\":\"BreadcrumbList\",\"@id\":\"https:\/\/www.naturparkmagazin.de\/dahme-heideseen\/verwertungskooperation-regionale-biomasse\/#breadcrumb\",\"itemListElement\":[{\"@type\":\"ListItem\",\"position\":1,\"name\":\"Home\",\"item\":\"https:\/\/www.naturparkmagazin.de\/dahme-heideseen\/\"},{\"@type\":\"ListItem\",\"position\":2,\"name\":\"Verwertungskooperation regionale Biomasse\"}]},{\"@type\":\"WebSite\",\"@id\":\"https:\/\/www.naturparkmagazin.de\/dahme-heideseen\/#website\",\"url\":\"https:\/\/www.naturparkmagazin.de\/dahme-heideseen\/\",\"name\":\"Naturpark Dahme-Heideseen\",\"description\":\"\",\"potentialAction\":[{\"@type\":\"SearchAction\",\"target\":{\"@type\":\"EntryPoint\",\"urlTemplate\":\"https:\/\/www.naturparkmagazin.de\/dahme-heideseen\/?s={search_term_string}\"},\"query-input\":\"required name=search_term_string\"}],\"inLanguage\":\"de\"},{\"@type\":\"Person\",\"@id\":\"https:\/\/www.naturparkmagazin.de\/dahme-heideseen\/#\/schema\/person\/a0510aafafdf8183c95fc98faf0c9f21\",\"name\":\"Astrid Osenbr\u00fcck\",\"sameAs\":[\"http:\/\/www.dahme-heideseen-naturpark.de\"],\"url\":\"https:\/\/www.naturparkmagazin.de\/dahme-heideseen\/author\/astridosenbrueck\/\"}]}<\/script>\n<!-- \/ Yoast SEO plugin. -->","yoast_head_json":{"title":"Verwertungskooperation regionale Biomasse - Naturpark Dahme-Heideseen","robots":{"index":"index","follow":"follow","max-snippet":"max-snippet:-1","max-image-preview":"max-image-preview:large","max-video-preview":"max-video-preview:-1"},"canonical":"https:\/\/www.naturparkmagazin.de\/dahme-heideseen\/verwertungskooperation-regionale-biomasse\/","og_locale":"de_DE","og_type":"article","og_title":"Verwertungskooperation regionale Biomasse - Naturpark Dahme-Heideseen","og_description":"Am 3. November findet von 10-13 Uhr ein Netzwerktreffen zum Aufbau einer regionalen Verwertungs-Kooperation von Gr\u00fcnschnitt statt. Der Fokus der Veranstaltung liegt bei der Herstellung von terra preta.","og_url":"https:\/\/www.naturparkmagazin.de\/dahme-heideseen\/verwertungskooperation-regionale-biomasse\/","og_site_name":"Naturpark Dahme-Heideseen","article_published_time":"2022-10-24T07:39:05+00:00","og_image":[{"width":1000,"height":750,"url":"https:\/\/www.naturparkmagazin.de\/dahme-heideseen\/wp-content\/uploads\/sites\/37\/csm_Loeptener-Fenne-d1_8d1ea504de.jpg","type":"image\/jpeg"}],"author":"Astrid Osenbr\u00fcck","twitter_misc":{"Verfasst von":"Astrid Osenbr\u00fcck","Gesch\u00e4tzte Lesezeit":"1\u00a0Minute"},"schema":{"@context":"https:\/\/schema.org","@graph":[{"@type":"WebPage","@id":"https:\/\/www.naturparkmagazin.de\/dahme-heideseen\/verwertungskooperation-regionale-biomasse\/","url":"https:\/\/www.naturparkmagazin.de\/dahme-heideseen\/verwertungskooperation-regionale-biomasse\/","name":"Verwertungskooperation regionale Biomasse - Naturpark Dahme-Heideseen","isPartOf":{"@id":"https:\/\/www.naturparkmagazin.de\/dahme-heideseen\/#website"},"datePublished":"2022-10-24T07:39:05+00:00","dateModified":"2022-10-24T07:39:05+00:00","author":{"@id":"https:\/\/www.naturparkmagazin.de\/dahme-heideseen\/#\/schema\/person\/a0510aafafdf8183c95fc98faf0c9f21"},"breadcrumb":{"@id":"https:\/\/www.naturparkmagazin.de\/dahme-heideseen\/verwertungskooperation-regionale-biomasse\/#breadcrumb"},"inLanguage":"de","potentialAction":[{"@type":"ReadAction","target":["https:\/\/www.naturparkmagazin.de\/dahme-heideseen\/verwertungskooperation-regionale-biomasse\/"]}]},{"@type":"BreadcrumbList","@id":"https:\/\/www.naturparkmagazin.de\/dahme-heideseen\/verwertungskooperation-regionale-biomasse\/#breadcrumb","itemListElement":[{"@type":"ListItem","position":1,"name":"Home","item":"https:\/\/www.naturparkmagazin.de\/dahme-heideseen\/"},{"@type":"ListItem","position":2,"name":"Verwertungskooperation regionale Biomasse"}]},{"@type":"WebSite","@id":"https:\/\/www.naturparkmagazin.de\/dahme-heideseen\/#website","url":"https:\/\/www.naturparkmagazin.de\/dahme-heideseen\/","name":"Naturpark Dahme-Heideseen","description":"","potentialAction":[{"@type":"SearchAction","target":{"@type":"EntryPoint","urlTemplate":"https:\/\/www.naturparkmagazin.de\/dahme-heideseen\/?s={search_term_string}"},"query-input":"required name=search_term_string"}],"inLanguage":"de"},{"@type":"Person","@id":"https:\/\/www.naturparkmagazin.de\/dahme-heideseen\/#\/schema\/person\/a0510aafafdf8183c95fc98faf0c9f21","name":"Astrid Osenbr\u00fcck","sameAs":["http:\/\/www.dahme-heideseen-naturpark.de"],"url":"https:\/\/www.naturparkmagazin.de\/dahme-heideseen\/author\/astridosenbrueck\/"}]}},"_links":{"self":[{"href":"https:\/\/www.naturparkmagazin.de\/dahme-heideseen\/wp-json\/wp\/v2\/posts\/4638"}],"collection":[{"href":"https:\/\/www.naturparkmagazin.de\/dahme-heideseen\/wp-json\/wp\/v2\/posts"}],"about":[{"href":"https:\/\/www.naturparkmagazin.de\/dahme-heideseen\/wp-json\/wp\/v2\/types\/post"}],"author":[{"embeddable":true,"href":"https:\/\/www.naturparkmagazin.de\/dahme-heideseen\/wp-json\/wp\/v2\/users\/83"}],"replies":[{"embeddable":true,"href":"https:\/\/www.naturparkmagazin.de\/dahme-heideseen\/wp-json\/wp\/v2\/comments?post=4638"}],"version-history":[{"count":1,"href":"https:\/\/www.naturparkmagazin.de\/dahme-heideseen\/wp-json\/wp\/v2\/posts\/4638\/revisions"}],"predecessor-version":[{"id":4640,"href":"https:\/\/www.naturparkmagazin.de\/dahme-heideseen\/wp-json\/wp\/v2\/posts\/4638\/revisions\/4640"}],"wp:featuredmedia":[{"embeddable":true,"href":"https:\/\/www.naturparkmagazin.de\/dahme-heideseen\/wp-json\/wp\/v2\/media\/4639"}],"wp:attachment":[{"href":"https:\/\/www.naturparkmagazin.de\/dahme-heideseen\/wp-json\/wp\/v2\/media?parent=4638"}],"wp:term":[{"taxonomy":"category","embeddable":true,"href":"https:\/\/www.naturparkmagazin.de\/dahme-heideseen\/wp-json\/wp\/v2\/categories?post=4638"},{"taxonomy":"post_tag","embeddable":true,"href":"https:\/\/www.naturparkmagazin.de\/dahme-heideseen\/wp-json\/wp\/v2\/tags?post=4638"}],"curies":[{"name":"wp","href":"https:\/\/api.w.org\/{rel}","templated":true}]}}