{"id":4672,"date":"2022-10-25T10:36:46","date_gmt":"2022-10-25T08:36:46","guid":{"rendered":"https:\/\/www.naturparkmagazin.de\/dahme-heideseen\/?p=4672"},"modified":"2022-10-25T10:45:44","modified_gmt":"2022-10-25T08:45:44","slug":"25-jahre-naturpark-dahme-heideseen-auftaktveranstaltung-mit-jahrebuch-vorstellung","status":"publish","type":"post","link":"https:\/\/www.naturparkmagazin.de\/dahme-heideseen\/25-jahre-naturpark-dahme-heideseen-auftaktveranstaltung-mit-jahrebuch-vorstellung\/","title":{"rendered":"25 Jahre Naturpark Dahme-Heideseen: Auftaktveranstaltung mit JahreBuch-Vorstellung"},"content":{"rendered":"<p><strong>Im kommenden Jahr feiert der Naturpark Dahme-Heideseen sein 25-j\u00e4hriges Bestehen. Im vergangenen Vierteljahrhundert sind viele Ma\u00dfnahmen geplant und umgesetzt worden. Viele Erfahrungen wurden gemacht und Lebensr\u00e4ume erhalten, wiederhergestellt und fachm\u00e4nnisch erfasst. Beinahe von Beginn an begleitet das JahreBuch, herausgegeben vom NABU Dahmeland, diese Arbeit und berichtet j\u00e4hrlich mit Berichten und Geschichten \u00fcber die Naturpark-Arbeit. Bei der diesj\u00e4hrigen JahreBuch-Vorstellung wird ein erster Blick auf das Geschaffene geworfen \u2013 und das kommende Jahr begr\u00fc\u00dft, in dem einige Jubil\u00e4ums-Veranstaltungen stattfinden sollen.<\/strong><\/p>\n<p>Das JahreBuch 2023 pr\u00e4sentiert zahlreiche Geschichten und Erlebnisse rund um den Naturpark Dahme-Heideseen, Naturschutz und bedeutende Lebensr\u00e4ume. Am 22. November berichten Autoren und Autorinnen \u00fcber sinnvolle Landschaftspflege, Monitoring-Ma\u00dfnahmen und so mancher Bericht \u00fcber Lebensr\u00e4ume stimmt nachdenklich. Mit besonderem Blick auf das letzte Vierteljahrhundert und die erreichten Ziele berichten verschiedene Autoren und Autorinnen \u00fcber das Erlebte und Geschaffene.<\/p>\n<p>Den Kalenderteil schm\u00fccken Fotos von Lebensr\u00e4umen und Arten \u2013 eingefangen von Hannes Hause bei der Arbeit als Ranger im Naturpark und mit informativen Hintergrund-Geschichten erg\u00e4nzt. So gelingt ein Blick auf den seltenen Hochmoor-Bl\u00e4uling, Breitbl\u00e4ttriges Knabenkraut und den Gro\u00dfen Feuerfalter.<\/p>\n<p>&nbsp;<\/p>\n<p><u>Programm<\/u><\/p>\n<ul>\n<li>Ab 17 Uhr: Nistkastenbau<\/li>\n<li>Ab 18 Uhr: Vorstellung JahreBuch 2023\n<ul>\n<li>Gru\u00dfwort \u2013 Stephan Runge, NABU Dahmeland<\/li>\n<li>Begr\u00fc\u00dfung, 25 Jahre Naturpark Dahme-Heideseen \u2013 Carsten Preu\u00df, Leiter Naturpark Dahme-Heideseen<\/li>\n<li>Geburtstag im Naturpark Dahme-Heideseen &#8211; Sabine Schmidt, Rangerin der Naturwacht im Naturpark Dahme-Heideseen<\/li>\n<li>Mein Weg zum Naturpark \u2013 Hannes Hause, Ranger der Naturwacht im Naturpark Dahme-Heideseen<\/li>\n<li>Bauernkiefern im Naturpark Dahme-Heideseen \u2013 Fiona Bork, Freiwillige<\/li>\n<\/ul>\n<\/li>\n<\/ul>\n<p>Die Veranstaltung findet unter Einhaltung der derzeit geltenden Corona-Ma\u00dfnahmen statt. Aufgrund der begrenzten Teilnehmerzahl bitten wir um Anmeldung unter <a href=\"mailto:np-dahme-heideseen@lfu.brandenburg.de\">np-dahme-heideseen@lfu.brandenburg.de<\/a><\/p>\n<p>Das JahreBuch 2023 kann bei der Veranstaltung zum Preis von 7 \u20ac erworben werden. Es ist ab sofort auch in der NABU-Gesch\u00e4ftsstelle in Prieros, im regionalen Buchhandel und weiteren regionalen Verkaufsstellen erh\u00e4ltlich.<\/p>\n","protected":false},"excerpt":{"rendered":"<p>Das JahreBuch 2023 pr\u00e4sentiert zahlreiche Geschichten und Erlebnisse rund um den Naturpark Dahme-Heideseen, Naturschutz und bedeutende Lebensr\u00e4ume. Am 22. November findet die Vorstellung des neuen JahreBuches im B\u00fcrgerhaus &#8222;Hanns Eisler&#8220; statt.<\/p>\n","protected":false},"author":83,"featured_media":4674,"comment_status":"open","ping_status":"open","sticky":false,"template":"","format":"standard","meta":[],"categories":[11],"tags":[],"yoast_head":"<!-- This site is optimized with the Yoast SEO plugin v19.10 - https:\/\/yoast.com\/wordpress\/plugins\/seo\/ -->\n<title>25 Jahre Naturpark Dahme-Heideseen: Auftaktveranstaltung mit JahreBuch-Vorstellung - Naturpark Dahme-Heideseen<\/title>\n<meta name=\"robots\" content=\"index, follow, max-snippet:-1, max-image-preview:large, max-video-preview:-1\" \/>\n<link rel=\"canonical\" href=\"https:\/\/www.naturparkmagazin.de\/dahme-heideseen\/25-jahre-naturpark-dahme-heideseen-auftaktveranstaltung-mit-jahrebuch-vorstellung\/\" \/>\n<meta property=\"og:locale\" content=\"de_DE\" \/>\n<meta property=\"og:type\" content=\"article\" \/>\n<meta property=\"og:title\" content=\"25 Jahre Naturpark Dahme-Heideseen: Auftaktveranstaltung mit JahreBuch-Vorstellung - Naturpark Dahme-Heideseen\" \/>\n<meta property=\"og:description\" content=\"Das JahreBuch 2023 pr\u00e4sentiert zahlreiche Geschichten und Erlebnisse rund um den Naturpark Dahme-Heideseen, Naturschutz und bedeutende Lebensr\u00e4ume. Am 22. November findet die Vorstellung des neuen JahreBuches im B\u00fcrgerhaus &quot;Hanns Eisler&quot; statt.\" \/>\n<meta property=\"og:url\" content=\"https:\/\/www.naturparkmagazin.de\/dahme-heideseen\/25-jahre-naturpark-dahme-heideseen-auftaktveranstaltung-mit-jahrebuch-vorstellung\/\" \/>\n<meta property=\"og:site_name\" content=\"Naturpark Dahme-Heideseen\" \/>\n<meta property=\"article:published_time\" content=\"2022-10-25T08:36:46+00:00\" \/>\n<meta property=\"article:modified_time\" content=\"2022-10-25T08:45:44+00:00\" \/>\n<meta property=\"og:image\" content=\"https:\/\/www.naturparkmagazin.de\/dahme-heideseen\/wp-content\/uploads\/sites\/37\/Umschlag-Jahrebuch-20231.jpg\" \/>\n\t<meta property=\"og:image:width\" content=\"685\" \/>\n\t<meta property=\"og:image:height\" content=\"613\" \/>\n\t<meta property=\"og:image:type\" content=\"image\/jpeg\" \/>\n<meta name=\"author\" content=\"Astrid Osenbr\u00fcck\" \/>\n<meta name=\"twitter:label1\" content=\"Verfasst von\" \/>\n\t<meta name=\"twitter:data1\" content=\"Astrid Osenbr\u00fcck\" \/>\n\t<meta name=\"twitter:label2\" content=\"Gesch\u00e4tzte Lesezeit\" \/>\n\t<meta name=\"twitter:data2\" content=\"2\u00a0Minuten\" \/>\n<script type=\"application\/ld+json\" class=\"yoast-schema-graph\">{\"@context\":\"https:\/\/schema.org\",\"@graph\":[{\"@type\":\"WebPage\",\"@id\":\"https:\/\/www.naturparkmagazin.de\/dahme-heideseen\/25-jahre-naturpark-dahme-heideseen-auftaktveranstaltung-mit-jahrebuch-vorstellung\/\",\"url\":\"https:\/\/www.naturparkmagazin.de\/dahme-heideseen\/25-jahre-naturpark-dahme-heideseen-auftaktveranstaltung-mit-jahrebuch-vorstellung\/\",\"name\":\"25 Jahre Naturpark Dahme-Heideseen: Auftaktveranstaltung mit JahreBuch-Vorstellung - Naturpark Dahme-Heideseen\",\"isPartOf\":{\"@id\":\"https:\/\/www.naturparkmagazin.de\/dahme-heideseen\/#website\"},\"datePublished\":\"2022-10-25T08:36:46+00:00\",\"dateModified\":\"2022-10-25T08:45:44+00:00\",\"author\":{\"@id\":\"https:\/\/www.naturparkmagazin.de\/dahme-heideseen\/#\/schema\/person\/a0510aafafdf8183c95fc98faf0c9f21\"},\"breadcrumb\":{\"@id\":\"https:\/\/www.naturparkmagazin.de\/dahme-heideseen\/25-jahre-naturpark-dahme-heideseen-auftaktveranstaltung-mit-jahrebuch-vorstellung\/#breadcrumb\"},\"inLanguage\":\"de\",\"potentialAction\":[{\"@type\":\"ReadAction\",\"target\":[\"https:\/\/www.naturparkmagazin.de\/dahme-heideseen\/25-jahre-naturpark-dahme-heideseen-auftaktveranstaltung-mit-jahrebuch-vorstellung\/\"]}]},{\"@type\":\"BreadcrumbList\",\"@id\":\"https:\/\/www.naturparkmagazin.de\/dahme-heideseen\/25-jahre-naturpark-dahme-heideseen-auftaktveranstaltung-mit-jahrebuch-vorstellung\/#breadcrumb\",\"itemListElement\":[{\"@type\":\"ListItem\",\"position\":1,\"name\":\"Home\",\"item\":\"https:\/\/www.naturparkmagazin.de\/dahme-heideseen\/\"},{\"@type\":\"ListItem\",\"position\":2,\"name\":\"25 Jahre Naturpark Dahme-Heideseen: Auftaktveranstaltung mit JahreBuch-Vorstellung\"}]},{\"@type\":\"WebSite\",\"@id\":\"https:\/\/www.naturparkmagazin.de\/dahme-heideseen\/#website\",\"url\":\"https:\/\/www.naturparkmagazin.de\/dahme-heideseen\/\",\"name\":\"Naturpark Dahme-Heideseen\",\"description\":\"\",\"potentialAction\":[{\"@type\":\"SearchAction\",\"target\":{\"@type\":\"EntryPoint\",\"urlTemplate\":\"https:\/\/www.naturparkmagazin.de\/dahme-heideseen\/?s={search_term_string}\"},\"query-input\":\"required name=search_term_string\"}],\"inLanguage\":\"de\"},{\"@type\":\"Person\",\"@id\":\"https:\/\/www.naturparkmagazin.de\/dahme-heideseen\/#\/schema\/person\/a0510aafafdf8183c95fc98faf0c9f21\",\"name\":\"Astrid Osenbr\u00fcck\",\"sameAs\":[\"http:\/\/www.dahme-heideseen-naturpark.de\"],\"url\":\"https:\/\/www.naturparkmagazin.de\/dahme-heideseen\/author\/astridosenbrueck\/\"}]}<\/script>\n<!-- \/ Yoast SEO plugin. -->","yoast_head_json":{"title":"25 Jahre Naturpark Dahme-Heideseen: Auftaktveranstaltung mit JahreBuch-Vorstellung - Naturpark Dahme-Heideseen","robots":{"index":"index","follow":"follow","max-snippet":"max-snippet:-1","max-image-preview":"max-image-preview:large","max-video-preview":"max-video-preview:-1"},"canonical":"https:\/\/www.naturparkmagazin.de\/dahme-heideseen\/25-jahre-naturpark-dahme-heideseen-auftaktveranstaltung-mit-jahrebuch-vorstellung\/","og_locale":"de_DE","og_type":"article","og_title":"25 Jahre Naturpark Dahme-Heideseen: Auftaktveranstaltung mit JahreBuch-Vorstellung - Naturpark Dahme-Heideseen","og_description":"Das JahreBuch 2023 pr\u00e4sentiert zahlreiche Geschichten und Erlebnisse rund um den Naturpark Dahme-Heideseen, Naturschutz und bedeutende Lebensr\u00e4ume. Am 22. November findet die Vorstellung des neuen JahreBuches im B\u00fcrgerhaus \"Hanns Eisler\" statt.","og_url":"https:\/\/www.naturparkmagazin.de\/dahme-heideseen\/25-jahre-naturpark-dahme-heideseen-auftaktveranstaltung-mit-jahrebuch-vorstellung\/","og_site_name":"Naturpark Dahme-Heideseen","article_published_time":"2022-10-25T08:36:46+00:00","article_modified_time":"2022-10-25T08:45:44+00:00","og_image":[{"width":685,"height":613,"url":"https:\/\/www.naturparkmagazin.de\/dahme-heideseen\/wp-content\/uploads\/sites\/37\/Umschlag-Jahrebuch-20231.jpg","type":"image\/jpeg"}],"author":"Astrid Osenbr\u00fcck","twitter_misc":{"Verfasst von":"Astrid Osenbr\u00fcck","Gesch\u00e4tzte Lesezeit":"2\u00a0Minuten"},"schema":{"@context":"https:\/\/schema.org","@graph":[{"@type":"WebPage","@id":"https:\/\/www.naturparkmagazin.de\/dahme-heideseen\/25-jahre-naturpark-dahme-heideseen-auftaktveranstaltung-mit-jahrebuch-vorstellung\/","url":"https:\/\/www.naturparkmagazin.de\/dahme-heideseen\/25-jahre-naturpark-dahme-heideseen-auftaktveranstaltung-mit-jahrebuch-vorstellung\/","name":"25 Jahre Naturpark Dahme-Heideseen: Auftaktveranstaltung mit JahreBuch-Vorstellung - Naturpark Dahme-Heideseen","isPartOf":{"@id":"https:\/\/www.naturparkmagazin.de\/dahme-heideseen\/#website"},"datePublished":"2022-10-25T08:36:46+00:00","dateModified":"2022-10-25T08:45:44+00:00","author":{"@id":"https:\/\/www.naturparkmagazin.de\/dahme-heideseen\/#\/schema\/person\/a0510aafafdf8183c95fc98faf0c9f21"},"breadcrumb":{"@id":"https:\/\/www.naturparkmagazin.de\/dahme-heideseen\/25-jahre-naturpark-dahme-heideseen-auftaktveranstaltung-mit-jahrebuch-vorstellung\/#breadcrumb"},"inLanguage":"de","potentialAction":[{"@type":"ReadAction","target":["https:\/\/www.naturparkmagazin.de\/dahme-heideseen\/25-jahre-naturpark-dahme-heideseen-auftaktveranstaltung-mit-jahrebuch-vorstellung\/"]}]},{"@type":"BreadcrumbList","@id":"https:\/\/www.naturparkmagazin.de\/dahme-heideseen\/25-jahre-naturpark-dahme-heideseen-auftaktveranstaltung-mit-jahrebuch-vorstellung\/#breadcrumb","itemListElement":[{"@type":"ListItem","position":1,"name":"Home","item":"https:\/\/www.naturparkmagazin.de\/dahme-heideseen\/"},{"@type":"ListItem","position":2,"name":"25 Jahre Naturpark Dahme-Heideseen: Auftaktveranstaltung mit JahreBuch-Vorstellung"}]},{"@type":"WebSite","@id":"https:\/\/www.naturparkmagazin.de\/dahme-heideseen\/#website","url":"https:\/\/www.naturparkmagazin.de\/dahme-heideseen\/","name":"Naturpark Dahme-Heideseen","description":"","potentialAction":[{"@type":"SearchAction","target":{"@type":"EntryPoint","urlTemplate":"https:\/\/www.naturparkmagazin.de\/dahme-heideseen\/?s={search_term_string}"},"query-input":"required name=search_term_string"}],"inLanguage":"de"},{"@type":"Person","@id":"https:\/\/www.naturparkmagazin.de\/dahme-heideseen\/#\/schema\/person\/a0510aafafdf8183c95fc98faf0c9f21","name":"Astrid Osenbr\u00fcck","sameAs":["http:\/\/www.dahme-heideseen-naturpark.de"],"url":"https:\/\/www.naturparkmagazin.de\/dahme-heideseen\/author\/astridosenbrueck\/"}]}},"_links":{"self":[{"href":"https:\/\/www.naturparkmagazin.de\/dahme-heideseen\/wp-json\/wp\/v2\/posts\/4672"}],"collection":[{"href":"https:\/\/www.naturparkmagazin.de\/dahme-heideseen\/wp-json\/wp\/v2\/posts"}],"about":[{"href":"https:\/\/www.naturparkmagazin.de\/dahme-heideseen\/wp-json\/wp\/v2\/types\/post"}],"author":[{"embeddable":true,"href":"https:\/\/www.naturparkmagazin.de\/dahme-heideseen\/wp-json\/wp\/v2\/users\/83"}],"replies":[{"embeddable":true,"href":"https:\/\/www.naturparkmagazin.de\/dahme-heideseen\/wp-json\/wp\/v2\/comments?post=4672"}],"version-history":[{"count":3,"href":"https:\/\/www.naturparkmagazin.de\/dahme-heideseen\/wp-json\/wp\/v2\/posts\/4672\/revisions"}],"predecessor-version":[{"id":4678,"href":"https:\/\/www.naturparkmagazin.de\/dahme-heideseen\/wp-json\/wp\/v2\/posts\/4672\/revisions\/4678"}],"wp:featuredmedia":[{"embeddable":true,"href":"https:\/\/www.naturparkmagazin.de\/dahme-heideseen\/wp-json\/wp\/v2\/media\/4674"}],"wp:attachment":[{"href":"https:\/\/www.naturparkmagazin.de\/dahme-heideseen\/wp-json\/wp\/v2\/media?parent=4672"}],"wp:term":[{"taxonomy":"category","embeddable":true,"href":"https:\/\/www.naturparkmagazin.de\/dahme-heideseen\/wp-json\/wp\/v2\/categories?post=4672"},{"taxonomy":"post_tag","embeddable":true,"href":"https:\/\/www.naturparkmagazin.de\/dahme-heideseen\/wp-json\/wp\/v2\/tags?post=4672"}],"curies":[{"name":"wp","href":"https:\/\/api.w.org\/{rel}","templated":true}]}}