{"id":4688,"date":"2023-11-22T09:00:33","date_gmt":"2023-11-22T08:00:33","guid":{"rendered":"https:\/\/www.naturparkmagazin.de\/dahme-heideseen\/?p=4688"},"modified":"2023-11-22T09:08:53","modified_gmt":"2023-11-22T08:08:53","slug":"seminar-im-biogarten-prieros-baumkraft","status":"publish","type":"post","link":"https:\/\/www.naturparkmagazin.de\/dahme-heideseen\/seminar-im-biogarten-prieros-baumkraft\/","title":{"rendered":"Seminar im Biogarten Prieros: Baumkraft"},"content":{"rendered":"<p>Im Winter, wenn die Pflanzen sich tief in die Erde zur\u00fcckgezogen haben, sind \u201enur noch\u201c die B\u00e4ume zu bestaunen \u2013 unsere Sauerstoff- und sommerlichen Schattenspender, die manchmal auch die K\u00fcche bereichern.<\/p>\n<p>Wof\u00fcr stehen sie und welche gesundheitsf\u00f6rdernden Kr\u00e4fte schenken sie uns?<\/p>\n<p>Wir erforschen die im und um den <a href=\"https:\/\/vgsdahme-spreewald.de\/biogarten\/biogarten.html\" target=\"_blank\" rel=\"noopener\">Biogarten Prieros<\/a> stehenden B\u00e4ume, erfahren etwas zu ihren Heilkr\u00e4ften und mythologischen Hintergr\u00fcnden.<\/p>\n<p>Zum Aufw\u00e4rmen trinken wir zusammen eine Tasse w\u00fcrzigen \u201eWaldtee\u201c.<\/p>\n<p>&nbsp;<\/p>\n<p>Bitte mitbringen: eine eigene Tasse, eine Thermoskanne Tee zum Trinken, eine Kleinigkeit zu Essen, eine kleine Sitzunterlage, festes Schuhwerk, warme und wetterfeste Kleidung (findet auch bei Nieselregen statt)<\/p>\n<p><a class=\"external-link-new-window\" title=\"Anmeldung\" href=\"https:\/\/vhs-dahme-spreewald.de\/programm\/kultur\/natur-umwelt\/kurs\/Baumkraft\/V14-847-PE\" target=\"_blank\" rel=\"noopener\">Anmeldung hier.<\/a><\/p>\n","protected":false},"excerpt":{"rendered":"<p>Erforschen der im und um den Biogarten Prieros stehenden B\u00e4ume, Wissenswertes zu ihren Heilkr\u00e4ften und mythologischen Hintergr\u00fcnden<\/p>\n","protected":false},"author":83,"featured_media":4689,"comment_status":"open","ping_status":"open","sticky":false,"template":"","format":"standard","meta":[],"categories":[11],"tags":[139],"yoast_head":"<!-- This site is optimized with the Yoast SEO plugin v19.10 - https:\/\/yoast.com\/wordpress\/plugins\/seo\/ -->\n<title>Seminar im Biogarten Prieros: Baumkraft - Naturpark Dahme-Heideseen<\/title>\n<meta name=\"robots\" content=\"index, follow, max-snippet:-1, max-image-preview:large, max-video-preview:-1\" \/>\n<link rel=\"canonical\" href=\"https:\/\/www.naturparkmagazin.de\/dahme-heideseen\/seminar-im-biogarten-prieros-baumkraft\/\" \/>\n<meta property=\"og:locale\" content=\"de_DE\" \/>\n<meta property=\"og:type\" content=\"article\" \/>\n<meta property=\"og:title\" content=\"Seminar im Biogarten Prieros: Baumkraft - Naturpark Dahme-Heideseen\" \/>\n<meta property=\"og:description\" content=\"Erforschen der im und um den Biogarten Prieros stehenden B\u00e4ume, Wissenswertes zu ihren Heilkr\u00e4ften und mythologischen Hintergr\u00fcnden\" \/>\n<meta property=\"og:url\" content=\"https:\/\/www.naturparkmagazin.de\/dahme-heideseen\/seminar-im-biogarten-prieros-baumkraft\/\" \/>\n<meta property=\"og:site_name\" content=\"Naturpark Dahme-Heideseen\" \/>\n<meta property=\"article:published_time\" content=\"2023-11-22T08:00:33+00:00\" \/>\n<meta property=\"article:modified_time\" content=\"2023-11-22T08:08:53+00:00\" \/>\n<meta property=\"og:image\" content=\"https:\/\/www.naturparkmagazin.de\/dahme-heideseen\/wp-content\/uploads\/sites\/37\/Baum.jpg\" \/>\n\t<meta property=\"og:image:width\" content=\"653\" \/>\n\t<meta property=\"og:image:height\" content=\"490\" \/>\n\t<meta property=\"og:image:type\" content=\"image\/jpeg\" \/>\n<meta name=\"author\" content=\"Astrid Osenbr\u00fcck\" \/>\n<meta name=\"twitter:label1\" content=\"Verfasst von\" \/>\n\t<meta name=\"twitter:data1\" content=\"Astrid Osenbr\u00fcck\" \/>\n\t<meta name=\"twitter:label2\" content=\"Gesch\u00e4tzte Lesezeit\" \/>\n\t<meta name=\"twitter:data2\" content=\"1\u00a0Minute\" \/>\n<script type=\"application\/ld+json\" class=\"yoast-schema-graph\">{\"@context\":\"https:\/\/schema.org\",\"@graph\":[{\"@type\":\"WebPage\",\"@id\":\"https:\/\/www.naturparkmagazin.de\/dahme-heideseen\/seminar-im-biogarten-prieros-baumkraft\/\",\"url\":\"https:\/\/www.naturparkmagazin.de\/dahme-heideseen\/seminar-im-biogarten-prieros-baumkraft\/\",\"name\":\"Seminar im Biogarten Prieros: Baumkraft - Naturpark Dahme-Heideseen\",\"isPartOf\":{\"@id\":\"https:\/\/www.naturparkmagazin.de\/dahme-heideseen\/#website\"},\"datePublished\":\"2023-11-22T08:00:33+00:00\",\"dateModified\":\"2023-11-22T08:08:53+00:00\",\"author\":{\"@id\":\"https:\/\/www.naturparkmagazin.de\/dahme-heideseen\/#\/schema\/person\/a0510aafafdf8183c95fc98faf0c9f21\"},\"breadcrumb\":{\"@id\":\"https:\/\/www.naturparkmagazin.de\/dahme-heideseen\/seminar-im-biogarten-prieros-baumkraft\/#breadcrumb\"},\"inLanguage\":\"de\",\"potentialAction\":[{\"@type\":\"ReadAction\",\"target\":[\"https:\/\/www.naturparkmagazin.de\/dahme-heideseen\/seminar-im-biogarten-prieros-baumkraft\/\"]}]},{\"@type\":\"BreadcrumbList\",\"@id\":\"https:\/\/www.naturparkmagazin.de\/dahme-heideseen\/seminar-im-biogarten-prieros-baumkraft\/#breadcrumb\",\"itemListElement\":[{\"@type\":\"ListItem\",\"position\":1,\"name\":\"Home\",\"item\":\"https:\/\/www.naturparkmagazin.de\/dahme-heideseen\/\"},{\"@type\":\"ListItem\",\"position\":2,\"name\":\"Seminar im Biogarten Prieros: Baumkraft\"}]},{\"@type\":\"WebSite\",\"@id\":\"https:\/\/www.naturparkmagazin.de\/dahme-heideseen\/#website\",\"url\":\"https:\/\/www.naturparkmagazin.de\/dahme-heideseen\/\",\"name\":\"Naturpark Dahme-Heideseen\",\"description\":\"\",\"potentialAction\":[{\"@type\":\"SearchAction\",\"target\":{\"@type\":\"EntryPoint\",\"urlTemplate\":\"https:\/\/www.naturparkmagazin.de\/dahme-heideseen\/?s={search_term_string}\"},\"query-input\":\"required name=search_term_string\"}],\"inLanguage\":\"de\"},{\"@type\":\"Person\",\"@id\":\"https:\/\/www.naturparkmagazin.de\/dahme-heideseen\/#\/schema\/person\/a0510aafafdf8183c95fc98faf0c9f21\",\"name\":\"Astrid Osenbr\u00fcck\",\"sameAs\":[\"http:\/\/www.dahme-heideseen-naturpark.de\"],\"url\":\"https:\/\/www.naturparkmagazin.de\/dahme-heideseen\/author\/astridosenbrueck\/\"}]}<\/script>\n<!-- \/ Yoast SEO plugin. -->","yoast_head_json":{"title":"Seminar im Biogarten Prieros: Baumkraft - Naturpark Dahme-Heideseen","robots":{"index":"index","follow":"follow","max-snippet":"max-snippet:-1","max-image-preview":"max-image-preview:large","max-video-preview":"max-video-preview:-1"},"canonical":"https:\/\/www.naturparkmagazin.de\/dahme-heideseen\/seminar-im-biogarten-prieros-baumkraft\/","og_locale":"de_DE","og_type":"article","og_title":"Seminar im Biogarten Prieros: Baumkraft - Naturpark Dahme-Heideseen","og_description":"Erforschen der im und um den Biogarten Prieros stehenden B\u00e4ume, Wissenswertes zu ihren Heilkr\u00e4ften und mythologischen Hintergr\u00fcnden","og_url":"https:\/\/www.naturparkmagazin.de\/dahme-heideseen\/seminar-im-biogarten-prieros-baumkraft\/","og_site_name":"Naturpark Dahme-Heideseen","article_published_time":"2023-11-22T08:00:33+00:00","article_modified_time":"2023-11-22T08:08:53+00:00","og_image":[{"width":653,"height":490,"url":"https:\/\/www.naturparkmagazin.de\/dahme-heideseen\/wp-content\/uploads\/sites\/37\/Baum.jpg","type":"image\/jpeg"}],"author":"Astrid Osenbr\u00fcck","twitter_misc":{"Verfasst von":"Astrid Osenbr\u00fcck","Gesch\u00e4tzte Lesezeit":"1\u00a0Minute"},"schema":{"@context":"https:\/\/schema.org","@graph":[{"@type":"WebPage","@id":"https:\/\/www.naturparkmagazin.de\/dahme-heideseen\/seminar-im-biogarten-prieros-baumkraft\/","url":"https:\/\/www.naturparkmagazin.de\/dahme-heideseen\/seminar-im-biogarten-prieros-baumkraft\/","name":"Seminar im Biogarten Prieros: Baumkraft - Naturpark Dahme-Heideseen","isPartOf":{"@id":"https:\/\/www.naturparkmagazin.de\/dahme-heideseen\/#website"},"datePublished":"2023-11-22T08:00:33+00:00","dateModified":"2023-11-22T08:08:53+00:00","author":{"@id":"https:\/\/www.naturparkmagazin.de\/dahme-heideseen\/#\/schema\/person\/a0510aafafdf8183c95fc98faf0c9f21"},"breadcrumb":{"@id":"https:\/\/www.naturparkmagazin.de\/dahme-heideseen\/seminar-im-biogarten-prieros-baumkraft\/#breadcrumb"},"inLanguage":"de","potentialAction":[{"@type":"ReadAction","target":["https:\/\/www.naturparkmagazin.de\/dahme-heideseen\/seminar-im-biogarten-prieros-baumkraft\/"]}]},{"@type":"BreadcrumbList","@id":"https:\/\/www.naturparkmagazin.de\/dahme-heideseen\/seminar-im-biogarten-prieros-baumkraft\/#breadcrumb","itemListElement":[{"@type":"ListItem","position":1,"name":"Home","item":"https:\/\/www.naturparkmagazin.de\/dahme-heideseen\/"},{"@type":"ListItem","position":2,"name":"Seminar im Biogarten Prieros: Baumkraft"}]},{"@type":"WebSite","@id":"https:\/\/www.naturparkmagazin.de\/dahme-heideseen\/#website","url":"https:\/\/www.naturparkmagazin.de\/dahme-heideseen\/","name":"Naturpark Dahme-Heideseen","description":"","potentialAction":[{"@type":"SearchAction","target":{"@type":"EntryPoint","urlTemplate":"https:\/\/www.naturparkmagazin.de\/dahme-heideseen\/?s={search_term_string}"},"query-input":"required name=search_term_string"}],"inLanguage":"de"},{"@type":"Person","@id":"https:\/\/www.naturparkmagazin.de\/dahme-heideseen\/#\/schema\/person\/a0510aafafdf8183c95fc98faf0c9f21","name":"Astrid Osenbr\u00fcck","sameAs":["http:\/\/www.dahme-heideseen-naturpark.de"],"url":"https:\/\/www.naturparkmagazin.de\/dahme-heideseen\/author\/astridosenbrueck\/"}]}},"_links":{"self":[{"href":"https:\/\/www.naturparkmagazin.de\/dahme-heideseen\/wp-json\/wp\/v2\/posts\/4688"}],"collection":[{"href":"https:\/\/www.naturparkmagazin.de\/dahme-heideseen\/wp-json\/wp\/v2\/posts"}],"about":[{"href":"https:\/\/www.naturparkmagazin.de\/dahme-heideseen\/wp-json\/wp\/v2\/types\/post"}],"author":[{"embeddable":true,"href":"https:\/\/www.naturparkmagazin.de\/dahme-heideseen\/wp-json\/wp\/v2\/users\/83"}],"replies":[{"embeddable":true,"href":"https:\/\/www.naturparkmagazin.de\/dahme-heideseen\/wp-json\/wp\/v2\/comments?post=4688"}],"version-history":[{"count":2,"href":"https:\/\/www.naturparkmagazin.de\/dahme-heideseen\/wp-json\/wp\/v2\/posts\/4688\/revisions"}],"predecessor-version":[{"id":5546,"href":"https:\/\/www.naturparkmagazin.de\/dahme-heideseen\/wp-json\/wp\/v2\/posts\/4688\/revisions\/5546"}],"wp:featuredmedia":[{"embeddable":true,"href":"https:\/\/www.naturparkmagazin.de\/dahme-heideseen\/wp-json\/wp\/v2\/media\/4689"}],"wp:attachment":[{"href":"https:\/\/www.naturparkmagazin.de\/dahme-heideseen\/wp-json\/wp\/v2\/media?parent=4688"}],"wp:term":[{"taxonomy":"category","embeddable":true,"href":"https:\/\/www.naturparkmagazin.de\/dahme-heideseen\/wp-json\/wp\/v2\/categories?post=4688"},{"taxonomy":"post_tag","embeddable":true,"href":"https:\/\/www.naturparkmagazin.de\/dahme-heideseen\/wp-json\/wp\/v2\/tags?post=4688"}],"curies":[{"name":"wp","href":"https:\/\/api.w.org\/{rel}","templated":true}]}}