{"id":4703,"date":"2023-11-22T09:00:33","date_gmt":"2023-11-22T08:00:33","guid":{"rendered":"https:\/\/www.naturparkmagazin.de\/dahme-heideseen\/?p=4703"},"modified":"2023-11-22T09:13:02","modified_gmt":"2023-11-22T08:13:02","slug":"du-und-dein-garten-im-naturpark-weihnachtliche-gerueche-kraeuter-zum-raeuchern","status":"publish","type":"post","link":"https:\/\/www.naturparkmagazin.de\/dahme-heideseen\/du-und-dein-garten-im-naturpark-weihnachtliche-gerueche-kraeuter-zum-raeuchern\/","title":{"rendered":"Du und Dein Garten im Naturpark: Weihnachtliche Ger\u00fcche &#8211; Kr\u00e4uter zum R\u00e4uchern"},"content":{"rendered":"<p>Unter Anleitung von Regina Jubitz werden Kr\u00e4uter, Gew\u00fcrze und R\u00e4ucherwerk zum anstehenden Fest hergestellt, um die Kraft der Pflanzen und deren traditionelle Wirkung auf K\u00f6rper und Geist zur Steigerung des Wohlbefindens zu nutzen.<\/p>\n<p>Begrenzte Teilnehmerzahl: Anmeldung unter 033678 &#8211; 73108 oder besucherzentrum@storkow.de erforderlich.<\/p>\n<p>&nbsp;<\/p>\n<p>&nbsp;<\/p>\n<p>Dauer: 2 h<\/p>\n<p>Begrenzte Teilnehmerzahl: Anmeldung unter 033678 &#8211; 73108 oder besucherzentrum@storkow.de empfehlenswert.<\/p>\n","protected":false},"excerpt":{"rendered":"<p>Weihnachtliche Ger\u00fcche &#8211; Kr\u00e4uter zum R\u00e4uchern mit Regina Jubitz<\/p>\n","protected":false},"author":83,"featured_media":5547,"comment_status":"open","ping_status":"open","sticky":false,"template":"","format":"standard","meta":[],"categories":[11],"tags":[173],"yoast_head":"<!-- This site is optimized with the Yoast SEO plugin v19.10 - https:\/\/yoast.com\/wordpress\/plugins\/seo\/ -->\n<title>Du und Dein Garten im Naturpark: Weihnachtliche Ger\u00fcche - Kr\u00e4uter zum R\u00e4uchern - Naturpark Dahme-Heideseen<\/title>\n<meta name=\"robots\" content=\"index, follow, max-snippet:-1, max-image-preview:large, max-video-preview:-1\" \/>\n<link rel=\"canonical\" href=\"https:\/\/www.naturparkmagazin.de\/dahme-heideseen\/du-und-dein-garten-im-naturpark-weihnachtliche-gerueche-kraeuter-zum-raeuchern\/\" \/>\n<meta property=\"og:locale\" content=\"de_DE\" \/>\n<meta property=\"og:type\" content=\"article\" \/>\n<meta property=\"og:title\" content=\"Du und Dein Garten im Naturpark: Weihnachtliche Ger\u00fcche - Kr\u00e4uter zum R\u00e4uchern - Naturpark Dahme-Heideseen\" \/>\n<meta property=\"og:description\" content=\"Weihnachtliche Ger\u00fcche - Kr\u00e4uter zum R\u00e4uchern mit Regina Jubitz\" \/>\n<meta property=\"og:url\" content=\"https:\/\/www.naturparkmagazin.de\/dahme-heideseen\/du-und-dein-garten-im-naturpark-weihnachtliche-gerueche-kraeuter-zum-raeuchern\/\" \/>\n<meta property=\"og:site_name\" content=\"Naturpark Dahme-Heideseen\" \/>\n<meta property=\"article:published_time\" content=\"2023-11-22T08:00:33+00:00\" \/>\n<meta property=\"article:modified_time\" content=\"2023-11-22T08:13:02+00:00\" \/>\n<meta property=\"og:image\" content=\"https:\/\/www.naturparkmagazin.de\/dahme-heideseen\/wp-content\/uploads\/sites\/37\/Weihnachtsduft_Kr_uter.jpg\" \/>\n\t<meta property=\"og:image:width\" content=\"1920\" \/>\n\t<meta property=\"og:image:height\" content=\"1440\" \/>\n\t<meta property=\"og:image:type\" content=\"image\/jpeg\" \/>\n<meta name=\"author\" content=\"Astrid Osenbr\u00fcck\" \/>\n<meta name=\"twitter:label1\" content=\"Verfasst von\" \/>\n\t<meta name=\"twitter:data1\" content=\"Astrid Osenbr\u00fcck\" \/>\n\t<meta name=\"twitter:label2\" content=\"Gesch\u00e4tzte Lesezeit\" \/>\n\t<meta name=\"twitter:data2\" content=\"1\u00a0Minute\" \/>\n<script type=\"application\/ld+json\" class=\"yoast-schema-graph\">{\"@context\":\"https:\/\/schema.org\",\"@graph\":[{\"@type\":\"WebPage\",\"@id\":\"https:\/\/www.naturparkmagazin.de\/dahme-heideseen\/du-und-dein-garten-im-naturpark-weihnachtliche-gerueche-kraeuter-zum-raeuchern\/\",\"url\":\"https:\/\/www.naturparkmagazin.de\/dahme-heideseen\/du-und-dein-garten-im-naturpark-weihnachtliche-gerueche-kraeuter-zum-raeuchern\/\",\"name\":\"Du und Dein Garten im Naturpark: Weihnachtliche Ger\u00fcche - Kr\u00e4uter zum R\u00e4uchern - Naturpark Dahme-Heideseen\",\"isPartOf\":{\"@id\":\"https:\/\/www.naturparkmagazin.de\/dahme-heideseen\/#website\"},\"datePublished\":\"2023-11-22T08:00:33+00:00\",\"dateModified\":\"2023-11-22T08:13:02+00:00\",\"author\":{\"@id\":\"https:\/\/www.naturparkmagazin.de\/dahme-heideseen\/#\/schema\/person\/a0510aafafdf8183c95fc98faf0c9f21\"},\"breadcrumb\":{\"@id\":\"https:\/\/www.naturparkmagazin.de\/dahme-heideseen\/du-und-dein-garten-im-naturpark-weihnachtliche-gerueche-kraeuter-zum-raeuchern\/#breadcrumb\"},\"inLanguage\":\"de\",\"potentialAction\":[{\"@type\":\"ReadAction\",\"target\":[\"https:\/\/www.naturparkmagazin.de\/dahme-heideseen\/du-und-dein-garten-im-naturpark-weihnachtliche-gerueche-kraeuter-zum-raeuchern\/\"]}]},{\"@type\":\"BreadcrumbList\",\"@id\":\"https:\/\/www.naturparkmagazin.de\/dahme-heideseen\/du-und-dein-garten-im-naturpark-weihnachtliche-gerueche-kraeuter-zum-raeuchern\/#breadcrumb\",\"itemListElement\":[{\"@type\":\"ListItem\",\"position\":1,\"name\":\"Home\",\"item\":\"https:\/\/www.naturparkmagazin.de\/dahme-heideseen\/\"},{\"@type\":\"ListItem\",\"position\":2,\"name\":\"Du und Dein Garten im Naturpark: Weihnachtliche Ger\u00fcche &#8211; Kr\u00e4uter zum R\u00e4uchern\"}]},{\"@type\":\"WebSite\",\"@id\":\"https:\/\/www.naturparkmagazin.de\/dahme-heideseen\/#website\",\"url\":\"https:\/\/www.naturparkmagazin.de\/dahme-heideseen\/\",\"name\":\"Naturpark Dahme-Heideseen\",\"description\":\"\",\"potentialAction\":[{\"@type\":\"SearchAction\",\"target\":{\"@type\":\"EntryPoint\",\"urlTemplate\":\"https:\/\/www.naturparkmagazin.de\/dahme-heideseen\/?s={search_term_string}\"},\"query-input\":\"required name=search_term_string\"}],\"inLanguage\":\"de\"},{\"@type\":\"Person\",\"@id\":\"https:\/\/www.naturparkmagazin.de\/dahme-heideseen\/#\/schema\/person\/a0510aafafdf8183c95fc98faf0c9f21\",\"name\":\"Astrid Osenbr\u00fcck\",\"sameAs\":[\"http:\/\/www.dahme-heideseen-naturpark.de\"],\"url\":\"https:\/\/www.naturparkmagazin.de\/dahme-heideseen\/author\/astridosenbrueck\/\"}]}<\/script>\n<!-- \/ Yoast SEO plugin. -->","yoast_head_json":{"title":"Du und Dein Garten im Naturpark: Weihnachtliche Ger\u00fcche - Kr\u00e4uter zum R\u00e4uchern - Naturpark Dahme-Heideseen","robots":{"index":"index","follow":"follow","max-snippet":"max-snippet:-1","max-image-preview":"max-image-preview:large","max-video-preview":"max-video-preview:-1"},"canonical":"https:\/\/www.naturparkmagazin.de\/dahme-heideseen\/du-und-dein-garten-im-naturpark-weihnachtliche-gerueche-kraeuter-zum-raeuchern\/","og_locale":"de_DE","og_type":"article","og_title":"Du und Dein Garten im Naturpark: Weihnachtliche Ger\u00fcche - Kr\u00e4uter zum R\u00e4uchern - Naturpark Dahme-Heideseen","og_description":"Weihnachtliche Ger\u00fcche - Kr\u00e4uter zum R\u00e4uchern mit Regina Jubitz","og_url":"https:\/\/www.naturparkmagazin.de\/dahme-heideseen\/du-und-dein-garten-im-naturpark-weihnachtliche-gerueche-kraeuter-zum-raeuchern\/","og_site_name":"Naturpark Dahme-Heideseen","article_published_time":"2023-11-22T08:00:33+00:00","article_modified_time":"2023-11-22T08:13:02+00:00","og_image":[{"width":1920,"height":1440,"url":"https:\/\/www.naturparkmagazin.de\/dahme-heideseen\/wp-content\/uploads\/sites\/37\/Weihnachtsduft_Kr_uter.jpg","type":"image\/jpeg"}],"author":"Astrid Osenbr\u00fcck","twitter_misc":{"Verfasst von":"Astrid Osenbr\u00fcck","Gesch\u00e4tzte Lesezeit":"1\u00a0Minute"},"schema":{"@context":"https:\/\/schema.org","@graph":[{"@type":"WebPage","@id":"https:\/\/www.naturparkmagazin.de\/dahme-heideseen\/du-und-dein-garten-im-naturpark-weihnachtliche-gerueche-kraeuter-zum-raeuchern\/","url":"https:\/\/www.naturparkmagazin.de\/dahme-heideseen\/du-und-dein-garten-im-naturpark-weihnachtliche-gerueche-kraeuter-zum-raeuchern\/","name":"Du und Dein Garten im Naturpark: Weihnachtliche Ger\u00fcche - Kr\u00e4uter zum R\u00e4uchern - Naturpark Dahme-Heideseen","isPartOf":{"@id":"https:\/\/www.naturparkmagazin.de\/dahme-heideseen\/#website"},"datePublished":"2023-11-22T08:00:33+00:00","dateModified":"2023-11-22T08:13:02+00:00","author":{"@id":"https:\/\/www.naturparkmagazin.de\/dahme-heideseen\/#\/schema\/person\/a0510aafafdf8183c95fc98faf0c9f21"},"breadcrumb":{"@id":"https:\/\/www.naturparkmagazin.de\/dahme-heideseen\/du-und-dein-garten-im-naturpark-weihnachtliche-gerueche-kraeuter-zum-raeuchern\/#breadcrumb"},"inLanguage":"de","potentialAction":[{"@type":"ReadAction","target":["https:\/\/www.naturparkmagazin.de\/dahme-heideseen\/du-und-dein-garten-im-naturpark-weihnachtliche-gerueche-kraeuter-zum-raeuchern\/"]}]},{"@type":"BreadcrumbList","@id":"https:\/\/www.naturparkmagazin.de\/dahme-heideseen\/du-und-dein-garten-im-naturpark-weihnachtliche-gerueche-kraeuter-zum-raeuchern\/#breadcrumb","itemListElement":[{"@type":"ListItem","position":1,"name":"Home","item":"https:\/\/www.naturparkmagazin.de\/dahme-heideseen\/"},{"@type":"ListItem","position":2,"name":"Du und Dein Garten im Naturpark: Weihnachtliche Ger\u00fcche &#8211; Kr\u00e4uter zum R\u00e4uchern"}]},{"@type":"WebSite","@id":"https:\/\/www.naturparkmagazin.de\/dahme-heideseen\/#website","url":"https:\/\/www.naturparkmagazin.de\/dahme-heideseen\/","name":"Naturpark Dahme-Heideseen","description":"","potentialAction":[{"@type":"SearchAction","target":{"@type":"EntryPoint","urlTemplate":"https:\/\/www.naturparkmagazin.de\/dahme-heideseen\/?s={search_term_string}"},"query-input":"required name=search_term_string"}],"inLanguage":"de"},{"@type":"Person","@id":"https:\/\/www.naturparkmagazin.de\/dahme-heideseen\/#\/schema\/person\/a0510aafafdf8183c95fc98faf0c9f21","name":"Astrid Osenbr\u00fcck","sameAs":["http:\/\/www.dahme-heideseen-naturpark.de"],"url":"https:\/\/www.naturparkmagazin.de\/dahme-heideseen\/author\/astridosenbrueck\/"}]}},"_links":{"self":[{"href":"https:\/\/www.naturparkmagazin.de\/dahme-heideseen\/wp-json\/wp\/v2\/posts\/4703"}],"collection":[{"href":"https:\/\/www.naturparkmagazin.de\/dahme-heideseen\/wp-json\/wp\/v2\/posts"}],"about":[{"href":"https:\/\/www.naturparkmagazin.de\/dahme-heideseen\/wp-json\/wp\/v2\/types\/post"}],"author":[{"embeddable":true,"href":"https:\/\/www.naturparkmagazin.de\/dahme-heideseen\/wp-json\/wp\/v2\/users\/83"}],"replies":[{"embeddable":true,"href":"https:\/\/www.naturparkmagazin.de\/dahme-heideseen\/wp-json\/wp\/v2\/comments?post=4703"}],"version-history":[{"count":1,"href":"https:\/\/www.naturparkmagazin.de\/dahme-heideseen\/wp-json\/wp\/v2\/posts\/4703\/revisions"}],"predecessor-version":[{"id":4704,"href":"https:\/\/www.naturparkmagazin.de\/dahme-heideseen\/wp-json\/wp\/v2\/posts\/4703\/revisions\/4704"}],"wp:featuredmedia":[{"embeddable":true,"href":"https:\/\/www.naturparkmagazin.de\/dahme-heideseen\/wp-json\/wp\/v2\/media\/5547"}],"wp:attachment":[{"href":"https:\/\/www.naturparkmagazin.de\/dahme-heideseen\/wp-json\/wp\/v2\/media?parent=4703"}],"wp:term":[{"taxonomy":"category","embeddable":true,"href":"https:\/\/www.naturparkmagazin.de\/dahme-heideseen\/wp-json\/wp\/v2\/categories?post=4703"},{"taxonomy":"post_tag","embeddable":true,"href":"https:\/\/www.naturparkmagazin.de\/dahme-heideseen\/wp-json\/wp\/v2\/tags?post=4703"}],"curies":[{"name":"wp","href":"https:\/\/api.w.org\/{rel}","templated":true}]}}