{"id":4721,"date":"2022-11-23T09:50:30","date_gmt":"2022-11-23T08:50:30","guid":{"rendered":"https:\/\/www.naturparkmagazin.de\/dahme-heideseen\/?p=4721"},"modified":"2022-11-23T09:54:23","modified_gmt":"2022-11-23T08:54:23","slug":"jahrebuch-2023-ab-sofort-erhaeltlich","status":"publish","type":"post","link":"https:\/\/www.naturparkmagazin.de\/dahme-heideseen\/jahrebuch-2023-ab-sofort-erhaeltlich\/","title":{"rendered":"JahreBuch 2023 ab sofort erh\u00e4ltlich!"},"content":{"rendered":"<p>Das JahreBuch 2023 pr\u00e4sentiert zahlreiche Geschichten und Erlebnisse rund um den Naturpark Dahme-Heideseen, Naturschutz und bedeutende Lebensr\u00e4ume. Die Autoren und Autorinnen berichten \u00fcber sinnvolle Landschaftspflege, Monitoring-Ma\u00dfnahmen und so mancher Bericht \u00fcber Lebensr\u00e4ume stimmt nachdenklich. Mit besonderem Blick auf das letzte Vierteljahrhundert und die erreichten Ziele berichten verschiedene Autoren und Autorinnen \u00fcber das Erlebte und Geschaffene.<\/p>\n<p>Den Kalenderteil schm\u00fccken Fotos von Lebensr\u00e4umen und Arten \u2013 eingefangen von Hannes Hause bei der Arbeit als Ranger im Naturpark und mit informativen Hintergrund-Geschichten erg\u00e4nzt. So gelingt ein Blick auf den seltenen Hochmoor-Bl\u00e4uling, Breitbl\u00e4ttriges Knabenkraut und den Gro\u00dfen Feuerfalter.<\/p>\n<p>Sie k\u00f6nnen das JahreBuch ab sofort in der Naturpark-Verwaltung f\u00fcr 7\u20ac \/ St\u00fcck erwerben: <a href=\"https:\/\/www.dahme-heideseen-naturpark.de\/service\/kontakt\/?tx_snmlugv_pi6%5Bcontact%5D=1225&amp;tx_snmlugv_pi6%5Bcblock%5D=1\">NP-Dahme-Heideseen@LfU.Brandenburg.de<\/a> | Tel.: 033768-969 0<\/p>\n<div id=\"attachment_4724\" style=\"width: 630px\" class=\"wp-caption alignnone\"><a href=\"https:\/\/www.naturparkmagazin.de\/dahme-heideseen\/wp-content\/uploads\/sites\/37\/Jahrebuch2023_Foto-von-Teresa-Zeuner.jpg\"><img aria-describedby=\"caption-attachment-4724\" decoding=\"async\" loading=\"lazy\" class=\"size-medium wp-image-4724\" src=\"https:\/\/www.naturparkmagazin.de\/dahme-heideseen\/wp-content\/uploads\/sites\/37\/Jahrebuch2023_Foto-von-Teresa-Zeuner-620x465.jpg\" alt=\"Jahrebuch 2023 (Foto: Teresa Zeuner)\" width=\"620\" height=\"465\" srcset=\"https:\/\/www.naturparkmagazin.de\/dahme-heideseen\/wp-content\/uploads\/sites\/37\/Jahrebuch2023_Foto-von-Teresa-Zeuner-620x465.jpg 620w, https:\/\/www.naturparkmagazin.de\/dahme-heideseen\/wp-content\/uploads\/sites\/37\/Jahrebuch2023_Foto-von-Teresa-Zeuner-300x225.jpg 300w, https:\/\/www.naturparkmagazin.de\/dahme-heideseen\/wp-content\/uploads\/sites\/37\/Jahrebuch2023_Foto-von-Teresa-Zeuner-940x705.jpg 940w, https:\/\/www.naturparkmagazin.de\/dahme-heideseen\/wp-content\/uploads\/sites\/37\/Jahrebuch2023_Foto-von-Teresa-Zeuner-580x435.jpg 580w, https:\/\/www.naturparkmagazin.de\/dahme-heideseen\/wp-content\/uploads\/sites\/37\/Jahrebuch2023_Foto-von-Teresa-Zeuner-420x315.jpg 420w, https:\/\/www.naturparkmagazin.de\/dahme-heideseen\/wp-content\/uploads\/sites\/37\/Jahrebuch2023_Foto-von-Teresa-Zeuner-180x135.jpg 180w, https:\/\/www.naturparkmagazin.de\/dahme-heideseen\/wp-content\/uploads\/sites\/37\/Jahrebuch2023_Foto-von-Teresa-Zeuner-95x71.jpg 95w, https:\/\/www.naturparkmagazin.de\/dahme-heideseen\/wp-content\/uploads\/sites\/37\/Jahrebuch2023_Foto-von-Teresa-Zeuner-670x503.jpg 670w, https:\/\/www.naturparkmagazin.de\/dahme-heideseen\/wp-content\/uploads\/sites\/37\/Jahrebuch2023_Foto-von-Teresa-Zeuner-200x150.jpg 200w, https:\/\/www.naturparkmagazin.de\/dahme-heideseen\/wp-content\/uploads\/sites\/37\/Jahrebuch2023_Foto-von-Teresa-Zeuner.jpg 1210w\" sizes=\"(max-width: 620px) 100vw, 620px\" \/><\/a><p id=\"caption-attachment-4724\" class=\"wp-caption-text\">Jahrebuch 2023 (Foto: Teresa Zeuner)<\/p><\/div>\n<p>&nbsp;<\/p>\n","protected":false},"excerpt":{"rendered":"<p>Das JahreBuch 2023 pr\u00e4sentiert zahlreiche Geschichten und Erlebnisse rund um den Naturpark Dahme-Heideseen, Naturschutz und bedeutende Lebensr\u00e4ume.<\/p>\n","protected":false},"author":83,"featured_media":4724,"comment_status":"open","ping_status":"open","sticky":false,"template":"","format":"standard","meta":[],"categories":[13],"tags":[],"yoast_head":"<!-- This site is optimized with the Yoast SEO plugin v19.10 - https:\/\/yoast.com\/wordpress\/plugins\/seo\/ -->\n<title>JahreBuch 2023 ab sofort erh\u00e4ltlich! - Naturpark Dahme-Heideseen<\/title>\n<meta name=\"robots\" content=\"index, follow, max-snippet:-1, max-image-preview:large, max-video-preview:-1\" \/>\n<link rel=\"canonical\" href=\"https:\/\/www.naturparkmagazin.de\/dahme-heideseen\/jahrebuch-2023-ab-sofort-erhaeltlich\/\" \/>\n<meta property=\"og:locale\" content=\"de_DE\" \/>\n<meta property=\"og:type\" content=\"article\" \/>\n<meta property=\"og:title\" content=\"JahreBuch 2023 ab sofort erh\u00e4ltlich! - Naturpark Dahme-Heideseen\" \/>\n<meta property=\"og:description\" content=\"Das JahreBuch 2023 pr\u00e4sentiert zahlreiche Geschichten und Erlebnisse rund um den Naturpark Dahme-Heideseen, Naturschutz und bedeutende Lebensr\u00e4ume.\" \/>\n<meta property=\"og:url\" content=\"https:\/\/www.naturparkmagazin.de\/dahme-heideseen\/jahrebuch-2023-ab-sofort-erhaeltlich\/\" \/>\n<meta property=\"og:site_name\" content=\"Naturpark Dahme-Heideseen\" \/>\n<meta property=\"article:published_time\" content=\"2022-11-23T08:50:30+00:00\" \/>\n<meta property=\"article:modified_time\" content=\"2022-11-23T08:54:23+00:00\" \/>\n<meta property=\"og:image\" content=\"https:\/\/www.naturparkmagazin.de\/dahme-heideseen\/wp-content\/uploads\/sites\/37\/Jahrebuch2023_Foto-von-Teresa-Zeuner.jpg\" \/>\n\t<meta property=\"og:image:width\" content=\"1210\" \/>\n\t<meta property=\"og:image:height\" content=\"908\" \/>\n\t<meta property=\"og:image:type\" content=\"image\/jpeg\" \/>\n<meta name=\"author\" content=\"Astrid Osenbr\u00fcck\" \/>\n<meta name=\"twitter:label1\" content=\"Verfasst von\" \/>\n\t<meta name=\"twitter:data1\" content=\"Astrid Osenbr\u00fcck\" \/>\n\t<meta name=\"twitter:label2\" content=\"Gesch\u00e4tzte Lesezeit\" \/>\n\t<meta name=\"twitter:data2\" content=\"1\u00a0Minute\" \/>\n<script type=\"application\/ld+json\" class=\"yoast-schema-graph\">{\"@context\":\"https:\/\/schema.org\",\"@graph\":[{\"@type\":\"WebPage\",\"@id\":\"https:\/\/www.naturparkmagazin.de\/dahme-heideseen\/jahrebuch-2023-ab-sofort-erhaeltlich\/\",\"url\":\"https:\/\/www.naturparkmagazin.de\/dahme-heideseen\/jahrebuch-2023-ab-sofort-erhaeltlich\/\",\"name\":\"JahreBuch 2023 ab sofort erh\u00e4ltlich! - Naturpark Dahme-Heideseen\",\"isPartOf\":{\"@id\":\"https:\/\/www.naturparkmagazin.de\/dahme-heideseen\/#website\"},\"datePublished\":\"2022-11-23T08:50:30+00:00\",\"dateModified\":\"2022-11-23T08:54:23+00:00\",\"author\":{\"@id\":\"https:\/\/www.naturparkmagazin.de\/dahme-heideseen\/#\/schema\/person\/a0510aafafdf8183c95fc98faf0c9f21\"},\"breadcrumb\":{\"@id\":\"https:\/\/www.naturparkmagazin.de\/dahme-heideseen\/jahrebuch-2023-ab-sofort-erhaeltlich\/#breadcrumb\"},\"inLanguage\":\"de\",\"potentialAction\":[{\"@type\":\"ReadAction\",\"target\":[\"https:\/\/www.naturparkmagazin.de\/dahme-heideseen\/jahrebuch-2023-ab-sofort-erhaeltlich\/\"]}]},{\"@type\":\"BreadcrumbList\",\"@id\":\"https:\/\/www.naturparkmagazin.de\/dahme-heideseen\/jahrebuch-2023-ab-sofort-erhaeltlich\/#breadcrumb\",\"itemListElement\":[{\"@type\":\"ListItem\",\"position\":1,\"name\":\"Home\",\"item\":\"https:\/\/www.naturparkmagazin.de\/dahme-heideseen\/\"},{\"@type\":\"ListItem\",\"position\":2,\"name\":\"JahreBuch 2023 ab sofort erh\u00e4ltlich!\"}]},{\"@type\":\"WebSite\",\"@id\":\"https:\/\/www.naturparkmagazin.de\/dahme-heideseen\/#website\",\"url\":\"https:\/\/www.naturparkmagazin.de\/dahme-heideseen\/\",\"name\":\"Naturpark Dahme-Heideseen\",\"description\":\"\",\"potentialAction\":[{\"@type\":\"SearchAction\",\"target\":{\"@type\":\"EntryPoint\",\"urlTemplate\":\"https:\/\/www.naturparkmagazin.de\/dahme-heideseen\/?s={search_term_string}\"},\"query-input\":\"required name=search_term_string\"}],\"inLanguage\":\"de\"},{\"@type\":\"Person\",\"@id\":\"https:\/\/www.naturparkmagazin.de\/dahme-heideseen\/#\/schema\/person\/a0510aafafdf8183c95fc98faf0c9f21\",\"name\":\"Astrid Osenbr\u00fcck\",\"sameAs\":[\"http:\/\/www.dahme-heideseen-naturpark.de\"],\"url\":\"https:\/\/www.naturparkmagazin.de\/dahme-heideseen\/author\/astridosenbrueck\/\"}]}<\/script>\n<!-- \/ Yoast SEO plugin. -->","yoast_head_json":{"title":"JahreBuch 2023 ab sofort erh\u00e4ltlich! - Naturpark Dahme-Heideseen","robots":{"index":"index","follow":"follow","max-snippet":"max-snippet:-1","max-image-preview":"max-image-preview:large","max-video-preview":"max-video-preview:-1"},"canonical":"https:\/\/www.naturparkmagazin.de\/dahme-heideseen\/jahrebuch-2023-ab-sofort-erhaeltlich\/","og_locale":"de_DE","og_type":"article","og_title":"JahreBuch 2023 ab sofort erh\u00e4ltlich! - Naturpark Dahme-Heideseen","og_description":"Das JahreBuch 2023 pr\u00e4sentiert zahlreiche Geschichten und Erlebnisse rund um den Naturpark Dahme-Heideseen, Naturschutz und bedeutende Lebensr\u00e4ume.","og_url":"https:\/\/www.naturparkmagazin.de\/dahme-heideseen\/jahrebuch-2023-ab-sofort-erhaeltlich\/","og_site_name":"Naturpark Dahme-Heideseen","article_published_time":"2022-11-23T08:50:30+00:00","article_modified_time":"2022-11-23T08:54:23+00:00","og_image":[{"width":1210,"height":908,"url":"https:\/\/www.naturparkmagazin.de\/dahme-heideseen\/wp-content\/uploads\/sites\/37\/Jahrebuch2023_Foto-von-Teresa-Zeuner.jpg","type":"image\/jpeg"}],"author":"Astrid Osenbr\u00fcck","twitter_misc":{"Verfasst von":"Astrid Osenbr\u00fcck","Gesch\u00e4tzte Lesezeit":"1\u00a0Minute"},"schema":{"@context":"https:\/\/schema.org","@graph":[{"@type":"WebPage","@id":"https:\/\/www.naturparkmagazin.de\/dahme-heideseen\/jahrebuch-2023-ab-sofort-erhaeltlich\/","url":"https:\/\/www.naturparkmagazin.de\/dahme-heideseen\/jahrebuch-2023-ab-sofort-erhaeltlich\/","name":"JahreBuch 2023 ab sofort erh\u00e4ltlich! - Naturpark Dahme-Heideseen","isPartOf":{"@id":"https:\/\/www.naturparkmagazin.de\/dahme-heideseen\/#website"},"datePublished":"2022-11-23T08:50:30+00:00","dateModified":"2022-11-23T08:54:23+00:00","author":{"@id":"https:\/\/www.naturparkmagazin.de\/dahme-heideseen\/#\/schema\/person\/a0510aafafdf8183c95fc98faf0c9f21"},"breadcrumb":{"@id":"https:\/\/www.naturparkmagazin.de\/dahme-heideseen\/jahrebuch-2023-ab-sofort-erhaeltlich\/#breadcrumb"},"inLanguage":"de","potentialAction":[{"@type":"ReadAction","target":["https:\/\/www.naturparkmagazin.de\/dahme-heideseen\/jahrebuch-2023-ab-sofort-erhaeltlich\/"]}]},{"@type":"BreadcrumbList","@id":"https:\/\/www.naturparkmagazin.de\/dahme-heideseen\/jahrebuch-2023-ab-sofort-erhaeltlich\/#breadcrumb","itemListElement":[{"@type":"ListItem","position":1,"name":"Home","item":"https:\/\/www.naturparkmagazin.de\/dahme-heideseen\/"},{"@type":"ListItem","position":2,"name":"JahreBuch 2023 ab sofort erh\u00e4ltlich!"}]},{"@type":"WebSite","@id":"https:\/\/www.naturparkmagazin.de\/dahme-heideseen\/#website","url":"https:\/\/www.naturparkmagazin.de\/dahme-heideseen\/","name":"Naturpark Dahme-Heideseen","description":"","potentialAction":[{"@type":"SearchAction","target":{"@type":"EntryPoint","urlTemplate":"https:\/\/www.naturparkmagazin.de\/dahme-heideseen\/?s={search_term_string}"},"query-input":"required name=search_term_string"}],"inLanguage":"de"},{"@type":"Person","@id":"https:\/\/www.naturparkmagazin.de\/dahme-heideseen\/#\/schema\/person\/a0510aafafdf8183c95fc98faf0c9f21","name":"Astrid Osenbr\u00fcck","sameAs":["http:\/\/www.dahme-heideseen-naturpark.de"],"url":"https:\/\/www.naturparkmagazin.de\/dahme-heideseen\/author\/astridosenbrueck\/"}]}},"_links":{"self":[{"href":"https:\/\/www.naturparkmagazin.de\/dahme-heideseen\/wp-json\/wp\/v2\/posts\/4721"}],"collection":[{"href":"https:\/\/www.naturparkmagazin.de\/dahme-heideseen\/wp-json\/wp\/v2\/posts"}],"about":[{"href":"https:\/\/www.naturparkmagazin.de\/dahme-heideseen\/wp-json\/wp\/v2\/types\/post"}],"author":[{"embeddable":true,"href":"https:\/\/www.naturparkmagazin.de\/dahme-heideseen\/wp-json\/wp\/v2\/users\/83"}],"replies":[{"embeddable":true,"href":"https:\/\/www.naturparkmagazin.de\/dahme-heideseen\/wp-json\/wp\/v2\/comments?post=4721"}],"version-history":[{"count":2,"href":"https:\/\/www.naturparkmagazin.de\/dahme-heideseen\/wp-json\/wp\/v2\/posts\/4721\/revisions"}],"predecessor-version":[{"id":4726,"href":"https:\/\/www.naturparkmagazin.de\/dahme-heideseen\/wp-json\/wp\/v2\/posts\/4721\/revisions\/4726"}],"wp:featuredmedia":[{"embeddable":true,"href":"https:\/\/www.naturparkmagazin.de\/dahme-heideseen\/wp-json\/wp\/v2\/media\/4724"}],"wp:attachment":[{"href":"https:\/\/www.naturparkmagazin.de\/dahme-heideseen\/wp-json\/wp\/v2\/media?parent=4721"}],"wp:term":[{"taxonomy":"category","embeddable":true,"href":"https:\/\/www.naturparkmagazin.de\/dahme-heideseen\/wp-json\/wp\/v2\/categories?post=4721"},{"taxonomy":"post_tag","embeddable":true,"href":"https:\/\/www.naturparkmagazin.de\/dahme-heideseen\/wp-json\/wp\/v2\/tags?post=4721"}],"curies":[{"name":"wp","href":"https:\/\/api.w.org\/{rel}","templated":true}]}}