{"id":4779,"date":"2022-12-21T11:22:34","date_gmt":"2022-12-21T10:22:34","guid":{"rendered":"https:\/\/www.naturparkmagazin.de\/dahme-heideseen\/?p=4779"},"modified":"2022-12-21T11:22:34","modified_gmt":"2022-12-21T10:22:34","slug":"bauarbeiten-fuer-altarmanschluss-der-dahme","status":"publish","type":"post","link":"https:\/\/www.naturparkmagazin.de\/dahme-heideseen\/bauarbeiten-fuer-altarmanschluss-der-dahme\/","title":{"rendered":"Bauarbeiten f\u00fcr Altarmanschluss der Dahme"},"content":{"rendered":"<p>Bauarbeiten f\u00fcr einen Altarmanschluss der Dahme bei Briesen<\/p>\n<p>Der erste Abschnitt ist geschafft: Um die nat\u00fcrliche Dynamik der Dahme wiederherzustellen, werden im Rahmen des Projektes \u201eLIFE-Feuchtw\u00e4lder\u201c auf einer L\u00e4nge von 450 Metern zwischen Halbe und M\u00e4rkisch Bucholz Kies und Totholz in den Fluss eingebracht. Dadurch verengt sich der Querschnitt des Flusses und es entstehen unterschiedliche Flie\u00dfgeschwindigkeiten, welche die St\u00f6mungs- und Strukturvielfalt erh\u00f6hen.<\/p>\n<p>Der Einbau von Totholz ist hier notwendig, da nur die H\u00e4lfte des Abschnitts uferbegleitenden Wald aufweist und der nat\u00fcrliche Eintrag nicht oder kaum gegeben w\u00e4re.<\/p>\n<p>Der Kieseinbau sorgt auch f\u00fcr eine nat\u00fcrliche Sohlenstruktur, die wichtig f\u00fcr die Selbstreinigung und Artenvielfalt ist. In Teilbereichen wurde das Ufer abgeflacht. Dadurch k\u00f6nnen die vorhandene Verwallung minimiert und Flachwasserbereiche geschaffen werden.<\/p>\n<p>Viele Wasserinsekten, aber auch Fische sollen hier wieder Unterschlupfm\u00f6glichkeiten finden. Auch der angrenzende Auenwald mit seinen selten Tier- und Pflanzenarten profitiert von den Ma\u00dfnahmen. So wird aus der Dahme bald wieder ein lebendiges, pl\u00e4tscherndes Flie\u00dfgew\u00e4sser mit schillernden Prachtlibellen, springenden Bachforellen und jagenden Eisv\u00f6geln.<\/p>\n<p>Bauherr ist der Naturschutzfonds Brandenburg.<\/p>\n<div id=\"attachment_4746\" style=\"width: 630px\" class=\"wp-caption alignnone\"><a href=\"https:\/\/www.naturparkmagazin.de\/dahme-heideseen\/wp-content\/uploads\/sites\/37\/nf20221129_1350270.jpg\"><img aria-describedby=\"caption-attachment-4746\" decoding=\"async\" loading=\"lazy\" class=\"size-medium wp-image-4746\" src=\"https:\/\/www.naturparkmagazin.de\/dahme-heideseen\/wp-content\/uploads\/sites\/37\/nf20221129_1350270-620x465.jpg\" alt=\"\" width=\"620\" height=\"465\" srcset=\"https:\/\/www.naturparkmagazin.de\/dahme-heideseen\/wp-content\/uploads\/sites\/37\/nf20221129_1350270-620x465.jpg 620w, https:\/\/www.naturparkmagazin.de\/dahme-heideseen\/wp-content\/uploads\/sites\/37\/nf20221129_1350270-940x705.jpg 940w, https:\/\/www.naturparkmagazin.de\/dahme-heideseen\/wp-content\/uploads\/sites\/37\/nf20221129_1350270-300x225.jpg 300w, https:\/\/www.naturparkmagazin.de\/dahme-heideseen\/wp-content\/uploads\/sites\/37\/nf20221129_1350270-580x435.jpg 580w, https:\/\/www.naturparkmagazin.de\/dahme-heideseen\/wp-content\/uploads\/sites\/37\/nf20221129_1350270-420x315.jpg 420w, https:\/\/www.naturparkmagazin.de\/dahme-heideseen\/wp-content\/uploads\/sites\/37\/nf20221129_1350270-180x135.jpg 180w, https:\/\/www.naturparkmagazin.de\/dahme-heideseen\/wp-content\/uploads\/sites\/37\/nf20221129_1350270-95x71.jpg 95w, https:\/\/www.naturparkmagazin.de\/dahme-heideseen\/wp-content\/uploads\/sites\/37\/nf20221129_1350270-670x503.jpg 670w, https:\/\/www.naturparkmagazin.de\/dahme-heideseen\/wp-content\/uploads\/sites\/37\/nf20221129_1350270-200x150.jpg 200w, https:\/\/www.naturparkmagazin.de\/dahme-heideseen\/wp-content\/uploads\/sites\/37\/nf20221129_1350270.jpg 980w\" sizes=\"(max-width: 620px) 100vw, 620px\" \/><\/a><p id=\"caption-attachment-4746\" class=\"wp-caption-text\">(\u00a9 Carsten Preu\u00df)<\/p><\/div>\n<div id=\"attachment_4749\" style=\"width: 630px\" class=\"wp-caption alignnone\"><a href=\"https:\/\/www.naturparkmagazin.de\/dahme-heideseen\/wp-content\/uploads\/sites\/37\/nf-20221129_143426.jpg\"><img aria-describedby=\"caption-attachment-4749\" decoding=\"async\" loading=\"lazy\" class=\"wp-image-4749 size-medium\" src=\"https:\/\/www.naturparkmagazin.de\/dahme-heideseen\/wp-content\/uploads\/sites\/37\/nf-20221129_143426-620x465.jpg\" alt=\"\" width=\"620\" height=\"465\" srcset=\"https:\/\/www.naturparkmagazin.de\/dahme-heideseen\/wp-content\/uploads\/sites\/37\/nf-20221129_143426-620x465.jpg 620w, https:\/\/www.naturparkmagazin.de\/dahme-heideseen\/wp-content\/uploads\/sites\/37\/nf-20221129_143426-940x705.jpg 940w, https:\/\/www.naturparkmagazin.de\/dahme-heideseen\/wp-content\/uploads\/sites\/37\/nf-20221129_143426-300x225.jpg 300w, https:\/\/www.naturparkmagazin.de\/dahme-heideseen\/wp-content\/uploads\/sites\/37\/nf-20221129_143426-580x435.jpg 580w, https:\/\/www.naturparkmagazin.de\/dahme-heideseen\/wp-content\/uploads\/sites\/37\/nf-20221129_143426-420x315.jpg 420w, https:\/\/www.naturparkmagazin.de\/dahme-heideseen\/wp-content\/uploads\/sites\/37\/nf-20221129_143426-180x135.jpg 180w, https:\/\/www.naturparkmagazin.de\/dahme-heideseen\/wp-content\/uploads\/sites\/37\/nf-20221129_143426-95x71.jpg 95w, https:\/\/www.naturparkmagazin.de\/dahme-heideseen\/wp-content\/uploads\/sites\/37\/nf-20221129_143426-670x502.jpg 670w, https:\/\/www.naturparkmagazin.de\/dahme-heideseen\/wp-content\/uploads\/sites\/37\/nf-20221129_143426-200x150.jpg 200w, https:\/\/www.naturparkmagazin.de\/dahme-heideseen\/wp-content\/uploads\/sites\/37\/nf-20221129_143426.jpg 1306w\" sizes=\"(max-width: 620px) 100vw, 620px\" \/><\/a><p id=\"caption-attachment-4749\" class=\"wp-caption-text\">(\u00a9 Carsten Preu\u00df)<\/p><\/div>\n","protected":false},"excerpt":{"rendered":"<p>Der erste Abschnitt ist geschafft: Um die nat\u00fcrliche Dynamik der Dahme wiederherzustellen, werden im Rahmen des Projektes \u201eLIFE-Feuchtw\u00e4lder\u201c auf einer L\u00e4nge von 450 Metern zwischen Halbe und M\u00e4rkisch Bucholz Kies und Totholz in den Fluss eingebracht.<\/p>\n","protected":false},"author":83,"featured_media":4747,"comment_status":"open","ping_status":"open","sticky":false,"template":"","format":"standard","meta":[],"categories":[7],"tags":[],"yoast_head":"<!-- This site is optimized with the Yoast SEO plugin v19.10 - https:\/\/yoast.com\/wordpress\/plugins\/seo\/ -->\n<title>Bauarbeiten f\u00fcr Altarmanschluss der Dahme - Naturpark Dahme-Heideseen<\/title>\n<meta name=\"robots\" content=\"index, follow, max-snippet:-1, max-image-preview:large, max-video-preview:-1\" \/>\n<link rel=\"canonical\" href=\"https:\/\/www.naturparkmagazin.de\/dahme-heideseen\/bauarbeiten-fuer-altarmanschluss-der-dahme\/\" \/>\n<meta property=\"og:locale\" content=\"de_DE\" \/>\n<meta property=\"og:type\" content=\"article\" \/>\n<meta property=\"og:title\" content=\"Bauarbeiten f\u00fcr Altarmanschluss der Dahme - Naturpark Dahme-Heideseen\" \/>\n<meta property=\"og:description\" content=\"Der erste Abschnitt ist geschafft: Um die nat\u00fcrliche Dynamik der Dahme wiederherzustellen, werden im Rahmen des Projektes \u201eLIFE-Feuchtw\u00e4lder\u201c auf einer L\u00e4nge von 450 Metern zwischen Halbe und M\u00e4rkisch Bucholz Kies und Totholz in den Fluss eingebracht.\" \/>\n<meta property=\"og:url\" content=\"https:\/\/www.naturparkmagazin.de\/dahme-heideseen\/bauarbeiten-fuer-altarmanschluss-der-dahme\/\" \/>\n<meta property=\"og:site_name\" content=\"Naturpark Dahme-Heideseen\" \/>\n<meta property=\"article:published_time\" content=\"2022-12-21T10:22:34+00:00\" \/>\n<meta property=\"og:image\" content=\"https:\/\/www.naturparkmagazin.de\/dahme-heideseen\/wp-content\/uploads\/sites\/37\/nf20221129_141130.jpg\" \/>\n\t<meta property=\"og:image:width\" content=\"980\" \/>\n\t<meta property=\"og:image:height\" content=\"735\" \/>\n\t<meta property=\"og:image:type\" content=\"image\/jpeg\" \/>\n<meta name=\"author\" content=\"Astrid Osenbr\u00fcck\" \/>\n<meta name=\"twitter:label1\" content=\"Verfasst von\" \/>\n\t<meta name=\"twitter:data1\" content=\"Astrid Osenbr\u00fcck\" \/>\n\t<meta name=\"twitter:label2\" content=\"Gesch\u00e4tzte Lesezeit\" \/>\n\t<meta name=\"twitter:data2\" content=\"2\u00a0Minuten\" \/>\n<script type=\"application\/ld+json\" class=\"yoast-schema-graph\">{\"@context\":\"https:\/\/schema.org\",\"@graph\":[{\"@type\":\"WebPage\",\"@id\":\"https:\/\/www.naturparkmagazin.de\/dahme-heideseen\/bauarbeiten-fuer-altarmanschluss-der-dahme\/\",\"url\":\"https:\/\/www.naturparkmagazin.de\/dahme-heideseen\/bauarbeiten-fuer-altarmanschluss-der-dahme\/\",\"name\":\"Bauarbeiten f\u00fcr Altarmanschluss der Dahme - Naturpark Dahme-Heideseen\",\"isPartOf\":{\"@id\":\"https:\/\/www.naturparkmagazin.de\/dahme-heideseen\/#website\"},\"datePublished\":\"2022-12-21T10:22:34+00:00\",\"dateModified\":\"2022-12-21T10:22:34+00:00\",\"author\":{\"@id\":\"https:\/\/www.naturparkmagazin.de\/dahme-heideseen\/#\/schema\/person\/a0510aafafdf8183c95fc98faf0c9f21\"},\"breadcrumb\":{\"@id\":\"https:\/\/www.naturparkmagazin.de\/dahme-heideseen\/bauarbeiten-fuer-altarmanschluss-der-dahme\/#breadcrumb\"},\"inLanguage\":\"de\",\"potentialAction\":[{\"@type\":\"ReadAction\",\"target\":[\"https:\/\/www.naturparkmagazin.de\/dahme-heideseen\/bauarbeiten-fuer-altarmanschluss-der-dahme\/\"]}]},{\"@type\":\"BreadcrumbList\",\"@id\":\"https:\/\/www.naturparkmagazin.de\/dahme-heideseen\/bauarbeiten-fuer-altarmanschluss-der-dahme\/#breadcrumb\",\"itemListElement\":[{\"@type\":\"ListItem\",\"position\":1,\"name\":\"Home\",\"item\":\"https:\/\/www.naturparkmagazin.de\/dahme-heideseen\/\"},{\"@type\":\"ListItem\",\"position\":2,\"name\":\"Bauarbeiten f\u00fcr Altarmanschluss der Dahme\"}]},{\"@type\":\"WebSite\",\"@id\":\"https:\/\/www.naturparkmagazin.de\/dahme-heideseen\/#website\",\"url\":\"https:\/\/www.naturparkmagazin.de\/dahme-heideseen\/\",\"name\":\"Naturpark Dahme-Heideseen\",\"description\":\"\",\"potentialAction\":[{\"@type\":\"SearchAction\",\"target\":{\"@type\":\"EntryPoint\",\"urlTemplate\":\"https:\/\/www.naturparkmagazin.de\/dahme-heideseen\/?s={search_term_string}\"},\"query-input\":\"required name=search_term_string\"}],\"inLanguage\":\"de\"},{\"@type\":\"Person\",\"@id\":\"https:\/\/www.naturparkmagazin.de\/dahme-heideseen\/#\/schema\/person\/a0510aafafdf8183c95fc98faf0c9f21\",\"name\":\"Astrid Osenbr\u00fcck\",\"sameAs\":[\"http:\/\/www.dahme-heideseen-naturpark.de\"],\"url\":\"https:\/\/www.naturparkmagazin.de\/dahme-heideseen\/author\/astridosenbrueck\/\"}]}<\/script>\n<!-- \/ Yoast SEO plugin. -->","yoast_head_json":{"title":"Bauarbeiten f\u00fcr Altarmanschluss der Dahme - Naturpark Dahme-Heideseen","robots":{"index":"index","follow":"follow","max-snippet":"max-snippet:-1","max-image-preview":"max-image-preview:large","max-video-preview":"max-video-preview:-1"},"canonical":"https:\/\/www.naturparkmagazin.de\/dahme-heideseen\/bauarbeiten-fuer-altarmanschluss-der-dahme\/","og_locale":"de_DE","og_type":"article","og_title":"Bauarbeiten f\u00fcr Altarmanschluss der Dahme - Naturpark Dahme-Heideseen","og_description":"Der erste Abschnitt ist geschafft: Um die nat\u00fcrliche Dynamik der Dahme wiederherzustellen, werden im Rahmen des Projektes \u201eLIFE-Feuchtw\u00e4lder\u201c auf einer L\u00e4nge von 450 Metern zwischen Halbe und M\u00e4rkisch Bucholz Kies und Totholz in den Fluss eingebracht.","og_url":"https:\/\/www.naturparkmagazin.de\/dahme-heideseen\/bauarbeiten-fuer-altarmanschluss-der-dahme\/","og_site_name":"Naturpark Dahme-Heideseen","article_published_time":"2022-12-21T10:22:34+00:00","og_image":[{"width":980,"height":735,"url":"https:\/\/www.naturparkmagazin.de\/dahme-heideseen\/wp-content\/uploads\/sites\/37\/nf20221129_141130.jpg","type":"image\/jpeg"}],"author":"Astrid Osenbr\u00fcck","twitter_misc":{"Verfasst von":"Astrid Osenbr\u00fcck","Gesch\u00e4tzte Lesezeit":"2\u00a0Minuten"},"schema":{"@context":"https:\/\/schema.org","@graph":[{"@type":"WebPage","@id":"https:\/\/www.naturparkmagazin.de\/dahme-heideseen\/bauarbeiten-fuer-altarmanschluss-der-dahme\/","url":"https:\/\/www.naturparkmagazin.de\/dahme-heideseen\/bauarbeiten-fuer-altarmanschluss-der-dahme\/","name":"Bauarbeiten f\u00fcr Altarmanschluss der Dahme - Naturpark Dahme-Heideseen","isPartOf":{"@id":"https:\/\/www.naturparkmagazin.de\/dahme-heideseen\/#website"},"datePublished":"2022-12-21T10:22:34+00:00","dateModified":"2022-12-21T10:22:34+00:00","author":{"@id":"https:\/\/www.naturparkmagazin.de\/dahme-heideseen\/#\/schema\/person\/a0510aafafdf8183c95fc98faf0c9f21"},"breadcrumb":{"@id":"https:\/\/www.naturparkmagazin.de\/dahme-heideseen\/bauarbeiten-fuer-altarmanschluss-der-dahme\/#breadcrumb"},"inLanguage":"de","potentialAction":[{"@type":"ReadAction","target":["https:\/\/www.naturparkmagazin.de\/dahme-heideseen\/bauarbeiten-fuer-altarmanschluss-der-dahme\/"]}]},{"@type":"BreadcrumbList","@id":"https:\/\/www.naturparkmagazin.de\/dahme-heideseen\/bauarbeiten-fuer-altarmanschluss-der-dahme\/#breadcrumb","itemListElement":[{"@type":"ListItem","position":1,"name":"Home","item":"https:\/\/www.naturparkmagazin.de\/dahme-heideseen\/"},{"@type":"ListItem","position":2,"name":"Bauarbeiten f\u00fcr Altarmanschluss der Dahme"}]},{"@type":"WebSite","@id":"https:\/\/www.naturparkmagazin.de\/dahme-heideseen\/#website","url":"https:\/\/www.naturparkmagazin.de\/dahme-heideseen\/","name":"Naturpark Dahme-Heideseen","description":"","potentialAction":[{"@type":"SearchAction","target":{"@type":"EntryPoint","urlTemplate":"https:\/\/www.naturparkmagazin.de\/dahme-heideseen\/?s={search_term_string}"},"query-input":"required name=search_term_string"}],"inLanguage":"de"},{"@type":"Person","@id":"https:\/\/www.naturparkmagazin.de\/dahme-heideseen\/#\/schema\/person\/a0510aafafdf8183c95fc98faf0c9f21","name":"Astrid Osenbr\u00fcck","sameAs":["http:\/\/www.dahme-heideseen-naturpark.de"],"url":"https:\/\/www.naturparkmagazin.de\/dahme-heideseen\/author\/astridosenbrueck\/"}]}},"_links":{"self":[{"href":"https:\/\/www.naturparkmagazin.de\/dahme-heideseen\/wp-json\/wp\/v2\/posts\/4779"}],"collection":[{"href":"https:\/\/www.naturparkmagazin.de\/dahme-heideseen\/wp-json\/wp\/v2\/posts"}],"about":[{"href":"https:\/\/www.naturparkmagazin.de\/dahme-heideseen\/wp-json\/wp\/v2\/types\/post"}],"author":[{"embeddable":true,"href":"https:\/\/www.naturparkmagazin.de\/dahme-heideseen\/wp-json\/wp\/v2\/users\/83"}],"replies":[{"embeddable":true,"href":"https:\/\/www.naturparkmagazin.de\/dahme-heideseen\/wp-json\/wp\/v2\/comments?post=4779"}],"version-history":[{"count":1,"href":"https:\/\/www.naturparkmagazin.de\/dahme-heideseen\/wp-json\/wp\/v2\/posts\/4779\/revisions"}],"predecessor-version":[{"id":4780,"href":"https:\/\/www.naturparkmagazin.de\/dahme-heideseen\/wp-json\/wp\/v2\/posts\/4779\/revisions\/4780"}],"wp:featuredmedia":[{"embeddable":true,"href":"https:\/\/www.naturparkmagazin.de\/dahme-heideseen\/wp-json\/wp\/v2\/media\/4747"}],"wp:attachment":[{"href":"https:\/\/www.naturparkmagazin.de\/dahme-heideseen\/wp-json\/wp\/v2\/media?parent=4779"}],"wp:term":[{"taxonomy":"category","embeddable":true,"href":"https:\/\/www.naturparkmagazin.de\/dahme-heideseen\/wp-json\/wp\/v2\/categories?post=4779"},{"taxonomy":"post_tag","embeddable":true,"href":"https:\/\/www.naturparkmagazin.de\/dahme-heideseen\/wp-json\/wp\/v2\/tags?post=4779"}],"curies":[{"name":"wp","href":"https:\/\/api.w.org\/{rel}","templated":true}]}}