{"id":4784,"date":"2022-12-21T14:31:40","date_gmt":"2022-12-21T13:31:40","guid":{"rendered":"https:\/\/www.naturparkmagazin.de\/dahme-heideseen\/?p=4784"},"modified":"2022-12-21T14:40:56","modified_gmt":"2022-12-21T13:40:56","slug":"netzwerkaufbau-fuer-verwertungs-kooperation-von-biomasse","status":"publish","type":"post","link":"https:\/\/www.naturparkmagazin.de\/dahme-heideseen\/netzwerkaufbau-fuer-verwertungs-kooperation-von-biomasse\/","title":{"rendered":"Netzwerkaufbau f\u00fcr Verwertungs-Kooperation von Biomasse"},"content":{"rendered":"<p>Im November fand die Veranstaltung \u201eNetzwerkaufbau f\u00fcr Verwertungs-Kooperation von (Moor-) Biomasse\u201c im Tourismuszentrum Prieros statt. Sie wurde von Mitarbeiterinnen des Projektes KoMoTec (Kooperation f\u00fcr moorschonende und moorerhaltende Landtechnik und Bewirtschaftungsformen) und dem Naturpark Dahme-Heideseen organisiert. Ziel war es sinnvolle Verwertungsm\u00f6glichkeiten f\u00fcr Biomasse aus Landschaftspflege und kommunaler Gr\u00fcnfl\u00e4chenpflege vorzustellen und in der Region zu etablieren und regionale Wertsch\u00f6pfungsketten zu schaffen.<\/p>\n<p>Es nahmen Vertreter aus Landwirtschaft und Gartenbau, Kommunen, Wasser- und Landschaftspflegeverb\u00e4nden, dem Ministerium sowie die Referenten der vorgestellten Verwertungsverfahren teil.<\/p>\n<p>Nach einer kurzen Projektvorstellung gab Herr Petri von der ARGE Klimamoor einen \u00dcberblick \u00fcber bestehende Verwertungsm\u00f6glichkeiten f\u00fcr Biomasse von moorigen Standorten, die zumeist mit sonstigem Landschaftspflegematerial, kommunalen Gr\u00fcnschnitt oder Laub kombiniert werden k\u00f6nnen. Es folgten detaillierte Vorstellungen \u00fcber die Terra Preta-Herstellung der Firma Texas Bioenergie, Biogas aus gemischter Biomasse und Umr\u00fcstung bestehender Anlagen durch Green Planet Energy sowie Brinkhege Biokohle.<\/p>\n<p>Zum Abschluss hat Frau Schneider vom Ministerium f\u00fcr Landwirtschaft, Umwelt und Klimaschutz (MLUK) auf die neue F\u00f6rderrichtlinie \u201eKlima-\/Moorschutz investiv\u201c verwiesen, die in der Zwischenzeit ver\u00f6ffentlicht wurde: <a href=\"https:\/\/mluk.brandenburg.de\/mluk\/de\/service\/foerderung\/fachuebergreifend\/rl-klima-moorschutz-investiv\/#\" target=\"_blank\" rel=\"noopener\">mluk.brandenburg.de\/mluk\/de\/service\/foerderung\/fachuebergreifend\/rl-klima-moorschutz-investiv\/<\/a><\/p>\n<p>Wir bitten Alle, die an<b> regionalen Verwertungsm\u00f6glichkeiten<\/b> interessiert sind, an unserer kleinen (ca. 2 Minuten!) und anonymen <b>Umfrage <\/b>teilzunehmen! Mit diesem Tool wollen wir das weitere Vorgehen planen und verschiedene Interessen zueinander bringen.<\/p>\n<p>Den Link zu der Umfrage finden Sie hier: <a href=\"https:\/\/www.umfrageonline.com\/c\/z3sc47mm\" target=\"_blank\" rel=\"noopener\">www.umfrageonline.com\/c\/z3sc47mm<\/a>. Die Umfrage ist bis zum 3.1.2023 online.<\/p>\n<p>Wenn dar\u00fcber hinaus Fragen auftreten k\u00f6nnen Sie sich gerne bei dem KoMoTec-Team (j.henkel@dvl.org, c.dammann@dvl.org und k.klass@dvl.org) oder Melanie Wagner von der Naturpark-Verwaltung melden.<\/p>\n<p>&nbsp;<\/p>\n<p><a href=\"https:\/\/www.dahme-heideseen-naturpark.de\/themen\/meldungen\/netzwerkaufbau-fuer-verwertungs-kooperation-von-biomasse\/\">Pr\u00e4sentationen zur Veranstaltung am 3.11.2022<\/a><\/p>\n<p>&nbsp;<\/p>\n<p>&nbsp;<\/p>\n","protected":false},"excerpt":{"rendered":"<p>Verwertungsm\u00f6glichkeiten von Biomasse aus Landschaftspflege und kommunaler Gr\u00fcnfl\u00e4chenpflege<\/p>\n","protected":false},"author":83,"featured_media":4785,"comment_status":"open","ping_status":"open","sticky":false,"template":"","format":"standard","meta":[],"categories":[7],"tags":[],"yoast_head":"<!-- This site is optimized with the Yoast SEO plugin v19.10 - https:\/\/yoast.com\/wordpress\/plugins\/seo\/ -->\n<title>Netzwerkaufbau f\u00fcr Verwertungs-Kooperation von Biomasse - Naturpark Dahme-Heideseen<\/title>\n<meta name=\"robots\" content=\"index, follow, max-snippet:-1, max-image-preview:large, max-video-preview:-1\" \/>\n<link rel=\"canonical\" href=\"https:\/\/www.naturparkmagazin.de\/dahme-heideseen\/netzwerkaufbau-fuer-verwertungs-kooperation-von-biomasse\/\" \/>\n<meta property=\"og:locale\" content=\"de_DE\" \/>\n<meta property=\"og:type\" content=\"article\" \/>\n<meta property=\"og:title\" content=\"Netzwerkaufbau f\u00fcr Verwertungs-Kooperation von Biomasse - Naturpark Dahme-Heideseen\" \/>\n<meta property=\"og:description\" content=\"Verwertungsm\u00f6glichkeiten von Biomasse aus Landschaftspflege und kommunaler Gr\u00fcnfl\u00e4chenpflege\" \/>\n<meta property=\"og:url\" content=\"https:\/\/www.naturparkmagazin.de\/dahme-heideseen\/netzwerkaufbau-fuer-verwertungs-kooperation-von-biomasse\/\" \/>\n<meta property=\"og:site_name\" content=\"Naturpark Dahme-Heideseen\" \/>\n<meta property=\"article:published_time\" content=\"2022-12-21T13:31:40+00:00\" \/>\n<meta property=\"article:modified_time\" content=\"2022-12-21T13:40:56+00:00\" \/>\n<meta property=\"og:image\" content=\"https:\/\/www.naturparkmagazin.de\/dahme-heideseen\/wp-content\/uploads\/sites\/37\/Foto_Homepage_Verwertung-Biomasse.jpg\" \/>\n\t<meta property=\"og:image:width\" content=\"1205\" \/>\n\t<meta property=\"og:image:height\" content=\"685\" \/>\n\t<meta property=\"og:image:type\" content=\"image\/jpeg\" \/>\n<meta name=\"author\" content=\"Astrid Osenbr\u00fcck\" \/>\n<meta name=\"twitter:label1\" content=\"Verfasst von\" \/>\n\t<meta name=\"twitter:data1\" content=\"Astrid Osenbr\u00fcck\" \/>\n\t<meta name=\"twitter:label2\" content=\"Gesch\u00e4tzte Lesezeit\" \/>\n\t<meta name=\"twitter:data2\" content=\"2\u00a0Minuten\" \/>\n<script type=\"application\/ld+json\" class=\"yoast-schema-graph\">{\"@context\":\"https:\/\/schema.org\",\"@graph\":[{\"@type\":\"WebPage\",\"@id\":\"https:\/\/www.naturparkmagazin.de\/dahme-heideseen\/netzwerkaufbau-fuer-verwertungs-kooperation-von-biomasse\/\",\"url\":\"https:\/\/www.naturparkmagazin.de\/dahme-heideseen\/netzwerkaufbau-fuer-verwertungs-kooperation-von-biomasse\/\",\"name\":\"Netzwerkaufbau f\u00fcr Verwertungs-Kooperation von Biomasse - Naturpark Dahme-Heideseen\",\"isPartOf\":{\"@id\":\"https:\/\/www.naturparkmagazin.de\/dahme-heideseen\/#website\"},\"datePublished\":\"2022-12-21T13:31:40+00:00\",\"dateModified\":\"2022-12-21T13:40:56+00:00\",\"author\":{\"@id\":\"https:\/\/www.naturparkmagazin.de\/dahme-heideseen\/#\/schema\/person\/a0510aafafdf8183c95fc98faf0c9f21\"},\"breadcrumb\":{\"@id\":\"https:\/\/www.naturparkmagazin.de\/dahme-heideseen\/netzwerkaufbau-fuer-verwertungs-kooperation-von-biomasse\/#breadcrumb\"},\"inLanguage\":\"de\",\"potentialAction\":[{\"@type\":\"ReadAction\",\"target\":[\"https:\/\/www.naturparkmagazin.de\/dahme-heideseen\/netzwerkaufbau-fuer-verwertungs-kooperation-von-biomasse\/\"]}]},{\"@type\":\"BreadcrumbList\",\"@id\":\"https:\/\/www.naturparkmagazin.de\/dahme-heideseen\/netzwerkaufbau-fuer-verwertungs-kooperation-von-biomasse\/#breadcrumb\",\"itemListElement\":[{\"@type\":\"ListItem\",\"position\":1,\"name\":\"Home\",\"item\":\"https:\/\/www.naturparkmagazin.de\/dahme-heideseen\/\"},{\"@type\":\"ListItem\",\"position\":2,\"name\":\"Netzwerkaufbau f\u00fcr Verwertungs-Kooperation von Biomasse\"}]},{\"@type\":\"WebSite\",\"@id\":\"https:\/\/www.naturparkmagazin.de\/dahme-heideseen\/#website\",\"url\":\"https:\/\/www.naturparkmagazin.de\/dahme-heideseen\/\",\"name\":\"Naturpark Dahme-Heideseen\",\"description\":\"\",\"potentialAction\":[{\"@type\":\"SearchAction\",\"target\":{\"@type\":\"EntryPoint\",\"urlTemplate\":\"https:\/\/www.naturparkmagazin.de\/dahme-heideseen\/?s={search_term_string}\"},\"query-input\":\"required name=search_term_string\"}],\"inLanguage\":\"de\"},{\"@type\":\"Person\",\"@id\":\"https:\/\/www.naturparkmagazin.de\/dahme-heideseen\/#\/schema\/person\/a0510aafafdf8183c95fc98faf0c9f21\",\"name\":\"Astrid Osenbr\u00fcck\",\"sameAs\":[\"http:\/\/www.dahme-heideseen-naturpark.de\"],\"url\":\"https:\/\/www.naturparkmagazin.de\/dahme-heideseen\/author\/astridosenbrueck\/\"}]}<\/script>\n<!-- \/ Yoast SEO plugin. -->","yoast_head_json":{"title":"Netzwerkaufbau f\u00fcr Verwertungs-Kooperation von Biomasse - Naturpark Dahme-Heideseen","robots":{"index":"index","follow":"follow","max-snippet":"max-snippet:-1","max-image-preview":"max-image-preview:large","max-video-preview":"max-video-preview:-1"},"canonical":"https:\/\/www.naturparkmagazin.de\/dahme-heideseen\/netzwerkaufbau-fuer-verwertungs-kooperation-von-biomasse\/","og_locale":"de_DE","og_type":"article","og_title":"Netzwerkaufbau f\u00fcr Verwertungs-Kooperation von Biomasse - Naturpark Dahme-Heideseen","og_description":"Verwertungsm\u00f6glichkeiten von Biomasse aus Landschaftspflege und kommunaler Gr\u00fcnfl\u00e4chenpflege","og_url":"https:\/\/www.naturparkmagazin.de\/dahme-heideseen\/netzwerkaufbau-fuer-verwertungs-kooperation-von-biomasse\/","og_site_name":"Naturpark Dahme-Heideseen","article_published_time":"2022-12-21T13:31:40+00:00","article_modified_time":"2022-12-21T13:40:56+00:00","og_image":[{"width":1205,"height":685,"url":"https:\/\/www.naturparkmagazin.de\/dahme-heideseen\/wp-content\/uploads\/sites\/37\/Foto_Homepage_Verwertung-Biomasse.jpg","type":"image\/jpeg"}],"author":"Astrid Osenbr\u00fcck","twitter_misc":{"Verfasst von":"Astrid Osenbr\u00fcck","Gesch\u00e4tzte Lesezeit":"2\u00a0Minuten"},"schema":{"@context":"https:\/\/schema.org","@graph":[{"@type":"WebPage","@id":"https:\/\/www.naturparkmagazin.de\/dahme-heideseen\/netzwerkaufbau-fuer-verwertungs-kooperation-von-biomasse\/","url":"https:\/\/www.naturparkmagazin.de\/dahme-heideseen\/netzwerkaufbau-fuer-verwertungs-kooperation-von-biomasse\/","name":"Netzwerkaufbau f\u00fcr Verwertungs-Kooperation von Biomasse - Naturpark Dahme-Heideseen","isPartOf":{"@id":"https:\/\/www.naturparkmagazin.de\/dahme-heideseen\/#website"},"datePublished":"2022-12-21T13:31:40+00:00","dateModified":"2022-12-21T13:40:56+00:00","author":{"@id":"https:\/\/www.naturparkmagazin.de\/dahme-heideseen\/#\/schema\/person\/a0510aafafdf8183c95fc98faf0c9f21"},"breadcrumb":{"@id":"https:\/\/www.naturparkmagazin.de\/dahme-heideseen\/netzwerkaufbau-fuer-verwertungs-kooperation-von-biomasse\/#breadcrumb"},"inLanguage":"de","potentialAction":[{"@type":"ReadAction","target":["https:\/\/www.naturparkmagazin.de\/dahme-heideseen\/netzwerkaufbau-fuer-verwertungs-kooperation-von-biomasse\/"]}]},{"@type":"BreadcrumbList","@id":"https:\/\/www.naturparkmagazin.de\/dahme-heideseen\/netzwerkaufbau-fuer-verwertungs-kooperation-von-biomasse\/#breadcrumb","itemListElement":[{"@type":"ListItem","position":1,"name":"Home","item":"https:\/\/www.naturparkmagazin.de\/dahme-heideseen\/"},{"@type":"ListItem","position":2,"name":"Netzwerkaufbau f\u00fcr Verwertungs-Kooperation von Biomasse"}]},{"@type":"WebSite","@id":"https:\/\/www.naturparkmagazin.de\/dahme-heideseen\/#website","url":"https:\/\/www.naturparkmagazin.de\/dahme-heideseen\/","name":"Naturpark Dahme-Heideseen","description":"","potentialAction":[{"@type":"SearchAction","target":{"@type":"EntryPoint","urlTemplate":"https:\/\/www.naturparkmagazin.de\/dahme-heideseen\/?s={search_term_string}"},"query-input":"required name=search_term_string"}],"inLanguage":"de"},{"@type":"Person","@id":"https:\/\/www.naturparkmagazin.de\/dahme-heideseen\/#\/schema\/person\/a0510aafafdf8183c95fc98faf0c9f21","name":"Astrid Osenbr\u00fcck","sameAs":["http:\/\/www.dahme-heideseen-naturpark.de"],"url":"https:\/\/www.naturparkmagazin.de\/dahme-heideseen\/author\/astridosenbrueck\/"}]}},"_links":{"self":[{"href":"https:\/\/www.naturparkmagazin.de\/dahme-heideseen\/wp-json\/wp\/v2\/posts\/4784"}],"collection":[{"href":"https:\/\/www.naturparkmagazin.de\/dahme-heideseen\/wp-json\/wp\/v2\/posts"}],"about":[{"href":"https:\/\/www.naturparkmagazin.de\/dahme-heideseen\/wp-json\/wp\/v2\/types\/post"}],"author":[{"embeddable":true,"href":"https:\/\/www.naturparkmagazin.de\/dahme-heideseen\/wp-json\/wp\/v2\/users\/83"}],"replies":[{"embeddable":true,"href":"https:\/\/www.naturparkmagazin.de\/dahme-heideseen\/wp-json\/wp\/v2\/comments?post=4784"}],"version-history":[{"count":3,"href":"https:\/\/www.naturparkmagazin.de\/dahme-heideseen\/wp-json\/wp\/v2\/posts\/4784\/revisions"}],"predecessor-version":[{"id":4789,"href":"https:\/\/www.naturparkmagazin.de\/dahme-heideseen\/wp-json\/wp\/v2\/posts\/4784\/revisions\/4789"}],"wp:featuredmedia":[{"embeddable":true,"href":"https:\/\/www.naturparkmagazin.de\/dahme-heideseen\/wp-json\/wp\/v2\/media\/4785"}],"wp:attachment":[{"href":"https:\/\/www.naturparkmagazin.de\/dahme-heideseen\/wp-json\/wp\/v2\/media?parent=4784"}],"wp:term":[{"taxonomy":"category","embeddable":true,"href":"https:\/\/www.naturparkmagazin.de\/dahme-heideseen\/wp-json\/wp\/v2\/categories?post=4784"},{"taxonomy":"post_tag","embeddable":true,"href":"https:\/\/www.naturparkmagazin.de\/dahme-heideseen\/wp-json\/wp\/v2\/tags?post=4784"}],"curies":[{"name":"wp","href":"https:\/\/api.w.org\/{rel}","templated":true}]}}