{"id":480,"date":"2014-05-20T15:51:19","date_gmt":"2014-05-20T13:51:19","guid":{"rendered":"http:\/\/www.naturparkmagazin.de\/dahme-heideseen\/?p=480"},"modified":"2014-05-22T10:37:56","modified_gmt":"2014-05-22T08:37:56","slug":"ausgestellt-grafiken-von-max-lingner-im-prieroser-heimathaus","status":"publish","type":"post","link":"https:\/\/www.naturparkmagazin.de\/dahme-heideseen\/ausgestellt-grafiken-von-max-lingner-im-prieroser-heimathaus\/","title":{"rendered":"Ausgestellt &#8211; Grafiken von Max Lingner im Prieroser Heimathaus"},"content":{"rendered":"<p>Der Maler und Grafiker Max Lingner (1928 &#8211; 1958) bewohnte nach dem Krieg ein Sommerhaus in Prieros. Der Gemeinde Prieros schenkte er gewidmete Abz\u00fcge der beiden Grafiken &#8222;Paris 1943&#8220; und &#8222;Pyren\u00e4enbauern&#8220;.<!--more--><\/p>\n<p>Zusammen mit Ver\u00f6ffentlichungen von und \u00fcber Max Lingner werden die Grafiken im Heimathaus zum ersten Mal in einer kleinen Ausstellung gezeigt. Die Pr\u00e4sentation ist ein Beitrag zur 700 Jahrfeier von Prieros.<\/p>\n<div id=\"attachment_482\" style=\"width: 630px\" class=\"wp-caption aligncenter\"><a href=\"https:\/\/www.naturparkmagazin.de\/dahme-heideseen\/wp-content\/uploads\/sites\/37\/Tafel_Max-Lingner_Tafel-geschnitten.jpg\"><img aria-describedby=\"caption-attachment-482\" decoding=\"async\" loading=\"lazy\" class=\"size-medium wp-image-482\" alt=\"Ausstellungstafel zu den ausgestellten Grafiken von Max Lingner\" src=\"https:\/\/www.naturparkmagazin.de\/dahme-heideseen\/wp-content\/uploads\/sites\/37\/Tafel_Max-Lingner_Tafel-geschnitten-620x626.jpg\" width=\"620\" height=\"626\" srcset=\"https:\/\/www.naturparkmagazin.de\/dahme-heideseen\/wp-content\/uploads\/sites\/37\/Tafel_Max-Lingner_Tafel-geschnitten-620x626.jpg 620w, https:\/\/www.naturparkmagazin.de\/dahme-heideseen\/wp-content\/uploads\/sites\/37\/Tafel_Max-Lingner_Tafel-geschnitten-300x303.jpg 300w, https:\/\/www.naturparkmagazin.de\/dahme-heideseen\/wp-content\/uploads\/sites\/37\/Tafel_Max-Lingner_Tafel-geschnitten-940x949.jpg 940w, https:\/\/www.naturparkmagazin.de\/dahme-heideseen\/wp-content\/uploads\/sites\/37\/Tafel_Max-Lingner_Tafel-geschnitten-30x30.jpg 30w, https:\/\/www.naturparkmagazin.de\/dahme-heideseen\/wp-content\/uploads\/sites\/37\/Tafel_Max-Lingner_Tafel-geschnitten-670x677.jpg 670w, https:\/\/www.naturparkmagazin.de\/dahme-heideseen\/wp-content\/uploads\/sites\/37\/Tafel_Max-Lingner_Tafel-geschnitten-200x202.jpg 200w, https:\/\/www.naturparkmagazin.de\/dahme-heideseen\/wp-content\/uploads\/sites\/37\/Tafel_Max-Lingner_Tafel-geschnitten.jpg 2025w\" sizes=\"(max-width: 620px) 100vw, 620px\" \/><\/a><p id=\"caption-attachment-482\" class=\"wp-caption-text\">Ausstellungstafel zu den ausgestellten Grafiken von Max Lingner<\/p><\/div>\n<div id=\"attachment_483\" style=\"width: 630px\" class=\"wp-caption aligncenter\"><a href=\"https:\/\/www.naturparkmagazin.de\/dahme-heideseen\/wp-content\/uploads\/sites\/37\/heimathaus-Prieros.jpg\"><img aria-describedby=\"caption-attachment-483\" decoding=\"async\" loading=\"lazy\" class=\"size-medium wp-image-483\" alt=\"Heimtahaus Prieros (www.bildarchiv-nabu-dahmeland.de)\" src=\"https:\/\/www.naturparkmagazin.de\/dahme-heideseen\/wp-content\/uploads\/sites\/37\/heimathaus-Prieros-620x448.jpg\" width=\"620\" height=\"448\" \/><\/a><p id=\"caption-attachment-483\" class=\"wp-caption-text\">Heimtahaus Prieros (www.bildarchiv-nabu-dahmeland.de)<\/p><\/div>\n<p><strong><span style=\"color: #669900;font-size: medium\">Heimathaus Prieros<\/span><\/strong><\/p>\n<p>Das 250 Jahre alte Heimathaus bietet als Museum einen \u00dcberblick \u00fcber b\u00e4uerliche Lebensweise und heimisches altes Handwerk. Au\u00dferdem sind interessante arch\u00e4ologische Funde aus der germanisch-slawischen Geschichte zu besichtigen. Sch\u00e4tze aus der im Krieg zerst\u00f6rten Dorfschmiede k\u00f6nnen bestaunt werden, und so manches Wissenswerte erf\u00e4hrt man z.B. \u00fcber den Fischfang, die Prieroser M\u00fchle, die Ziegeleien oder auch die fr\u00fchere Flachsverarbeitung in der Prieroser Gegend.<\/p>\n<p><strong><span style=\"color: #669900;font-size: small\">\u00d6ffnungszeiten:\n<\/span><\/strong>Mai &#8211; September\nDi. &#8211; Fr. 11.00 Uhr &#8211; 16.00 Uhr\nSa. + So. 13.00 &#8211; 17.00 Uhr\nsowie nach tel. Vereinbarung<\/p>\n<p><strong><span style=\"color: #669900\"><span style=\"font-size: small\"><span style=\"color: #669900\">Kontakt:<\/span>\n<\/span><\/span><\/strong>Heimathaus Prieros\nOT Prieros, Prieroser Dorfaue 1,15754 Heidesee\nTelefon: 033768 50144<\/p>\n<p><a title=\"Internetseite Prieros - Vergiss den Alltag - erlebe die Natur\" href=\"http:\/\/http:\/\/www.prieros-online.de\/index.php?option=com_content&amp;view=article&amp;id=19&amp;Itemid=42\" target=\"_blank\">Intenetseite von Prieros: Vergiss den Alltag &#8211; entdecke die Natur<\/a><\/p>\n<p>&nbsp;<\/p>\n","protected":false},"excerpt":{"rendered":"<p>Der Maler und Grafiker Max Lingner (1928 &#8211; 1958) bewohnte nach dem Krieg ein Sommerhaus in Prieros. Der Gemeinde Prieros schenkte er gewidmete Abz\u00fcge der beiden Grafiken &#8222;Paris 1943&#8220; und &#8222;Pyren\u00e4enbauern&#8220;.<\/p>\n","protected":false},"author":48,"featured_media":481,"comment_status":"open","ping_status":"open","sticky":false,"template":"","format":"standard","meta":[],"categories":[11],"tags":[],"yoast_head":"<!-- This site is optimized with the Yoast SEO plugin v19.10 - https:\/\/yoast.com\/wordpress\/plugins\/seo\/ -->\n<title>Ausgestellt - Grafiken von Max Lingner im Prieroser Heimathaus - Naturpark Dahme-Heideseen<\/title>\n<meta name=\"robots\" content=\"index, follow, max-snippet:-1, max-image-preview:large, max-video-preview:-1\" \/>\n<link rel=\"canonical\" href=\"https:\/\/www.naturparkmagazin.de\/dahme-heideseen\/ausgestellt-grafiken-von-max-lingner-im-prieroser-heimathaus\/\" \/>\n<meta property=\"og:locale\" content=\"de_DE\" \/>\n<meta property=\"og:type\" content=\"article\" \/>\n<meta property=\"og:title\" content=\"Ausgestellt - Grafiken von Max Lingner im Prieroser Heimathaus - Naturpark Dahme-Heideseen\" \/>\n<meta property=\"og:description\" content=\"Der Maler und Grafiker Max Lingner (1928 - 1958) bewohnte nach dem Krieg ein Sommerhaus in Prieros. Der Gemeinde Prieros schenkte er gewidmete Abz\u00fcge der beiden Grafiken &quot;Paris 1943&quot; und &quot;Pyren\u00e4enbauern&quot;.\" \/>\n<meta property=\"og:url\" content=\"https:\/\/www.naturparkmagazin.de\/dahme-heideseen\/ausgestellt-grafiken-von-max-lingner-im-prieroser-heimathaus\/\" \/>\n<meta property=\"og:site_name\" content=\"Naturpark Dahme-Heideseen\" \/>\n<meta property=\"article:published_time\" content=\"2014-05-20T13:51:19+00:00\" \/>\n<meta property=\"article:modified_time\" content=\"2014-05-22T08:37:56+00:00\" \/>\n<meta property=\"og:image\" content=\"https:\/\/www.naturparkmagazin.de\/dahme-heideseen\/wp-content\/uploads\/sites\/37\/Carmen_klein.jpg\" \/>\n\t<meta property=\"og:image:width\" content=\"531\" \/>\n\t<meta property=\"og:image:height\" content=\"385\" \/>\n\t<meta property=\"og:image:type\" content=\"image\/jpeg\" \/>\n<meta name=\"author\" content=\"hanssonnenberg\" \/>\n<meta name=\"twitter:label1\" content=\"Verfasst von\" \/>\n\t<meta name=\"twitter:data1\" content=\"hanssonnenberg\" \/>\n\t<meta name=\"twitter:label2\" content=\"Gesch\u00e4tzte Lesezeit\" \/>\n\t<meta name=\"twitter:data2\" content=\"1\u00a0Minute\" \/>\n<script type=\"application\/ld+json\" class=\"yoast-schema-graph\">{\"@context\":\"https:\/\/schema.org\",\"@graph\":[{\"@type\":\"WebPage\",\"@id\":\"https:\/\/www.naturparkmagazin.de\/dahme-heideseen\/ausgestellt-grafiken-von-max-lingner-im-prieroser-heimathaus\/\",\"url\":\"https:\/\/www.naturparkmagazin.de\/dahme-heideseen\/ausgestellt-grafiken-von-max-lingner-im-prieroser-heimathaus\/\",\"name\":\"Ausgestellt - Grafiken von Max Lingner im Prieroser Heimathaus - Naturpark Dahme-Heideseen\",\"isPartOf\":{\"@id\":\"https:\/\/www.naturparkmagazin.de\/dahme-heideseen\/#website\"},\"datePublished\":\"2014-05-20T13:51:19+00:00\",\"dateModified\":\"2014-05-22T08:37:56+00:00\",\"author\":{\"@id\":\"https:\/\/www.naturparkmagazin.de\/dahme-heideseen\/#\/schema\/person\/c81c96c3a1f5ee7bffff8b8022c105f0\"},\"breadcrumb\":{\"@id\":\"https:\/\/www.naturparkmagazin.de\/dahme-heideseen\/ausgestellt-grafiken-von-max-lingner-im-prieroser-heimathaus\/#breadcrumb\"},\"inLanguage\":\"de\",\"potentialAction\":[{\"@type\":\"ReadAction\",\"target\":[\"https:\/\/www.naturparkmagazin.de\/dahme-heideseen\/ausgestellt-grafiken-von-max-lingner-im-prieroser-heimathaus\/\"]}]},{\"@type\":\"BreadcrumbList\",\"@id\":\"https:\/\/www.naturparkmagazin.de\/dahme-heideseen\/ausgestellt-grafiken-von-max-lingner-im-prieroser-heimathaus\/#breadcrumb\",\"itemListElement\":[{\"@type\":\"ListItem\",\"position\":1,\"name\":\"Home\",\"item\":\"https:\/\/www.naturparkmagazin.de\/dahme-heideseen\/\"},{\"@type\":\"ListItem\",\"position\":2,\"name\":\"Ausgestellt &#8211; Grafiken von Max Lingner im Prieroser Heimathaus\"}]},{\"@type\":\"WebSite\",\"@id\":\"https:\/\/www.naturparkmagazin.de\/dahme-heideseen\/#website\",\"url\":\"https:\/\/www.naturparkmagazin.de\/dahme-heideseen\/\",\"name\":\"Naturpark Dahme-Heideseen\",\"description\":\"\",\"potentialAction\":[{\"@type\":\"SearchAction\",\"target\":{\"@type\":\"EntryPoint\",\"urlTemplate\":\"https:\/\/www.naturparkmagazin.de\/dahme-heideseen\/?s={search_term_string}\"},\"query-input\":\"required name=search_term_string\"}],\"inLanguage\":\"de\"},{\"@type\":\"Person\",\"@id\":\"https:\/\/www.naturparkmagazin.de\/dahme-heideseen\/#\/schema\/person\/c81c96c3a1f5ee7bffff8b8022c105f0\",\"name\":\"hanssonnenberg\",\"url\":\"https:\/\/www.naturparkmagazin.de\/dahme-heideseen\/author\/hanssonnenberg\/\"}]}<\/script>\n<!-- \/ Yoast SEO plugin. -->","yoast_head_json":{"title":"Ausgestellt - Grafiken von Max Lingner im Prieroser Heimathaus - Naturpark Dahme-Heideseen","robots":{"index":"index","follow":"follow","max-snippet":"max-snippet:-1","max-image-preview":"max-image-preview:large","max-video-preview":"max-video-preview:-1"},"canonical":"https:\/\/www.naturparkmagazin.de\/dahme-heideseen\/ausgestellt-grafiken-von-max-lingner-im-prieroser-heimathaus\/","og_locale":"de_DE","og_type":"article","og_title":"Ausgestellt - Grafiken von Max Lingner im Prieroser Heimathaus - Naturpark Dahme-Heideseen","og_description":"Der Maler und Grafiker Max Lingner (1928 - 1958) bewohnte nach dem Krieg ein Sommerhaus in Prieros. Der Gemeinde Prieros schenkte er gewidmete Abz\u00fcge der beiden Grafiken \"Paris 1943\" und \"Pyren\u00e4enbauern\".","og_url":"https:\/\/www.naturparkmagazin.de\/dahme-heideseen\/ausgestellt-grafiken-von-max-lingner-im-prieroser-heimathaus\/","og_site_name":"Naturpark Dahme-Heideseen","article_published_time":"2014-05-20T13:51:19+00:00","article_modified_time":"2014-05-22T08:37:56+00:00","og_image":[{"width":531,"height":385,"url":"https:\/\/www.naturparkmagazin.de\/dahme-heideseen\/wp-content\/uploads\/sites\/37\/Carmen_klein.jpg","type":"image\/jpeg"}],"author":"hanssonnenberg","twitter_misc":{"Verfasst von":"hanssonnenberg","Gesch\u00e4tzte Lesezeit":"1\u00a0Minute"},"schema":{"@context":"https:\/\/schema.org","@graph":[{"@type":"WebPage","@id":"https:\/\/www.naturparkmagazin.de\/dahme-heideseen\/ausgestellt-grafiken-von-max-lingner-im-prieroser-heimathaus\/","url":"https:\/\/www.naturparkmagazin.de\/dahme-heideseen\/ausgestellt-grafiken-von-max-lingner-im-prieroser-heimathaus\/","name":"Ausgestellt - Grafiken von Max Lingner im Prieroser Heimathaus - Naturpark Dahme-Heideseen","isPartOf":{"@id":"https:\/\/www.naturparkmagazin.de\/dahme-heideseen\/#website"},"datePublished":"2014-05-20T13:51:19+00:00","dateModified":"2014-05-22T08:37:56+00:00","author":{"@id":"https:\/\/www.naturparkmagazin.de\/dahme-heideseen\/#\/schema\/person\/c81c96c3a1f5ee7bffff8b8022c105f0"},"breadcrumb":{"@id":"https:\/\/www.naturparkmagazin.de\/dahme-heideseen\/ausgestellt-grafiken-von-max-lingner-im-prieroser-heimathaus\/#breadcrumb"},"inLanguage":"de","potentialAction":[{"@type":"ReadAction","target":["https:\/\/www.naturparkmagazin.de\/dahme-heideseen\/ausgestellt-grafiken-von-max-lingner-im-prieroser-heimathaus\/"]}]},{"@type":"BreadcrumbList","@id":"https:\/\/www.naturparkmagazin.de\/dahme-heideseen\/ausgestellt-grafiken-von-max-lingner-im-prieroser-heimathaus\/#breadcrumb","itemListElement":[{"@type":"ListItem","position":1,"name":"Home","item":"https:\/\/www.naturparkmagazin.de\/dahme-heideseen\/"},{"@type":"ListItem","position":2,"name":"Ausgestellt &#8211; Grafiken von Max Lingner im Prieroser Heimathaus"}]},{"@type":"WebSite","@id":"https:\/\/www.naturparkmagazin.de\/dahme-heideseen\/#website","url":"https:\/\/www.naturparkmagazin.de\/dahme-heideseen\/","name":"Naturpark Dahme-Heideseen","description":"","potentialAction":[{"@type":"SearchAction","target":{"@type":"EntryPoint","urlTemplate":"https:\/\/www.naturparkmagazin.de\/dahme-heideseen\/?s={search_term_string}"},"query-input":"required name=search_term_string"}],"inLanguage":"de"},{"@type":"Person","@id":"https:\/\/www.naturparkmagazin.de\/dahme-heideseen\/#\/schema\/person\/c81c96c3a1f5ee7bffff8b8022c105f0","name":"hanssonnenberg","url":"https:\/\/www.naturparkmagazin.de\/dahme-heideseen\/author\/hanssonnenberg\/"}]}},"_links":{"self":[{"href":"https:\/\/www.naturparkmagazin.de\/dahme-heideseen\/wp-json\/wp\/v2\/posts\/480"}],"collection":[{"href":"https:\/\/www.naturparkmagazin.de\/dahme-heideseen\/wp-json\/wp\/v2\/posts"}],"about":[{"href":"https:\/\/www.naturparkmagazin.de\/dahme-heideseen\/wp-json\/wp\/v2\/types\/post"}],"author":[{"embeddable":true,"href":"https:\/\/www.naturparkmagazin.de\/dahme-heideseen\/wp-json\/wp\/v2\/users\/48"}],"replies":[{"embeddable":true,"href":"https:\/\/www.naturparkmagazin.de\/dahme-heideseen\/wp-json\/wp\/v2\/comments?post=480"}],"version-history":[{"count":5,"href":"https:\/\/www.naturparkmagazin.de\/dahme-heideseen\/wp-json\/wp\/v2\/posts\/480\/revisions"}],"predecessor-version":[{"id":517,"href":"https:\/\/www.naturparkmagazin.de\/dahme-heideseen\/wp-json\/wp\/v2\/posts\/480\/revisions\/517"}],"wp:featuredmedia":[{"embeddable":true,"href":"https:\/\/www.naturparkmagazin.de\/dahme-heideseen\/wp-json\/wp\/v2\/media\/481"}],"wp:attachment":[{"href":"https:\/\/www.naturparkmagazin.de\/dahme-heideseen\/wp-json\/wp\/v2\/media?parent=480"}],"wp:term":[{"taxonomy":"category","embeddable":true,"href":"https:\/\/www.naturparkmagazin.de\/dahme-heideseen\/wp-json\/wp\/v2\/categories?post=480"},{"taxonomy":"post_tag","embeddable":true,"href":"https:\/\/www.naturparkmagazin.de\/dahme-heideseen\/wp-json\/wp\/v2\/tags?post=480"}],"curies":[{"name":"wp","href":"https:\/\/api.w.org\/{rel}","templated":true}]}}