{"id":4806,"date":"2023-01-19T10:47:01","date_gmt":"2023-01-19T09:47:01","guid":{"rendered":"https:\/\/www.naturparkmagazin.de\/dahme-heideseen\/?p=4806"},"modified":"2023-01-19T10:47:01","modified_gmt":"2023-01-19T09:47:01","slug":"du-und-dein-garten-im-naturpark-obstbaumschnitt-an-altbaeumen-theorieseminar","status":"publish","type":"post","link":"https:\/\/www.naturparkmagazin.de\/dahme-heideseen\/du-und-dein-garten-im-naturpark-obstbaumschnitt-an-altbaeumen-theorieseminar\/","title":{"rendered":"Du und Dein Garten im Naturpark: Obstbaumschnitt an Altb\u00e4umen (Theorieseminar)"},"content":{"rendered":"<p>Das BIZ des Naturparks Dahme-Heideseen pr\u00e4sentiert die Veranstaltungsreihe \u201e<b>Du und Dein Garten im Naturpark<\/b>\u201c.<\/p>\n<p>Dieses Theorie-Seminar widmet sich dem Thema &#8222;<b>Obstbaumschnitt an Altb\u00e4umen<\/b>&#8220; mit interessantem Wissen \u00fcber Baumformen, Schnittgesetze, Schnitt von Altb\u00e4umen, Erhaltungs-und Verj\u00fcngungsschnitt.<\/p>\n<p><b>Seminar-Leitung: <\/b>Franz Heitzendorfer (g\u00e4rtnerischer Leiter des\u00a0Informationszentrum f\u00fcr Naturkunde, \u00d6kologie und Umweltschutz)<\/p>\n<p><b>TN-Geb\u00fchr:<\/b> 7,50 \u20ac \/ pro Person<\/p>\n<h3>Veranstaltungsort<\/h3>\n<p><strong>Rathaussaal<\/strong>\nR.-Breitscheid-Str. 74\n15859 Storkow (Mark)<\/p>\n<h3>Veranstalter<\/h3>\n<p><strong>Besucherinformationszentrum des Naturpark Dahme-Heideseen<\/strong><\/p>\n<dl class=\"contact\">\n<dt class=\"phone\"><span class=\"accessibility\">Telefon: <\/span>033678 &#8211; 73108<\/dt>\n<dt class=\"mail\"><span class=\"accessibility\">E-Mail:<\/span><a href=\"https:\/\/www.dahme-heideseen-naturpark.de\/service\/kontakt\/?tx_snmlugv_pi6%5Bcontact%5D=17565&amp;tx_snmlugv_pi6%5Bdate%5D=1\"> besucherzentrum(at)storkow(dot)de <\/a><\/dt>\n<dt class=\"www\"><span class=\"accessibility\">Internet: <\/span><a href=\"http:\/\/www.storkow.de\" target=\"_blank\" rel=\"noopener\">http:\/\/www.storkow.de<\/a><\/dt>\n<\/dl>\n","protected":false},"excerpt":{"rendered":"<p>Theorie-Seminar mit Franz Heitzendorfer zum Thema &#8222;Baumformen, Schnittgesetze, Schnitt von Altb\u00e4umen, Erhaltungs-und Verj\u00fcngungsschnitt&#8220;<\/p>\n","protected":false},"author":83,"featured_media":4798,"comment_status":"open","ping_status":"open","sticky":false,"template":"","format":"standard","meta":[],"categories":[11],"tags":[],"yoast_head":"<!-- This site is optimized with the Yoast SEO plugin v19.10 - https:\/\/yoast.com\/wordpress\/plugins\/seo\/ -->\n<title>Du und Dein Garten im Naturpark: Obstbaumschnitt an Altb\u00e4umen (Theorieseminar) - Naturpark Dahme-Heideseen<\/title>\n<meta name=\"robots\" content=\"index, follow, max-snippet:-1, max-image-preview:large, max-video-preview:-1\" \/>\n<link rel=\"canonical\" href=\"https:\/\/www.naturparkmagazin.de\/dahme-heideseen\/du-und-dein-garten-im-naturpark-obstbaumschnitt-an-altbaeumen-theorieseminar\/\" \/>\n<meta property=\"og:locale\" content=\"de_DE\" \/>\n<meta property=\"og:type\" content=\"article\" \/>\n<meta property=\"og:title\" content=\"Du und Dein Garten im Naturpark: Obstbaumschnitt an Altb\u00e4umen (Theorieseminar) - Naturpark Dahme-Heideseen\" \/>\n<meta property=\"og:description\" content=\"Theorie-Seminar mit Franz Heitzendorfer zum Thema &quot;Baumformen, Schnittgesetze, Schnitt von Altb\u00e4umen, Erhaltungs-und Verj\u00fcngungsschnitt&quot;\" \/>\n<meta property=\"og:url\" content=\"https:\/\/www.naturparkmagazin.de\/dahme-heideseen\/du-und-dein-garten-im-naturpark-obstbaumschnitt-an-altbaeumen-theorieseminar\/\" \/>\n<meta property=\"og:site_name\" content=\"Naturpark Dahme-Heideseen\" \/>\n<meta property=\"article:published_time\" content=\"2023-01-19T09:47:01+00:00\" \/>\n<meta property=\"og:image\" content=\"https:\/\/www.naturparkmagazin.de\/dahme-heideseen\/wp-content\/uploads\/sites\/37\/IMG_0969.jpg\" \/>\n\t<meta property=\"og:image:width\" content=\"576\" \/>\n\t<meta property=\"og:image:height\" content=\"432\" \/>\n\t<meta property=\"og:image:type\" content=\"image\/jpeg\" \/>\n<meta name=\"author\" content=\"Astrid Osenbr\u00fcck\" \/>\n<meta name=\"twitter:label1\" content=\"Verfasst von\" \/>\n\t<meta name=\"twitter:data1\" content=\"Astrid Osenbr\u00fcck\" \/>\n\t<meta name=\"twitter:label2\" content=\"Gesch\u00e4tzte Lesezeit\" \/>\n\t<meta name=\"twitter:data2\" content=\"1\u00a0Minute\" \/>\n<script type=\"application\/ld+json\" class=\"yoast-schema-graph\">{\"@context\":\"https:\/\/schema.org\",\"@graph\":[{\"@type\":\"WebPage\",\"@id\":\"https:\/\/www.naturparkmagazin.de\/dahme-heideseen\/du-und-dein-garten-im-naturpark-obstbaumschnitt-an-altbaeumen-theorieseminar\/\",\"url\":\"https:\/\/www.naturparkmagazin.de\/dahme-heideseen\/du-und-dein-garten-im-naturpark-obstbaumschnitt-an-altbaeumen-theorieseminar\/\",\"name\":\"Du und Dein Garten im Naturpark: Obstbaumschnitt an Altb\u00e4umen (Theorieseminar) - Naturpark Dahme-Heideseen\",\"isPartOf\":{\"@id\":\"https:\/\/www.naturparkmagazin.de\/dahme-heideseen\/#website\"},\"datePublished\":\"2023-01-19T09:47:01+00:00\",\"dateModified\":\"2023-01-19T09:47:01+00:00\",\"author\":{\"@id\":\"https:\/\/www.naturparkmagazin.de\/dahme-heideseen\/#\/schema\/person\/a0510aafafdf8183c95fc98faf0c9f21\"},\"breadcrumb\":{\"@id\":\"https:\/\/www.naturparkmagazin.de\/dahme-heideseen\/du-und-dein-garten-im-naturpark-obstbaumschnitt-an-altbaeumen-theorieseminar\/#breadcrumb\"},\"inLanguage\":\"de\",\"potentialAction\":[{\"@type\":\"ReadAction\",\"target\":[\"https:\/\/www.naturparkmagazin.de\/dahme-heideseen\/du-und-dein-garten-im-naturpark-obstbaumschnitt-an-altbaeumen-theorieseminar\/\"]}]},{\"@type\":\"BreadcrumbList\",\"@id\":\"https:\/\/www.naturparkmagazin.de\/dahme-heideseen\/du-und-dein-garten-im-naturpark-obstbaumschnitt-an-altbaeumen-theorieseminar\/#breadcrumb\",\"itemListElement\":[{\"@type\":\"ListItem\",\"position\":1,\"name\":\"Home\",\"item\":\"https:\/\/www.naturparkmagazin.de\/dahme-heideseen\/\"},{\"@type\":\"ListItem\",\"position\":2,\"name\":\"Du und Dein Garten im Naturpark: Obstbaumschnitt an Altb\u00e4umen (Theorieseminar)\"}]},{\"@type\":\"WebSite\",\"@id\":\"https:\/\/www.naturparkmagazin.de\/dahme-heideseen\/#website\",\"url\":\"https:\/\/www.naturparkmagazin.de\/dahme-heideseen\/\",\"name\":\"Naturpark Dahme-Heideseen\",\"description\":\"\",\"potentialAction\":[{\"@type\":\"SearchAction\",\"target\":{\"@type\":\"EntryPoint\",\"urlTemplate\":\"https:\/\/www.naturparkmagazin.de\/dahme-heideseen\/?s={search_term_string}\"},\"query-input\":\"required name=search_term_string\"}],\"inLanguage\":\"de\"},{\"@type\":\"Person\",\"@id\":\"https:\/\/www.naturparkmagazin.de\/dahme-heideseen\/#\/schema\/person\/a0510aafafdf8183c95fc98faf0c9f21\",\"name\":\"Astrid Osenbr\u00fcck\",\"sameAs\":[\"http:\/\/www.dahme-heideseen-naturpark.de\"],\"url\":\"https:\/\/www.naturparkmagazin.de\/dahme-heideseen\/author\/astridosenbrueck\/\"}]}<\/script>\n<!-- \/ Yoast SEO plugin. -->","yoast_head_json":{"title":"Du und Dein Garten im Naturpark: Obstbaumschnitt an Altb\u00e4umen (Theorieseminar) - Naturpark Dahme-Heideseen","robots":{"index":"index","follow":"follow","max-snippet":"max-snippet:-1","max-image-preview":"max-image-preview:large","max-video-preview":"max-video-preview:-1"},"canonical":"https:\/\/www.naturparkmagazin.de\/dahme-heideseen\/du-und-dein-garten-im-naturpark-obstbaumschnitt-an-altbaeumen-theorieseminar\/","og_locale":"de_DE","og_type":"article","og_title":"Du und Dein Garten im Naturpark: Obstbaumschnitt an Altb\u00e4umen (Theorieseminar) - Naturpark Dahme-Heideseen","og_description":"Theorie-Seminar mit Franz Heitzendorfer zum Thema \"Baumformen, Schnittgesetze, Schnitt von Altb\u00e4umen, Erhaltungs-und Verj\u00fcngungsschnitt\"","og_url":"https:\/\/www.naturparkmagazin.de\/dahme-heideseen\/du-und-dein-garten-im-naturpark-obstbaumschnitt-an-altbaeumen-theorieseminar\/","og_site_name":"Naturpark Dahme-Heideseen","article_published_time":"2023-01-19T09:47:01+00:00","og_image":[{"width":576,"height":432,"url":"https:\/\/www.naturparkmagazin.de\/dahme-heideseen\/wp-content\/uploads\/sites\/37\/IMG_0969.jpg","type":"image\/jpeg"}],"author":"Astrid Osenbr\u00fcck","twitter_misc":{"Verfasst von":"Astrid Osenbr\u00fcck","Gesch\u00e4tzte Lesezeit":"1\u00a0Minute"},"schema":{"@context":"https:\/\/schema.org","@graph":[{"@type":"WebPage","@id":"https:\/\/www.naturparkmagazin.de\/dahme-heideseen\/du-und-dein-garten-im-naturpark-obstbaumschnitt-an-altbaeumen-theorieseminar\/","url":"https:\/\/www.naturparkmagazin.de\/dahme-heideseen\/du-und-dein-garten-im-naturpark-obstbaumschnitt-an-altbaeumen-theorieseminar\/","name":"Du und Dein Garten im Naturpark: Obstbaumschnitt an Altb\u00e4umen (Theorieseminar) - Naturpark Dahme-Heideseen","isPartOf":{"@id":"https:\/\/www.naturparkmagazin.de\/dahme-heideseen\/#website"},"datePublished":"2023-01-19T09:47:01+00:00","dateModified":"2023-01-19T09:47:01+00:00","author":{"@id":"https:\/\/www.naturparkmagazin.de\/dahme-heideseen\/#\/schema\/person\/a0510aafafdf8183c95fc98faf0c9f21"},"breadcrumb":{"@id":"https:\/\/www.naturparkmagazin.de\/dahme-heideseen\/du-und-dein-garten-im-naturpark-obstbaumschnitt-an-altbaeumen-theorieseminar\/#breadcrumb"},"inLanguage":"de","potentialAction":[{"@type":"ReadAction","target":["https:\/\/www.naturparkmagazin.de\/dahme-heideseen\/du-und-dein-garten-im-naturpark-obstbaumschnitt-an-altbaeumen-theorieseminar\/"]}]},{"@type":"BreadcrumbList","@id":"https:\/\/www.naturparkmagazin.de\/dahme-heideseen\/du-und-dein-garten-im-naturpark-obstbaumschnitt-an-altbaeumen-theorieseminar\/#breadcrumb","itemListElement":[{"@type":"ListItem","position":1,"name":"Home","item":"https:\/\/www.naturparkmagazin.de\/dahme-heideseen\/"},{"@type":"ListItem","position":2,"name":"Du und Dein Garten im Naturpark: Obstbaumschnitt an Altb\u00e4umen (Theorieseminar)"}]},{"@type":"WebSite","@id":"https:\/\/www.naturparkmagazin.de\/dahme-heideseen\/#website","url":"https:\/\/www.naturparkmagazin.de\/dahme-heideseen\/","name":"Naturpark Dahme-Heideseen","description":"","potentialAction":[{"@type":"SearchAction","target":{"@type":"EntryPoint","urlTemplate":"https:\/\/www.naturparkmagazin.de\/dahme-heideseen\/?s={search_term_string}"},"query-input":"required name=search_term_string"}],"inLanguage":"de"},{"@type":"Person","@id":"https:\/\/www.naturparkmagazin.de\/dahme-heideseen\/#\/schema\/person\/a0510aafafdf8183c95fc98faf0c9f21","name":"Astrid Osenbr\u00fcck","sameAs":["http:\/\/www.dahme-heideseen-naturpark.de"],"url":"https:\/\/www.naturparkmagazin.de\/dahme-heideseen\/author\/astridosenbrueck\/"}]}},"_links":{"self":[{"href":"https:\/\/www.naturparkmagazin.de\/dahme-heideseen\/wp-json\/wp\/v2\/posts\/4806"}],"collection":[{"href":"https:\/\/www.naturparkmagazin.de\/dahme-heideseen\/wp-json\/wp\/v2\/posts"}],"about":[{"href":"https:\/\/www.naturparkmagazin.de\/dahme-heideseen\/wp-json\/wp\/v2\/types\/post"}],"author":[{"embeddable":true,"href":"https:\/\/www.naturparkmagazin.de\/dahme-heideseen\/wp-json\/wp\/v2\/users\/83"}],"replies":[{"embeddable":true,"href":"https:\/\/www.naturparkmagazin.de\/dahme-heideseen\/wp-json\/wp\/v2\/comments?post=4806"}],"version-history":[{"count":1,"href":"https:\/\/www.naturparkmagazin.de\/dahme-heideseen\/wp-json\/wp\/v2\/posts\/4806\/revisions"}],"predecessor-version":[{"id":4807,"href":"https:\/\/www.naturparkmagazin.de\/dahme-heideseen\/wp-json\/wp\/v2\/posts\/4806\/revisions\/4807"}],"wp:featuredmedia":[{"embeddable":true,"href":"https:\/\/www.naturparkmagazin.de\/dahme-heideseen\/wp-json\/wp\/v2\/media\/4798"}],"wp:attachment":[{"href":"https:\/\/www.naturparkmagazin.de\/dahme-heideseen\/wp-json\/wp\/v2\/media?parent=4806"}],"wp:term":[{"taxonomy":"category","embeddable":true,"href":"https:\/\/www.naturparkmagazin.de\/dahme-heideseen\/wp-json\/wp\/v2\/categories?post=4806"},{"taxonomy":"post_tag","embeddable":true,"href":"https:\/\/www.naturparkmagazin.de\/dahme-heideseen\/wp-json\/wp\/v2\/tags?post=4806"}],"curies":[{"name":"wp","href":"https:\/\/api.w.org\/{rel}","templated":true}]}}