{"id":4812,"date":"2023-01-19T11:16:42","date_gmt":"2023-01-19T10:16:42","guid":{"rendered":"https:\/\/www.naturparkmagazin.de\/dahme-heideseen\/?p=4812"},"modified":"2023-01-23T13:34:10","modified_gmt":"2023-01-23T12:34:10","slug":"vortrag-zur-vogelwelt-des-naturparks-dahme-heideseen-bei-der-nabu-dahmeland-mitgliederversammlung","status":"publish","type":"post","link":"https:\/\/www.naturparkmagazin.de\/dahme-heideseen\/vortrag-zur-vogelwelt-des-naturparks-dahme-heideseen-bei-der-nabu-dahmeland-mitgliederversammlung\/","title":{"rendered":"Vortrag zur Vogelwelt des Naturparks Dahme-Heideseen bei der NABU Dahmeland Mitgliederversammlung"},"content":{"rendered":"<p>Im Fr\u00fchjahr kehren nach und nach immer mehr Vogelarten in unsere Breiten zur\u00fcck. Passend zur Jahreszeit gibt es auf der Mitgliederversammlung des <strong>NABU Regionalverbandes Dahmeland e. V.<\/strong> am 24. Februar ab 18 Uhr einen Vortrag zur Vogelwelt des Naturpark Dahme-Heideseen. Die Veranstaltung findet im Hanns Eisler Haus in K\u00f6nigs Wusterhausen statt. Auch wer kein Mitglied des NABU ist, ist herzlich eingeladen und darf auch an der anschlie\u00dfenden Mitgliederversammlung teilnehmen.<\/p>\n<p>Im Naturpark Dahme-Heideseen erfasst die Naturwacht zahlreiche Vogelarten und dokumentiert ihre Vorkommen. Neunt\u00f6ter, Heidelerche und Eisvogel sind nur einige der zahlreichen Arten, die den Rangerinnen und Rangern dabei \u00fcber den Weg flattern. Besonders gesch\u00fctzte Arten werden erfasst und dokumentiert. Dabei lernen die Naturw\u00e4chterinnen und Naturw\u00e4chter die einzelnen Arten und ihre Eigenschaften gut kennen.<\/p>\n<p>Vor der Mitgliederversammlung des NABU RV Dahmeland e. V. berichtet eine Rangerin von dieser Arbeit und stellt einige Vogelarten und deren Lebensr\u00e4ume vor. Erg\u00e4nzt wird der Vortrag durch Infos \u00fcber den Naturpark, die Brandenburger Naturlandschaften und Ma\u00dfnahmen zum Vogelschutz. Im Anschluss ist Zeit f\u00fcr Fragen und Gespr\u00e4che.<\/p>\n<p>Die dazugeh\u00f6rige Ausstellung &#8222;Durch die Linse der Ranger&#8220;, die insgesamt 20 Tafeln umfasst, kann noch bis zum 6. M\u00e4rz in der <a class=\"external-link-new-window\" title=\"VHS Dahme-Spreewald\" href=\"https:\/\/vhs-dahme-spreewald.de\/\" target=\"_blank\" rel=\"noopener\">Volkshochschule Dahme-Spreewald<\/a>, Schulweg 1b in K\u00f6nigs Wusterhausen besucht werden.<\/p>\n<p>Nach dem Vortrag findet die NABU RV Dahmeland e. V. Mitgliederversammlung mit Vorstandswahl statt.<\/p>\n<p>&nbsp;<\/p>\n<p>Wer mehr \u00fcber den Rotmilan erfahren will, kann ab dem 2. Februar die Ausstellung Rotmilan \u2013 Land zum Leben der Deutschen Wildtier Stiftung im Infopunkt Prieros, Arnold-Breithor-Str. 8, 15754 Heidesee OT Prieros besichtigen. Voranmeldung unter np-dahme-heideseen@lfu.brandenburg.de erw\u00fcnscht.<\/p>\n","protected":false},"excerpt":{"rendered":"<p>Im Fr\u00fchjahr kehren nach und nach immer mehr Vogelarten in unsere Breiten zur\u00fcck. Passend zur Jahreszeit gibt es auf der Mitgliederversammlung des NABU Regionalverbandes Dahmeland e. V. einen Vortrag zur Vogelwelt des Naturpark Dahme-Heideseen.<\/p>\n","protected":false},"author":83,"featured_media":4050,"comment_status":"open","ping_status":"open","sticky":false,"template":"","format":"standard","meta":[],"categories":[11],"tags":[],"yoast_head":"<!-- This site is optimized with the Yoast SEO plugin v19.10 - https:\/\/yoast.com\/wordpress\/plugins\/seo\/ -->\n<title>Vortrag zur Vogelwelt des Naturparks Dahme-Heideseen bei der NABU Dahmeland Mitgliederversammlung - Naturpark Dahme-Heideseen<\/title>\n<meta name=\"robots\" content=\"index, follow, max-snippet:-1, max-image-preview:large, max-video-preview:-1\" \/>\n<link rel=\"canonical\" href=\"https:\/\/www.naturparkmagazin.de\/dahme-heideseen\/vortrag-zur-vogelwelt-des-naturparks-dahme-heideseen-bei-der-nabu-dahmeland-mitgliederversammlung\/\" \/>\n<meta property=\"og:locale\" content=\"de_DE\" \/>\n<meta property=\"og:type\" content=\"article\" \/>\n<meta property=\"og:title\" content=\"Vortrag zur Vogelwelt des Naturparks Dahme-Heideseen bei der NABU Dahmeland Mitgliederversammlung - Naturpark Dahme-Heideseen\" \/>\n<meta property=\"og:description\" content=\"Im Fr\u00fchjahr kehren nach und nach immer mehr Vogelarten in unsere Breiten zur\u00fcck. Passend zur Jahreszeit gibt es auf der Mitgliederversammlung des NABU Regionalverbandes Dahmeland e. V. einen Vortrag zur Vogelwelt des Naturpark Dahme-Heideseen.\" \/>\n<meta property=\"og:url\" content=\"https:\/\/www.naturparkmagazin.de\/dahme-heideseen\/vortrag-zur-vogelwelt-des-naturparks-dahme-heideseen-bei-der-nabu-dahmeland-mitgliederversammlung\/\" \/>\n<meta property=\"og:site_name\" content=\"Naturpark Dahme-Heideseen\" \/>\n<meta property=\"article:published_time\" content=\"2023-01-19T10:16:42+00:00\" \/>\n<meta property=\"article:modified_time\" content=\"2023-01-23T12:34:10+00:00\" \/>\n<meta property=\"og:image\" content=\"https:\/\/www.naturparkmagazin.de\/dahme-heideseen\/wp-content\/uploads\/sites\/37\/Durch-die-Linse-der-Ranger.jpg\" \/>\n\t<meta property=\"og:image:width\" content=\"1080\" \/>\n\t<meta property=\"og:image:height\" content=\"1080\" \/>\n\t<meta property=\"og:image:type\" content=\"image\/jpeg\" \/>\n<meta name=\"author\" content=\"Astrid Osenbr\u00fcck\" \/>\n<meta name=\"twitter:label1\" content=\"Verfasst von\" \/>\n\t<meta name=\"twitter:data1\" content=\"Astrid Osenbr\u00fcck\" \/>\n\t<meta name=\"twitter:label2\" content=\"Gesch\u00e4tzte Lesezeit\" \/>\n\t<meta name=\"twitter:data2\" content=\"2\u00a0Minuten\" \/>\n<script type=\"application\/ld+json\" class=\"yoast-schema-graph\">{\"@context\":\"https:\/\/schema.org\",\"@graph\":[{\"@type\":\"WebPage\",\"@id\":\"https:\/\/www.naturparkmagazin.de\/dahme-heideseen\/vortrag-zur-vogelwelt-des-naturparks-dahme-heideseen-bei-der-nabu-dahmeland-mitgliederversammlung\/\",\"url\":\"https:\/\/www.naturparkmagazin.de\/dahme-heideseen\/vortrag-zur-vogelwelt-des-naturparks-dahme-heideseen-bei-der-nabu-dahmeland-mitgliederversammlung\/\",\"name\":\"Vortrag zur Vogelwelt des Naturparks Dahme-Heideseen bei der NABU Dahmeland Mitgliederversammlung - Naturpark Dahme-Heideseen\",\"isPartOf\":{\"@id\":\"https:\/\/www.naturparkmagazin.de\/dahme-heideseen\/#website\"},\"datePublished\":\"2023-01-19T10:16:42+00:00\",\"dateModified\":\"2023-01-23T12:34:10+00:00\",\"author\":{\"@id\":\"https:\/\/www.naturparkmagazin.de\/dahme-heideseen\/#\/schema\/person\/a0510aafafdf8183c95fc98faf0c9f21\"},\"breadcrumb\":{\"@id\":\"https:\/\/www.naturparkmagazin.de\/dahme-heideseen\/vortrag-zur-vogelwelt-des-naturparks-dahme-heideseen-bei-der-nabu-dahmeland-mitgliederversammlung\/#breadcrumb\"},\"inLanguage\":\"de\",\"potentialAction\":[{\"@type\":\"ReadAction\",\"target\":[\"https:\/\/www.naturparkmagazin.de\/dahme-heideseen\/vortrag-zur-vogelwelt-des-naturparks-dahme-heideseen-bei-der-nabu-dahmeland-mitgliederversammlung\/\"]}]},{\"@type\":\"BreadcrumbList\",\"@id\":\"https:\/\/www.naturparkmagazin.de\/dahme-heideseen\/vortrag-zur-vogelwelt-des-naturparks-dahme-heideseen-bei-der-nabu-dahmeland-mitgliederversammlung\/#breadcrumb\",\"itemListElement\":[{\"@type\":\"ListItem\",\"position\":1,\"name\":\"Home\",\"item\":\"https:\/\/www.naturparkmagazin.de\/dahme-heideseen\/\"},{\"@type\":\"ListItem\",\"position\":2,\"name\":\"Vortrag zur Vogelwelt des Naturparks Dahme-Heideseen bei der NABU Dahmeland Mitgliederversammlung\"}]},{\"@type\":\"WebSite\",\"@id\":\"https:\/\/www.naturparkmagazin.de\/dahme-heideseen\/#website\",\"url\":\"https:\/\/www.naturparkmagazin.de\/dahme-heideseen\/\",\"name\":\"Naturpark Dahme-Heideseen\",\"description\":\"\",\"potentialAction\":[{\"@type\":\"SearchAction\",\"target\":{\"@type\":\"EntryPoint\",\"urlTemplate\":\"https:\/\/www.naturparkmagazin.de\/dahme-heideseen\/?s={search_term_string}\"},\"query-input\":\"required name=search_term_string\"}],\"inLanguage\":\"de\"},{\"@type\":\"Person\",\"@id\":\"https:\/\/www.naturparkmagazin.de\/dahme-heideseen\/#\/schema\/person\/a0510aafafdf8183c95fc98faf0c9f21\",\"name\":\"Astrid Osenbr\u00fcck\",\"sameAs\":[\"http:\/\/www.dahme-heideseen-naturpark.de\"],\"url\":\"https:\/\/www.naturparkmagazin.de\/dahme-heideseen\/author\/astridosenbrueck\/\"}]}<\/script>\n<!-- \/ Yoast SEO plugin. -->","yoast_head_json":{"title":"Vortrag zur Vogelwelt des Naturparks Dahme-Heideseen bei der NABU Dahmeland Mitgliederversammlung - Naturpark Dahme-Heideseen","robots":{"index":"index","follow":"follow","max-snippet":"max-snippet:-1","max-image-preview":"max-image-preview:large","max-video-preview":"max-video-preview:-1"},"canonical":"https:\/\/www.naturparkmagazin.de\/dahme-heideseen\/vortrag-zur-vogelwelt-des-naturparks-dahme-heideseen-bei-der-nabu-dahmeland-mitgliederversammlung\/","og_locale":"de_DE","og_type":"article","og_title":"Vortrag zur Vogelwelt des Naturparks Dahme-Heideseen bei der NABU Dahmeland Mitgliederversammlung - Naturpark Dahme-Heideseen","og_description":"Im Fr\u00fchjahr kehren nach und nach immer mehr Vogelarten in unsere Breiten zur\u00fcck. Passend zur Jahreszeit gibt es auf der Mitgliederversammlung des NABU Regionalverbandes Dahmeland e. V. einen Vortrag zur Vogelwelt des Naturpark Dahme-Heideseen.","og_url":"https:\/\/www.naturparkmagazin.de\/dahme-heideseen\/vortrag-zur-vogelwelt-des-naturparks-dahme-heideseen-bei-der-nabu-dahmeland-mitgliederversammlung\/","og_site_name":"Naturpark Dahme-Heideseen","article_published_time":"2023-01-19T10:16:42+00:00","article_modified_time":"2023-01-23T12:34:10+00:00","og_image":[{"width":1080,"height":1080,"url":"https:\/\/www.naturparkmagazin.de\/dahme-heideseen\/wp-content\/uploads\/sites\/37\/Durch-die-Linse-der-Ranger.jpg","type":"image\/jpeg"}],"author":"Astrid Osenbr\u00fcck","twitter_misc":{"Verfasst von":"Astrid Osenbr\u00fcck","Gesch\u00e4tzte Lesezeit":"2\u00a0Minuten"},"schema":{"@context":"https:\/\/schema.org","@graph":[{"@type":"WebPage","@id":"https:\/\/www.naturparkmagazin.de\/dahme-heideseen\/vortrag-zur-vogelwelt-des-naturparks-dahme-heideseen-bei-der-nabu-dahmeland-mitgliederversammlung\/","url":"https:\/\/www.naturparkmagazin.de\/dahme-heideseen\/vortrag-zur-vogelwelt-des-naturparks-dahme-heideseen-bei-der-nabu-dahmeland-mitgliederversammlung\/","name":"Vortrag zur Vogelwelt des Naturparks Dahme-Heideseen bei der NABU Dahmeland Mitgliederversammlung - Naturpark Dahme-Heideseen","isPartOf":{"@id":"https:\/\/www.naturparkmagazin.de\/dahme-heideseen\/#website"},"datePublished":"2023-01-19T10:16:42+00:00","dateModified":"2023-01-23T12:34:10+00:00","author":{"@id":"https:\/\/www.naturparkmagazin.de\/dahme-heideseen\/#\/schema\/person\/a0510aafafdf8183c95fc98faf0c9f21"},"breadcrumb":{"@id":"https:\/\/www.naturparkmagazin.de\/dahme-heideseen\/vortrag-zur-vogelwelt-des-naturparks-dahme-heideseen-bei-der-nabu-dahmeland-mitgliederversammlung\/#breadcrumb"},"inLanguage":"de","potentialAction":[{"@type":"ReadAction","target":["https:\/\/www.naturparkmagazin.de\/dahme-heideseen\/vortrag-zur-vogelwelt-des-naturparks-dahme-heideseen-bei-der-nabu-dahmeland-mitgliederversammlung\/"]}]},{"@type":"BreadcrumbList","@id":"https:\/\/www.naturparkmagazin.de\/dahme-heideseen\/vortrag-zur-vogelwelt-des-naturparks-dahme-heideseen-bei-der-nabu-dahmeland-mitgliederversammlung\/#breadcrumb","itemListElement":[{"@type":"ListItem","position":1,"name":"Home","item":"https:\/\/www.naturparkmagazin.de\/dahme-heideseen\/"},{"@type":"ListItem","position":2,"name":"Vortrag zur Vogelwelt des Naturparks Dahme-Heideseen bei der NABU Dahmeland Mitgliederversammlung"}]},{"@type":"WebSite","@id":"https:\/\/www.naturparkmagazin.de\/dahme-heideseen\/#website","url":"https:\/\/www.naturparkmagazin.de\/dahme-heideseen\/","name":"Naturpark Dahme-Heideseen","description":"","potentialAction":[{"@type":"SearchAction","target":{"@type":"EntryPoint","urlTemplate":"https:\/\/www.naturparkmagazin.de\/dahme-heideseen\/?s={search_term_string}"},"query-input":"required name=search_term_string"}],"inLanguage":"de"},{"@type":"Person","@id":"https:\/\/www.naturparkmagazin.de\/dahme-heideseen\/#\/schema\/person\/a0510aafafdf8183c95fc98faf0c9f21","name":"Astrid Osenbr\u00fcck","sameAs":["http:\/\/www.dahme-heideseen-naturpark.de"],"url":"https:\/\/www.naturparkmagazin.de\/dahme-heideseen\/author\/astridosenbrueck\/"}]}},"_links":{"self":[{"href":"https:\/\/www.naturparkmagazin.de\/dahme-heideseen\/wp-json\/wp\/v2\/posts\/4812"}],"collection":[{"href":"https:\/\/www.naturparkmagazin.de\/dahme-heideseen\/wp-json\/wp\/v2\/posts"}],"about":[{"href":"https:\/\/www.naturparkmagazin.de\/dahme-heideseen\/wp-json\/wp\/v2\/types\/post"}],"author":[{"embeddable":true,"href":"https:\/\/www.naturparkmagazin.de\/dahme-heideseen\/wp-json\/wp\/v2\/users\/83"}],"replies":[{"embeddable":true,"href":"https:\/\/www.naturparkmagazin.de\/dahme-heideseen\/wp-json\/wp\/v2\/comments?post=4812"}],"version-history":[{"count":4,"href":"https:\/\/www.naturparkmagazin.de\/dahme-heideseen\/wp-json\/wp\/v2\/posts\/4812\/revisions"}],"predecessor-version":[{"id":4839,"href":"https:\/\/www.naturparkmagazin.de\/dahme-heideseen\/wp-json\/wp\/v2\/posts\/4812\/revisions\/4839"}],"wp:featuredmedia":[{"embeddable":true,"href":"https:\/\/www.naturparkmagazin.de\/dahme-heideseen\/wp-json\/wp\/v2\/media\/4050"}],"wp:attachment":[{"href":"https:\/\/www.naturparkmagazin.de\/dahme-heideseen\/wp-json\/wp\/v2\/media?parent=4812"}],"wp:term":[{"taxonomy":"category","embeddable":true,"href":"https:\/\/www.naturparkmagazin.de\/dahme-heideseen\/wp-json\/wp\/v2\/categories?post=4812"},{"taxonomy":"post_tag","embeddable":true,"href":"https:\/\/www.naturparkmagazin.de\/dahme-heideseen\/wp-json\/wp\/v2\/tags?post=4812"}],"curies":[{"name":"wp","href":"https:\/\/api.w.org\/{rel}","templated":true}]}}