{"id":4817,"date":"2023-01-19T11:35:51","date_gmt":"2023-01-19T10:35:51","guid":{"rendered":"https:\/\/www.naturparkmagazin.de\/dahme-heideseen\/?p=4817"},"modified":"2023-01-23T13:58:02","modified_gmt":"2023-01-23T12:58:02","slug":"wanderausstellung-rotmilan-land-zum-leben-gastiert-auf-der-galerie-der-burg-storkow","status":"publish","type":"post","link":"https:\/\/www.naturparkmagazin.de\/dahme-heideseen\/wanderausstellung-rotmilan-land-zum-leben-gastiert-auf-der-galerie-der-burg-storkow\/","title":{"rendered":"Wanderausstellung \u201eRotmilan \u2013 Land zum Leben\u201c gastiert auf der Galerie der Burg Storkow"},"content":{"rendered":"<p>Ab Freitag, den 20. Januar zeigt die Burg Storkow in der neuen Sonderausstellung \u201eRotmilan \u2013 Land zum Leben&#8220; das gef\u00e4hrdete Leben des eleganten Greifvogels. Er hat nur ein kleines Verbreitungsgebiet und kommt fast ausschlie\u00dflich auf dem Europ\u00e4ischen Kontinent vor. Mehr als die H\u00e4lfte aller Rotmilan-Paare br\u00fcten in Deutschland, daher tr\u00e4gt Deutschland eine besonders hohe Verantwortung f\u00fcr den Rotmilan. Seine Bestandsentwicklung in den letzten 20 Jahren gibt jedoch Grund zur Sorge, denn die Anzahl der bei uns br\u00fctenden Paare hat seit den 1990er Jahren um etwa 20 Prozent abgenommen. Die Gr\u00fcnde daf\u00fcr sind besonders in der ver\u00e4nderten Landschaft zu suchen.<\/p>\n<p>Die Ausstellung findet zeitgleich mit der R\u00fcckkehr der Rotmilane aus ihren Winterquartieren nach Brandenburg statt. Neben der Zugroute eines Rotmilans in sein Winterquartier und zur\u00fcck werden u.a. auch die Gefahren dargestellt, die dem Greifvogel auf dem Weg begegnen. In anschaulichen Modulen und mittels handgefertigten 3D-Objekten wird der Rotmilan vorgestellt und Konflikte, L\u00f6sungsans\u00e4tze und Entwicklungsm\u00f6glichkeiten werden aufgezeigt.<\/p>\n<p>Das Projekt \u201eRotmilan \u2013 Land zum Leben&#8220; wird durch das Bundesamt f\u00fcr Naturschutz mit Mitteln des Bundesministeriums f\u00fcr Umwelt, Naturschutz und nukleare Sicherheit gef\u00f6rdert. Im Rahmen der Kommunikationsarbeit zu dem Projekt wurde die gleichnamige Wanderausstellung entwickelt.<\/p>\n<p>Der Eintritt in die Ausstellungen der Burg kostet 5 \u20ac und erm\u00e4\u00dfigt 3,50 \u20ac.<\/p>\n<p>Nach Abbau der Wanderausstellung auf der Galerie der Burg Storkow wird diese im Anschluss im Infopunkt der Naturparkverwaltung in Prieros zu sehen sein.<\/p>\n","protected":false},"excerpt":{"rendered":"<p>Vom 20.1.2023 bis 1.03.2023 l\u00e4dt die neue Wanderausstellung &#8222;Rotmilan &#8211; Land zum Leben&#8220; von der Deutschen Wildtierstifung zum Entdecken ein.<\/p>\n","protected":false},"author":83,"featured_media":4818,"comment_status":"open","ping_status":"open","sticky":false,"template":"","format":"standard","meta":[],"categories":[11],"tags":[],"yoast_head":"<!-- This site is optimized with the Yoast SEO plugin v19.10 - https:\/\/yoast.com\/wordpress\/plugins\/seo\/ -->\n<title>Wanderausstellung \u201eRotmilan \u2013 Land zum Leben\u201c gastiert auf der Galerie der Burg Storkow - Naturpark Dahme-Heideseen<\/title>\n<meta name=\"robots\" content=\"index, follow, max-snippet:-1, max-image-preview:large, max-video-preview:-1\" \/>\n<link rel=\"canonical\" href=\"https:\/\/www.naturparkmagazin.de\/dahme-heideseen\/wanderausstellung-rotmilan-land-zum-leben-gastiert-auf-der-galerie-der-burg-storkow\/\" \/>\n<meta property=\"og:locale\" content=\"de_DE\" \/>\n<meta property=\"og:type\" content=\"article\" \/>\n<meta property=\"og:title\" content=\"Wanderausstellung \u201eRotmilan \u2013 Land zum Leben\u201c gastiert auf der Galerie der Burg Storkow - Naturpark Dahme-Heideseen\" \/>\n<meta property=\"og:description\" content=\"Vom 20.1.2023 bis 1.03.2023 l\u00e4dt die neue Wanderausstellung &quot;Rotmilan - Land zum Leben&quot; von der Deutschen Wildtierstifung zum Entdecken ein.\" \/>\n<meta property=\"og:url\" content=\"https:\/\/www.naturparkmagazin.de\/dahme-heideseen\/wanderausstellung-rotmilan-land-zum-leben-gastiert-auf-der-galerie-der-burg-storkow\/\" \/>\n<meta property=\"og:site_name\" content=\"Naturpark Dahme-Heideseen\" \/>\n<meta property=\"article:published_time\" content=\"2023-01-19T10:35:51+00:00\" \/>\n<meta property=\"article:modified_time\" content=\"2023-01-23T12:58:02+00:00\" \/>\n<meta property=\"og:image\" content=\"https:\/\/www.naturparkmagazin.de\/dahme-heideseen\/wp-content\/uploads\/sites\/37\/Rotmilan-Wanderausstellung_Modul_1.jpg\" \/>\n\t<meta property=\"og:image:width\" content=\"370\" \/>\n\t<meta property=\"og:image:height\" content=\"250\" \/>\n\t<meta property=\"og:image:type\" content=\"image\/jpeg\" \/>\n<meta name=\"author\" content=\"Astrid Osenbr\u00fcck\" \/>\n<meta name=\"twitter:label1\" content=\"Verfasst von\" \/>\n\t<meta name=\"twitter:data1\" content=\"Astrid Osenbr\u00fcck\" \/>\n\t<meta name=\"twitter:label2\" content=\"Gesch\u00e4tzte Lesezeit\" \/>\n\t<meta name=\"twitter:data2\" content=\"2\u00a0Minuten\" \/>\n<script type=\"application\/ld+json\" class=\"yoast-schema-graph\">{\"@context\":\"https:\/\/schema.org\",\"@graph\":[{\"@type\":\"WebPage\",\"@id\":\"https:\/\/www.naturparkmagazin.de\/dahme-heideseen\/wanderausstellung-rotmilan-land-zum-leben-gastiert-auf-der-galerie-der-burg-storkow\/\",\"url\":\"https:\/\/www.naturparkmagazin.de\/dahme-heideseen\/wanderausstellung-rotmilan-land-zum-leben-gastiert-auf-der-galerie-der-burg-storkow\/\",\"name\":\"Wanderausstellung \u201eRotmilan \u2013 Land zum Leben\u201c gastiert auf der Galerie der Burg Storkow - Naturpark Dahme-Heideseen\",\"isPartOf\":{\"@id\":\"https:\/\/www.naturparkmagazin.de\/dahme-heideseen\/#website\"},\"datePublished\":\"2023-01-19T10:35:51+00:00\",\"dateModified\":\"2023-01-23T12:58:02+00:00\",\"author\":{\"@id\":\"https:\/\/www.naturparkmagazin.de\/dahme-heideseen\/#\/schema\/person\/a0510aafafdf8183c95fc98faf0c9f21\"},\"breadcrumb\":{\"@id\":\"https:\/\/www.naturparkmagazin.de\/dahme-heideseen\/wanderausstellung-rotmilan-land-zum-leben-gastiert-auf-der-galerie-der-burg-storkow\/#breadcrumb\"},\"inLanguage\":\"de\",\"potentialAction\":[{\"@type\":\"ReadAction\",\"target\":[\"https:\/\/www.naturparkmagazin.de\/dahme-heideseen\/wanderausstellung-rotmilan-land-zum-leben-gastiert-auf-der-galerie-der-burg-storkow\/\"]}]},{\"@type\":\"BreadcrumbList\",\"@id\":\"https:\/\/www.naturparkmagazin.de\/dahme-heideseen\/wanderausstellung-rotmilan-land-zum-leben-gastiert-auf-der-galerie-der-burg-storkow\/#breadcrumb\",\"itemListElement\":[{\"@type\":\"ListItem\",\"position\":1,\"name\":\"Home\",\"item\":\"https:\/\/www.naturparkmagazin.de\/dahme-heideseen\/\"},{\"@type\":\"ListItem\",\"position\":2,\"name\":\"Wanderausstellung \u201eRotmilan \u2013 Land zum Leben\u201c gastiert auf der Galerie der Burg Storkow\"}]},{\"@type\":\"WebSite\",\"@id\":\"https:\/\/www.naturparkmagazin.de\/dahme-heideseen\/#website\",\"url\":\"https:\/\/www.naturparkmagazin.de\/dahme-heideseen\/\",\"name\":\"Naturpark Dahme-Heideseen\",\"description\":\"\",\"potentialAction\":[{\"@type\":\"SearchAction\",\"target\":{\"@type\":\"EntryPoint\",\"urlTemplate\":\"https:\/\/www.naturparkmagazin.de\/dahme-heideseen\/?s={search_term_string}\"},\"query-input\":\"required name=search_term_string\"}],\"inLanguage\":\"de\"},{\"@type\":\"Person\",\"@id\":\"https:\/\/www.naturparkmagazin.de\/dahme-heideseen\/#\/schema\/person\/a0510aafafdf8183c95fc98faf0c9f21\",\"name\":\"Astrid Osenbr\u00fcck\",\"sameAs\":[\"http:\/\/www.dahme-heideseen-naturpark.de\"],\"url\":\"https:\/\/www.naturparkmagazin.de\/dahme-heideseen\/author\/astridosenbrueck\/\"}]}<\/script>\n<!-- \/ Yoast SEO plugin. -->","yoast_head_json":{"title":"Wanderausstellung \u201eRotmilan \u2013 Land zum Leben\u201c gastiert auf der Galerie der Burg Storkow - Naturpark Dahme-Heideseen","robots":{"index":"index","follow":"follow","max-snippet":"max-snippet:-1","max-image-preview":"max-image-preview:large","max-video-preview":"max-video-preview:-1"},"canonical":"https:\/\/www.naturparkmagazin.de\/dahme-heideseen\/wanderausstellung-rotmilan-land-zum-leben-gastiert-auf-der-galerie-der-burg-storkow\/","og_locale":"de_DE","og_type":"article","og_title":"Wanderausstellung \u201eRotmilan \u2013 Land zum Leben\u201c gastiert auf der Galerie der Burg Storkow - Naturpark Dahme-Heideseen","og_description":"Vom 20.1.2023 bis 1.03.2023 l\u00e4dt die neue Wanderausstellung \"Rotmilan - Land zum Leben\" von der Deutschen Wildtierstifung zum Entdecken ein.","og_url":"https:\/\/www.naturparkmagazin.de\/dahme-heideseen\/wanderausstellung-rotmilan-land-zum-leben-gastiert-auf-der-galerie-der-burg-storkow\/","og_site_name":"Naturpark Dahme-Heideseen","article_published_time":"2023-01-19T10:35:51+00:00","article_modified_time":"2023-01-23T12:58:02+00:00","og_image":[{"width":370,"height":250,"url":"https:\/\/www.naturparkmagazin.de\/dahme-heideseen\/wp-content\/uploads\/sites\/37\/Rotmilan-Wanderausstellung_Modul_1.jpg","type":"image\/jpeg"}],"author":"Astrid Osenbr\u00fcck","twitter_misc":{"Verfasst von":"Astrid Osenbr\u00fcck","Gesch\u00e4tzte Lesezeit":"2\u00a0Minuten"},"schema":{"@context":"https:\/\/schema.org","@graph":[{"@type":"WebPage","@id":"https:\/\/www.naturparkmagazin.de\/dahme-heideseen\/wanderausstellung-rotmilan-land-zum-leben-gastiert-auf-der-galerie-der-burg-storkow\/","url":"https:\/\/www.naturparkmagazin.de\/dahme-heideseen\/wanderausstellung-rotmilan-land-zum-leben-gastiert-auf-der-galerie-der-burg-storkow\/","name":"Wanderausstellung \u201eRotmilan \u2013 Land zum Leben\u201c gastiert auf der Galerie der Burg Storkow - Naturpark Dahme-Heideseen","isPartOf":{"@id":"https:\/\/www.naturparkmagazin.de\/dahme-heideseen\/#website"},"datePublished":"2023-01-19T10:35:51+00:00","dateModified":"2023-01-23T12:58:02+00:00","author":{"@id":"https:\/\/www.naturparkmagazin.de\/dahme-heideseen\/#\/schema\/person\/a0510aafafdf8183c95fc98faf0c9f21"},"breadcrumb":{"@id":"https:\/\/www.naturparkmagazin.de\/dahme-heideseen\/wanderausstellung-rotmilan-land-zum-leben-gastiert-auf-der-galerie-der-burg-storkow\/#breadcrumb"},"inLanguage":"de","potentialAction":[{"@type":"ReadAction","target":["https:\/\/www.naturparkmagazin.de\/dahme-heideseen\/wanderausstellung-rotmilan-land-zum-leben-gastiert-auf-der-galerie-der-burg-storkow\/"]}]},{"@type":"BreadcrumbList","@id":"https:\/\/www.naturparkmagazin.de\/dahme-heideseen\/wanderausstellung-rotmilan-land-zum-leben-gastiert-auf-der-galerie-der-burg-storkow\/#breadcrumb","itemListElement":[{"@type":"ListItem","position":1,"name":"Home","item":"https:\/\/www.naturparkmagazin.de\/dahme-heideseen\/"},{"@type":"ListItem","position":2,"name":"Wanderausstellung \u201eRotmilan \u2013 Land zum Leben\u201c gastiert auf der Galerie der Burg Storkow"}]},{"@type":"WebSite","@id":"https:\/\/www.naturparkmagazin.de\/dahme-heideseen\/#website","url":"https:\/\/www.naturparkmagazin.de\/dahme-heideseen\/","name":"Naturpark Dahme-Heideseen","description":"","potentialAction":[{"@type":"SearchAction","target":{"@type":"EntryPoint","urlTemplate":"https:\/\/www.naturparkmagazin.de\/dahme-heideseen\/?s={search_term_string}"},"query-input":"required name=search_term_string"}],"inLanguage":"de"},{"@type":"Person","@id":"https:\/\/www.naturparkmagazin.de\/dahme-heideseen\/#\/schema\/person\/a0510aafafdf8183c95fc98faf0c9f21","name":"Astrid Osenbr\u00fcck","sameAs":["http:\/\/www.dahme-heideseen-naturpark.de"],"url":"https:\/\/www.naturparkmagazin.de\/dahme-heideseen\/author\/astridosenbrueck\/"}]}},"_links":{"self":[{"href":"https:\/\/www.naturparkmagazin.de\/dahme-heideseen\/wp-json\/wp\/v2\/posts\/4817"}],"collection":[{"href":"https:\/\/www.naturparkmagazin.de\/dahme-heideseen\/wp-json\/wp\/v2\/posts"}],"about":[{"href":"https:\/\/www.naturparkmagazin.de\/dahme-heideseen\/wp-json\/wp\/v2\/types\/post"}],"author":[{"embeddable":true,"href":"https:\/\/www.naturparkmagazin.de\/dahme-heideseen\/wp-json\/wp\/v2\/users\/83"}],"replies":[{"embeddable":true,"href":"https:\/\/www.naturparkmagazin.de\/dahme-heideseen\/wp-json\/wp\/v2\/comments?post=4817"}],"version-history":[{"count":2,"href":"https:\/\/www.naturparkmagazin.de\/dahme-heideseen\/wp-json\/wp\/v2\/posts\/4817\/revisions"}],"predecessor-version":[{"id":4853,"href":"https:\/\/www.naturparkmagazin.de\/dahme-heideseen\/wp-json\/wp\/v2\/posts\/4817\/revisions\/4853"}],"wp:featuredmedia":[{"embeddable":true,"href":"https:\/\/www.naturparkmagazin.de\/dahme-heideseen\/wp-json\/wp\/v2\/media\/4818"}],"wp:attachment":[{"href":"https:\/\/www.naturparkmagazin.de\/dahme-heideseen\/wp-json\/wp\/v2\/media?parent=4817"}],"wp:term":[{"taxonomy":"category","embeddable":true,"href":"https:\/\/www.naturparkmagazin.de\/dahme-heideseen\/wp-json\/wp\/v2\/categories?post=4817"},{"taxonomy":"post_tag","embeddable":true,"href":"https:\/\/www.naturparkmagazin.de\/dahme-heideseen\/wp-json\/wp\/v2\/tags?post=4817"}],"curies":[{"name":"wp","href":"https:\/\/api.w.org\/{rel}","templated":true}]}}