{"id":4862,"date":"2023-03-23T13:17:51","date_gmt":"2023-03-23T12:17:51","guid":{"rendered":"https:\/\/www.naturparkmagazin.de\/dahme-heideseen\/?p=4862"},"modified":"2023-03-23T13:17:51","modified_gmt":"2023-03-23T12:17:51","slug":"erste-kraeuterschaetze-der-natur-2","status":"publish","type":"post","link":"https:\/\/www.naturparkmagazin.de\/dahme-heideseen\/erste-kraeuterschaetze-der-natur-2\/","title":{"rendered":"Erste Kr\u00e4utersch\u00e4tze der Natur"},"content":{"rendered":"<p>Bei einem Rundgang durch den Biogarten Prieros entdecken wir die aktuelle F\u00fclle an kulinarisch wie auch heilerisch interessanter Pflanzen. Welche Kr\u00e4uter gibt es schon zum Genie\u00dfen und um unsere Gesundheit nach dem langen Winter zu kr\u00e4ftigen?<\/p>\n<p>Zusammen bohren wir eine Birke (vor der Bl\u00fcte) an und kosten ein paar Tropfen des gesch\u00e4tzten Birkenwassers und erfahren \u00fcber Anwendung und zu Beachtendes beim selber zapfen.<\/p>\n<p>W\u00e4hrend wir auf das Birkenwasser warten, bereiten wir einen Fr\u00fchlingskr\u00e4uter-Frischk\u00e4se zu und genie\u00dfen ihn bei einem gemeinsamen kleinen Picknick.<\/p>\n<p>&nbsp;<\/p>\n<p>Bitte mitbringen: einen Becher, ein K\u00fcchentrockentuch, ein Gef\u00e4\u00df zum Sammeln, ein kleines scharfes Messer, ein Brettchen, etwas Meersalz (ca. 1 TL), Lieblingsfrischk\u00e4se (natur), Lieblingsbrot, ein kleines Schraubglas<\/p>\n<p>&nbsp;<\/p>\n<p><a href=\"http:\/\/Internet     https:\/\/vhs-dahme-spreewald.de\/programm\/kultur\/natur-umwelt\/kurs\/Erste-Kraeuterschaetze-der-Natur\/U14-849-1E\">Anmeldung hier<\/a><\/p>\n","protected":false},"excerpt":{"rendered":"<p>Gemeinsam erste Kr\u00e4utersch\u00e4tze der Natur im Biogarten Prieros entdecken und verarbeiten<\/p>\n","protected":false},"author":83,"featured_media":3805,"comment_status":"open","ping_status":"open","sticky":false,"template":"","format":"standard","meta":[],"categories":[11],"tags":[],"yoast_head":"<!-- This site is optimized with the Yoast SEO plugin v19.10 - https:\/\/yoast.com\/wordpress\/plugins\/seo\/ -->\n<title>Erste Kr\u00e4utersch\u00e4tze der Natur - Naturpark Dahme-Heideseen<\/title>\n<meta name=\"robots\" content=\"index, follow, max-snippet:-1, max-image-preview:large, max-video-preview:-1\" \/>\n<link rel=\"canonical\" href=\"https:\/\/www.naturparkmagazin.de\/dahme-heideseen\/erste-kraeuterschaetze-der-natur-2\/\" \/>\n<meta property=\"og:locale\" content=\"de_DE\" \/>\n<meta property=\"og:type\" content=\"article\" \/>\n<meta property=\"og:title\" content=\"Erste Kr\u00e4utersch\u00e4tze der Natur - Naturpark Dahme-Heideseen\" \/>\n<meta property=\"og:description\" content=\"Gemeinsam erste Kr\u00e4utersch\u00e4tze der Natur im Biogarten Prieros entdecken und verarbeiten\" \/>\n<meta property=\"og:url\" content=\"https:\/\/www.naturparkmagazin.de\/dahme-heideseen\/erste-kraeuterschaetze-der-natur-2\/\" \/>\n<meta property=\"og:site_name\" content=\"Naturpark Dahme-Heideseen\" \/>\n<meta property=\"article:published_time\" content=\"2023-03-23T12:17:51+00:00\" \/>\n<meta property=\"og:image\" content=\"https:\/\/www.naturparkmagazin.de\/dahme-heideseen\/wp-content\/uploads\/sites\/37\/Kr\u00e4uterspirale-im-Biogarten.jpg\" \/>\n\t<meta property=\"og:image:width\" content=\"1147\" \/>\n\t<meta property=\"og:image:height\" content=\"768\" \/>\n\t<meta property=\"og:image:type\" content=\"image\/jpeg\" \/>\n<meta name=\"author\" content=\"Astrid Osenbr\u00fcck\" \/>\n<meta name=\"twitter:label1\" content=\"Verfasst von\" \/>\n\t<meta name=\"twitter:data1\" content=\"Astrid Osenbr\u00fcck\" \/>\n\t<meta name=\"twitter:label2\" content=\"Gesch\u00e4tzte Lesezeit\" \/>\n\t<meta name=\"twitter:data2\" content=\"1\u00a0Minute\" \/>\n<script type=\"application\/ld+json\" class=\"yoast-schema-graph\">{\"@context\":\"https:\/\/schema.org\",\"@graph\":[{\"@type\":\"WebPage\",\"@id\":\"https:\/\/www.naturparkmagazin.de\/dahme-heideseen\/erste-kraeuterschaetze-der-natur-2\/\",\"url\":\"https:\/\/www.naturparkmagazin.de\/dahme-heideseen\/erste-kraeuterschaetze-der-natur-2\/\",\"name\":\"Erste Kr\u00e4utersch\u00e4tze der Natur - Naturpark Dahme-Heideseen\",\"isPartOf\":{\"@id\":\"https:\/\/www.naturparkmagazin.de\/dahme-heideseen\/#website\"},\"datePublished\":\"2023-03-23T12:17:51+00:00\",\"dateModified\":\"2023-03-23T12:17:51+00:00\",\"author\":{\"@id\":\"https:\/\/www.naturparkmagazin.de\/dahme-heideseen\/#\/schema\/person\/a0510aafafdf8183c95fc98faf0c9f21\"},\"breadcrumb\":{\"@id\":\"https:\/\/www.naturparkmagazin.de\/dahme-heideseen\/erste-kraeuterschaetze-der-natur-2\/#breadcrumb\"},\"inLanguage\":\"de\",\"potentialAction\":[{\"@type\":\"ReadAction\",\"target\":[\"https:\/\/www.naturparkmagazin.de\/dahme-heideseen\/erste-kraeuterschaetze-der-natur-2\/\"]}]},{\"@type\":\"BreadcrumbList\",\"@id\":\"https:\/\/www.naturparkmagazin.de\/dahme-heideseen\/erste-kraeuterschaetze-der-natur-2\/#breadcrumb\",\"itemListElement\":[{\"@type\":\"ListItem\",\"position\":1,\"name\":\"Home\",\"item\":\"https:\/\/www.naturparkmagazin.de\/dahme-heideseen\/\"},{\"@type\":\"ListItem\",\"position\":2,\"name\":\"Erste Kr\u00e4utersch\u00e4tze der Natur\"}]},{\"@type\":\"WebSite\",\"@id\":\"https:\/\/www.naturparkmagazin.de\/dahme-heideseen\/#website\",\"url\":\"https:\/\/www.naturparkmagazin.de\/dahme-heideseen\/\",\"name\":\"Naturpark Dahme-Heideseen\",\"description\":\"\",\"potentialAction\":[{\"@type\":\"SearchAction\",\"target\":{\"@type\":\"EntryPoint\",\"urlTemplate\":\"https:\/\/www.naturparkmagazin.de\/dahme-heideseen\/?s={search_term_string}\"},\"query-input\":\"required name=search_term_string\"}],\"inLanguage\":\"de\"},{\"@type\":\"Person\",\"@id\":\"https:\/\/www.naturparkmagazin.de\/dahme-heideseen\/#\/schema\/person\/a0510aafafdf8183c95fc98faf0c9f21\",\"name\":\"Astrid Osenbr\u00fcck\",\"sameAs\":[\"http:\/\/www.dahme-heideseen-naturpark.de\"],\"url\":\"https:\/\/www.naturparkmagazin.de\/dahme-heideseen\/author\/astridosenbrueck\/\"}]}<\/script>\n<!-- \/ Yoast SEO plugin. -->","yoast_head_json":{"title":"Erste Kr\u00e4utersch\u00e4tze der Natur - Naturpark Dahme-Heideseen","robots":{"index":"index","follow":"follow","max-snippet":"max-snippet:-1","max-image-preview":"max-image-preview:large","max-video-preview":"max-video-preview:-1"},"canonical":"https:\/\/www.naturparkmagazin.de\/dahme-heideseen\/erste-kraeuterschaetze-der-natur-2\/","og_locale":"de_DE","og_type":"article","og_title":"Erste Kr\u00e4utersch\u00e4tze der Natur - Naturpark Dahme-Heideseen","og_description":"Gemeinsam erste Kr\u00e4utersch\u00e4tze der Natur im Biogarten Prieros entdecken und verarbeiten","og_url":"https:\/\/www.naturparkmagazin.de\/dahme-heideseen\/erste-kraeuterschaetze-der-natur-2\/","og_site_name":"Naturpark Dahme-Heideseen","article_published_time":"2023-03-23T12:17:51+00:00","og_image":[{"width":1147,"height":768,"url":"https:\/\/www.naturparkmagazin.de\/dahme-heideseen\/wp-content\/uploads\/sites\/37\/Kr\u00e4uterspirale-im-Biogarten.jpg","type":"image\/jpeg"}],"author":"Astrid Osenbr\u00fcck","twitter_misc":{"Verfasst von":"Astrid Osenbr\u00fcck","Gesch\u00e4tzte Lesezeit":"1\u00a0Minute"},"schema":{"@context":"https:\/\/schema.org","@graph":[{"@type":"WebPage","@id":"https:\/\/www.naturparkmagazin.de\/dahme-heideseen\/erste-kraeuterschaetze-der-natur-2\/","url":"https:\/\/www.naturparkmagazin.de\/dahme-heideseen\/erste-kraeuterschaetze-der-natur-2\/","name":"Erste Kr\u00e4utersch\u00e4tze der Natur - Naturpark Dahme-Heideseen","isPartOf":{"@id":"https:\/\/www.naturparkmagazin.de\/dahme-heideseen\/#website"},"datePublished":"2023-03-23T12:17:51+00:00","dateModified":"2023-03-23T12:17:51+00:00","author":{"@id":"https:\/\/www.naturparkmagazin.de\/dahme-heideseen\/#\/schema\/person\/a0510aafafdf8183c95fc98faf0c9f21"},"breadcrumb":{"@id":"https:\/\/www.naturparkmagazin.de\/dahme-heideseen\/erste-kraeuterschaetze-der-natur-2\/#breadcrumb"},"inLanguage":"de","potentialAction":[{"@type":"ReadAction","target":["https:\/\/www.naturparkmagazin.de\/dahme-heideseen\/erste-kraeuterschaetze-der-natur-2\/"]}]},{"@type":"BreadcrumbList","@id":"https:\/\/www.naturparkmagazin.de\/dahme-heideseen\/erste-kraeuterschaetze-der-natur-2\/#breadcrumb","itemListElement":[{"@type":"ListItem","position":1,"name":"Home","item":"https:\/\/www.naturparkmagazin.de\/dahme-heideseen\/"},{"@type":"ListItem","position":2,"name":"Erste Kr\u00e4utersch\u00e4tze der Natur"}]},{"@type":"WebSite","@id":"https:\/\/www.naturparkmagazin.de\/dahme-heideseen\/#website","url":"https:\/\/www.naturparkmagazin.de\/dahme-heideseen\/","name":"Naturpark Dahme-Heideseen","description":"","potentialAction":[{"@type":"SearchAction","target":{"@type":"EntryPoint","urlTemplate":"https:\/\/www.naturparkmagazin.de\/dahme-heideseen\/?s={search_term_string}"},"query-input":"required name=search_term_string"}],"inLanguage":"de"},{"@type":"Person","@id":"https:\/\/www.naturparkmagazin.de\/dahme-heideseen\/#\/schema\/person\/a0510aafafdf8183c95fc98faf0c9f21","name":"Astrid Osenbr\u00fcck","sameAs":["http:\/\/www.dahme-heideseen-naturpark.de"],"url":"https:\/\/www.naturparkmagazin.de\/dahme-heideseen\/author\/astridosenbrueck\/"}]}},"_links":{"self":[{"href":"https:\/\/www.naturparkmagazin.de\/dahme-heideseen\/wp-json\/wp\/v2\/posts\/4862"}],"collection":[{"href":"https:\/\/www.naturparkmagazin.de\/dahme-heideseen\/wp-json\/wp\/v2\/posts"}],"about":[{"href":"https:\/\/www.naturparkmagazin.de\/dahme-heideseen\/wp-json\/wp\/v2\/types\/post"}],"author":[{"embeddable":true,"href":"https:\/\/www.naturparkmagazin.de\/dahme-heideseen\/wp-json\/wp\/v2\/users\/83"}],"replies":[{"embeddable":true,"href":"https:\/\/www.naturparkmagazin.de\/dahme-heideseen\/wp-json\/wp\/v2\/comments?post=4862"}],"version-history":[{"count":1,"href":"https:\/\/www.naturparkmagazin.de\/dahme-heideseen\/wp-json\/wp\/v2\/posts\/4862\/revisions"}],"predecessor-version":[{"id":4902,"href":"https:\/\/www.naturparkmagazin.de\/dahme-heideseen\/wp-json\/wp\/v2\/posts\/4862\/revisions\/4902"}],"wp:featuredmedia":[{"embeddable":true,"href":"https:\/\/www.naturparkmagazin.de\/dahme-heideseen\/wp-json\/wp\/v2\/media\/3805"}],"wp:attachment":[{"href":"https:\/\/www.naturparkmagazin.de\/dahme-heideseen\/wp-json\/wp\/v2\/media?parent=4862"}],"wp:term":[{"taxonomy":"category","embeddable":true,"href":"https:\/\/www.naturparkmagazin.de\/dahme-heideseen\/wp-json\/wp\/v2\/categories?post=4862"},{"taxonomy":"post_tag","embeddable":true,"href":"https:\/\/www.naturparkmagazin.de\/dahme-heideseen\/wp-json\/wp\/v2\/tags?post=4862"}],"curies":[{"name":"wp","href":"https:\/\/api.w.org\/{rel}","templated":true}]}}