{"id":5035,"date":"2023-04-25T10:30:46","date_gmt":"2023-04-25T08:30:46","guid":{"rendered":"https:\/\/www.naturparkmagazin.de\/dahme-heideseen\/?p=5035"},"modified":"2023-04-26T09:11:52","modified_gmt":"2023-04-26T07:11:52","slug":"neue-mitarbeiterin-fuer-nachhaltige-gebietsentwicklung-und-ffh-managementplanung","status":"publish","type":"post","link":"https:\/\/www.naturparkmagazin.de\/dahme-heideseen\/neue-mitarbeiterin-fuer-nachhaltige-gebietsentwicklung-und-ffh-managementplanung\/","title":{"rendered":"Neue Mitarbeiterin f\u00fcr Nachhaltige Gebietsentwicklung und FFH Managementplanung im Naturpark"},"content":{"rendered":"<div id=\"attachment_5049\" style=\"width: 630px\" class=\"wp-caption alignnone\"><a href=\"https:\/\/www.naturparkmagazin.de\/dahme-heideseen\/wp-content\/uploads\/sites\/37\/Jessica-Polak_TZ-1.jpg\"><img aria-describedby=\"caption-attachment-5049\" decoding=\"async\" loading=\"lazy\" class=\"size-medium wp-image-5049\" src=\"https:\/\/www.naturparkmagazin.de\/dahme-heideseen\/wp-content\/uploads\/sites\/37\/Jessica-Polak_TZ-1-620x465.jpg\" alt=\"\" width=\"620\" height=\"465\" srcset=\"https:\/\/www.naturparkmagazin.de\/dahme-heideseen\/wp-content\/uploads\/sites\/37\/Jessica-Polak_TZ-1-620x465.jpg 620w, https:\/\/www.naturparkmagazin.de\/dahme-heideseen\/wp-content\/uploads\/sites\/37\/Jessica-Polak_TZ-1-940x705.jpg 940w, https:\/\/www.naturparkmagazin.de\/dahme-heideseen\/wp-content\/uploads\/sites\/37\/Jessica-Polak_TZ-1-300x225.jpg 300w, https:\/\/www.naturparkmagazin.de\/dahme-heideseen\/wp-content\/uploads\/sites\/37\/Jessica-Polak_TZ-1-580x435.jpg 580w, https:\/\/www.naturparkmagazin.de\/dahme-heideseen\/wp-content\/uploads\/sites\/37\/Jessica-Polak_TZ-1-420x315.jpg 420w, https:\/\/www.naturparkmagazin.de\/dahme-heideseen\/wp-content\/uploads\/sites\/37\/Jessica-Polak_TZ-1-180x135.jpg 180w, https:\/\/www.naturparkmagazin.de\/dahme-heideseen\/wp-content\/uploads\/sites\/37\/Jessica-Polak_TZ-1-95x71.jpg 95w, https:\/\/www.naturparkmagazin.de\/dahme-heideseen\/wp-content\/uploads\/sites\/37\/Jessica-Polak_TZ-1-670x503.jpg 670w, https:\/\/www.naturparkmagazin.de\/dahme-heideseen\/wp-content\/uploads\/sites\/37\/Jessica-Polak_TZ-1-200x150.jpg 200w, https:\/\/www.naturparkmagazin.de\/dahme-heideseen\/wp-content\/uploads\/sites\/37\/Jessica-Polak_TZ-1.jpg 1210w\" sizes=\"(max-width: 620px) 100vw, 620px\" \/><\/a><p id=\"caption-attachment-5049\" class=\"wp-caption-text\">Jessica Polak vor der Naturparkverwaltung in Prieros (\u00a9 Teresa Zeuner)<\/p><\/div>\n<p>Seit 3. April hat die Naturpark-Verwaltung eine neue Mitarbeiterin: Jessica Polak \u00fcbernimmt in den n\u00e4chsten 1 \u00bd Jahren die Aufgaben von Melanie Wagner im Bereich Nachhaltige Gebietsentwicklung und FFH Managementplanung im Naturpark. Sie ist insbesondere f\u00fcr die Umsetzung von Naturschutzma\u00dfnahmen in Waldfl\u00e4chen der FFH-Gebiete zust\u00e4ndig.<\/p>\n<p>Nach ihrem Bachelorstudium (Landschaftsnutzung &amp; Naturschutz) war Frau Polak viele Jahre in einem biologischen Planungsb\u00fcro angestellt, wo sie vor allem Projekte zur Untersuchung aquatischer Wirbelloser geleitet hat. Im Rahmen ihres Masterstudiums (Landnutzung &amp; Wasserbewirtschaftung) hat sie sich \u00fcberwiegend gew\u00e4sser\u00f6kologischen Fragestellungen gewidmet und an Forschungsprojekten mitwirken k\u00f6nnen. Zuletzt war sie bei den NaturFreunden Brandenburg als Naturschutzreferentin t\u00e4tig und hat f\u00fcr diese im Landesb\u00fcro anerkannter Naturschutzverb\u00e4nde Stellungsnahmen zu umweltrelevanten Eingriffen geschrieben. In ihrer Freizeit ist sie gerne drau\u00dfen, zu Fu\u00df oder auf dem Fahrrad, beobachtet die Natur und versucht die aufgefundenen Insekten zu bestimmen.<\/p>\n<p>Da sie in Kablow und damit sehr nahe am Naturpark aufgewachsen ist, f\u00fchlt sie sich mit der Region verbunden. Daher freut sie sich darauf die Schutzgebietsentwicklung mit zu gestalten und nat\u00fcrlich auf die Zusammenarbeit mit den neuen Kollegen*innen.<\/p>\n<p>Das gesamte Naturpark-Team hei\u00dft Jessica Polak herzlich willkommen!<\/p>\n","protected":false},"excerpt":{"rendered":"<p>Seit 3. April hat die Naturpark-Verwaltung eine neue Mitarbeiterin: Jessica Polak ist insbesondere f\u00fcr die Umsetzung von Naturschutzma\u00dfnahmen in Waldfl\u00e4chen der FFH-Gebiete zust\u00e4ndig.<\/p>\n","protected":false},"author":83,"featured_media":5049,"comment_status":"open","ping_status":"open","sticky":false,"template":"","format":"standard","meta":[],"categories":[7],"tags":[],"yoast_head":"<!-- This site is optimized with the Yoast SEO plugin v19.10 - https:\/\/yoast.com\/wordpress\/plugins\/seo\/ -->\n<title>Neue Mitarbeiterin f\u00fcr Nachhaltige Gebietsentwicklung und FFH Managementplanung im Naturpark - Naturpark Dahme-Heideseen<\/title>\n<meta name=\"robots\" content=\"index, follow, max-snippet:-1, max-image-preview:large, max-video-preview:-1\" \/>\n<link rel=\"canonical\" href=\"https:\/\/www.naturparkmagazin.de\/dahme-heideseen\/neue-mitarbeiterin-fuer-nachhaltige-gebietsentwicklung-und-ffh-managementplanung\/\" \/>\n<meta property=\"og:locale\" content=\"de_DE\" \/>\n<meta property=\"og:type\" content=\"article\" \/>\n<meta property=\"og:title\" content=\"Neue Mitarbeiterin f\u00fcr Nachhaltige Gebietsentwicklung und FFH Managementplanung im Naturpark - Naturpark Dahme-Heideseen\" \/>\n<meta property=\"og:description\" content=\"Seit 3. April hat die Naturpark-Verwaltung eine neue Mitarbeiterin: Jessica Polak ist insbesondere f\u00fcr die Umsetzung von Naturschutzma\u00dfnahmen in Waldfl\u00e4chen der FFH-Gebiete zust\u00e4ndig.\" \/>\n<meta property=\"og:url\" content=\"https:\/\/www.naturparkmagazin.de\/dahme-heideseen\/neue-mitarbeiterin-fuer-nachhaltige-gebietsentwicklung-und-ffh-managementplanung\/\" \/>\n<meta property=\"og:site_name\" content=\"Naturpark Dahme-Heideseen\" \/>\n<meta property=\"article:published_time\" content=\"2023-04-25T08:30:46+00:00\" \/>\n<meta property=\"article:modified_time\" content=\"2023-04-26T07:11:52+00:00\" \/>\n<meta property=\"og:image\" content=\"https:\/\/www.naturparkmagazin.de\/dahme-heideseen\/wp-content\/uploads\/sites\/37\/Jessica-Polak_TZ-1.jpg\" \/>\n\t<meta property=\"og:image:width\" content=\"1210\" \/>\n\t<meta property=\"og:image:height\" content=\"908\" \/>\n\t<meta property=\"og:image:type\" content=\"image\/jpeg\" \/>\n<meta name=\"author\" content=\"Astrid Osenbr\u00fcck\" \/>\n<meta name=\"twitter:label1\" content=\"Verfasst von\" \/>\n\t<meta name=\"twitter:data1\" content=\"Astrid Osenbr\u00fcck\" \/>\n\t<meta name=\"twitter:label2\" content=\"Gesch\u00e4tzte Lesezeit\" \/>\n\t<meta name=\"twitter:data2\" content=\"2\u00a0Minuten\" \/>\n<script type=\"application\/ld+json\" class=\"yoast-schema-graph\">{\"@context\":\"https:\/\/schema.org\",\"@graph\":[{\"@type\":\"WebPage\",\"@id\":\"https:\/\/www.naturparkmagazin.de\/dahme-heideseen\/neue-mitarbeiterin-fuer-nachhaltige-gebietsentwicklung-und-ffh-managementplanung\/\",\"url\":\"https:\/\/www.naturparkmagazin.de\/dahme-heideseen\/neue-mitarbeiterin-fuer-nachhaltige-gebietsentwicklung-und-ffh-managementplanung\/\",\"name\":\"Neue Mitarbeiterin f\u00fcr Nachhaltige Gebietsentwicklung und FFH Managementplanung im Naturpark - Naturpark Dahme-Heideseen\",\"isPartOf\":{\"@id\":\"https:\/\/www.naturparkmagazin.de\/dahme-heideseen\/#website\"},\"datePublished\":\"2023-04-25T08:30:46+00:00\",\"dateModified\":\"2023-04-26T07:11:52+00:00\",\"author\":{\"@id\":\"https:\/\/www.naturparkmagazin.de\/dahme-heideseen\/#\/schema\/person\/a0510aafafdf8183c95fc98faf0c9f21\"},\"breadcrumb\":{\"@id\":\"https:\/\/www.naturparkmagazin.de\/dahme-heideseen\/neue-mitarbeiterin-fuer-nachhaltige-gebietsentwicklung-und-ffh-managementplanung\/#breadcrumb\"},\"inLanguage\":\"de\",\"potentialAction\":[{\"@type\":\"ReadAction\",\"target\":[\"https:\/\/www.naturparkmagazin.de\/dahme-heideseen\/neue-mitarbeiterin-fuer-nachhaltige-gebietsentwicklung-und-ffh-managementplanung\/\"]}]},{\"@type\":\"BreadcrumbList\",\"@id\":\"https:\/\/www.naturparkmagazin.de\/dahme-heideseen\/neue-mitarbeiterin-fuer-nachhaltige-gebietsentwicklung-und-ffh-managementplanung\/#breadcrumb\",\"itemListElement\":[{\"@type\":\"ListItem\",\"position\":1,\"name\":\"Home\",\"item\":\"https:\/\/www.naturparkmagazin.de\/dahme-heideseen\/\"},{\"@type\":\"ListItem\",\"position\":2,\"name\":\"Neue Mitarbeiterin f\u00fcr Nachhaltige Gebietsentwicklung und FFH Managementplanung im Naturpark\"}]},{\"@type\":\"WebSite\",\"@id\":\"https:\/\/www.naturparkmagazin.de\/dahme-heideseen\/#website\",\"url\":\"https:\/\/www.naturparkmagazin.de\/dahme-heideseen\/\",\"name\":\"Naturpark Dahme-Heideseen\",\"description\":\"\",\"potentialAction\":[{\"@type\":\"SearchAction\",\"target\":{\"@type\":\"EntryPoint\",\"urlTemplate\":\"https:\/\/www.naturparkmagazin.de\/dahme-heideseen\/?s={search_term_string}\"},\"query-input\":\"required name=search_term_string\"}],\"inLanguage\":\"de\"},{\"@type\":\"Person\",\"@id\":\"https:\/\/www.naturparkmagazin.de\/dahme-heideseen\/#\/schema\/person\/a0510aafafdf8183c95fc98faf0c9f21\",\"name\":\"Astrid Osenbr\u00fcck\",\"sameAs\":[\"http:\/\/www.dahme-heideseen-naturpark.de\"],\"url\":\"https:\/\/www.naturparkmagazin.de\/dahme-heideseen\/author\/astridosenbrueck\/\"}]}<\/script>\n<!-- \/ Yoast SEO plugin. -->","yoast_head_json":{"title":"Neue Mitarbeiterin f\u00fcr Nachhaltige Gebietsentwicklung und FFH Managementplanung im Naturpark - Naturpark Dahme-Heideseen","robots":{"index":"index","follow":"follow","max-snippet":"max-snippet:-1","max-image-preview":"max-image-preview:large","max-video-preview":"max-video-preview:-1"},"canonical":"https:\/\/www.naturparkmagazin.de\/dahme-heideseen\/neue-mitarbeiterin-fuer-nachhaltige-gebietsentwicklung-und-ffh-managementplanung\/","og_locale":"de_DE","og_type":"article","og_title":"Neue Mitarbeiterin f\u00fcr Nachhaltige Gebietsentwicklung und FFH Managementplanung im Naturpark - Naturpark Dahme-Heideseen","og_description":"Seit 3. April hat die Naturpark-Verwaltung eine neue Mitarbeiterin: Jessica Polak ist insbesondere f\u00fcr die Umsetzung von Naturschutzma\u00dfnahmen in Waldfl\u00e4chen der FFH-Gebiete zust\u00e4ndig.","og_url":"https:\/\/www.naturparkmagazin.de\/dahme-heideseen\/neue-mitarbeiterin-fuer-nachhaltige-gebietsentwicklung-und-ffh-managementplanung\/","og_site_name":"Naturpark Dahme-Heideseen","article_published_time":"2023-04-25T08:30:46+00:00","article_modified_time":"2023-04-26T07:11:52+00:00","og_image":[{"width":1210,"height":908,"url":"https:\/\/www.naturparkmagazin.de\/dahme-heideseen\/wp-content\/uploads\/sites\/37\/Jessica-Polak_TZ-1.jpg","type":"image\/jpeg"}],"author":"Astrid Osenbr\u00fcck","twitter_misc":{"Verfasst von":"Astrid Osenbr\u00fcck","Gesch\u00e4tzte Lesezeit":"2\u00a0Minuten"},"schema":{"@context":"https:\/\/schema.org","@graph":[{"@type":"WebPage","@id":"https:\/\/www.naturparkmagazin.de\/dahme-heideseen\/neue-mitarbeiterin-fuer-nachhaltige-gebietsentwicklung-und-ffh-managementplanung\/","url":"https:\/\/www.naturparkmagazin.de\/dahme-heideseen\/neue-mitarbeiterin-fuer-nachhaltige-gebietsentwicklung-und-ffh-managementplanung\/","name":"Neue Mitarbeiterin f\u00fcr Nachhaltige Gebietsentwicklung und FFH Managementplanung im Naturpark - Naturpark Dahme-Heideseen","isPartOf":{"@id":"https:\/\/www.naturparkmagazin.de\/dahme-heideseen\/#website"},"datePublished":"2023-04-25T08:30:46+00:00","dateModified":"2023-04-26T07:11:52+00:00","author":{"@id":"https:\/\/www.naturparkmagazin.de\/dahme-heideseen\/#\/schema\/person\/a0510aafafdf8183c95fc98faf0c9f21"},"breadcrumb":{"@id":"https:\/\/www.naturparkmagazin.de\/dahme-heideseen\/neue-mitarbeiterin-fuer-nachhaltige-gebietsentwicklung-und-ffh-managementplanung\/#breadcrumb"},"inLanguage":"de","potentialAction":[{"@type":"ReadAction","target":["https:\/\/www.naturparkmagazin.de\/dahme-heideseen\/neue-mitarbeiterin-fuer-nachhaltige-gebietsentwicklung-und-ffh-managementplanung\/"]}]},{"@type":"BreadcrumbList","@id":"https:\/\/www.naturparkmagazin.de\/dahme-heideseen\/neue-mitarbeiterin-fuer-nachhaltige-gebietsentwicklung-und-ffh-managementplanung\/#breadcrumb","itemListElement":[{"@type":"ListItem","position":1,"name":"Home","item":"https:\/\/www.naturparkmagazin.de\/dahme-heideseen\/"},{"@type":"ListItem","position":2,"name":"Neue Mitarbeiterin f\u00fcr Nachhaltige Gebietsentwicklung und FFH Managementplanung im Naturpark"}]},{"@type":"WebSite","@id":"https:\/\/www.naturparkmagazin.de\/dahme-heideseen\/#website","url":"https:\/\/www.naturparkmagazin.de\/dahme-heideseen\/","name":"Naturpark Dahme-Heideseen","description":"","potentialAction":[{"@type":"SearchAction","target":{"@type":"EntryPoint","urlTemplate":"https:\/\/www.naturparkmagazin.de\/dahme-heideseen\/?s={search_term_string}"},"query-input":"required name=search_term_string"}],"inLanguage":"de"},{"@type":"Person","@id":"https:\/\/www.naturparkmagazin.de\/dahme-heideseen\/#\/schema\/person\/a0510aafafdf8183c95fc98faf0c9f21","name":"Astrid Osenbr\u00fcck","sameAs":["http:\/\/www.dahme-heideseen-naturpark.de"],"url":"https:\/\/www.naturparkmagazin.de\/dahme-heideseen\/author\/astridosenbrueck\/"}]}},"_links":{"self":[{"href":"https:\/\/www.naturparkmagazin.de\/dahme-heideseen\/wp-json\/wp\/v2\/posts\/5035"}],"collection":[{"href":"https:\/\/www.naturparkmagazin.de\/dahme-heideseen\/wp-json\/wp\/v2\/posts"}],"about":[{"href":"https:\/\/www.naturparkmagazin.de\/dahme-heideseen\/wp-json\/wp\/v2\/types\/post"}],"author":[{"embeddable":true,"href":"https:\/\/www.naturparkmagazin.de\/dahme-heideseen\/wp-json\/wp\/v2\/users\/83"}],"replies":[{"embeddable":true,"href":"https:\/\/www.naturparkmagazin.de\/dahme-heideseen\/wp-json\/wp\/v2\/comments?post=5035"}],"version-history":[{"count":4,"href":"https:\/\/www.naturparkmagazin.de\/dahme-heideseen\/wp-json\/wp\/v2\/posts\/5035\/revisions"}],"predecessor-version":[{"id":5050,"href":"https:\/\/www.naturparkmagazin.de\/dahme-heideseen\/wp-json\/wp\/v2\/posts\/5035\/revisions\/5050"}],"wp:featuredmedia":[{"embeddable":true,"href":"https:\/\/www.naturparkmagazin.de\/dahme-heideseen\/wp-json\/wp\/v2\/media\/5049"}],"wp:attachment":[{"href":"https:\/\/www.naturparkmagazin.de\/dahme-heideseen\/wp-json\/wp\/v2\/media?parent=5035"}],"wp:term":[{"taxonomy":"category","embeddable":true,"href":"https:\/\/www.naturparkmagazin.de\/dahme-heideseen\/wp-json\/wp\/v2\/categories?post=5035"},{"taxonomy":"post_tag","embeddable":true,"href":"https:\/\/www.naturparkmagazin.de\/dahme-heideseen\/wp-json\/wp\/v2\/tags?post=5035"}],"curies":[{"name":"wp","href":"https:\/\/api.w.org\/{rel}","templated":true}]}}