{"id":504,"date":"2014-05-20T08:45:38","date_gmt":"2014-05-20T06:45:38","guid":{"rendered":"http:\/\/www.naturparkmagazin.de\/dahme-heideseen\/?p=504"},"modified":"2014-05-26T11:50:20","modified_gmt":"2014-05-26T09:50:20","slug":"wolfsmilchschwaermer-schmetterling-des-jahres-2014","status":"publish","type":"post","link":"https:\/\/www.naturparkmagazin.de\/dahme-heideseen\/wolfsmilchschwaermer-schmetterling-des-jahres-2014\/","title":{"rendered":"Wolfsmilchschw\u00e4rmer &#8211; Schmetterling des Jahres 2014"},"content":{"rendered":"<p>In loser Folge stellen wir Ihnen durch das Jahr die Natur des Jahres 2014 vor. <!--more-->\nDer Wolfsmilchschw\u00e4rmer, ein Nachtfalter, geh\u00f6rt zu unseren sch\u00f6nsten wie gr\u00f6\u00dften Schmetterlingen. Der Name verr\u00e4t es, die Raupen ern\u00e4hren sich vorrangig von Wolfsmilcharten. Die h\u00e4ufigste Art aus der Pflanzenfamilie ist bei uns die Zypressen-Wolfsmilch. Wir finden sie in Trockenrasen, in S\u00e4umen, an Bahnd\u00e4mmen und in ehemaligen Kiesgruben. Die Bilder\u00a0 sind im Naturschutzgebiet P\u00e4tzer Kiesgrube aufgenommen und zeigen das Portrait einer Schmetterlingsraupe und einen fertigen Schmetterling<\/p>\n<p><a title=\"BUND-NRW Naturschutzstiftung\" href=\"http:\/\/www.bund-nrw-naturschutzstiftung.de\" target=\"_blank\">Ausgew\u00e4hlt von BUND NRW \u2013 Naturschutzstiftung<\/a><\/p>\n<div id=\"attachment_506\" style=\"width: 630px\" class=\"wp-caption aligncenter\"><a href=\"https:\/\/www.naturparkmagazin.de\/dahme-heideseen\/wp-content\/uploads\/sites\/37\/IMG_20140127_111404.jpg\"><img aria-describedby=\"caption-attachment-506\" decoding=\"async\" loading=\"lazy\" class=\"size-medium wp-image-506\" alt=\"Wolfsmilchschw\u00e4rmer Foto: W. Klaeber (www.bildarchiv-nabu-dahmeland.de)\" src=\"https:\/\/www.naturparkmagazin.de\/dahme-heideseen\/wp-content\/uploads\/sites\/37\/IMG_20140127_111404-620x465.jpg\" width=\"620\" height=\"465\" srcset=\"https:\/\/www.naturparkmagazin.de\/dahme-heideseen\/wp-content\/uploads\/sites\/37\/IMG_20140127_111404-620x465.jpg 620w, https:\/\/www.naturparkmagazin.de\/dahme-heideseen\/wp-content\/uploads\/sites\/37\/IMG_20140127_111404-300x225.jpg 300w, https:\/\/www.naturparkmagazin.de\/dahme-heideseen\/wp-content\/uploads\/sites\/37\/IMG_20140127_111404-580x435.jpg 580w, https:\/\/www.naturparkmagazin.de\/dahme-heideseen\/wp-content\/uploads\/sites\/37\/IMG_20140127_111404-420x315.jpg 420w, https:\/\/www.naturparkmagazin.de\/dahme-heideseen\/wp-content\/uploads\/sites\/37\/IMG_20140127_111404-180x135.jpg 180w, https:\/\/www.naturparkmagazin.de\/dahme-heideseen\/wp-content\/uploads\/sites\/37\/IMG_20140127_111404-95x71.jpg 95w, https:\/\/www.naturparkmagazin.de\/dahme-heideseen\/wp-content\/uploads\/sites\/37\/IMG_20140127_111404-200x150.jpg 200w, https:\/\/www.naturparkmagazin.de\/dahme-heideseen\/wp-content\/uploads\/sites\/37\/IMG_20140127_111404.jpg 640w\" sizes=\"(max-width: 620px) 100vw, 620px\" \/><\/a><p id=\"caption-attachment-506\" class=\"wp-caption-text\">Wolfsmilchschw\u00e4rmerFoto: W. Klaeber (www.bildarchiv-nabu-dahmeland.de)<\/p><\/div>\n<p><a title=\"Bidarchiv NABU Dahmeland\" href=\"http:\/\/www.bildarchiv-nabu-dahmeland.de\" target=\"_blank\">Weitere Naturaufnahmen aus dem Dahmeland finden sie im Bildarchiv des NABU Dahmeland<\/a><\/p>\n<dl class=\"wp-caption aligncenter\" id=\"attachment_505\" style=\"width: 630px\">\n<dt class=\"wp-caption-dt\"><\/dt>\n<dd class=\"wp-caption-dd\"><\/dd>\n<\/dl>\n<p>&nbsp;<\/p>\n<p>&nbsp;<\/p>\n<p>&nbsp;<\/p>\n<p>&nbsp;<\/p>\n","protected":false},"excerpt":{"rendered":"<p>In loser Folge stellen wir Ihnen durch das Jahr die Natur des Jahres 2014 vor. Der Wolfsmilchschw\u00e4rmer,  geh\u00f6rt zu unseren sch\u00f6nsten wie gr\u00f6\u00dften Schmetterlingen.<\/p>\n","protected":false},"author":48,"featured_media":506,"comment_status":"open","ping_status":"open","sticky":false,"template":"","format":"standard","meta":[],"categories":[7],"tags":[],"yoast_head":"<!-- This site is optimized with the Yoast SEO plugin v19.10 - https:\/\/yoast.com\/wordpress\/plugins\/seo\/ -->\n<title>Wolfsmilchschw\u00e4rmer - Schmetterling des Jahres 2014 - Naturpark Dahme-Heideseen<\/title>\n<meta name=\"robots\" content=\"index, follow, max-snippet:-1, max-image-preview:large, max-video-preview:-1\" \/>\n<link rel=\"canonical\" href=\"https:\/\/www.naturparkmagazin.de\/dahme-heideseen\/wolfsmilchschwaermer-schmetterling-des-jahres-2014\/\" \/>\n<meta property=\"og:locale\" content=\"de_DE\" \/>\n<meta property=\"og:type\" content=\"article\" \/>\n<meta property=\"og:title\" content=\"Wolfsmilchschw\u00e4rmer - Schmetterling des Jahres 2014 - Naturpark Dahme-Heideseen\" \/>\n<meta property=\"og:description\" content=\"In loser Folge stellen wir Ihnen durch das Jahr die Natur des Jahres 2014 vor. Der Wolfsmilchschw\u00e4rmer, geh\u00f6rt zu unseren sch\u00f6nsten wie gr\u00f6\u00dften Schmetterlingen.\" \/>\n<meta property=\"og:url\" content=\"https:\/\/www.naturparkmagazin.de\/dahme-heideseen\/wolfsmilchschwaermer-schmetterling-des-jahres-2014\/\" \/>\n<meta property=\"og:site_name\" content=\"Naturpark Dahme-Heideseen\" \/>\n<meta property=\"article:published_time\" content=\"2014-05-20T06:45:38+00:00\" \/>\n<meta property=\"article:modified_time\" content=\"2014-05-26T09:50:20+00:00\" \/>\n<meta property=\"og:image\" content=\"https:\/\/www.naturparkmagazin.de\/dahme-heideseen\/wp-content\/uploads\/sites\/37\/IMG_20140127_111404.jpg\" \/>\n\t<meta property=\"og:image:width\" content=\"640\" \/>\n\t<meta property=\"og:image:height\" content=\"480\" \/>\n\t<meta property=\"og:image:type\" content=\"image\/jpeg\" \/>\n<meta name=\"author\" content=\"hanssonnenberg\" \/>\n<meta name=\"twitter:label1\" content=\"Verfasst von\" \/>\n\t<meta name=\"twitter:data1\" content=\"hanssonnenberg\" \/>\n\t<meta name=\"twitter:label2\" content=\"Gesch\u00e4tzte Lesezeit\" \/>\n\t<meta name=\"twitter:data2\" content=\"1\u00a0Minute\" \/>\n<script type=\"application\/ld+json\" class=\"yoast-schema-graph\">{\"@context\":\"https:\/\/schema.org\",\"@graph\":[{\"@type\":\"WebPage\",\"@id\":\"https:\/\/www.naturparkmagazin.de\/dahme-heideseen\/wolfsmilchschwaermer-schmetterling-des-jahres-2014\/\",\"url\":\"https:\/\/www.naturparkmagazin.de\/dahme-heideseen\/wolfsmilchschwaermer-schmetterling-des-jahres-2014\/\",\"name\":\"Wolfsmilchschw\u00e4rmer - Schmetterling des Jahres 2014 - Naturpark Dahme-Heideseen\",\"isPartOf\":{\"@id\":\"https:\/\/www.naturparkmagazin.de\/dahme-heideseen\/#website\"},\"datePublished\":\"2014-05-20T06:45:38+00:00\",\"dateModified\":\"2014-05-26T09:50:20+00:00\",\"author\":{\"@id\":\"https:\/\/www.naturparkmagazin.de\/dahme-heideseen\/#\/schema\/person\/c81c96c3a1f5ee7bffff8b8022c105f0\"},\"breadcrumb\":{\"@id\":\"https:\/\/www.naturparkmagazin.de\/dahme-heideseen\/wolfsmilchschwaermer-schmetterling-des-jahres-2014\/#breadcrumb\"},\"inLanguage\":\"de\",\"potentialAction\":[{\"@type\":\"ReadAction\",\"target\":[\"https:\/\/www.naturparkmagazin.de\/dahme-heideseen\/wolfsmilchschwaermer-schmetterling-des-jahres-2014\/\"]}]},{\"@type\":\"BreadcrumbList\",\"@id\":\"https:\/\/www.naturparkmagazin.de\/dahme-heideseen\/wolfsmilchschwaermer-schmetterling-des-jahres-2014\/#breadcrumb\",\"itemListElement\":[{\"@type\":\"ListItem\",\"position\":1,\"name\":\"Home\",\"item\":\"https:\/\/www.naturparkmagazin.de\/dahme-heideseen\/\"},{\"@type\":\"ListItem\",\"position\":2,\"name\":\"Wolfsmilchschw\u00e4rmer &#8211; Schmetterling des Jahres 2014\"}]},{\"@type\":\"WebSite\",\"@id\":\"https:\/\/www.naturparkmagazin.de\/dahme-heideseen\/#website\",\"url\":\"https:\/\/www.naturparkmagazin.de\/dahme-heideseen\/\",\"name\":\"Naturpark Dahme-Heideseen\",\"description\":\"\",\"potentialAction\":[{\"@type\":\"SearchAction\",\"target\":{\"@type\":\"EntryPoint\",\"urlTemplate\":\"https:\/\/www.naturparkmagazin.de\/dahme-heideseen\/?s={search_term_string}\"},\"query-input\":\"required name=search_term_string\"}],\"inLanguage\":\"de\"},{\"@type\":\"Person\",\"@id\":\"https:\/\/www.naturparkmagazin.de\/dahme-heideseen\/#\/schema\/person\/c81c96c3a1f5ee7bffff8b8022c105f0\",\"name\":\"hanssonnenberg\",\"url\":\"https:\/\/www.naturparkmagazin.de\/dahme-heideseen\/author\/hanssonnenberg\/\"}]}<\/script>\n<!-- \/ Yoast SEO plugin. -->","yoast_head_json":{"title":"Wolfsmilchschw\u00e4rmer - Schmetterling des Jahres 2014 - Naturpark Dahme-Heideseen","robots":{"index":"index","follow":"follow","max-snippet":"max-snippet:-1","max-image-preview":"max-image-preview:large","max-video-preview":"max-video-preview:-1"},"canonical":"https:\/\/www.naturparkmagazin.de\/dahme-heideseen\/wolfsmilchschwaermer-schmetterling-des-jahres-2014\/","og_locale":"de_DE","og_type":"article","og_title":"Wolfsmilchschw\u00e4rmer - Schmetterling des Jahres 2014 - Naturpark Dahme-Heideseen","og_description":"In loser Folge stellen wir Ihnen durch das Jahr die Natur des Jahres 2014 vor. Der Wolfsmilchschw\u00e4rmer, geh\u00f6rt zu unseren sch\u00f6nsten wie gr\u00f6\u00dften Schmetterlingen.","og_url":"https:\/\/www.naturparkmagazin.de\/dahme-heideseen\/wolfsmilchschwaermer-schmetterling-des-jahres-2014\/","og_site_name":"Naturpark Dahme-Heideseen","article_published_time":"2014-05-20T06:45:38+00:00","article_modified_time":"2014-05-26T09:50:20+00:00","og_image":[{"width":640,"height":480,"url":"https:\/\/www.naturparkmagazin.de\/dahme-heideseen\/wp-content\/uploads\/sites\/37\/IMG_20140127_111404.jpg","type":"image\/jpeg"}],"author":"hanssonnenberg","twitter_misc":{"Verfasst von":"hanssonnenberg","Gesch\u00e4tzte Lesezeit":"1\u00a0Minute"},"schema":{"@context":"https:\/\/schema.org","@graph":[{"@type":"WebPage","@id":"https:\/\/www.naturparkmagazin.de\/dahme-heideseen\/wolfsmilchschwaermer-schmetterling-des-jahres-2014\/","url":"https:\/\/www.naturparkmagazin.de\/dahme-heideseen\/wolfsmilchschwaermer-schmetterling-des-jahres-2014\/","name":"Wolfsmilchschw\u00e4rmer - Schmetterling des Jahres 2014 - Naturpark Dahme-Heideseen","isPartOf":{"@id":"https:\/\/www.naturparkmagazin.de\/dahme-heideseen\/#website"},"datePublished":"2014-05-20T06:45:38+00:00","dateModified":"2014-05-26T09:50:20+00:00","author":{"@id":"https:\/\/www.naturparkmagazin.de\/dahme-heideseen\/#\/schema\/person\/c81c96c3a1f5ee7bffff8b8022c105f0"},"breadcrumb":{"@id":"https:\/\/www.naturparkmagazin.de\/dahme-heideseen\/wolfsmilchschwaermer-schmetterling-des-jahres-2014\/#breadcrumb"},"inLanguage":"de","potentialAction":[{"@type":"ReadAction","target":["https:\/\/www.naturparkmagazin.de\/dahme-heideseen\/wolfsmilchschwaermer-schmetterling-des-jahres-2014\/"]}]},{"@type":"BreadcrumbList","@id":"https:\/\/www.naturparkmagazin.de\/dahme-heideseen\/wolfsmilchschwaermer-schmetterling-des-jahres-2014\/#breadcrumb","itemListElement":[{"@type":"ListItem","position":1,"name":"Home","item":"https:\/\/www.naturparkmagazin.de\/dahme-heideseen\/"},{"@type":"ListItem","position":2,"name":"Wolfsmilchschw\u00e4rmer &#8211; Schmetterling des Jahres 2014"}]},{"@type":"WebSite","@id":"https:\/\/www.naturparkmagazin.de\/dahme-heideseen\/#website","url":"https:\/\/www.naturparkmagazin.de\/dahme-heideseen\/","name":"Naturpark Dahme-Heideseen","description":"","potentialAction":[{"@type":"SearchAction","target":{"@type":"EntryPoint","urlTemplate":"https:\/\/www.naturparkmagazin.de\/dahme-heideseen\/?s={search_term_string}"},"query-input":"required name=search_term_string"}],"inLanguage":"de"},{"@type":"Person","@id":"https:\/\/www.naturparkmagazin.de\/dahme-heideseen\/#\/schema\/person\/c81c96c3a1f5ee7bffff8b8022c105f0","name":"hanssonnenberg","url":"https:\/\/www.naturparkmagazin.de\/dahme-heideseen\/author\/hanssonnenberg\/"}]}},"_links":{"self":[{"href":"https:\/\/www.naturparkmagazin.de\/dahme-heideseen\/wp-json\/wp\/v2\/posts\/504"}],"collection":[{"href":"https:\/\/www.naturparkmagazin.de\/dahme-heideseen\/wp-json\/wp\/v2\/posts"}],"about":[{"href":"https:\/\/www.naturparkmagazin.de\/dahme-heideseen\/wp-json\/wp\/v2\/types\/post"}],"author":[{"embeddable":true,"href":"https:\/\/www.naturparkmagazin.de\/dahme-heideseen\/wp-json\/wp\/v2\/users\/48"}],"replies":[{"embeddable":true,"href":"https:\/\/www.naturparkmagazin.de\/dahme-heideseen\/wp-json\/wp\/v2\/comments?post=504"}],"version-history":[{"count":4,"href":"https:\/\/www.naturparkmagazin.de\/dahme-heideseen\/wp-json\/wp\/v2\/posts\/504\/revisions"}],"predecessor-version":[{"id":521,"href":"https:\/\/www.naturparkmagazin.de\/dahme-heideseen\/wp-json\/wp\/v2\/posts\/504\/revisions\/521"}],"wp:featuredmedia":[{"embeddable":true,"href":"https:\/\/www.naturparkmagazin.de\/dahme-heideseen\/wp-json\/wp\/v2\/media\/506"}],"wp:attachment":[{"href":"https:\/\/www.naturparkmagazin.de\/dahme-heideseen\/wp-json\/wp\/v2\/media?parent=504"}],"wp:term":[{"taxonomy":"category","embeddable":true,"href":"https:\/\/www.naturparkmagazin.de\/dahme-heideseen\/wp-json\/wp\/v2\/categories?post=504"},{"taxonomy":"post_tag","embeddable":true,"href":"https:\/\/www.naturparkmagazin.de\/dahme-heideseen\/wp-json\/wp\/v2\/tags?post=504"}],"curies":[{"name":"wp","href":"https:\/\/api.w.org\/{rel}","templated":true}]}}