{"id":5076,"date":"2023-05-20T09:06:47","date_gmt":"2023-05-20T07:06:47","guid":{"rendered":"https:\/\/www.naturparkmagazin.de\/dahme-heideseen\/?p=5076"},"modified":"2023-05-24T09:06:57","modified_gmt":"2023-05-24T07:06:57","slug":"oekofilmfest-in-prieros-das-klima-und-ich-action-for-future","status":"publish","type":"post","link":"https:\/\/www.naturparkmagazin.de\/dahme-heideseen\/oekofilmfest-in-prieros-das-klima-und-ich-action-for-future\/","title":{"rendered":"\u00d6kofilmfest in Prieros: Das Klima und ich \u2013 Action for Future"},"content":{"rendered":"<p><strong>Im Rahmen der 18. \u00d6kofilmtour macht die Thementour von Engagement Global am 2. Juni Station im Infopunkt Prieros. Nach der Er\u00f6ffnung mit dem Film \u201eMein Fu\u00dfabdruck, das Klima und ich\u201c geht es bei der anschlie\u00dfenden Diskussion um die Frage, wie wir vom Wissen zum Handeln kommen. Die kostenfreie Veranstaltung ist von 17 bis 19:15 Uhr geplant und richtet sich nicht nur an junge Menschen<\/strong><strong>.<\/strong><\/p>\n<p>Mehr Klimaschutz bewirken, wie k\u00f6nnen wir uns daf\u00fcr engagieren? Was motiviert uns und was hindert uns daran, aktiv zu werden? Diese Fragen stehen bei der Veranstaltung am 2. Juni im Vordergrund.<\/p>\n<p>Zum Einstieg wird der Film \u201eMein Fu\u00dfabdruck, das Klima und ich\u201c im Rahmen der \u00d6kofilmtour gezeigt. Darin wagt die Regisseurin des Films, Anna Marohn, mit ihrer Familie einen Selbstversuch, wie viel jeder Einzelne zum Klimaschutz beitragen kann. Anschlie\u00dfend steht sie f\u00fcr Fragen und Diskussion bereit. Die Anwesenden k\u00f6nnen sich au\u00dferdem mit jungen Klimaschutz-Aktiven aus Peru und Brandenburg austauschen, wie man gemeinsam lokal und global ins Handeln kommen k\u00f6nnte.<\/p>\n<p>Die Veranstaltung richtet sich an Menschen jeden Alters. Bereits ab 16:30 laden Snacks und Getr\u00e4nke sowie ein Markt der M\u00f6glichkeiten mit lokalen Initiativen zu Austausch und Gespr\u00e4ch ein.<\/p>\n<p>G\u00e4ste:\u00a0 Anna Marohn, Regisseurin\nAmanda Luna Tacunan, MamaKiya e.V. aus Peru\nLea Potrafke, Jugend Forum Nachhaltigkeit Brandenburg (JuFoNa)<\/p>\n<p><strong>Anmeldung erw\u00fcnscht bis 1. Juni <\/strong>unter <a href=\"https:\/\/www.engagement-global.de\/brandenburger-thementour-2023.html\" target=\"_blank\" rel=\"noopener noreferrer\">https:\/\/www.engagement-global.de\/brandenburger-thementour-2023.html<\/a> oder Telefon: 030-254823444<\/p>\n<p>Die kostenlose Veranstaltung wird von Engagement Global gGmbH im Rahmen des Programms Entwicklungsbezogene Bildung in Deutschland (EBD) und in Kooperation mit dem F\u00f6rderverein f\u00fcr \u00d6ffentlichkeitsarbeit im Natur- und Umweltschutz e.V. (F\u00d6N e.V.) und in Zusammenarbeit mit dem Naturpark Dahme-Heideseen durchgef\u00fchrt.<\/p>\n<p>&nbsp;<\/p>\n<p>Veranstaltungsort: <strong>Infopunkt Prieros | <\/strong>Arnold-Breithor-Str. 8 | 15754 Heidesee OT Prieros | <span class=\"accessibility\">Telefon <\/span>033768-969 0<\/p>\n<p>&nbsp;<\/p>\n<p>Veranstalter: Engagement Global gGmbH | <span class=\"accessibility\">Telefon <\/span>030-254823444 | <span class=\"accessibility\">E-Mail<\/span><a href=\"https:\/\/www.dahme-heideseen-naturpark.de\/service\/kontakt\/?tx_snmlugv_pi6%5Bcontact%5D=18176&amp;tx_snmlugv_pi6%5Bdate%5D=1&amp;cHash=6935fdbec7055459a730b6d308faa9ec\"> https:\/\/www(dot)engagement-global(dot)de\/brandenburger-thementour-2023(dot)html <\/a><\/p>\n","protected":false},"excerpt":{"rendered":"<p>Film und Diskussion mit der Regisseurin Anna Marohn und jungen Klimaschutz-Aktiven aus Peru und Brandenburg<\/p>\n","protected":false},"author":83,"featured_media":5062,"comment_status":"open","ping_status":"open","sticky":false,"template":"","format":"standard","meta":[],"categories":[11],"tags":[],"yoast_head":"<!-- This site is optimized with the Yoast SEO plugin v19.10 - https:\/\/yoast.com\/wordpress\/plugins\/seo\/ -->\n<title>\u00d6kofilmfest in Prieros: Das Klima und ich \u2013 Action for Future - Naturpark Dahme-Heideseen<\/title>\n<meta name=\"robots\" content=\"index, follow, max-snippet:-1, max-image-preview:large, max-video-preview:-1\" \/>\n<link rel=\"canonical\" href=\"https:\/\/www.naturparkmagazin.de\/dahme-heideseen\/oekofilmfest-in-prieros-das-klima-und-ich-action-for-future\/\" \/>\n<meta property=\"og:locale\" content=\"de_DE\" \/>\n<meta property=\"og:type\" content=\"article\" \/>\n<meta property=\"og:title\" content=\"\u00d6kofilmfest in Prieros: Das Klima und ich \u2013 Action for Future - Naturpark Dahme-Heideseen\" \/>\n<meta property=\"og:description\" content=\"Film und Diskussion mit der Regisseurin Anna Marohn und jungen Klimaschutz-Aktiven aus Peru und Brandenburg\" \/>\n<meta property=\"og:url\" content=\"https:\/\/www.naturparkmagazin.de\/dahme-heideseen\/oekofilmfest-in-prieros-das-klima-und-ich-action-for-future\/\" \/>\n<meta property=\"og:site_name\" content=\"Naturpark Dahme-Heideseen\" \/>\n<meta property=\"article:published_time\" content=\"2023-05-20T07:06:47+00:00\" \/>\n<meta property=\"article:modified_time\" content=\"2023-05-24T07:06:57+00:00\" \/>\n<meta property=\"og:image\" content=\"https:\/\/www.naturparkmagazin.de\/dahme-heideseen\/wp-content\/uploads\/sites\/37\/Oekofilmfest.jpg\" \/>\n\t<meta property=\"og:image:width\" content=\"1215\" \/>\n\t<meta property=\"og:image:height\" content=\"1306\" \/>\n\t<meta property=\"og:image:type\" content=\"image\/jpeg\" \/>\n<meta name=\"author\" content=\"Astrid Osenbr\u00fcck\" \/>\n<meta name=\"twitter:label1\" content=\"Verfasst von\" \/>\n\t<meta name=\"twitter:data1\" content=\"Astrid Osenbr\u00fcck\" \/>\n\t<meta name=\"twitter:label2\" content=\"Gesch\u00e4tzte Lesezeit\" \/>\n\t<meta name=\"twitter:data2\" content=\"2\u00a0Minuten\" \/>\n<script type=\"application\/ld+json\" class=\"yoast-schema-graph\">{\"@context\":\"https:\/\/schema.org\",\"@graph\":[{\"@type\":\"WebPage\",\"@id\":\"https:\/\/www.naturparkmagazin.de\/dahme-heideseen\/oekofilmfest-in-prieros-das-klima-und-ich-action-for-future\/\",\"url\":\"https:\/\/www.naturparkmagazin.de\/dahme-heideseen\/oekofilmfest-in-prieros-das-klima-und-ich-action-for-future\/\",\"name\":\"\u00d6kofilmfest in Prieros: Das Klima und ich \u2013 Action for Future - Naturpark Dahme-Heideseen\",\"isPartOf\":{\"@id\":\"https:\/\/www.naturparkmagazin.de\/dahme-heideseen\/#website\"},\"datePublished\":\"2023-05-20T07:06:47+00:00\",\"dateModified\":\"2023-05-24T07:06:57+00:00\",\"author\":{\"@id\":\"https:\/\/www.naturparkmagazin.de\/dahme-heideseen\/#\/schema\/person\/a0510aafafdf8183c95fc98faf0c9f21\"},\"breadcrumb\":{\"@id\":\"https:\/\/www.naturparkmagazin.de\/dahme-heideseen\/oekofilmfest-in-prieros-das-klima-und-ich-action-for-future\/#breadcrumb\"},\"inLanguage\":\"de\",\"potentialAction\":[{\"@type\":\"ReadAction\",\"target\":[\"https:\/\/www.naturparkmagazin.de\/dahme-heideseen\/oekofilmfest-in-prieros-das-klima-und-ich-action-for-future\/\"]}]},{\"@type\":\"BreadcrumbList\",\"@id\":\"https:\/\/www.naturparkmagazin.de\/dahme-heideseen\/oekofilmfest-in-prieros-das-klima-und-ich-action-for-future\/#breadcrumb\",\"itemListElement\":[{\"@type\":\"ListItem\",\"position\":1,\"name\":\"Home\",\"item\":\"https:\/\/www.naturparkmagazin.de\/dahme-heideseen\/\"},{\"@type\":\"ListItem\",\"position\":2,\"name\":\"\u00d6kofilmfest in Prieros: Das Klima und ich \u2013 Action for Future\"}]},{\"@type\":\"WebSite\",\"@id\":\"https:\/\/www.naturparkmagazin.de\/dahme-heideseen\/#website\",\"url\":\"https:\/\/www.naturparkmagazin.de\/dahme-heideseen\/\",\"name\":\"Naturpark Dahme-Heideseen\",\"description\":\"\",\"potentialAction\":[{\"@type\":\"SearchAction\",\"target\":{\"@type\":\"EntryPoint\",\"urlTemplate\":\"https:\/\/www.naturparkmagazin.de\/dahme-heideseen\/?s={search_term_string}\"},\"query-input\":\"required name=search_term_string\"}],\"inLanguage\":\"de\"},{\"@type\":\"Person\",\"@id\":\"https:\/\/www.naturparkmagazin.de\/dahme-heideseen\/#\/schema\/person\/a0510aafafdf8183c95fc98faf0c9f21\",\"name\":\"Astrid Osenbr\u00fcck\",\"sameAs\":[\"http:\/\/www.dahme-heideseen-naturpark.de\"],\"url\":\"https:\/\/www.naturparkmagazin.de\/dahme-heideseen\/author\/astridosenbrueck\/\"}]}<\/script>\n<!-- \/ Yoast SEO plugin. -->","yoast_head_json":{"title":"\u00d6kofilmfest in Prieros: Das Klima und ich \u2013 Action for Future - Naturpark Dahme-Heideseen","robots":{"index":"index","follow":"follow","max-snippet":"max-snippet:-1","max-image-preview":"max-image-preview:large","max-video-preview":"max-video-preview:-1"},"canonical":"https:\/\/www.naturparkmagazin.de\/dahme-heideseen\/oekofilmfest-in-prieros-das-klima-und-ich-action-for-future\/","og_locale":"de_DE","og_type":"article","og_title":"\u00d6kofilmfest in Prieros: Das Klima und ich \u2013 Action for Future - Naturpark Dahme-Heideseen","og_description":"Film und Diskussion mit der Regisseurin Anna Marohn und jungen Klimaschutz-Aktiven aus Peru und Brandenburg","og_url":"https:\/\/www.naturparkmagazin.de\/dahme-heideseen\/oekofilmfest-in-prieros-das-klima-und-ich-action-for-future\/","og_site_name":"Naturpark Dahme-Heideseen","article_published_time":"2023-05-20T07:06:47+00:00","article_modified_time":"2023-05-24T07:06:57+00:00","og_image":[{"width":1215,"height":1306,"url":"https:\/\/www.naturparkmagazin.de\/dahme-heideseen\/wp-content\/uploads\/sites\/37\/Oekofilmfest.jpg","type":"image\/jpeg"}],"author":"Astrid Osenbr\u00fcck","twitter_misc":{"Verfasst von":"Astrid Osenbr\u00fcck","Gesch\u00e4tzte Lesezeit":"2\u00a0Minuten"},"schema":{"@context":"https:\/\/schema.org","@graph":[{"@type":"WebPage","@id":"https:\/\/www.naturparkmagazin.de\/dahme-heideseen\/oekofilmfest-in-prieros-das-klima-und-ich-action-for-future\/","url":"https:\/\/www.naturparkmagazin.de\/dahme-heideseen\/oekofilmfest-in-prieros-das-klima-und-ich-action-for-future\/","name":"\u00d6kofilmfest in Prieros: Das Klima und ich \u2013 Action for Future - Naturpark Dahme-Heideseen","isPartOf":{"@id":"https:\/\/www.naturparkmagazin.de\/dahme-heideseen\/#website"},"datePublished":"2023-05-20T07:06:47+00:00","dateModified":"2023-05-24T07:06:57+00:00","author":{"@id":"https:\/\/www.naturparkmagazin.de\/dahme-heideseen\/#\/schema\/person\/a0510aafafdf8183c95fc98faf0c9f21"},"breadcrumb":{"@id":"https:\/\/www.naturparkmagazin.de\/dahme-heideseen\/oekofilmfest-in-prieros-das-klima-und-ich-action-for-future\/#breadcrumb"},"inLanguage":"de","potentialAction":[{"@type":"ReadAction","target":["https:\/\/www.naturparkmagazin.de\/dahme-heideseen\/oekofilmfest-in-prieros-das-klima-und-ich-action-for-future\/"]}]},{"@type":"BreadcrumbList","@id":"https:\/\/www.naturparkmagazin.de\/dahme-heideseen\/oekofilmfest-in-prieros-das-klima-und-ich-action-for-future\/#breadcrumb","itemListElement":[{"@type":"ListItem","position":1,"name":"Home","item":"https:\/\/www.naturparkmagazin.de\/dahme-heideseen\/"},{"@type":"ListItem","position":2,"name":"\u00d6kofilmfest in Prieros: Das Klima und ich \u2013 Action for Future"}]},{"@type":"WebSite","@id":"https:\/\/www.naturparkmagazin.de\/dahme-heideseen\/#website","url":"https:\/\/www.naturparkmagazin.de\/dahme-heideseen\/","name":"Naturpark Dahme-Heideseen","description":"","potentialAction":[{"@type":"SearchAction","target":{"@type":"EntryPoint","urlTemplate":"https:\/\/www.naturparkmagazin.de\/dahme-heideseen\/?s={search_term_string}"},"query-input":"required name=search_term_string"}],"inLanguage":"de"},{"@type":"Person","@id":"https:\/\/www.naturparkmagazin.de\/dahme-heideseen\/#\/schema\/person\/a0510aafafdf8183c95fc98faf0c9f21","name":"Astrid Osenbr\u00fcck","sameAs":["http:\/\/www.dahme-heideseen-naturpark.de"],"url":"https:\/\/www.naturparkmagazin.de\/dahme-heideseen\/author\/astridosenbrueck\/"}]}},"_links":{"self":[{"href":"https:\/\/www.naturparkmagazin.de\/dahme-heideseen\/wp-json\/wp\/v2\/posts\/5076"}],"collection":[{"href":"https:\/\/www.naturparkmagazin.de\/dahme-heideseen\/wp-json\/wp\/v2\/posts"}],"about":[{"href":"https:\/\/www.naturparkmagazin.de\/dahme-heideseen\/wp-json\/wp\/v2\/types\/post"}],"author":[{"embeddable":true,"href":"https:\/\/www.naturparkmagazin.de\/dahme-heideseen\/wp-json\/wp\/v2\/users\/83"}],"replies":[{"embeddable":true,"href":"https:\/\/www.naturparkmagazin.de\/dahme-heideseen\/wp-json\/wp\/v2\/comments?post=5076"}],"version-history":[{"count":1,"href":"https:\/\/www.naturparkmagazin.de\/dahme-heideseen\/wp-json\/wp\/v2\/posts\/5076\/revisions"}],"predecessor-version":[{"id":5077,"href":"https:\/\/www.naturparkmagazin.de\/dahme-heideseen\/wp-json\/wp\/v2\/posts\/5076\/revisions\/5077"}],"wp:featuredmedia":[{"embeddable":true,"href":"https:\/\/www.naturparkmagazin.de\/dahme-heideseen\/wp-json\/wp\/v2\/media\/5062"}],"wp:attachment":[{"href":"https:\/\/www.naturparkmagazin.de\/dahme-heideseen\/wp-json\/wp\/v2\/media?parent=5076"}],"wp:term":[{"taxonomy":"category","embeddable":true,"href":"https:\/\/www.naturparkmagazin.de\/dahme-heideseen\/wp-json\/wp\/v2\/categories?post=5076"},{"taxonomy":"post_tag","embeddable":true,"href":"https:\/\/www.naturparkmagazin.de\/dahme-heideseen\/wp-json\/wp\/v2\/tags?post=5076"}],"curies":[{"name":"wp","href":"https:\/\/api.w.org\/{rel}","templated":true}]}}