{"id":5079,"date":"2023-05-20T13:14:48","date_gmt":"2023-05-20T11:14:48","guid":{"rendered":"https:\/\/www.naturparkmagazin.de\/dahme-heideseen\/?p=5079"},"modified":"2023-05-24T13:17:15","modified_gmt":"2023-05-24T11:17:15","slug":"mehr-als-nur-honig-neue-wanderausstellung-zu-heimischen-wildbienen","status":"publish","type":"post","link":"https:\/\/www.naturparkmagazin.de\/dahme-heideseen\/mehr-als-nur-honig-neue-wanderausstellung-zu-heimischen-wildbienen\/","title":{"rendered":"Mehr als nur Honig: neue Wanderausstellung zu heimischen Wildbienen"},"content":{"rendered":"<p>Ende Mai wurde die neue Wanderausstellung \u201eWildbienen \u2013 hoch bedroht und unverzichtbar\u201c im Naturgut K\u00f6llnitz in Gro\u00df Schauen (im ehemaligen Fischereimuseum) er\u00f6ffnet. Teresa Zeuner vom Naturpark Dahme-Heideseen, Holger Ackermann, Imker und Sprecher des Landes-Imkerverbands, und Christian Vieth, Gesch\u00e4ftsf\u00fchrer der Landgut K\u00f6llnitz GmbH, er\u00f6ffneten die Ausstellung.<\/p>\n<p>In Deutschland leben rund 580 Wildbienenarten. Als Best\u00e4uber sichern sie vor allem im Obst- und Gem\u00fcsebau landwirtschaftliche Ertr\u00e4ge. Dar\u00fcber hinaus erhalten sie durch ihre Best\u00e4ubungsleistung die Vielfalt an Wildblumen. Doch der Lebensraum f\u00fcr Wildbienen und andere Insekten wird knapp. Es fehlt an Nahrung und Nistm\u00f6glichkeiten. Mittlerweile steht etwa die H\u00e4lfte aller Arten auf der Roten Liste gef\u00e4hrdeter Tierarten, einige sind bereits ausgestorben oder unmittelbar vom Aussterben bedroht.<\/p>\n<p>Ursache f\u00fcr den R\u00fcckgang der Wildbienen ist neben Milben und Viren der Mensch. In den letzten Jahrzehnten haben sich unsere Landschaften ver\u00e4ndert. Neben der Intensivierung der Landwirtschaft f\u00fchren die zunehmende Bebauung von Fl\u00e4chen sowie die Bodenversiegelung zu einem Verlust von wertvollen Lebensr\u00e4umen und damit von Nahrungsfl\u00e4chen. Die Wanderausstellung zeigt, was Wildbienen zum Leben brauchen, welchen Gef\u00e4hrdungen sie ausgesetzt sind und wie wir Menschen dazu beitragen k\u00f6nnen, sie zu sch\u00fctzen und zu erhalten \u2013 beispielsweise mit einer bienenfreundlichen Gestaltung von Balkonen und G\u00e4rten. Konzipiert wurde die Ausstellung von der Deutschen Wildtier Stiftung.<\/p>\n<p>Die Ausstellung ist im <strong>Landgut K\u00f6llnitz bis zum 14. Juni 2023<\/strong> zu sehen. Ab dem 15. Juni bis zum 14. Juli 2023 wird sie im Besucherinformationszentrum des Naturparks Dahme-Heideseen auf der Burg Storkow zu sehen sein. Organisiert wurde die Ausstellung durch die Naturparkverwaltung, der Naturgut K\u00f6llnitz GmbH und dem Besucherinformationszent rum des Naturparks. Es handelt sich um ein Ergebnis der Zusammenarbeit aus dem Naturpark-Partner-Projekt \u201eKatzensprung 2.0\u201c.<\/p>\n<p>&nbsp;<\/p>\n<h2><strong>Adressen der Ausstellungsorte:<\/strong><\/h2>\n<p>&nbsp;<\/p>\n<ul>\n<li style=\"list-style-type: none\">\n<ul>\n<li><strong>bis 14. Juni: Naturgut K\u00f6llnitz, Gro\u00df Schauener Hauptstra\u00dfe 31, 15659 Storkow (Mark)<\/strong><\/li>\n<\/ul>\n<\/li>\n<\/ul>\n<p>&nbsp;<\/p>\n<ul>\n<li style=\"list-style-type: none\">\n<ul>\n<li>15. Juni bis 14. Juli: Besucherinformationszentrum Dahme-Heideseen, Burg Storkow, Schlo\u00dfstra\u00dfe 6, 15859 Storkow (Mark)<\/li>\n<\/ul>\n<\/li>\n<\/ul>\n<div id=\"attachment_5081\" style=\"width: 630px\" class=\"wp-caption alignnone\"><a href=\"https:\/\/www.naturparkmagazin.de\/dahme-heideseen\/wp-content\/uploads\/sites\/37\/Ausstellung-1.jpg\"><img aria-describedby=\"caption-attachment-5081\" decoding=\"async\" loading=\"lazy\" class=\"size-medium wp-image-5081\" src=\"https:\/\/www.naturparkmagazin.de\/dahme-heideseen\/wp-content\/uploads\/sites\/37\/Ausstellung-1-620x465.jpg\" alt=\"\" width=\"620\" height=\"465\" srcset=\"https:\/\/www.naturparkmagazin.de\/dahme-heideseen\/wp-content\/uploads\/sites\/37\/Ausstellung-1-620x465.jpg 620w, https:\/\/www.naturparkmagazin.de\/dahme-heideseen\/wp-content\/uploads\/sites\/37\/Ausstellung-1-940x705.jpg 940w, https:\/\/www.naturparkmagazin.de\/dahme-heideseen\/wp-content\/uploads\/sites\/37\/Ausstellung-1-300x225.jpg 300w, https:\/\/www.naturparkmagazin.de\/dahme-heideseen\/wp-content\/uploads\/sites\/37\/Ausstellung-1-580x435.jpg 580w, https:\/\/www.naturparkmagazin.de\/dahme-heideseen\/wp-content\/uploads\/sites\/37\/Ausstellung-1-420x315.jpg 420w, https:\/\/www.naturparkmagazin.de\/dahme-heideseen\/wp-content\/uploads\/sites\/37\/Ausstellung-1-180x135.jpg 180w, https:\/\/www.naturparkmagazin.de\/dahme-heideseen\/wp-content\/uploads\/sites\/37\/Ausstellung-1-95x71.jpg 95w, https:\/\/www.naturparkmagazin.de\/dahme-heideseen\/wp-content\/uploads\/sites\/37\/Ausstellung-1-670x503.jpg 670w, https:\/\/www.naturparkmagazin.de\/dahme-heideseen\/wp-content\/uploads\/sites\/37\/Ausstellung-1-200x150.jpg 200w, https:\/\/www.naturparkmagazin.de\/dahme-heideseen\/wp-content\/uploads\/sites\/37\/Ausstellung-1.jpg 1210w\" sizes=\"(max-width: 620px) 100vw, 620px\" \/><\/a><p id=\"caption-attachment-5081\" class=\"wp-caption-text\">Wildbienen Wanderaussstellung (\u00a9Teresa Zeuner)<\/p><\/div>\n<div id=\"attachment_5080\" style=\"width: 630px\" class=\"wp-caption alignnone\"><a href=\"https:\/\/www.naturparkmagazin.de\/dahme-heideseen\/wp-content\/uploads\/sites\/37\/Ausstellung-2.jpg\"><img aria-describedby=\"caption-attachment-5080\" decoding=\"async\" loading=\"lazy\" class=\"size-medium wp-image-5080\" src=\"https:\/\/www.naturparkmagazin.de\/dahme-heideseen\/wp-content\/uploads\/sites\/37\/Ausstellung-2-620x826.jpg\" alt=\"\" width=\"620\" height=\"826\" srcset=\"https:\/\/www.naturparkmagazin.de\/dahme-heideseen\/wp-content\/uploads\/sites\/37\/Ausstellung-2-620x826.jpg 620w, https:\/\/www.naturparkmagazin.de\/dahme-heideseen\/wp-content\/uploads\/sites\/37\/Ausstellung-2-300x400.jpg 300w, https:\/\/www.naturparkmagazin.de\/dahme-heideseen\/wp-content\/uploads\/sites\/37\/Ausstellung-2-500x667.jpg 500w, https:\/\/www.naturparkmagazin.de\/dahme-heideseen\/wp-content\/uploads\/sites\/37\/Ausstellung-2-420x560.jpg 420w, https:\/\/www.naturparkmagazin.de\/dahme-heideseen\/wp-content\/uploads\/sites\/37\/Ausstellung-2-135x180.jpg 135w, https:\/\/www.naturparkmagazin.de\/dahme-heideseen\/wp-content\/uploads\/sites\/37\/Ausstellung-2-53x71.jpg 53w, https:\/\/www.naturparkmagazin.de\/dahme-heideseen\/wp-content\/uploads\/sites\/37\/Ausstellung-2-670x893.jpg 670w, https:\/\/www.naturparkmagazin.de\/dahme-heideseen\/wp-content\/uploads\/sites\/37\/Ausstellung-2-200x267.jpg 200w, https:\/\/www.naturparkmagazin.de\/dahme-heideseen\/wp-content\/uploads\/sites\/37\/Ausstellung-2.jpg 908w\" sizes=\"(max-width: 620px) 100vw, 620px\" \/><\/a><p id=\"caption-attachment-5080\" class=\"wp-caption-text\">Wildbienen Wanderaussstellung (\u00a9Teresa Zeuner)<\/p><\/div>\n<h2>Hintergrund:<\/h2>\n<p>Der 20. Mai wurde als Weltbienentag gew\u00e4hlt, um an einen Mann zu erinnern, der viel zu unserem Wissen \u00fcber Bienen beigetragen hat: Anton Janscha, geboren am 20. Mai 1734. Er\nwar ein slowenischer Hofimkermeister, der unter anderem die erste moderne Imkerschule geleitet und zahlreiche B\u00fccher \u00fcber Bienen und die Imkerei verfasst hat. Die Generalversammlung\nder Vereinten Nationen hat 2017 den 20. Mai als Weltbienentag ausgerufen. Damit soll darauf aufmerksam gemacht werden, dass Bienenpopulationen weltweit massiv zur\u00fcckgehen\nund daher den dringenden Schutz von uns Menschen ben\u00f6tigen.<\/p>\n<p>Der Naturpark Dahme-Heideseen geh\u00f6rt neben zehn weiteren Naturparks, einem Nationalpark und drei Biosph\u00e4renreservaten zu den 15 Brandenburger Naturlandschaften. Hier arbeiten\ndie Rangerinnen und Ranger der Naturwacht Brandenburg als Mittler zwischen Mensch und Natur. Sie erfassen Daten zu Tier- und Pflanzenbest\u00e4nden, Grundwasserspiegeln und\nzur Qualit\u00e4t von Gew\u00e4ssern. Zudem setzen sie zahlreiche Naturschutzma\u00dfnahmen um und kontrollieren deren Erfolg. Die Rangerinnen und Ranger in Brandenburg sind wichtige Ansprechpartner\nund -partnerinnen f\u00fcr Anwohnende und im Naturtourismus. Im Rahmen ihrer Arbeit mit Kinder- und Jugendgruppen, den Junior-Rangern, weckt die Naturwacht Interesse\nf\u00fcr Natur- und Umweltschutz bei der jungen Generation. Mehr als 300 Freiwillige unterst\u00fctzen Brandenburgs Ranger und Rangerinnen bei ihren Aufgaben.<\/p>\n","protected":false},"excerpt":{"rendered":"<p>Die neue Wanderausstellung \u201eWildbienen \u2013 hoch bedroht und unverzichtbar\u201c im Naturgut K\u00f6llnitz in Gro\u00df Schauen (im ehemaligen Fischereimuseum) l\u00e4dt auf Entdeckungsreise in die Welt der Wildbienen ein.<\/p>\n","protected":false},"author":83,"featured_media":5063,"comment_status":"open","ping_status":"open","sticky":false,"template":"","format":"standard","meta":[],"categories":[617],"tags":[],"yoast_head":"<!-- This site is optimized with the Yoast SEO plugin v19.10 - https:\/\/yoast.com\/wordpress\/plugins\/seo\/ -->\n<title>Mehr als nur Honig: neue Wanderausstellung zu heimischen Wildbienen - Naturpark Dahme-Heideseen<\/title>\n<meta name=\"robots\" content=\"index, follow, max-snippet:-1, max-image-preview:large, max-video-preview:-1\" \/>\n<link rel=\"canonical\" href=\"https:\/\/www.naturparkmagazin.de\/dahme-heideseen\/mehr-als-nur-honig-neue-wanderausstellung-zu-heimischen-wildbienen\/\" \/>\n<meta property=\"og:locale\" content=\"de_DE\" \/>\n<meta property=\"og:type\" content=\"article\" \/>\n<meta property=\"og:title\" content=\"Mehr als nur Honig: neue Wanderausstellung zu heimischen Wildbienen - Naturpark Dahme-Heideseen\" \/>\n<meta property=\"og:description\" content=\"Die neue Wanderausstellung \u201eWildbienen \u2013 hoch bedroht und unverzichtbar\u201c im Naturgut K\u00f6llnitz in Gro\u00df Schauen (im ehemaligen Fischereimuseum) l\u00e4dt auf Entdeckungsreise in die Welt der Wildbienen ein.\" \/>\n<meta property=\"og:url\" content=\"https:\/\/www.naturparkmagazin.de\/dahme-heideseen\/mehr-als-nur-honig-neue-wanderausstellung-zu-heimischen-wildbienen\/\" \/>\n<meta property=\"og:site_name\" content=\"Naturpark Dahme-Heideseen\" \/>\n<meta property=\"article:published_time\" content=\"2023-05-20T11:14:48+00:00\" \/>\n<meta property=\"article:modified_time\" content=\"2023-05-24T11:17:15+00:00\" \/>\n<meta property=\"og:image\" content=\"https:\/\/www.naturparkmagazin.de\/dahme-heideseen\/wp-content\/uploads\/sites\/37\/bee-191629_960_720.jpg\" \/>\n\t<meta property=\"og:image:width\" content=\"960\" \/>\n\t<meta property=\"og:image:height\" content=\"656\" \/>\n\t<meta property=\"og:image:type\" content=\"image\/jpeg\" \/>\n<meta name=\"author\" content=\"Astrid Osenbr\u00fcck\" \/>\n<meta name=\"twitter:label1\" content=\"Verfasst von\" \/>\n\t<meta name=\"twitter:data1\" content=\"Astrid Osenbr\u00fcck\" \/>\n\t<meta name=\"twitter:label2\" content=\"Gesch\u00e4tzte Lesezeit\" \/>\n\t<meta name=\"twitter:data2\" content=\"3\u00a0Minuten\" \/>\n<script type=\"application\/ld+json\" class=\"yoast-schema-graph\">{\"@context\":\"https:\/\/schema.org\",\"@graph\":[{\"@type\":\"WebPage\",\"@id\":\"https:\/\/www.naturparkmagazin.de\/dahme-heideseen\/mehr-als-nur-honig-neue-wanderausstellung-zu-heimischen-wildbienen\/\",\"url\":\"https:\/\/www.naturparkmagazin.de\/dahme-heideseen\/mehr-als-nur-honig-neue-wanderausstellung-zu-heimischen-wildbienen\/\",\"name\":\"Mehr als nur Honig: neue Wanderausstellung zu heimischen Wildbienen - Naturpark Dahme-Heideseen\",\"isPartOf\":{\"@id\":\"https:\/\/www.naturparkmagazin.de\/dahme-heideseen\/#website\"},\"datePublished\":\"2023-05-20T11:14:48+00:00\",\"dateModified\":\"2023-05-24T11:17:15+00:00\",\"author\":{\"@id\":\"https:\/\/www.naturparkmagazin.de\/dahme-heideseen\/#\/schema\/person\/a0510aafafdf8183c95fc98faf0c9f21\"},\"breadcrumb\":{\"@id\":\"https:\/\/www.naturparkmagazin.de\/dahme-heideseen\/mehr-als-nur-honig-neue-wanderausstellung-zu-heimischen-wildbienen\/#breadcrumb\"},\"inLanguage\":\"de\",\"potentialAction\":[{\"@type\":\"ReadAction\",\"target\":[\"https:\/\/www.naturparkmagazin.de\/dahme-heideseen\/mehr-als-nur-honig-neue-wanderausstellung-zu-heimischen-wildbienen\/\"]}]},{\"@type\":\"BreadcrumbList\",\"@id\":\"https:\/\/www.naturparkmagazin.de\/dahme-heideseen\/mehr-als-nur-honig-neue-wanderausstellung-zu-heimischen-wildbienen\/#breadcrumb\",\"itemListElement\":[{\"@type\":\"ListItem\",\"position\":1,\"name\":\"Home\",\"item\":\"https:\/\/www.naturparkmagazin.de\/dahme-heideseen\/\"},{\"@type\":\"ListItem\",\"position\":2,\"name\":\"Mehr als nur Honig: neue Wanderausstellung zu heimischen Wildbienen\"}]},{\"@type\":\"WebSite\",\"@id\":\"https:\/\/www.naturparkmagazin.de\/dahme-heideseen\/#website\",\"url\":\"https:\/\/www.naturparkmagazin.de\/dahme-heideseen\/\",\"name\":\"Naturpark Dahme-Heideseen\",\"description\":\"\",\"potentialAction\":[{\"@type\":\"SearchAction\",\"target\":{\"@type\":\"EntryPoint\",\"urlTemplate\":\"https:\/\/www.naturparkmagazin.de\/dahme-heideseen\/?s={search_term_string}\"},\"query-input\":\"required name=search_term_string\"}],\"inLanguage\":\"de\"},{\"@type\":\"Person\",\"@id\":\"https:\/\/www.naturparkmagazin.de\/dahme-heideseen\/#\/schema\/person\/a0510aafafdf8183c95fc98faf0c9f21\",\"name\":\"Astrid Osenbr\u00fcck\",\"sameAs\":[\"http:\/\/www.dahme-heideseen-naturpark.de\"],\"url\":\"https:\/\/www.naturparkmagazin.de\/dahme-heideseen\/author\/astridosenbrueck\/\"}]}<\/script>\n<!-- \/ Yoast SEO plugin. -->","yoast_head_json":{"title":"Mehr als nur Honig: neue Wanderausstellung zu heimischen Wildbienen - Naturpark Dahme-Heideseen","robots":{"index":"index","follow":"follow","max-snippet":"max-snippet:-1","max-image-preview":"max-image-preview:large","max-video-preview":"max-video-preview:-1"},"canonical":"https:\/\/www.naturparkmagazin.de\/dahme-heideseen\/mehr-als-nur-honig-neue-wanderausstellung-zu-heimischen-wildbienen\/","og_locale":"de_DE","og_type":"article","og_title":"Mehr als nur Honig: neue Wanderausstellung zu heimischen Wildbienen - Naturpark Dahme-Heideseen","og_description":"Die neue Wanderausstellung \u201eWildbienen \u2013 hoch bedroht und unverzichtbar\u201c im Naturgut K\u00f6llnitz in Gro\u00df Schauen (im ehemaligen Fischereimuseum) l\u00e4dt auf Entdeckungsreise in die Welt der Wildbienen ein.","og_url":"https:\/\/www.naturparkmagazin.de\/dahme-heideseen\/mehr-als-nur-honig-neue-wanderausstellung-zu-heimischen-wildbienen\/","og_site_name":"Naturpark Dahme-Heideseen","article_published_time":"2023-05-20T11:14:48+00:00","article_modified_time":"2023-05-24T11:17:15+00:00","og_image":[{"width":960,"height":656,"url":"https:\/\/www.naturparkmagazin.de\/dahme-heideseen\/wp-content\/uploads\/sites\/37\/bee-191629_960_720.jpg","type":"image\/jpeg"}],"author":"Astrid Osenbr\u00fcck","twitter_misc":{"Verfasst von":"Astrid Osenbr\u00fcck","Gesch\u00e4tzte Lesezeit":"3\u00a0Minuten"},"schema":{"@context":"https:\/\/schema.org","@graph":[{"@type":"WebPage","@id":"https:\/\/www.naturparkmagazin.de\/dahme-heideseen\/mehr-als-nur-honig-neue-wanderausstellung-zu-heimischen-wildbienen\/","url":"https:\/\/www.naturparkmagazin.de\/dahme-heideseen\/mehr-als-nur-honig-neue-wanderausstellung-zu-heimischen-wildbienen\/","name":"Mehr als nur Honig: neue Wanderausstellung zu heimischen Wildbienen - Naturpark Dahme-Heideseen","isPartOf":{"@id":"https:\/\/www.naturparkmagazin.de\/dahme-heideseen\/#website"},"datePublished":"2023-05-20T11:14:48+00:00","dateModified":"2023-05-24T11:17:15+00:00","author":{"@id":"https:\/\/www.naturparkmagazin.de\/dahme-heideseen\/#\/schema\/person\/a0510aafafdf8183c95fc98faf0c9f21"},"breadcrumb":{"@id":"https:\/\/www.naturparkmagazin.de\/dahme-heideseen\/mehr-als-nur-honig-neue-wanderausstellung-zu-heimischen-wildbienen\/#breadcrumb"},"inLanguage":"de","potentialAction":[{"@type":"ReadAction","target":["https:\/\/www.naturparkmagazin.de\/dahme-heideseen\/mehr-als-nur-honig-neue-wanderausstellung-zu-heimischen-wildbienen\/"]}]},{"@type":"BreadcrumbList","@id":"https:\/\/www.naturparkmagazin.de\/dahme-heideseen\/mehr-als-nur-honig-neue-wanderausstellung-zu-heimischen-wildbienen\/#breadcrumb","itemListElement":[{"@type":"ListItem","position":1,"name":"Home","item":"https:\/\/www.naturparkmagazin.de\/dahme-heideseen\/"},{"@type":"ListItem","position":2,"name":"Mehr als nur Honig: neue Wanderausstellung zu heimischen Wildbienen"}]},{"@type":"WebSite","@id":"https:\/\/www.naturparkmagazin.de\/dahme-heideseen\/#website","url":"https:\/\/www.naturparkmagazin.de\/dahme-heideseen\/","name":"Naturpark Dahme-Heideseen","description":"","potentialAction":[{"@type":"SearchAction","target":{"@type":"EntryPoint","urlTemplate":"https:\/\/www.naturparkmagazin.de\/dahme-heideseen\/?s={search_term_string}"},"query-input":"required name=search_term_string"}],"inLanguage":"de"},{"@type":"Person","@id":"https:\/\/www.naturparkmagazin.de\/dahme-heideseen\/#\/schema\/person\/a0510aafafdf8183c95fc98faf0c9f21","name":"Astrid Osenbr\u00fcck","sameAs":["http:\/\/www.dahme-heideseen-naturpark.de"],"url":"https:\/\/www.naturparkmagazin.de\/dahme-heideseen\/author\/astridosenbrueck\/"}]}},"_links":{"self":[{"href":"https:\/\/www.naturparkmagazin.de\/dahme-heideseen\/wp-json\/wp\/v2\/posts\/5079"}],"collection":[{"href":"https:\/\/www.naturparkmagazin.de\/dahme-heideseen\/wp-json\/wp\/v2\/posts"}],"about":[{"href":"https:\/\/www.naturparkmagazin.de\/dahme-heideseen\/wp-json\/wp\/v2\/types\/post"}],"author":[{"embeddable":true,"href":"https:\/\/www.naturparkmagazin.de\/dahme-heideseen\/wp-json\/wp\/v2\/users\/83"}],"replies":[{"embeddable":true,"href":"https:\/\/www.naturparkmagazin.de\/dahme-heideseen\/wp-json\/wp\/v2\/comments?post=5079"}],"version-history":[{"count":4,"href":"https:\/\/www.naturparkmagazin.de\/dahme-heideseen\/wp-json\/wp\/v2\/posts\/5079\/revisions"}],"predecessor-version":[{"id":5086,"href":"https:\/\/www.naturparkmagazin.de\/dahme-heideseen\/wp-json\/wp\/v2\/posts\/5079\/revisions\/5086"}],"wp:featuredmedia":[{"embeddable":true,"href":"https:\/\/www.naturparkmagazin.de\/dahme-heideseen\/wp-json\/wp\/v2\/media\/5063"}],"wp:attachment":[{"href":"https:\/\/www.naturparkmagazin.de\/dahme-heideseen\/wp-json\/wp\/v2\/media?parent=5079"}],"wp:term":[{"taxonomy":"category","embeddable":true,"href":"https:\/\/www.naturparkmagazin.de\/dahme-heideseen\/wp-json\/wp\/v2\/categories?post=5079"},{"taxonomy":"post_tag","embeddable":true,"href":"https:\/\/www.naturparkmagazin.de\/dahme-heideseen\/wp-json\/wp\/v2\/tags?post=5079"}],"curies":[{"name":"wp","href":"https:\/\/api.w.org\/{rel}","templated":true}]}}