{"id":5127,"date":"2023-06-22T11:19:27","date_gmt":"2023-06-22T09:19:27","guid":{"rendered":"https:\/\/www.naturparkmagazin.de\/dahme-heideseen\/?p=5127"},"modified":"2023-06-22T11:19:27","modified_gmt":"2023-06-22T09:19:27","slug":"wildbienen-hoch-bedroht-und-unverzichtbar","status":"publish","type":"post","link":"https:\/\/www.naturparkmagazin.de\/dahme-heideseen\/wildbienen-hoch-bedroht-und-unverzichtbar\/","title":{"rendered":"\u201eWildbienen \u2013 hoch bedroht und unverzichtbar\u201c"},"content":{"rendered":"<p>Ab\u00a014.6. wird\u00a0die neue Sonderausstellung \u201eWildbienen \u2013 hoch bedroht und unverzichtbar\u201c er\u00f6ffnet.<\/p>\n<p class=\"tiny_p\">In Deutschland leben rund 580 Wildbienenarten. Als Best\u00e4uber sichern sie vor allem im Obst- und Gem\u00fcsebau landwirtschaftliche Ertr\u00e4ge.<\/p>\n<p class=\"tiny_p\">Die Sonderausstellung zeigt, was Wildbienen zum Leben brauchen, welchen Gef\u00e4hrdungen sie ausgesetzt sind und wie wir Menschen dazu beitragen k\u00f6nnen, sie zu sch\u00fctzen und zu erhalten \u2013 beispielsweise mit einer bienenfreundlichen Gestaltung von Balkonen und G\u00e4rten. Konzipiert wurde die Ausstellung von der Deutschen Wildtier Stiftung.<\/p>\n<p>&nbsp;<\/p>\n<p><a href=\"https:\/\/www.naturparkmagazin.de\/dahme-heideseen\/wp-content\/uploads\/sites\/37\/Plakat_Sonderausstellung_Wildbienen_06-07-23_page-0001.jpg\"><img decoding=\"async\" loading=\"lazy\" class=\"alignnone size-medium wp-image-5152\" src=\"https:\/\/www.naturparkmagazin.de\/dahme-heideseen\/wp-content\/uploads\/sites\/37\/Plakat_Sonderausstellung_Wildbienen_06-07-23_page-0001-620x876.jpg\" alt=\"\" width=\"620\" height=\"876\" srcset=\"https:\/\/www.naturparkmagazin.de\/dahme-heideseen\/wp-content\/uploads\/sites\/37\/Plakat_Sonderausstellung_Wildbienen_06-07-23_page-0001-620x876.jpg 620w, https:\/\/www.naturparkmagazin.de\/dahme-heideseen\/wp-content\/uploads\/sites\/37\/Plakat_Sonderausstellung_Wildbienen_06-07-23_page-0001-940x1329.jpg 940w, https:\/\/www.naturparkmagazin.de\/dahme-heideseen\/wp-content\/uploads\/sites\/37\/Plakat_Sonderausstellung_Wildbienen_06-07-23_page-0001-300x424.jpg 300w, https:\/\/www.naturparkmagazin.de\/dahme-heideseen\/wp-content\/uploads\/sites\/37\/Plakat_Sonderausstellung_Wildbienen_06-07-23_page-0001-1087x1536.jpg 1087w, https:\/\/www.naturparkmagazin.de\/dahme-heideseen\/wp-content\/uploads\/sites\/37\/Plakat_Sonderausstellung_Wildbienen_06-07-23_page-0001-1449x2048.jpg 1449w, https:\/\/www.naturparkmagazin.de\/dahme-heideseen\/wp-content\/uploads\/sites\/37\/Plakat_Sonderausstellung_Wildbienen_06-07-23_page-0001-670x947.jpg 670w, https:\/\/www.naturparkmagazin.de\/dahme-heideseen\/wp-content\/uploads\/sites\/37\/Plakat_Sonderausstellung_Wildbienen_06-07-23_page-0001-200x283.jpg 200w, https:\/\/www.naturparkmagazin.de\/dahme-heideseen\/wp-content\/uploads\/sites\/37\/Plakat_Sonderausstellung_Wildbienen_06-07-23_page-0001.jpg 1755w\" sizes=\"(max-width: 620px) 100vw, 620px\" \/><\/a><\/p>\n","protected":false},"excerpt":{"rendered":"<p>Ab 14.6. ist die neue Sonderausstellung \u201eWildbienen \u2013 hoch bedroht und unverzichtbar\u201c auf der Burg Storkow zu sehen.<\/p>\n","protected":false},"author":83,"featured_media":5063,"comment_status":"open","ping_status":"open","sticky":false,"template":"","format":"standard","meta":[],"categories":[11],"tags":[],"yoast_head":"<!-- This site is optimized with the Yoast SEO plugin v19.10 - https:\/\/yoast.com\/wordpress\/plugins\/seo\/ -->\n<title>\u201eWildbienen \u2013 hoch bedroht und unverzichtbar\u201c - Naturpark Dahme-Heideseen<\/title>\n<meta name=\"robots\" content=\"index, follow, max-snippet:-1, max-image-preview:large, max-video-preview:-1\" \/>\n<link rel=\"canonical\" href=\"https:\/\/www.naturparkmagazin.de\/dahme-heideseen\/wildbienen-hoch-bedroht-und-unverzichtbar\/\" \/>\n<meta property=\"og:locale\" content=\"de_DE\" \/>\n<meta property=\"og:type\" content=\"article\" \/>\n<meta property=\"og:title\" content=\"\u201eWildbienen \u2013 hoch bedroht und unverzichtbar\u201c - Naturpark Dahme-Heideseen\" \/>\n<meta property=\"og:description\" content=\"Ab 14.6. ist die neue Sonderausstellung \u201eWildbienen \u2013 hoch bedroht und unverzichtbar\u201c auf der Burg Storkow zu sehen.\" \/>\n<meta property=\"og:url\" content=\"https:\/\/www.naturparkmagazin.de\/dahme-heideseen\/wildbienen-hoch-bedroht-und-unverzichtbar\/\" \/>\n<meta property=\"og:site_name\" content=\"Naturpark Dahme-Heideseen\" \/>\n<meta property=\"article:published_time\" content=\"2023-06-22T09:19:27+00:00\" \/>\n<meta property=\"og:image\" content=\"https:\/\/www.naturparkmagazin.de\/dahme-heideseen\/wp-content\/uploads\/sites\/37\/bee-191629_960_720.jpg\" \/>\n\t<meta property=\"og:image:width\" content=\"960\" \/>\n\t<meta property=\"og:image:height\" content=\"656\" \/>\n\t<meta property=\"og:image:type\" content=\"image\/jpeg\" \/>\n<meta name=\"author\" content=\"Astrid Osenbr\u00fcck\" \/>\n<meta name=\"twitter:label1\" content=\"Verfasst von\" \/>\n\t<meta name=\"twitter:data1\" content=\"Astrid Osenbr\u00fcck\" \/>\n\t<meta name=\"twitter:label2\" content=\"Gesch\u00e4tzte Lesezeit\" \/>\n\t<meta name=\"twitter:data2\" content=\"1\u00a0Minute\" \/>\n<script type=\"application\/ld+json\" class=\"yoast-schema-graph\">{\"@context\":\"https:\/\/schema.org\",\"@graph\":[{\"@type\":\"WebPage\",\"@id\":\"https:\/\/www.naturparkmagazin.de\/dahme-heideseen\/wildbienen-hoch-bedroht-und-unverzichtbar\/\",\"url\":\"https:\/\/www.naturparkmagazin.de\/dahme-heideseen\/wildbienen-hoch-bedroht-und-unverzichtbar\/\",\"name\":\"\u201eWildbienen \u2013 hoch bedroht und unverzichtbar\u201c - Naturpark Dahme-Heideseen\",\"isPartOf\":{\"@id\":\"https:\/\/www.naturparkmagazin.de\/dahme-heideseen\/#website\"},\"datePublished\":\"2023-06-22T09:19:27+00:00\",\"dateModified\":\"2023-06-22T09:19:27+00:00\",\"author\":{\"@id\":\"https:\/\/www.naturparkmagazin.de\/dahme-heideseen\/#\/schema\/person\/a0510aafafdf8183c95fc98faf0c9f21\"},\"breadcrumb\":{\"@id\":\"https:\/\/www.naturparkmagazin.de\/dahme-heideseen\/wildbienen-hoch-bedroht-und-unverzichtbar\/#breadcrumb\"},\"inLanguage\":\"de\",\"potentialAction\":[{\"@type\":\"ReadAction\",\"target\":[\"https:\/\/www.naturparkmagazin.de\/dahme-heideseen\/wildbienen-hoch-bedroht-und-unverzichtbar\/\"]}]},{\"@type\":\"BreadcrumbList\",\"@id\":\"https:\/\/www.naturparkmagazin.de\/dahme-heideseen\/wildbienen-hoch-bedroht-und-unverzichtbar\/#breadcrumb\",\"itemListElement\":[{\"@type\":\"ListItem\",\"position\":1,\"name\":\"Home\",\"item\":\"https:\/\/www.naturparkmagazin.de\/dahme-heideseen\/\"},{\"@type\":\"ListItem\",\"position\":2,\"name\":\"\u201eWildbienen \u2013 hoch bedroht und unverzichtbar\u201c\"}]},{\"@type\":\"WebSite\",\"@id\":\"https:\/\/www.naturparkmagazin.de\/dahme-heideseen\/#website\",\"url\":\"https:\/\/www.naturparkmagazin.de\/dahme-heideseen\/\",\"name\":\"Naturpark Dahme-Heideseen\",\"description\":\"\",\"potentialAction\":[{\"@type\":\"SearchAction\",\"target\":{\"@type\":\"EntryPoint\",\"urlTemplate\":\"https:\/\/www.naturparkmagazin.de\/dahme-heideseen\/?s={search_term_string}\"},\"query-input\":\"required name=search_term_string\"}],\"inLanguage\":\"de\"},{\"@type\":\"Person\",\"@id\":\"https:\/\/www.naturparkmagazin.de\/dahme-heideseen\/#\/schema\/person\/a0510aafafdf8183c95fc98faf0c9f21\",\"name\":\"Astrid Osenbr\u00fcck\",\"sameAs\":[\"http:\/\/www.dahme-heideseen-naturpark.de\"],\"url\":\"https:\/\/www.naturparkmagazin.de\/dahme-heideseen\/author\/astridosenbrueck\/\"}]}<\/script>\n<!-- \/ Yoast SEO plugin. -->","yoast_head_json":{"title":"\u201eWildbienen \u2013 hoch bedroht und unverzichtbar\u201c - Naturpark Dahme-Heideseen","robots":{"index":"index","follow":"follow","max-snippet":"max-snippet:-1","max-image-preview":"max-image-preview:large","max-video-preview":"max-video-preview:-1"},"canonical":"https:\/\/www.naturparkmagazin.de\/dahme-heideseen\/wildbienen-hoch-bedroht-und-unverzichtbar\/","og_locale":"de_DE","og_type":"article","og_title":"\u201eWildbienen \u2013 hoch bedroht und unverzichtbar\u201c - Naturpark Dahme-Heideseen","og_description":"Ab 14.6. ist die neue Sonderausstellung \u201eWildbienen \u2013 hoch bedroht und unverzichtbar\u201c auf der Burg Storkow zu sehen.","og_url":"https:\/\/www.naturparkmagazin.de\/dahme-heideseen\/wildbienen-hoch-bedroht-und-unverzichtbar\/","og_site_name":"Naturpark Dahme-Heideseen","article_published_time":"2023-06-22T09:19:27+00:00","og_image":[{"width":960,"height":656,"url":"https:\/\/www.naturparkmagazin.de\/dahme-heideseen\/wp-content\/uploads\/sites\/37\/bee-191629_960_720.jpg","type":"image\/jpeg"}],"author":"Astrid Osenbr\u00fcck","twitter_misc":{"Verfasst von":"Astrid Osenbr\u00fcck","Gesch\u00e4tzte Lesezeit":"1\u00a0Minute"},"schema":{"@context":"https:\/\/schema.org","@graph":[{"@type":"WebPage","@id":"https:\/\/www.naturparkmagazin.de\/dahme-heideseen\/wildbienen-hoch-bedroht-und-unverzichtbar\/","url":"https:\/\/www.naturparkmagazin.de\/dahme-heideseen\/wildbienen-hoch-bedroht-und-unverzichtbar\/","name":"\u201eWildbienen \u2013 hoch bedroht und unverzichtbar\u201c - Naturpark Dahme-Heideseen","isPartOf":{"@id":"https:\/\/www.naturparkmagazin.de\/dahme-heideseen\/#website"},"datePublished":"2023-06-22T09:19:27+00:00","dateModified":"2023-06-22T09:19:27+00:00","author":{"@id":"https:\/\/www.naturparkmagazin.de\/dahme-heideseen\/#\/schema\/person\/a0510aafafdf8183c95fc98faf0c9f21"},"breadcrumb":{"@id":"https:\/\/www.naturparkmagazin.de\/dahme-heideseen\/wildbienen-hoch-bedroht-und-unverzichtbar\/#breadcrumb"},"inLanguage":"de","potentialAction":[{"@type":"ReadAction","target":["https:\/\/www.naturparkmagazin.de\/dahme-heideseen\/wildbienen-hoch-bedroht-und-unverzichtbar\/"]}]},{"@type":"BreadcrumbList","@id":"https:\/\/www.naturparkmagazin.de\/dahme-heideseen\/wildbienen-hoch-bedroht-und-unverzichtbar\/#breadcrumb","itemListElement":[{"@type":"ListItem","position":1,"name":"Home","item":"https:\/\/www.naturparkmagazin.de\/dahme-heideseen\/"},{"@type":"ListItem","position":2,"name":"\u201eWildbienen \u2013 hoch bedroht und unverzichtbar\u201c"}]},{"@type":"WebSite","@id":"https:\/\/www.naturparkmagazin.de\/dahme-heideseen\/#website","url":"https:\/\/www.naturparkmagazin.de\/dahme-heideseen\/","name":"Naturpark Dahme-Heideseen","description":"","potentialAction":[{"@type":"SearchAction","target":{"@type":"EntryPoint","urlTemplate":"https:\/\/www.naturparkmagazin.de\/dahme-heideseen\/?s={search_term_string}"},"query-input":"required name=search_term_string"}],"inLanguage":"de"},{"@type":"Person","@id":"https:\/\/www.naturparkmagazin.de\/dahme-heideseen\/#\/schema\/person\/a0510aafafdf8183c95fc98faf0c9f21","name":"Astrid Osenbr\u00fcck","sameAs":["http:\/\/www.dahme-heideseen-naturpark.de"],"url":"https:\/\/www.naturparkmagazin.de\/dahme-heideseen\/author\/astridosenbrueck\/"}]}},"_links":{"self":[{"href":"https:\/\/www.naturparkmagazin.de\/dahme-heideseen\/wp-json\/wp\/v2\/posts\/5127"}],"collection":[{"href":"https:\/\/www.naturparkmagazin.de\/dahme-heideseen\/wp-json\/wp\/v2\/posts"}],"about":[{"href":"https:\/\/www.naturparkmagazin.de\/dahme-heideseen\/wp-json\/wp\/v2\/types\/post"}],"author":[{"embeddable":true,"href":"https:\/\/www.naturparkmagazin.de\/dahme-heideseen\/wp-json\/wp\/v2\/users\/83"}],"replies":[{"embeddable":true,"href":"https:\/\/www.naturparkmagazin.de\/dahme-heideseen\/wp-json\/wp\/v2\/comments?post=5127"}],"version-history":[{"count":1,"href":"https:\/\/www.naturparkmagazin.de\/dahme-heideseen\/wp-json\/wp\/v2\/posts\/5127\/revisions"}],"predecessor-version":[{"id":5168,"href":"https:\/\/www.naturparkmagazin.de\/dahme-heideseen\/wp-json\/wp\/v2\/posts\/5127\/revisions\/5168"}],"wp:featuredmedia":[{"embeddable":true,"href":"https:\/\/www.naturparkmagazin.de\/dahme-heideseen\/wp-json\/wp\/v2\/media\/5063"}],"wp:attachment":[{"href":"https:\/\/www.naturparkmagazin.de\/dahme-heideseen\/wp-json\/wp\/v2\/media?parent=5127"}],"wp:term":[{"taxonomy":"category","embeddable":true,"href":"https:\/\/www.naturparkmagazin.de\/dahme-heideseen\/wp-json\/wp\/v2\/categories?post=5127"},{"taxonomy":"post_tag","embeddable":true,"href":"https:\/\/www.naturparkmagazin.de\/dahme-heideseen\/wp-json\/wp\/v2\/tags?post=5127"}],"curies":[{"name":"wp","href":"https:\/\/api.w.org\/{rel}","templated":true}]}}