{"id":5202,"date":"2023-06-22T12:03:02","date_gmt":"2023-06-22T10:03:02","guid":{"rendered":"https:\/\/www.naturparkmagazin.de\/dahme-heideseen\/?p=5202"},"modified":"2023-06-22T12:03:02","modified_gmt":"2023-06-22T10:03:02","slug":"wein-aus-dem-naturpark-dahme-heidesee","status":"publish","type":"post","link":"https:\/\/www.naturparkmagazin.de\/dahme-heideseen\/wein-aus-dem-naturpark-dahme-heidesee\/","title":{"rendered":"Wein aus dem Naturpark Dahme-Heidesee"},"content":{"rendered":"<p>F\u00fcr viele d\u00fcrfte es eine \u00dcberraschung sein, dass im Naturpark Dahme-Heideseen ein Weinberg betrieben wird. Seit 2018 bewirtschaftet die Mosaik-Berlin gGmbH den Weinberg in Gr\u00e4bendorf, im Auftrag der Fl\u00e4chenagentur Brandenburg GmbH.<\/p>\n<p>Auf dem etwa 5.000 qm gro\u00dfen Areal am Fu\u00dfe des Gr\u00e4bendorfer Tonbergs, wachsen ca. 2.300 Rebst\u00f6cke der Sorten Muscaris, Cabaret Noir und Regent. Mittlerweile konnten die Gr\u00e4bendorfer Trauben auch schon zu verschiedenen Weinen ausgebaut werden.<\/p>\n<p>Der Weinanbau in der Region und in Gr\u00e4bendorf hat allerdings eine lange Geschichte. Einst war der Weinbau in weiten Teilen Brandenburgs weit verbreitet, belegt ist er seit dem 12. Jahrhundert. Er wurde von Kl\u00f6stern, Gutsherren, den B\u00fcrgern der St\u00e4dte, aber auch von Bauern betrieben. In der Region des heutigen Naturparks Dahme-Heideseen sind etwa 60 Weinbergslagen belegt.<\/p>\n<p>Ein historischer Weinberg von Gr\u00e4bendorf ist bereits f\u00fcr das Jahr 1679 belegt. Auf der Schmettauschen Karte, erstellt zwischen 1767 und 1787, findet sich mit der Eintragung W.B. ein weiterer fr\u00fcher Nachweis des Gr\u00e4bendorfer Weinbergs. Gr\u00e4bendorf geh\u00f6rte ehemals zur Herrschaft Teupitz. Im Jahre 1717 verkaufte Ludwig von Schenken die Herrschaft Teupitz an K\u00f6nig Friedrich Wilhelm I. in Preu\u00dfen. Somit wechselte auch der Weinberg zu Gr\u00e4bendorf seinen Besitzer und geh\u00f6rte fortan zu den G\u00fctern des K\u00f6nigs. Der K\u00f6nig selbst kannte die L\u00e4ndereien gut, da sie sich in unmittelbarer N\u00e4he seines Jagdgebiets in der Dubrow befanden. Dieser Umstand ist der Grund daf\u00fcr, dass der Gr\u00e4bendorfer Wein heute unter der Bezeichnung \u201eK\u00f6niglicher Weinberg\u201c angeboten wird. <a href=\"https:\/\/l.facebook.com\/l.php?u=https%3A%2F%2Fwww.koeniglicher-weinberg.de%2Fgraebendorfer-tonberg%2F%3Ffbclid%3DIwAR3lVbHP3v6drczxEREH7PHyxt3343z3uzMn2iFIbzQhrix2G_1pwQA7li0&amp;h=AT0axqawQYwhV64vscCITbD6mBU8qnhRuuVUYnFgXtAVU4c78HQ0KPHe3RuOABP1b3PoWhFHP6yuU1L6YUavOq3MTvVF_oy42cvTIVfCbbCHMOLKOxSmtYBJ1TEyeFKBuowy&amp;__tn__=-UK-R&amp;c%5b0%5d=AT2EgHRDW9xwek1CJQBDqoWYA2wYa3AhFRbmCq-2P6by6nZxCcbJglP9vDh9PcPsHVk3X6yg5Q4pPS-IlAItCrApCi0irl8Sqwj9fijV-nq5RN1FzNzj3FU_SdDV0xHkOp6TRrGIr3rE9CheqOdWFpmMvssjafLMY9Ru4yea9pkAAfYkpBZR9X1fYVqbS-ImsEhxMWXfN645\" target=\"_blank\" rel=\"noopener noreferrer\">https:\/\/www.koeniglicher-weinberg.de\/graebendorfer-tonberg\/<\/a><\/p>\n<p>Im 19.Jh. verkaufte K\u00f6nig Friedrich Wilhelm III. eine Vielzahl seiner L\u00e4ndereien \u2013 so auch den Weinberg zu Gr\u00e4bendorf. Im Zuge dessen erwarb der damalige Oberf\u00f6rster Eger diesen mitsamt dem K\u00f6niglichen Gut. In den Folgejahren wechselte der Weinberg des \u00d6fteren den Besitzer. Bis wann der Weinberg Gr\u00e4bendorf betrieben wurde ist unklar.<\/p>\n<p>In Brandenburg kam es im 19. Jahrhundert insgesamt zum Niedergang des Weinanbaus. Die Gr\u00fcnde daf\u00fcr waren vielf\u00e4ltig: Neben der Verschlechterung der klimatischen Bedingungen und der allgemeinen Zunahme des Bierkonsums spielte z.B. auch der Ausbau der Verkehrswege eine Rolle, der die Einfuhr der begehrten s\u00fcddeutschen und ausl\u00e4ndischen Weine erleichterte.<\/p>\n<p>In Zesch hat sich der Weinbau l\u00e4nger als anderswo in Brandenburg gehalten. 1944 fand hier die letzte Weinlese und Weinkelterung statt. Bis in die 1950er-Jahre waren noch zahlreiche verwilderte Rebst\u00f6cke vorhanden. Erst 1964 wurde der Weinberg aufgeforstet. Auch hier wurde der Weinberg 2013 wieder reaktiviert.<\/p>\n<p><a href=\"https:\/\/l.facebook.com\/l.php?u=https%3A%2F%2Fwww.weinberg-zesch.de%2F%3Ffbclid%3DIwAR2hKX_LyPTBPajXbtxU5oPPPZVKBdR5UrYSbRAyZ9a-3sa64_Z7D_TKiFw&amp;h=AT1koSVaZGuSQchHftiX4TfnDXR4vyjhRHBJq76u1UWx9ga7-Ng2o-qAUSSc0TCU5MzPC_VQ1wnrH1pN4T2nhXJv_zKX_Yyu77N-5iktNY-DNQEejon_63mYAMgrIEXtAXOs&amp;__tn__=-UK-R&amp;c%5b0%5d=AT2EgHRDW9xwek1CJQBDqoWYA2wYa3AhFRbmCq-2P6by6nZxCcbJglP9vDh9PcPsHVk3X6yg5Q4pPS-IlAItCrApCi0irl8Sqwj9fijV-nq5RN1FzNzj3FU_SdDV0xHkOp6TRrGIr3rE9CheqOdWFpmMvssjafLMY9Ru4yea9pkAAfYkpBZR9X1fYVqbS-ImsEhxMWXfN645\" target=\"_blank\" rel=\"noopener noreferrer\">https:\/\/www.weinberg-zesch.de<\/a><\/p>\n<p>In unmittelbarer N\u00e4he des Naturparks wurde 2011 auch in Bestensee ein Weinberg angelegt.<\/p>\n<p><a href=\"https:\/\/www.bestenseer-weinbau.de\" target=\"_blank\" rel=\"noopener noreferrer\">https:\/\/www.bestenseer-weinbau.de<\/a><\/p>\n","protected":false},"excerpt":{"rendered":"<p>Im Naturpark Dahme-Heideseen wird ein Weinberg betrieben.<\/p>\n","protected":false},"author":83,"featured_media":5157,"comment_status":"open","ping_status":"open","sticky":false,"template":"","format":"standard","meta":[],"categories":[13],"tags":[],"yoast_head":"<!-- This site is optimized with the Yoast SEO plugin v19.10 - https:\/\/yoast.com\/wordpress\/plugins\/seo\/ -->\n<title>Wein aus dem Naturpark Dahme-Heidesee - Naturpark Dahme-Heideseen<\/title>\n<meta name=\"robots\" content=\"index, follow, max-snippet:-1, max-image-preview:large, max-video-preview:-1\" \/>\n<link rel=\"canonical\" href=\"https:\/\/www.naturparkmagazin.de\/dahme-heideseen\/wein-aus-dem-naturpark-dahme-heidesee\/\" \/>\n<meta property=\"og:locale\" content=\"de_DE\" \/>\n<meta property=\"og:type\" content=\"article\" \/>\n<meta property=\"og:title\" content=\"Wein aus dem Naturpark Dahme-Heidesee - Naturpark Dahme-Heideseen\" \/>\n<meta property=\"og:description\" content=\"Im Naturpark Dahme-Heideseen wird ein Weinberg betrieben.\" \/>\n<meta property=\"og:url\" content=\"https:\/\/www.naturparkmagazin.de\/dahme-heideseen\/wein-aus-dem-naturpark-dahme-heidesee\/\" \/>\n<meta property=\"og:site_name\" content=\"Naturpark Dahme-Heideseen\" \/>\n<meta property=\"article:published_time\" content=\"2023-06-22T10:03:02+00:00\" \/>\n<meta property=\"og:image\" content=\"https:\/\/www.naturparkmagazin.de\/dahme-heideseen\/wp-content\/uploads\/sites\/37\/weinberg-2023-b.jpg\" \/>\n\t<meta property=\"og:image:width\" content=\"949\" \/>\n\t<meta property=\"og:image:height\" content=\"712\" \/>\n\t<meta property=\"og:image:type\" content=\"image\/jpeg\" \/>\n<meta name=\"author\" content=\"Astrid Osenbr\u00fcck\" \/>\n<meta name=\"twitter:label1\" content=\"Verfasst von\" \/>\n\t<meta name=\"twitter:data1\" content=\"Astrid Osenbr\u00fcck\" \/>\n\t<meta name=\"twitter:label2\" content=\"Gesch\u00e4tzte Lesezeit\" \/>\n\t<meta name=\"twitter:data2\" content=\"3\u00a0Minuten\" \/>\n<script type=\"application\/ld+json\" class=\"yoast-schema-graph\">{\"@context\":\"https:\/\/schema.org\",\"@graph\":[{\"@type\":\"WebPage\",\"@id\":\"https:\/\/www.naturparkmagazin.de\/dahme-heideseen\/wein-aus-dem-naturpark-dahme-heidesee\/\",\"url\":\"https:\/\/www.naturparkmagazin.de\/dahme-heideseen\/wein-aus-dem-naturpark-dahme-heidesee\/\",\"name\":\"Wein aus dem Naturpark Dahme-Heidesee - Naturpark Dahme-Heideseen\",\"isPartOf\":{\"@id\":\"https:\/\/www.naturparkmagazin.de\/dahme-heideseen\/#website\"},\"datePublished\":\"2023-06-22T10:03:02+00:00\",\"dateModified\":\"2023-06-22T10:03:02+00:00\",\"author\":{\"@id\":\"https:\/\/www.naturparkmagazin.de\/dahme-heideseen\/#\/schema\/person\/a0510aafafdf8183c95fc98faf0c9f21\"},\"breadcrumb\":{\"@id\":\"https:\/\/www.naturparkmagazin.de\/dahme-heideseen\/wein-aus-dem-naturpark-dahme-heidesee\/#breadcrumb\"},\"inLanguage\":\"de\",\"potentialAction\":[{\"@type\":\"ReadAction\",\"target\":[\"https:\/\/www.naturparkmagazin.de\/dahme-heideseen\/wein-aus-dem-naturpark-dahme-heidesee\/\"]}]},{\"@type\":\"BreadcrumbList\",\"@id\":\"https:\/\/www.naturparkmagazin.de\/dahme-heideseen\/wein-aus-dem-naturpark-dahme-heidesee\/#breadcrumb\",\"itemListElement\":[{\"@type\":\"ListItem\",\"position\":1,\"name\":\"Home\",\"item\":\"https:\/\/www.naturparkmagazin.de\/dahme-heideseen\/\"},{\"@type\":\"ListItem\",\"position\":2,\"name\":\"Wein aus dem Naturpark Dahme-Heidesee\"}]},{\"@type\":\"WebSite\",\"@id\":\"https:\/\/www.naturparkmagazin.de\/dahme-heideseen\/#website\",\"url\":\"https:\/\/www.naturparkmagazin.de\/dahme-heideseen\/\",\"name\":\"Naturpark Dahme-Heideseen\",\"description\":\"\",\"potentialAction\":[{\"@type\":\"SearchAction\",\"target\":{\"@type\":\"EntryPoint\",\"urlTemplate\":\"https:\/\/www.naturparkmagazin.de\/dahme-heideseen\/?s={search_term_string}\"},\"query-input\":\"required name=search_term_string\"}],\"inLanguage\":\"de\"},{\"@type\":\"Person\",\"@id\":\"https:\/\/www.naturparkmagazin.de\/dahme-heideseen\/#\/schema\/person\/a0510aafafdf8183c95fc98faf0c9f21\",\"name\":\"Astrid Osenbr\u00fcck\",\"sameAs\":[\"http:\/\/www.dahme-heideseen-naturpark.de\"],\"url\":\"https:\/\/www.naturparkmagazin.de\/dahme-heideseen\/author\/astridosenbrueck\/\"}]}<\/script>\n<!-- \/ Yoast SEO plugin. -->","yoast_head_json":{"title":"Wein aus dem Naturpark Dahme-Heidesee - Naturpark Dahme-Heideseen","robots":{"index":"index","follow":"follow","max-snippet":"max-snippet:-1","max-image-preview":"max-image-preview:large","max-video-preview":"max-video-preview:-1"},"canonical":"https:\/\/www.naturparkmagazin.de\/dahme-heideseen\/wein-aus-dem-naturpark-dahme-heidesee\/","og_locale":"de_DE","og_type":"article","og_title":"Wein aus dem Naturpark Dahme-Heidesee - Naturpark Dahme-Heideseen","og_description":"Im Naturpark Dahme-Heideseen wird ein Weinberg betrieben.","og_url":"https:\/\/www.naturparkmagazin.de\/dahme-heideseen\/wein-aus-dem-naturpark-dahme-heidesee\/","og_site_name":"Naturpark Dahme-Heideseen","article_published_time":"2023-06-22T10:03:02+00:00","og_image":[{"width":949,"height":712,"url":"https:\/\/www.naturparkmagazin.de\/dahme-heideseen\/wp-content\/uploads\/sites\/37\/weinberg-2023-b.jpg","type":"image\/jpeg"}],"author":"Astrid Osenbr\u00fcck","twitter_misc":{"Verfasst von":"Astrid Osenbr\u00fcck","Gesch\u00e4tzte Lesezeit":"3\u00a0Minuten"},"schema":{"@context":"https:\/\/schema.org","@graph":[{"@type":"WebPage","@id":"https:\/\/www.naturparkmagazin.de\/dahme-heideseen\/wein-aus-dem-naturpark-dahme-heidesee\/","url":"https:\/\/www.naturparkmagazin.de\/dahme-heideseen\/wein-aus-dem-naturpark-dahme-heidesee\/","name":"Wein aus dem Naturpark Dahme-Heidesee - Naturpark Dahme-Heideseen","isPartOf":{"@id":"https:\/\/www.naturparkmagazin.de\/dahme-heideseen\/#website"},"datePublished":"2023-06-22T10:03:02+00:00","dateModified":"2023-06-22T10:03:02+00:00","author":{"@id":"https:\/\/www.naturparkmagazin.de\/dahme-heideseen\/#\/schema\/person\/a0510aafafdf8183c95fc98faf0c9f21"},"breadcrumb":{"@id":"https:\/\/www.naturparkmagazin.de\/dahme-heideseen\/wein-aus-dem-naturpark-dahme-heidesee\/#breadcrumb"},"inLanguage":"de","potentialAction":[{"@type":"ReadAction","target":["https:\/\/www.naturparkmagazin.de\/dahme-heideseen\/wein-aus-dem-naturpark-dahme-heidesee\/"]}]},{"@type":"BreadcrumbList","@id":"https:\/\/www.naturparkmagazin.de\/dahme-heideseen\/wein-aus-dem-naturpark-dahme-heidesee\/#breadcrumb","itemListElement":[{"@type":"ListItem","position":1,"name":"Home","item":"https:\/\/www.naturparkmagazin.de\/dahme-heideseen\/"},{"@type":"ListItem","position":2,"name":"Wein aus dem Naturpark Dahme-Heidesee"}]},{"@type":"WebSite","@id":"https:\/\/www.naturparkmagazin.de\/dahme-heideseen\/#website","url":"https:\/\/www.naturparkmagazin.de\/dahme-heideseen\/","name":"Naturpark Dahme-Heideseen","description":"","potentialAction":[{"@type":"SearchAction","target":{"@type":"EntryPoint","urlTemplate":"https:\/\/www.naturparkmagazin.de\/dahme-heideseen\/?s={search_term_string}"},"query-input":"required name=search_term_string"}],"inLanguage":"de"},{"@type":"Person","@id":"https:\/\/www.naturparkmagazin.de\/dahme-heideseen\/#\/schema\/person\/a0510aafafdf8183c95fc98faf0c9f21","name":"Astrid Osenbr\u00fcck","sameAs":["http:\/\/www.dahme-heideseen-naturpark.de"],"url":"https:\/\/www.naturparkmagazin.de\/dahme-heideseen\/author\/astridosenbrueck\/"}]}},"_links":{"self":[{"href":"https:\/\/www.naturparkmagazin.de\/dahme-heideseen\/wp-json\/wp\/v2\/posts\/5202"}],"collection":[{"href":"https:\/\/www.naturparkmagazin.de\/dahme-heideseen\/wp-json\/wp\/v2\/posts"}],"about":[{"href":"https:\/\/www.naturparkmagazin.de\/dahme-heideseen\/wp-json\/wp\/v2\/types\/post"}],"author":[{"embeddable":true,"href":"https:\/\/www.naturparkmagazin.de\/dahme-heideseen\/wp-json\/wp\/v2\/users\/83"}],"replies":[{"embeddable":true,"href":"https:\/\/www.naturparkmagazin.de\/dahme-heideseen\/wp-json\/wp\/v2\/comments?post=5202"}],"version-history":[{"count":1,"href":"https:\/\/www.naturparkmagazin.de\/dahme-heideseen\/wp-json\/wp\/v2\/posts\/5202\/revisions"}],"predecessor-version":[{"id":5203,"href":"https:\/\/www.naturparkmagazin.de\/dahme-heideseen\/wp-json\/wp\/v2\/posts\/5202\/revisions\/5203"}],"wp:featuredmedia":[{"embeddable":true,"href":"https:\/\/www.naturparkmagazin.de\/dahme-heideseen\/wp-json\/wp\/v2\/media\/5157"}],"wp:attachment":[{"href":"https:\/\/www.naturparkmagazin.de\/dahme-heideseen\/wp-json\/wp\/v2\/media?parent=5202"}],"wp:term":[{"taxonomy":"category","embeddable":true,"href":"https:\/\/www.naturparkmagazin.de\/dahme-heideseen\/wp-json\/wp\/v2\/categories?post=5202"},{"taxonomy":"post_tag","embeddable":true,"href":"https:\/\/www.naturparkmagazin.de\/dahme-heideseen\/wp-json\/wp\/v2\/tags?post=5202"}],"curies":[{"name":"wp","href":"https:\/\/api.w.org\/{rel}","templated":true}]}}