{"id":5210,"date":"2023-07-18T12:19:44","date_gmt":"2023-07-18T10:19:44","guid":{"rendered":"https:\/\/www.naturparkmagazin.de\/dahme-heideseen\/?p=5210"},"modified":"2023-07-19T08:30:46","modified_gmt":"2023-07-19T06:30:46","slug":"entdecker-sommerferien-2023","status":"publish","type":"post","link":"https:\/\/www.naturparkmagazin.de\/dahme-heideseen\/entdecker-sommerferien-2023\/","title":{"rendered":"Entdecker-Sommerferien 2023"},"content":{"rendered":"<p><strong>Entdeckerweste an und los geht\u00b4s!<\/strong><\/p>\n<p class=\"tiny_p\">Becherlupe, Insektensammler, Kompass &#8211; in der Weste findest Du alles, was Du f\u00fcr Deine Entdecker-Ferien brauchst! Begleite die Ranger der Naturwacht zu spannenden Exkursionen: Ameisenl\u00f6wen auf der Spur sein, Familie Biber besuchen, Wasserlebewesen finden, bestimmen und beobachten u.v.m. Entdecke mit einem Imker, was alles auf einer Wiese summt und brummt. Oder hast Du Lust auf eine Kr\u00e4uter-Tour? Dann erlebe den InsektenParadiesGarten mit allen Sinnen und stell am Ende Deine eigene Wiesenlimo her. Lass Deiner Kreativit\u00e4t freien Lauf und bastle mit Lehm oder lerne die Makramee-Technik. Was ist das? Neugierig? Finde es heraus! Dich erwartet viel Spa\u00df in der Natur!<\/p>\n<p>&nbsp;<\/p>\n<p><a href=\"https:\/\/daten2.verwaltungsportal.de\/dateien\/seitengenerator\/20557d3e35096588cc01766b76330f9323406\/2023_sommerferienprogramm_layout_3-seiten.pdf\">Hier geht es zu allen Veranstaltungen!<\/a><\/p>\n<p>&nbsp;<\/p>\n<div class=\"row\">\n<div class=\"col-xs-12 col-sm-12 col-md-12\">\n<p><strong>Allgemeine Informationen:<\/strong><\/p>\n<p class=\"tiny_p\">Der Treffpunkt f\u00fcr die Veranstaltungen ist, wenn nicht anders angegeben, die Burg Storkow (Innenhof). Bitte melden Sie Ihr Kind im Voraus an (siehe unten), da die Teilnehmerzahl begrenzt ist. Sollte Ihr Kind doch nicht teilnehmen k\u00f6nnen, bitten wir Sie, uns dar\u00fcber zu informieren. So steht dieser Platz wieder einem anderen Kind zur Verf\u00fcgung. Die Veranstaltungen finden ohne die Eltern statt. Bitte denken Sie daran, dass Ihre Kinder an hei\u00dfen Tagen mit ausreichend Trinken und Sonnenschutz ausgestattet sind. F\u00fcr die Exkursionen ben\u00f6tigen die Kinder au\u00dferdem Proviant, Badesachen und ein kleines Taschengeld f\u00fcr ein Eis.<\/p>\n<p>&nbsp;<\/p>\n<p class=\"tiny_p\"><strong>Weitere Informationen, Angebote und Anmeldung unter: <\/strong><\/p>\n<p class=\"tiny_p\">BIZ Naturpark Dahme-Heideseen<\/p>\n<p class=\"tiny_p\">Ansprechpartner: Franziska Kowalsky<\/p>\n<p class=\"tiny_p\">Tel.: 033678 \u2013 73228<\/p>\n<p class=\"tiny_p\">Email: <a href=\"mailto:besucherzentrum@storkow.de\">besucherzentrum@storkow.de<\/a><\/p>\n<p class=\"tiny_p\"><strong>BIZ Naturpark Dahme-Heideseen auf der Burg in Storkow<\/strong><\/p>\n<p class=\"tiny_p\">Nur etwa einen Kilometer vom Bahnhof entfernt findet man auf der Burg in Storkow die Tourist-Info und das Besucherinformationszentrum des Naturparks Dahme Heideseen. Von hier kann man gut informiert zu Ausfl\u00fcgen in den in den rund 600 km\u00b2 gro\u00dfen Naturpark mit seinen \u00fcber 100 Seen starten. Die eiszeitlich gepr\u00e4gte Landschaft mit ihren besonderen Lebensr\u00e4umen lockt Besucher in die Natur.<\/p>\n<\/div>\n<\/div>\n","protected":false},"excerpt":{"rendered":"<p>Entdeckerweste an und los geht\u00b4s! Das Sommerferienprogramm des BIZ Burg Storkow im Naturpark Dahme-Heideseen<\/p>\n","protected":false},"author":83,"featured_media":5211,"comment_status":"open","ping_status":"open","sticky":false,"template":"","format":"standard","meta":[],"categories":[11],"tags":[],"yoast_head":"<!-- This site is optimized with the Yoast SEO plugin v19.10 - https:\/\/yoast.com\/wordpress\/plugins\/seo\/ -->\n<title>Entdecker-Sommerferien 2023 - Naturpark Dahme-Heideseen<\/title>\n<meta name=\"robots\" content=\"index, follow, max-snippet:-1, max-image-preview:large, max-video-preview:-1\" \/>\n<link rel=\"canonical\" href=\"https:\/\/www.naturparkmagazin.de\/dahme-heideseen\/entdecker-sommerferien-2023\/\" \/>\n<meta property=\"og:locale\" content=\"de_DE\" \/>\n<meta property=\"og:type\" content=\"article\" \/>\n<meta property=\"og:title\" content=\"Entdecker-Sommerferien 2023 - Naturpark Dahme-Heideseen\" \/>\n<meta property=\"og:description\" content=\"Entdeckerweste an und los geht\u00b4s! Das Sommerferienprogramm des BIZ Burg Storkow im Naturpark Dahme-Heideseen\" \/>\n<meta property=\"og:url\" content=\"https:\/\/www.naturparkmagazin.de\/dahme-heideseen\/entdecker-sommerferien-2023\/\" \/>\n<meta property=\"og:site_name\" content=\"Naturpark Dahme-Heideseen\" \/>\n<meta property=\"article:published_time\" content=\"2023-07-18T10:19:44+00:00\" \/>\n<meta property=\"article:modified_time\" content=\"2023-07-19T06:30:46+00:00\" \/>\n<meta property=\"og:image\" content=\"https:\/\/www.naturparkmagazin.de\/dahme-heideseen\/wp-content\/uploads\/sites\/37\/Entdecker-sommer.jpg\" \/>\n\t<meta property=\"og:image:width\" content=\"787\" \/>\n\t<meta property=\"og:image:height\" content=\"821\" \/>\n\t<meta property=\"og:image:type\" content=\"image\/jpeg\" \/>\n<meta name=\"author\" content=\"Astrid Osenbr\u00fcck\" \/>\n<meta name=\"twitter:label1\" content=\"Verfasst von\" \/>\n\t<meta name=\"twitter:data1\" content=\"Astrid Osenbr\u00fcck\" \/>\n\t<meta name=\"twitter:label2\" content=\"Gesch\u00e4tzte Lesezeit\" \/>\n\t<meta name=\"twitter:data2\" content=\"2\u00a0Minuten\" \/>\n<script type=\"application\/ld+json\" class=\"yoast-schema-graph\">{\"@context\":\"https:\/\/schema.org\",\"@graph\":[{\"@type\":\"WebPage\",\"@id\":\"https:\/\/www.naturparkmagazin.de\/dahme-heideseen\/entdecker-sommerferien-2023\/\",\"url\":\"https:\/\/www.naturparkmagazin.de\/dahme-heideseen\/entdecker-sommerferien-2023\/\",\"name\":\"Entdecker-Sommerferien 2023 - Naturpark Dahme-Heideseen\",\"isPartOf\":{\"@id\":\"https:\/\/www.naturparkmagazin.de\/dahme-heideseen\/#website\"},\"datePublished\":\"2023-07-18T10:19:44+00:00\",\"dateModified\":\"2023-07-19T06:30:46+00:00\",\"author\":{\"@id\":\"https:\/\/www.naturparkmagazin.de\/dahme-heideseen\/#\/schema\/person\/a0510aafafdf8183c95fc98faf0c9f21\"},\"breadcrumb\":{\"@id\":\"https:\/\/www.naturparkmagazin.de\/dahme-heideseen\/entdecker-sommerferien-2023\/#breadcrumb\"},\"inLanguage\":\"de\",\"potentialAction\":[{\"@type\":\"ReadAction\",\"target\":[\"https:\/\/www.naturparkmagazin.de\/dahme-heideseen\/entdecker-sommerferien-2023\/\"]}]},{\"@type\":\"BreadcrumbList\",\"@id\":\"https:\/\/www.naturparkmagazin.de\/dahme-heideseen\/entdecker-sommerferien-2023\/#breadcrumb\",\"itemListElement\":[{\"@type\":\"ListItem\",\"position\":1,\"name\":\"Home\",\"item\":\"https:\/\/www.naturparkmagazin.de\/dahme-heideseen\/\"},{\"@type\":\"ListItem\",\"position\":2,\"name\":\"Entdecker-Sommerferien 2023\"}]},{\"@type\":\"WebSite\",\"@id\":\"https:\/\/www.naturparkmagazin.de\/dahme-heideseen\/#website\",\"url\":\"https:\/\/www.naturparkmagazin.de\/dahme-heideseen\/\",\"name\":\"Naturpark Dahme-Heideseen\",\"description\":\"\",\"potentialAction\":[{\"@type\":\"SearchAction\",\"target\":{\"@type\":\"EntryPoint\",\"urlTemplate\":\"https:\/\/www.naturparkmagazin.de\/dahme-heideseen\/?s={search_term_string}\"},\"query-input\":\"required name=search_term_string\"}],\"inLanguage\":\"de\"},{\"@type\":\"Person\",\"@id\":\"https:\/\/www.naturparkmagazin.de\/dahme-heideseen\/#\/schema\/person\/a0510aafafdf8183c95fc98faf0c9f21\",\"name\":\"Astrid Osenbr\u00fcck\",\"sameAs\":[\"http:\/\/www.dahme-heideseen-naturpark.de\"],\"url\":\"https:\/\/www.naturparkmagazin.de\/dahme-heideseen\/author\/astridosenbrueck\/\"}]}<\/script>\n<!-- \/ Yoast SEO plugin. -->","yoast_head_json":{"title":"Entdecker-Sommerferien 2023 - Naturpark Dahme-Heideseen","robots":{"index":"index","follow":"follow","max-snippet":"max-snippet:-1","max-image-preview":"max-image-preview:large","max-video-preview":"max-video-preview:-1"},"canonical":"https:\/\/www.naturparkmagazin.de\/dahme-heideseen\/entdecker-sommerferien-2023\/","og_locale":"de_DE","og_type":"article","og_title":"Entdecker-Sommerferien 2023 - Naturpark Dahme-Heideseen","og_description":"Entdeckerweste an und los geht\u00b4s! Das Sommerferienprogramm des BIZ Burg Storkow im Naturpark Dahme-Heideseen","og_url":"https:\/\/www.naturparkmagazin.de\/dahme-heideseen\/entdecker-sommerferien-2023\/","og_site_name":"Naturpark Dahme-Heideseen","article_published_time":"2023-07-18T10:19:44+00:00","article_modified_time":"2023-07-19T06:30:46+00:00","og_image":[{"width":787,"height":821,"url":"https:\/\/www.naturparkmagazin.de\/dahme-heideseen\/wp-content\/uploads\/sites\/37\/Entdecker-sommer.jpg","type":"image\/jpeg"}],"author":"Astrid Osenbr\u00fcck","twitter_misc":{"Verfasst von":"Astrid Osenbr\u00fcck","Gesch\u00e4tzte Lesezeit":"2\u00a0Minuten"},"schema":{"@context":"https:\/\/schema.org","@graph":[{"@type":"WebPage","@id":"https:\/\/www.naturparkmagazin.de\/dahme-heideseen\/entdecker-sommerferien-2023\/","url":"https:\/\/www.naturparkmagazin.de\/dahme-heideseen\/entdecker-sommerferien-2023\/","name":"Entdecker-Sommerferien 2023 - Naturpark Dahme-Heideseen","isPartOf":{"@id":"https:\/\/www.naturparkmagazin.de\/dahme-heideseen\/#website"},"datePublished":"2023-07-18T10:19:44+00:00","dateModified":"2023-07-19T06:30:46+00:00","author":{"@id":"https:\/\/www.naturparkmagazin.de\/dahme-heideseen\/#\/schema\/person\/a0510aafafdf8183c95fc98faf0c9f21"},"breadcrumb":{"@id":"https:\/\/www.naturparkmagazin.de\/dahme-heideseen\/entdecker-sommerferien-2023\/#breadcrumb"},"inLanguage":"de","potentialAction":[{"@type":"ReadAction","target":["https:\/\/www.naturparkmagazin.de\/dahme-heideseen\/entdecker-sommerferien-2023\/"]}]},{"@type":"BreadcrumbList","@id":"https:\/\/www.naturparkmagazin.de\/dahme-heideseen\/entdecker-sommerferien-2023\/#breadcrumb","itemListElement":[{"@type":"ListItem","position":1,"name":"Home","item":"https:\/\/www.naturparkmagazin.de\/dahme-heideseen\/"},{"@type":"ListItem","position":2,"name":"Entdecker-Sommerferien 2023"}]},{"@type":"WebSite","@id":"https:\/\/www.naturparkmagazin.de\/dahme-heideseen\/#website","url":"https:\/\/www.naturparkmagazin.de\/dahme-heideseen\/","name":"Naturpark Dahme-Heideseen","description":"","potentialAction":[{"@type":"SearchAction","target":{"@type":"EntryPoint","urlTemplate":"https:\/\/www.naturparkmagazin.de\/dahme-heideseen\/?s={search_term_string}"},"query-input":"required name=search_term_string"}],"inLanguage":"de"},{"@type":"Person","@id":"https:\/\/www.naturparkmagazin.de\/dahme-heideseen\/#\/schema\/person\/a0510aafafdf8183c95fc98faf0c9f21","name":"Astrid Osenbr\u00fcck","sameAs":["http:\/\/www.dahme-heideseen-naturpark.de"],"url":"https:\/\/www.naturparkmagazin.de\/dahme-heideseen\/author\/astridosenbrueck\/"}]}},"_links":{"self":[{"href":"https:\/\/www.naturparkmagazin.de\/dahme-heideseen\/wp-json\/wp\/v2\/posts\/5210"}],"collection":[{"href":"https:\/\/www.naturparkmagazin.de\/dahme-heideseen\/wp-json\/wp\/v2\/posts"}],"about":[{"href":"https:\/\/www.naturparkmagazin.de\/dahme-heideseen\/wp-json\/wp\/v2\/types\/post"}],"author":[{"embeddable":true,"href":"https:\/\/www.naturparkmagazin.de\/dahme-heideseen\/wp-json\/wp\/v2\/users\/83"}],"replies":[{"embeddable":true,"href":"https:\/\/www.naturparkmagazin.de\/dahme-heideseen\/wp-json\/wp\/v2\/comments?post=5210"}],"version-history":[{"count":2,"href":"https:\/\/www.naturparkmagazin.de\/dahme-heideseen\/wp-json\/wp\/v2\/posts\/5210\/revisions"}],"predecessor-version":[{"id":5221,"href":"https:\/\/www.naturparkmagazin.de\/dahme-heideseen\/wp-json\/wp\/v2\/posts\/5210\/revisions\/5221"}],"wp:featuredmedia":[{"embeddable":true,"href":"https:\/\/www.naturparkmagazin.de\/dahme-heideseen\/wp-json\/wp\/v2\/media\/5211"}],"wp:attachment":[{"href":"https:\/\/www.naturparkmagazin.de\/dahme-heideseen\/wp-json\/wp\/v2\/media?parent=5210"}],"wp:term":[{"taxonomy":"category","embeddable":true,"href":"https:\/\/www.naturparkmagazin.de\/dahme-heideseen\/wp-json\/wp\/v2\/categories?post=5210"},{"taxonomy":"post_tag","embeddable":true,"href":"https:\/\/www.naturparkmagazin.de\/dahme-heideseen\/wp-json\/wp\/v2\/tags?post=5210"}],"curies":[{"name":"wp","href":"https:\/\/api.w.org\/{rel}","templated":true}]}}