{"id":522,"date":"2014-06-18T13:42:37","date_gmt":"2014-06-18T11:42:37","guid":{"rendered":"http:\/\/www.naturparkmagazin.de\/dahme-heideseen\/?p=522"},"modified":"2014-06-24T14:03:00","modified_gmt":"2014-06-24T12:03:00","slug":"engagiert-fuer-die-umwelt-umweltpreisverleihung-des-landkreises-dahme-spreewald","status":"publish","type":"post","link":"https:\/\/www.naturparkmagazin.de\/dahme-heideseen\/engagiert-fuer-die-umwelt-umweltpreisverleihung-des-landkreises-dahme-spreewald\/","title":{"rendered":"Engagiert f\u00fcr die Umwelt  &#8211; Umweltpreisverleihung des Landkreises Dahme-Spreewald"},"content":{"rendered":"<p>Anl\u00e4sslich des Weltumwelttages vergaben Landrat Stephan Loge und die Vorsitzende des Kreistages Uta T\u00f6lpe am 5. Juni 2014 im Rahmen einer Feierstunde\u00a0 im Landratsamt in L\u00fcbben den mit 2.600 Euro dotierten Umweltpreis des Landkreises Dahme-Spreewald.\n<!--more-->Gew\u00fcrdigt wurden herausragende ehrenamtliche Leistungen und wissenschaftliche Arbeiten im Umwelt- und Naturschutz und in der Landschaftspflege. Bernd Ludwig vom NABU-Regionalverband K\u00f6nigs Wusterhausen, Heimatkundler Hans-Joachim Sommerfeld aus Teupitz und eine Sch\u00fclergruppe der Gesamtschule \u201ePaul Dessau\u201c aus Zeuthen teilen sich das Preisgeld.<\/p>\n<p>Insgesamt gingen 10 Bewerbungen f\u00fcr den diesj\u00e4hrigen Umweltpreis ein.\u00a0 Die Anliegen f\u00fcr die eingereichten Vorschl\u00e4ge waren vielf\u00e4ltig.\u00a0 Sie reichten von neuen Ideen zur Energiespeicherung \u00fcber das Betreiben einer Igel-Rettungsstation bis zu L\u00f6sungsvorschl\u00e4gen im Kampf gegen die Verockerung der Spree.\u00a0 Die meisten eingereichten Vorschl\u00e4ge wurden mit au\u00dfergew\u00f6hnlichen und langj\u00e4hrigen Leistungen f\u00fcr den regionalen Natur- und Umweltschutz begr\u00fcndet.\u00a0 Auf Empfehlung einer Fachjury hat der Kreisausschuss beschlossen, drei besonders hervorzuhebende Engagements f\u00fcr die Umwelt im Landkreis\u00a0 auszuzeichnen.<\/p>\n<p>1.300 Euro erhielt <strong>Bernd Ludwig<\/strong> aus Rangsdorf. Er geh\u00f6rt zu den dienst\u00e4ltesten aktiven Mitgliedern des NABU, Regionalverband K\u00f6nigs Wusterhausen. Der Ornithologe hat sein Hauptbet\u00e4tigungsfeld im Raum K\u00f6nigs Wusterhausen, Mittenwalde, Ragow und Brusendorf.\u00a0 Hier arbeitet er seit vielen Jahrzehnten als ehrenamtlicher Storchenhorstbetreuer. Dar\u00fcber hinaus unterst\u00fctzt er als Mitglied des Naturschutzbeirates des Landkreises die untere Naturschutzbeh\u00f6rde mit seinem Wissen und seiner Ortskenntnis. Hervorzuheben sind seine Bem\u00fchungen um den Erhalt der ehemaligen Rieselfelder bei Ragow \/ Deutsch Wusterhausen und bei Brusendorf \/ Boddinsfelde. Diese Bereiche haben nach der \u201eAu\u00dferbetriebnahme\u201c der Abwasserentsorgung weiterhin gro\u00dfe Bedeutung f\u00fcr die Vogelwelt, besonders f\u00fcr Wiesenbr\u00fcter bzw. Vogelarten des Offenlandes erlangt. So konnten unter Anleitung von Bernd Ludwig durch mehrere Ornithologen\u00a0 \u00fcber siebzig Nachweise zum Wachtelk\u00f6nig im Bereich der Rieselfelder gef\u00fchrt werden. Allein diese Zahl verdeutlicht den Wert der Rieselfelder aus Sicht des Artenschutzes. Die Ergebnisse seiner Erfassungsarbeiten sowie die Schutzw\u00fcrdigkeit der Rieselfelder vertritt Bernd Ludwig auch \u00f6ffentlichkeitswirksam. Mit seinem fundierten Fachwissen hat er zur Meinungsbildung und zu \u00f6kologischem Denken beigetragen.<\/p>\n<p>F\u00fcr sein jahrzehntelanges Wirken f\u00fcr den Naturschutz und die Heimatkunde in der Region des Schenkenl\u00e4ndchens und im Naturpark Dahme-Heideseen wurde <strong>Hans Joachim Sommerfeld<\/strong> aus Teupitz mit 800 Euro geehrt. Als Leiter der Oberf\u00f6rsterei \u201eDahmeland\u201c setzte er sich von 1961 bis 1995 f\u00fcr einen nachhaltigen, verantwortungsbewussten Waldbau ein. In seinem gesamten Wirken spielte der\u00a0 Naturschutz immer eine besondere Rolle. Bereits in den Anfangsjahren seiner beruflichen T\u00e4tigkeit verfasste er einen Beitrag \u00fcber die Bedeutung der heimischen Singv\u00f6gel. Er veranlasste mit dem damaligen Kreisnaturschutzbeauftragten die Unterschutzstellung des Replinchener Sees im Massower Forst mit Umfeld als Landschaftsschutzgebiet. Trotz der Anforderungen der planm\u00e4\u00dfigen DDR-Forstwirtschaft an die Holzproduktion schaffte er es, wertvolle Waldgebiete zu erhalten und zu entwickeln. Viele dieser Gebiete sind heute Naturschutzgebiete mit sch\u00f6nen Naturlehrpfaden und Naturwanderwegen, so zum Beispiel die Radeberge, der Briesensee mit Klingespring und der Tonowsee. Als Mitbegr\u00fcnder der Landesgruppe Brandenburg der Arbeitsgemeinschaft \u201eNaturgem\u00e4\u00dfe Waldwirtschaft\u201c setzte sich Joachim Sommerfeld ma\u00dfgeblich\u00a0 f\u00fcr die Ausweisung naturbelassener Wiederbewaldungsfl\u00e4chen ein. Nach seiner aktiven Dienstzeit ver\u00f6ffentlichte er verschiedene regionalgeschichtliche Beitr\u00e4ge, die sich mit den Steinen und den B\u00e4umen\u00a0 in unseren W\u00e4ldern befassen.<\/p>\n<p>\u00dcber 500 Euro konnte sich eine <strong>Sch\u00fclergruppe der musikbetonten Gesamtschule \u201ePaul Dessau\u201c aus Zeuthen<\/strong> freuen. Mit Ihrem Wettbewerbsbeitrag \u201eVerockerung \u2013 nach der Kohle kommt das Eisen\u201c haben die Sch\u00fcler fundierte Vorschl\u00e4ge unterbreitet, um die Wasserqualit\u00e4t in Gew\u00e4ssern zu verbessern, die als Folge des Braunkohleabbaus zunehmend mit Eisenoxid und Schwefel belastet sind. Betroffen ist zum Beispiel der Schlabendorfer See und Vorfluter an Berste, Wuderitz und Lorenzgraben. Zu den in der sch\u00fclerarbeit angebotenen L\u00f6sungsvorschl\u00e4gen zur Minderung von Eisen im Wasser geh\u00f6ren Zentrifugen, Labyrinth-Absetzbecken, in der Abwassertechnik auch Schikane genannt, und Hydrozyklone. Der Aspekt der Verwendung von Magnetismus zur besseren Ausflockung hat in diesem Zusammenhang echten Innovationscharakter. Auch der Aufbau eines einfach handhabbaren Schnelltests und der Aufbau eines Netzwerkes, in welchem beispielsweise andere Sch\u00fcler an anderen Orten diese Schnelltests durchf\u00fchren und die Ergebnisse von der Sch\u00fclergruppe gesammelt werden, sind als besondere Leistungen im Bereich des Umweltschutzes\u00a0 zu werten.<\/p>\n<p>Nach Einsch\u00e4tzung der Jury ist der \u00f6kologische Wert des Sch\u00fclerbeitrages bemerkenswert. Die Ma\u00dfnahmen bilden ein Puzzlestein in den erheblichen gesamtgesellschaftlichen Anstrengungen zu einer nachhaltigen Verbesserung der Umweltsituation im Lausitzer Raum und eben auch im Landkreis. Landrat Stephan Loge dankte allen anwesenden Naturliebhabern und Umweltsch\u00fctzern f\u00fcr ihr herausragendes Engagement und ermutigte zum Weitermachen.<\/p>\n<p>Text und Fotos LDS-Pressestelle<\/p>\n<p><a title=\"Landkreis Dahme-Spreewald\" href=\"http:\/\/www.dahme-spreewald.de\/de\/start\">Landkreis Dahme-Spreewald<\/a><\/p>\n<p>&nbsp;<\/p>\n<div id=\"attachment_527\" style=\"width: 630px\" class=\"wp-caption aligncenter\"><a href=\"https:\/\/www.naturparkmagazin.de\/dahme-heideseen\/wp-content\/uploads\/sites\/37\/Teilnehmer_web.jpg\"><img aria-describedby=\"caption-attachment-527\" decoding=\"async\" loading=\"lazy\" class=\"size-medium wp-image-527\" alt=\"Alle Teilnehmer am diesj\u00e4hrigen Umweltpreis-Wettbewerb des Landkreises Dahme-Spreewald\" src=\"https:\/\/www.naturparkmagazin.de\/dahme-heideseen\/wp-content\/uploads\/sites\/37\/Teilnehmer_web-620x347.jpg\" width=\"620\" height=\"347\" \/><\/a><p id=\"caption-attachment-527\" class=\"wp-caption-text\">Alle Teilnehmer am diesj\u00e4hrigen Umweltpreis-Wettbewerb des Landkreises Dahme-Spreewald<\/p><\/div>\n","protected":false},"excerpt":{"rendered":"<p>Anl\u00e4sslich des Weltumwelttages vergaben Landrat Stephan Loge und die Vorsitzende des Kreistages Uta T\u00f6lpe am 5. Juni 2014 im Rahmen einer Feierstunde&#8230;<\/p>\n","protected":false},"author":48,"featured_media":526,"comment_status":"open","ping_status":"open","sticky":false,"template":"","format":"standard","meta":[],"categories":[7],"tags":[],"yoast_head":"<!-- This site is optimized with the Yoast SEO plugin v19.10 - https:\/\/yoast.com\/wordpress\/plugins\/seo\/ -->\n<title>Engagiert f\u00fcr die Umwelt - Umweltpreisverleihung des Landkreises Dahme-Spreewald - Naturpark Dahme-Heideseen<\/title>\n<meta name=\"robots\" content=\"index, follow, max-snippet:-1, max-image-preview:large, max-video-preview:-1\" \/>\n<link rel=\"canonical\" href=\"https:\/\/www.naturparkmagazin.de\/dahme-heideseen\/engagiert-fuer-die-umwelt-umweltpreisverleihung-des-landkreises-dahme-spreewald\/\" \/>\n<meta property=\"og:locale\" content=\"de_DE\" \/>\n<meta property=\"og:type\" content=\"article\" \/>\n<meta property=\"og:title\" content=\"Engagiert f\u00fcr die Umwelt - Umweltpreisverleihung des Landkreises Dahme-Spreewald - Naturpark Dahme-Heideseen\" \/>\n<meta property=\"og:description\" content=\"Anl\u00e4sslich des Weltumwelttages vergaben Landrat Stephan Loge und die Vorsitzende des Kreistages Uta T\u00f6lpe am 5. Juni 2014 im Rahmen einer Feierstunde...\" \/>\n<meta property=\"og:url\" content=\"https:\/\/www.naturparkmagazin.de\/dahme-heideseen\/engagiert-fuer-die-umwelt-umweltpreisverleihung-des-landkreises-dahme-spreewald\/\" \/>\n<meta property=\"og:site_name\" content=\"Naturpark Dahme-Heideseen\" \/>\n<meta property=\"article:published_time\" content=\"2014-06-18T11:42:37+00:00\" \/>\n<meta property=\"article:modified_time\" content=\"2014-06-24T12:03:00+00:00\" \/>\n<meta property=\"og:image\" content=\"https:\/\/www.naturparkmagazin.de\/dahme-heideseen\/wp-content\/uploads\/sites\/37\/Ausgezeichnet_web.jpg\" \/>\n\t<meta property=\"og:image:width\" content=\"640\" \/>\n\t<meta property=\"og:image:height\" content=\"480\" \/>\n\t<meta property=\"og:image:type\" content=\"image\/jpeg\" \/>\n<meta name=\"author\" content=\"hanssonnenberg\" \/>\n<meta name=\"twitter:label1\" content=\"Verfasst von\" \/>\n\t<meta name=\"twitter:data1\" content=\"hanssonnenberg\" \/>\n\t<meta name=\"twitter:label2\" content=\"Gesch\u00e4tzte Lesezeit\" \/>\n\t<meta name=\"twitter:data2\" content=\"4\u00a0Minuten\" \/>\n<script type=\"application\/ld+json\" class=\"yoast-schema-graph\">{\"@context\":\"https:\/\/schema.org\",\"@graph\":[{\"@type\":\"WebPage\",\"@id\":\"https:\/\/www.naturparkmagazin.de\/dahme-heideseen\/engagiert-fuer-die-umwelt-umweltpreisverleihung-des-landkreises-dahme-spreewald\/\",\"url\":\"https:\/\/www.naturparkmagazin.de\/dahme-heideseen\/engagiert-fuer-die-umwelt-umweltpreisverleihung-des-landkreises-dahme-spreewald\/\",\"name\":\"Engagiert f\u00fcr die Umwelt - Umweltpreisverleihung des Landkreises Dahme-Spreewald - Naturpark Dahme-Heideseen\",\"isPartOf\":{\"@id\":\"https:\/\/www.naturparkmagazin.de\/dahme-heideseen\/#website\"},\"datePublished\":\"2014-06-18T11:42:37+00:00\",\"dateModified\":\"2014-06-24T12:03:00+00:00\",\"author\":{\"@id\":\"https:\/\/www.naturparkmagazin.de\/dahme-heideseen\/#\/schema\/person\/c81c96c3a1f5ee7bffff8b8022c105f0\"},\"breadcrumb\":{\"@id\":\"https:\/\/www.naturparkmagazin.de\/dahme-heideseen\/engagiert-fuer-die-umwelt-umweltpreisverleihung-des-landkreises-dahme-spreewald\/#breadcrumb\"},\"inLanguage\":\"de\",\"potentialAction\":[{\"@type\":\"ReadAction\",\"target\":[\"https:\/\/www.naturparkmagazin.de\/dahme-heideseen\/engagiert-fuer-die-umwelt-umweltpreisverleihung-des-landkreises-dahme-spreewald\/\"]}]},{\"@type\":\"BreadcrumbList\",\"@id\":\"https:\/\/www.naturparkmagazin.de\/dahme-heideseen\/engagiert-fuer-die-umwelt-umweltpreisverleihung-des-landkreises-dahme-spreewald\/#breadcrumb\",\"itemListElement\":[{\"@type\":\"ListItem\",\"position\":1,\"name\":\"Home\",\"item\":\"https:\/\/www.naturparkmagazin.de\/dahme-heideseen\/\"},{\"@type\":\"ListItem\",\"position\":2,\"name\":\"Engagiert f\u00fcr die Umwelt &#8211; Umweltpreisverleihung des Landkreises Dahme-Spreewald\"}]},{\"@type\":\"WebSite\",\"@id\":\"https:\/\/www.naturparkmagazin.de\/dahme-heideseen\/#website\",\"url\":\"https:\/\/www.naturparkmagazin.de\/dahme-heideseen\/\",\"name\":\"Naturpark Dahme-Heideseen\",\"description\":\"\",\"potentialAction\":[{\"@type\":\"SearchAction\",\"target\":{\"@type\":\"EntryPoint\",\"urlTemplate\":\"https:\/\/www.naturparkmagazin.de\/dahme-heideseen\/?s={search_term_string}\"},\"query-input\":\"required name=search_term_string\"}],\"inLanguage\":\"de\"},{\"@type\":\"Person\",\"@id\":\"https:\/\/www.naturparkmagazin.de\/dahme-heideseen\/#\/schema\/person\/c81c96c3a1f5ee7bffff8b8022c105f0\",\"name\":\"hanssonnenberg\",\"url\":\"https:\/\/www.naturparkmagazin.de\/dahme-heideseen\/author\/hanssonnenberg\/\"}]}<\/script>\n<!-- \/ Yoast SEO plugin. -->","yoast_head_json":{"title":"Engagiert f\u00fcr die Umwelt - Umweltpreisverleihung des Landkreises Dahme-Spreewald - Naturpark Dahme-Heideseen","robots":{"index":"index","follow":"follow","max-snippet":"max-snippet:-1","max-image-preview":"max-image-preview:large","max-video-preview":"max-video-preview:-1"},"canonical":"https:\/\/www.naturparkmagazin.de\/dahme-heideseen\/engagiert-fuer-die-umwelt-umweltpreisverleihung-des-landkreises-dahme-spreewald\/","og_locale":"de_DE","og_type":"article","og_title":"Engagiert f\u00fcr die Umwelt - Umweltpreisverleihung des Landkreises Dahme-Spreewald - Naturpark Dahme-Heideseen","og_description":"Anl\u00e4sslich des Weltumwelttages vergaben Landrat Stephan Loge und die Vorsitzende des Kreistages Uta T\u00f6lpe am 5. Juni 2014 im Rahmen einer Feierstunde...","og_url":"https:\/\/www.naturparkmagazin.de\/dahme-heideseen\/engagiert-fuer-die-umwelt-umweltpreisverleihung-des-landkreises-dahme-spreewald\/","og_site_name":"Naturpark Dahme-Heideseen","article_published_time":"2014-06-18T11:42:37+00:00","article_modified_time":"2014-06-24T12:03:00+00:00","og_image":[{"width":640,"height":480,"url":"https:\/\/www.naturparkmagazin.de\/dahme-heideseen\/wp-content\/uploads\/sites\/37\/Ausgezeichnet_web.jpg","type":"image\/jpeg"}],"author":"hanssonnenberg","twitter_misc":{"Verfasst von":"hanssonnenberg","Gesch\u00e4tzte Lesezeit":"4\u00a0Minuten"},"schema":{"@context":"https:\/\/schema.org","@graph":[{"@type":"WebPage","@id":"https:\/\/www.naturparkmagazin.de\/dahme-heideseen\/engagiert-fuer-die-umwelt-umweltpreisverleihung-des-landkreises-dahme-spreewald\/","url":"https:\/\/www.naturparkmagazin.de\/dahme-heideseen\/engagiert-fuer-die-umwelt-umweltpreisverleihung-des-landkreises-dahme-spreewald\/","name":"Engagiert f\u00fcr die Umwelt - Umweltpreisverleihung des Landkreises Dahme-Spreewald - Naturpark Dahme-Heideseen","isPartOf":{"@id":"https:\/\/www.naturparkmagazin.de\/dahme-heideseen\/#website"},"datePublished":"2014-06-18T11:42:37+00:00","dateModified":"2014-06-24T12:03:00+00:00","author":{"@id":"https:\/\/www.naturparkmagazin.de\/dahme-heideseen\/#\/schema\/person\/c81c96c3a1f5ee7bffff8b8022c105f0"},"breadcrumb":{"@id":"https:\/\/www.naturparkmagazin.de\/dahme-heideseen\/engagiert-fuer-die-umwelt-umweltpreisverleihung-des-landkreises-dahme-spreewald\/#breadcrumb"},"inLanguage":"de","potentialAction":[{"@type":"ReadAction","target":["https:\/\/www.naturparkmagazin.de\/dahme-heideseen\/engagiert-fuer-die-umwelt-umweltpreisverleihung-des-landkreises-dahme-spreewald\/"]}]},{"@type":"BreadcrumbList","@id":"https:\/\/www.naturparkmagazin.de\/dahme-heideseen\/engagiert-fuer-die-umwelt-umweltpreisverleihung-des-landkreises-dahme-spreewald\/#breadcrumb","itemListElement":[{"@type":"ListItem","position":1,"name":"Home","item":"https:\/\/www.naturparkmagazin.de\/dahme-heideseen\/"},{"@type":"ListItem","position":2,"name":"Engagiert f\u00fcr die Umwelt &#8211; Umweltpreisverleihung des Landkreises Dahme-Spreewald"}]},{"@type":"WebSite","@id":"https:\/\/www.naturparkmagazin.de\/dahme-heideseen\/#website","url":"https:\/\/www.naturparkmagazin.de\/dahme-heideseen\/","name":"Naturpark Dahme-Heideseen","description":"","potentialAction":[{"@type":"SearchAction","target":{"@type":"EntryPoint","urlTemplate":"https:\/\/www.naturparkmagazin.de\/dahme-heideseen\/?s={search_term_string}"},"query-input":"required name=search_term_string"}],"inLanguage":"de"},{"@type":"Person","@id":"https:\/\/www.naturparkmagazin.de\/dahme-heideseen\/#\/schema\/person\/c81c96c3a1f5ee7bffff8b8022c105f0","name":"hanssonnenberg","url":"https:\/\/www.naturparkmagazin.de\/dahme-heideseen\/author\/hanssonnenberg\/"}]}},"_links":{"self":[{"href":"https:\/\/www.naturparkmagazin.de\/dahme-heideseen\/wp-json\/wp\/v2\/posts\/522"}],"collection":[{"href":"https:\/\/www.naturparkmagazin.de\/dahme-heideseen\/wp-json\/wp\/v2\/posts"}],"about":[{"href":"https:\/\/www.naturparkmagazin.de\/dahme-heideseen\/wp-json\/wp\/v2\/types\/post"}],"author":[{"embeddable":true,"href":"https:\/\/www.naturparkmagazin.de\/dahme-heideseen\/wp-json\/wp\/v2\/users\/48"}],"replies":[{"embeddable":true,"href":"https:\/\/www.naturparkmagazin.de\/dahme-heideseen\/wp-json\/wp\/v2\/comments?post=522"}],"version-history":[{"count":7,"href":"https:\/\/www.naturparkmagazin.de\/dahme-heideseen\/wp-json\/wp\/v2\/posts\/522\/revisions"}],"predecessor-version":[{"id":592,"href":"https:\/\/www.naturparkmagazin.de\/dahme-heideseen\/wp-json\/wp\/v2\/posts\/522\/revisions\/592"}],"wp:featuredmedia":[{"embeddable":true,"href":"https:\/\/www.naturparkmagazin.de\/dahme-heideseen\/wp-json\/wp\/v2\/media\/526"}],"wp:attachment":[{"href":"https:\/\/www.naturparkmagazin.de\/dahme-heideseen\/wp-json\/wp\/v2\/media?parent=522"}],"wp:term":[{"taxonomy":"category","embeddable":true,"href":"https:\/\/www.naturparkmagazin.de\/dahme-heideseen\/wp-json\/wp\/v2\/categories?post=522"},{"taxonomy":"post_tag","embeddable":true,"href":"https:\/\/www.naturparkmagazin.de\/dahme-heideseen\/wp-json\/wp\/v2\/tags?post=522"}],"curies":[{"name":"wp","href":"https:\/\/api.w.org\/{rel}","templated":true}]}}