{"id":5258,"date":"2023-07-19T09:18:37","date_gmt":"2023-07-19T07:18:37","guid":{"rendered":"https:\/\/www.naturparkmagazin.de\/dahme-heideseen\/?p=5258"},"modified":"2023-07-19T09:18:37","modified_gmt":"2023-07-19T07:18:37","slug":"brandenburgs-agrar-und-umweltstaatssekretaerin-zu-besuch-im-naturgut-koellnitz","status":"publish","type":"post","link":"https:\/\/www.naturparkmagazin.de\/dahme-heideseen\/brandenburgs-agrar-und-umweltstaatssekretaerin-zu-besuch-im-naturgut-koellnitz\/","title":{"rendered":"Brandenburgs Agrar- und Umweltstaatssekret\u00e4rin zu Besuch im Naturgut K\u00f6llnitz"},"content":{"rendered":"<section class=\"col left\">Brandenburgs Agrar- und Umweltstaatssekret\u00e4rin Anja Boudon besuchte das Naturgut K\u00f6llnitz und informierte sich \u00fcber die vielf\u00e4ltigen Ativit\u00e4ten und Angebote.<\/p>\n<p>Das Naturgut K\u00f6llnitz liegt mitten im Naturschutzgebiet an der Gro\u00df Schauener Seenkette im Naturpark Dahme-Heideseen. Seit vier Jahren entwickelt sich hier ein au\u00dfergew\u00f6hnliches Projekt, das unter dem Namen \u201eNaturgut K\u00f6llnitz\u201c firmiert. Eine Art Selbstversorgerhof mit angeschlossener Fischerei, 135 Hektar gro\u00dfer Landwirtschaft, Beeten mit 60 verschiedenen Gem\u00fcsesorten, Rindern, Wasserb\u00fcffeln und H\u00fchnern. Ein Hofladen geh\u00f6rt dazu, das \u201eSeehotel\u201c und ein Restaurant mit ambitionierter K\u00fcche. Die Heinz-Sielmann-Stiftung, der die Gro\u00df Schauener Seen geh\u00f6ren betreibt auf dem Hof eine st\u00e4ndige Ausstellung und einen Naturlehrpfad der zu einem Aussichtsturm f\u00fchrt.<\/p>\n<p>Der Standort hat eine lange Geschichte. Bereits im Jahr 1209 wurde die Fischerei hier erstmals urkundlich erw\u00e4hnt. Zu DDR-Zeiten wurde die Fischerei in eine Genossenschaft \u00fcberf\u00fchrt, die 2018 von \u201eArtprojekt\u201c, \u00fcbernommen und zur GmbH transformiert wurde. Das Fischereihandwerk spielt hier aber noch immer eine gro\u00dfe Rolle.<\/p>\n<p>Im M\u00e4rz 2023 erfolgte eine kulinarische Neukonzeptionierung der \u201eK\u00f6llnitzer \u2013Fischerstuben\u201c als Farm-to-Fork-Res\u00actaurant. 70 Prozent der verarbeiteten Produkte m\u00fcssen aus einem Umkreis von 70 Kilometern stammen. Ein Teil des Gem\u00fcses, mit dem im Restaurant gekocht wird, kommt vom wenige Meter gegen\u00fcberliegenden Feld. Auch H\u00fchner und Rinder werden in der Nachbarschaft gez\u00fcchtet.<\/p>\n<p>In der Diskussion mit Anja Boudon ging es u. a. um den Wert regional erzeugter Lebensmittel. Zudem ging es konkret um die F\u00f6rderung des Aufbaus regionaler Wertsch\u00f6pfungsketten, um die m\u00f6gliche Zusammenarbeit mit Schulen, um Inklusion und um den Erhalt einer intakten Natur.<\/p>\n<div id=\"attachment_5234\" style=\"width: 630px\" class=\"wp-caption alignnone\"><a href=\"https:\/\/www.naturparkmagazin.de\/dahme-heideseen\/wp-content\/uploads\/sites\/37\/naturgut-g.jpg\"><img aria-describedby=\"caption-attachment-5234\" decoding=\"async\" loading=\"lazy\" class=\"size-medium wp-image-5234\" src=\"https:\/\/www.naturparkmagazin.de\/dahme-heideseen\/wp-content\/uploads\/sites\/37\/naturgut-g-620x465.jpg\" alt=\"\" width=\"620\" height=\"465\" srcset=\"https:\/\/www.naturparkmagazin.de\/dahme-heideseen\/wp-content\/uploads\/sites\/37\/naturgut-g-620x465.jpg 620w, https:\/\/www.naturparkmagazin.de\/dahme-heideseen\/wp-content\/uploads\/sites\/37\/naturgut-g-940x705.jpg 940w, https:\/\/www.naturparkmagazin.de\/dahme-heideseen\/wp-content\/uploads\/sites\/37\/naturgut-g-300x225.jpg 300w, https:\/\/www.naturparkmagazin.de\/dahme-heideseen\/wp-content\/uploads\/sites\/37\/naturgut-g-1536x1152.jpg 1536w, https:\/\/www.naturparkmagazin.de\/dahme-heideseen\/wp-content\/uploads\/sites\/37\/naturgut-g-580x435.jpg 580w, https:\/\/www.naturparkmagazin.de\/dahme-heideseen\/wp-content\/uploads\/sites\/37\/naturgut-g-420x315.jpg 420w, https:\/\/www.naturparkmagazin.de\/dahme-heideseen\/wp-content\/uploads\/sites\/37\/naturgut-g-180x135.jpg 180w, https:\/\/www.naturparkmagazin.de\/dahme-heideseen\/wp-content\/uploads\/sites\/37\/naturgut-g-95x71.jpg 95w, https:\/\/www.naturparkmagazin.de\/dahme-heideseen\/wp-content\/uploads\/sites\/37\/naturgut-g-670x503.jpg 670w, https:\/\/www.naturparkmagazin.de\/dahme-heideseen\/wp-content\/uploads\/sites\/37\/naturgut-g-200x150.jpg 200w, https:\/\/www.naturparkmagazin.de\/dahme-heideseen\/wp-content\/uploads\/sites\/37\/naturgut-g.jpg 1580w\" sizes=\"(max-width: 620px) 100vw, 620px\" \/><\/a><p id=\"caption-attachment-5234\" class=\"wp-caption-text\">Brandenburgs Agrar- und Umweltstaatssekret\u00e4rin Anja Boudon besuchte das Naturgut K\u00f6llnitz (\u00a9 Carsten Preu\u00df)<\/p><\/div>\n<div id=\"attachment_5235\" style=\"width: 630px\" class=\"wp-caption alignnone\"><a href=\"https:\/\/www.naturparkmagazin.de\/dahme-heideseen\/wp-content\/uploads\/sites\/37\/naturgut-d.jpg\"><img aria-describedby=\"caption-attachment-5235\" decoding=\"async\" loading=\"lazy\" class=\"size-medium wp-image-5235\" src=\"https:\/\/www.naturparkmagazin.de\/dahme-heideseen\/wp-content\/uploads\/sites\/37\/naturgut-d-620x465.jpg\" alt=\"\" width=\"620\" height=\"465\" srcset=\"https:\/\/www.naturparkmagazin.de\/dahme-heideseen\/wp-content\/uploads\/sites\/37\/naturgut-d-620x465.jpg 620w, https:\/\/www.naturparkmagazin.de\/dahme-heideseen\/wp-content\/uploads\/sites\/37\/naturgut-d-940x705.jpg 940w, https:\/\/www.naturparkmagazin.de\/dahme-heideseen\/wp-content\/uploads\/sites\/37\/naturgut-d-300x225.jpg 300w, https:\/\/www.naturparkmagazin.de\/dahme-heideseen\/wp-content\/uploads\/sites\/37\/naturgut-d-1536x1152.jpg 1536w, https:\/\/www.naturparkmagazin.de\/dahme-heideseen\/wp-content\/uploads\/sites\/37\/naturgut-d-580x435.jpg 580w, https:\/\/www.naturparkmagazin.de\/dahme-heideseen\/wp-content\/uploads\/sites\/37\/naturgut-d-420x315.jpg 420w, https:\/\/www.naturparkmagazin.de\/dahme-heideseen\/wp-content\/uploads\/sites\/37\/naturgut-d-180x135.jpg 180w, https:\/\/www.naturparkmagazin.de\/dahme-heideseen\/wp-content\/uploads\/sites\/37\/naturgut-d-95x71.jpg 95w, https:\/\/www.naturparkmagazin.de\/dahme-heideseen\/wp-content\/uploads\/sites\/37\/naturgut-d-670x503.jpg 670w, https:\/\/www.naturparkmagazin.de\/dahme-heideseen\/wp-content\/uploads\/sites\/37\/naturgut-d-200x150.jpg 200w, https:\/\/www.naturparkmagazin.de\/dahme-heideseen\/wp-content\/uploads\/sites\/37\/naturgut-d.jpg 1632w\" sizes=\"(max-width: 620px) 100vw, 620px\" \/><\/a><p id=\"caption-attachment-5235\" class=\"wp-caption-text\">Naturgut K\u00f6llnitz (\u00a9 Carsten Preu\u00df)<\/p><\/div>\n<div id=\"attachment_5236\" style=\"width: 630px\" class=\"wp-caption alignnone\"><a href=\"https:\/\/www.naturparkmagazin.de\/dahme-heideseen\/wp-content\/uploads\/sites\/37\/naturgut-c.jpg\"><img aria-describedby=\"caption-attachment-5236\" decoding=\"async\" loading=\"lazy\" class=\"size-medium wp-image-5236\" src=\"https:\/\/www.naturparkmagazin.de\/dahme-heideseen\/wp-content\/uploads\/sites\/37\/naturgut-c-620x465.jpg\" alt=\"\" width=\"620\" height=\"465\" srcset=\"https:\/\/www.naturparkmagazin.de\/dahme-heideseen\/wp-content\/uploads\/sites\/37\/naturgut-c-620x465.jpg 620w, https:\/\/www.naturparkmagazin.de\/dahme-heideseen\/wp-content\/uploads\/sites\/37\/naturgut-c-300x225.jpg 300w, https:\/\/www.naturparkmagazin.de\/dahme-heideseen\/wp-content\/uploads\/sites\/37\/naturgut-c-580x435.jpg 580w, https:\/\/www.naturparkmagazin.de\/dahme-heideseen\/wp-content\/uploads\/sites\/37\/naturgut-c-420x315.jpg 420w, https:\/\/www.naturparkmagazin.de\/dahme-heideseen\/wp-content\/uploads\/sites\/37\/naturgut-c-180x135.jpg 180w, https:\/\/www.naturparkmagazin.de\/dahme-heideseen\/wp-content\/uploads\/sites\/37\/naturgut-c-95x71.jpg 95w, https:\/\/www.naturparkmagazin.de\/dahme-heideseen\/wp-content\/uploads\/sites\/37\/naturgut-c-670x502.jpg 670w, https:\/\/www.naturparkmagazin.de\/dahme-heideseen\/wp-content\/uploads\/sites\/37\/naturgut-c-200x150.jpg 200w, https:\/\/www.naturparkmagazin.de\/dahme-heideseen\/wp-content\/uploads\/sites\/37\/naturgut-c.jpg 939w\" sizes=\"(max-width: 620px) 100vw, 620px\" \/><\/a><p id=\"caption-attachment-5236\" class=\"wp-caption-text\">Naturgut K\u00f6llnitz (\u00a9 Carsten Preu\u00df)<\/p><\/div>\n<div id=\"attachment_5233\" style=\"width: 630px\" class=\"wp-caption alignnone\"><a href=\"https:\/\/www.naturparkmagazin.de\/dahme-heideseen\/wp-content\/uploads\/sites\/37\/naturgut-e.jpg\"><img aria-describedby=\"caption-attachment-5233\" decoding=\"async\" loading=\"lazy\" class=\"size-medium wp-image-5233\" src=\"https:\/\/www.naturparkmagazin.de\/dahme-heideseen\/wp-content\/uploads\/sites\/37\/naturgut-e-620x465.jpg\" alt=\"\" width=\"620\" height=\"465\" srcset=\"https:\/\/www.naturparkmagazin.de\/dahme-heideseen\/wp-content\/uploads\/sites\/37\/naturgut-e-620x465.jpg 620w, https:\/\/www.naturparkmagazin.de\/dahme-heideseen\/wp-content\/uploads\/sites\/37\/naturgut-e-940x705.jpg 940w, https:\/\/www.naturparkmagazin.de\/dahme-heideseen\/wp-content\/uploads\/sites\/37\/naturgut-e-300x225.jpg 300w, https:\/\/www.naturparkmagazin.de\/dahme-heideseen\/wp-content\/uploads\/sites\/37\/naturgut-e-1536x1152.jpg 1536w, https:\/\/www.naturparkmagazin.de\/dahme-heideseen\/wp-content\/uploads\/sites\/37\/naturgut-e-580x435.jpg 580w, https:\/\/www.naturparkmagazin.de\/dahme-heideseen\/wp-content\/uploads\/sites\/37\/naturgut-e-420x315.jpg 420w, https:\/\/www.naturparkmagazin.de\/dahme-heideseen\/wp-content\/uploads\/sites\/37\/naturgut-e-180x135.jpg 180w, https:\/\/www.naturparkmagazin.de\/dahme-heideseen\/wp-content\/uploads\/sites\/37\/naturgut-e-95x71.jpg 95w, https:\/\/www.naturparkmagazin.de\/dahme-heideseen\/wp-content\/uploads\/sites\/37\/naturgut-e-670x502.jpg 670w, https:\/\/www.naturparkmagazin.de\/dahme-heideseen\/wp-content\/uploads\/sites\/37\/naturgut-e-200x150.jpg 200w, https:\/\/www.naturparkmagazin.de\/dahme-heideseen\/wp-content\/uploads\/sites\/37\/naturgut-e.jpg 1558w\" sizes=\"(max-width: 620px) 100vw, 620px\" \/><\/a><p id=\"caption-attachment-5233\" class=\"wp-caption-text\">Naturgut K\u00f6llnitz (\u00a9 Carsten Preu\u00df)<\/p><\/div>\n<\/section>\n","protected":false},"excerpt":{"rendered":"<p>Brandenburgs Agrar- und Umweltstaatssekret\u00e4rin Anja Boudon besuchte das Naturgut K\u00f6llnitz und informierte sich \u00fcber die vielf\u00e4ltigen Ativit\u00e4ten und Angebote.<\/p>\n","protected":false},"author":83,"featured_media":5234,"comment_status":"open","ping_status":"open","sticky":false,"template":"","format":"standard","meta":[],"categories":[7],"tags":[],"yoast_head":"<!-- This site is optimized with the Yoast SEO plugin v19.10 - https:\/\/yoast.com\/wordpress\/plugins\/seo\/ -->\n<title>Brandenburgs Agrar- und Umweltstaatssekret\u00e4rin zu Besuch im Naturgut K\u00f6llnitz - Naturpark Dahme-Heideseen<\/title>\n<meta name=\"robots\" content=\"index, follow, max-snippet:-1, max-image-preview:large, max-video-preview:-1\" \/>\n<link rel=\"canonical\" href=\"https:\/\/www.naturparkmagazin.de\/dahme-heideseen\/brandenburgs-agrar-und-umweltstaatssekretaerin-zu-besuch-im-naturgut-koellnitz\/\" \/>\n<meta property=\"og:locale\" content=\"de_DE\" \/>\n<meta property=\"og:type\" content=\"article\" \/>\n<meta property=\"og:title\" content=\"Brandenburgs Agrar- und Umweltstaatssekret\u00e4rin zu Besuch im Naturgut K\u00f6llnitz - Naturpark Dahme-Heideseen\" \/>\n<meta property=\"og:description\" content=\"Brandenburgs Agrar- und Umweltstaatssekret\u00e4rin Anja Boudon besuchte das Naturgut K\u00f6llnitz und informierte sich \u00fcber die vielf\u00e4ltigen Ativit\u00e4ten und Angebote.\" \/>\n<meta property=\"og:url\" content=\"https:\/\/www.naturparkmagazin.de\/dahme-heideseen\/brandenburgs-agrar-und-umweltstaatssekretaerin-zu-besuch-im-naturgut-koellnitz\/\" \/>\n<meta property=\"og:site_name\" content=\"Naturpark Dahme-Heideseen\" \/>\n<meta property=\"article:published_time\" content=\"2023-07-19T07:18:37+00:00\" \/>\n<meta property=\"og:image\" content=\"https:\/\/www.naturparkmagazin.de\/dahme-heideseen\/wp-content\/uploads\/sites\/37\/naturgut-g.jpg\" \/>\n\t<meta property=\"og:image:width\" content=\"1580\" \/>\n\t<meta property=\"og:image:height\" content=\"1185\" \/>\n\t<meta property=\"og:image:type\" content=\"image\/jpeg\" \/>\n<meta name=\"author\" content=\"Astrid Osenbr\u00fcck\" \/>\n<meta name=\"twitter:label1\" content=\"Verfasst von\" \/>\n\t<meta name=\"twitter:data1\" content=\"Astrid Osenbr\u00fcck\" \/>\n\t<meta name=\"twitter:label2\" content=\"Gesch\u00e4tzte Lesezeit\" \/>\n\t<meta name=\"twitter:data2\" content=\"3\u00a0Minuten\" \/>\n<script type=\"application\/ld+json\" class=\"yoast-schema-graph\">{\"@context\":\"https:\/\/schema.org\",\"@graph\":[{\"@type\":\"WebPage\",\"@id\":\"https:\/\/www.naturparkmagazin.de\/dahme-heideseen\/brandenburgs-agrar-und-umweltstaatssekretaerin-zu-besuch-im-naturgut-koellnitz\/\",\"url\":\"https:\/\/www.naturparkmagazin.de\/dahme-heideseen\/brandenburgs-agrar-und-umweltstaatssekretaerin-zu-besuch-im-naturgut-koellnitz\/\",\"name\":\"Brandenburgs Agrar- und Umweltstaatssekret\u00e4rin zu Besuch im Naturgut K\u00f6llnitz - Naturpark Dahme-Heideseen\",\"isPartOf\":{\"@id\":\"https:\/\/www.naturparkmagazin.de\/dahme-heideseen\/#website\"},\"datePublished\":\"2023-07-19T07:18:37+00:00\",\"dateModified\":\"2023-07-19T07:18:37+00:00\",\"author\":{\"@id\":\"https:\/\/www.naturparkmagazin.de\/dahme-heideseen\/#\/schema\/person\/a0510aafafdf8183c95fc98faf0c9f21\"},\"breadcrumb\":{\"@id\":\"https:\/\/www.naturparkmagazin.de\/dahme-heideseen\/brandenburgs-agrar-und-umweltstaatssekretaerin-zu-besuch-im-naturgut-koellnitz\/#breadcrumb\"},\"inLanguage\":\"de\",\"potentialAction\":[{\"@type\":\"ReadAction\",\"target\":[\"https:\/\/www.naturparkmagazin.de\/dahme-heideseen\/brandenburgs-agrar-und-umweltstaatssekretaerin-zu-besuch-im-naturgut-koellnitz\/\"]}]},{\"@type\":\"BreadcrumbList\",\"@id\":\"https:\/\/www.naturparkmagazin.de\/dahme-heideseen\/brandenburgs-agrar-und-umweltstaatssekretaerin-zu-besuch-im-naturgut-koellnitz\/#breadcrumb\",\"itemListElement\":[{\"@type\":\"ListItem\",\"position\":1,\"name\":\"Home\",\"item\":\"https:\/\/www.naturparkmagazin.de\/dahme-heideseen\/\"},{\"@type\":\"ListItem\",\"position\":2,\"name\":\"Brandenburgs Agrar- und Umweltstaatssekret\u00e4rin zu Besuch im Naturgut K\u00f6llnitz\"}]},{\"@type\":\"WebSite\",\"@id\":\"https:\/\/www.naturparkmagazin.de\/dahme-heideseen\/#website\",\"url\":\"https:\/\/www.naturparkmagazin.de\/dahme-heideseen\/\",\"name\":\"Naturpark Dahme-Heideseen\",\"description\":\"\",\"potentialAction\":[{\"@type\":\"SearchAction\",\"target\":{\"@type\":\"EntryPoint\",\"urlTemplate\":\"https:\/\/www.naturparkmagazin.de\/dahme-heideseen\/?s={search_term_string}\"},\"query-input\":\"required name=search_term_string\"}],\"inLanguage\":\"de\"},{\"@type\":\"Person\",\"@id\":\"https:\/\/www.naturparkmagazin.de\/dahme-heideseen\/#\/schema\/person\/a0510aafafdf8183c95fc98faf0c9f21\",\"name\":\"Astrid Osenbr\u00fcck\",\"sameAs\":[\"http:\/\/www.dahme-heideseen-naturpark.de\"],\"url\":\"https:\/\/www.naturparkmagazin.de\/dahme-heideseen\/author\/astridosenbrueck\/\"}]}<\/script>\n<!-- \/ Yoast SEO plugin. -->","yoast_head_json":{"title":"Brandenburgs Agrar- und Umweltstaatssekret\u00e4rin zu Besuch im Naturgut K\u00f6llnitz - Naturpark Dahme-Heideseen","robots":{"index":"index","follow":"follow","max-snippet":"max-snippet:-1","max-image-preview":"max-image-preview:large","max-video-preview":"max-video-preview:-1"},"canonical":"https:\/\/www.naturparkmagazin.de\/dahme-heideseen\/brandenburgs-agrar-und-umweltstaatssekretaerin-zu-besuch-im-naturgut-koellnitz\/","og_locale":"de_DE","og_type":"article","og_title":"Brandenburgs Agrar- und Umweltstaatssekret\u00e4rin zu Besuch im Naturgut K\u00f6llnitz - Naturpark Dahme-Heideseen","og_description":"Brandenburgs Agrar- und Umweltstaatssekret\u00e4rin Anja Boudon besuchte das Naturgut K\u00f6llnitz und informierte sich \u00fcber die vielf\u00e4ltigen Ativit\u00e4ten und Angebote.","og_url":"https:\/\/www.naturparkmagazin.de\/dahme-heideseen\/brandenburgs-agrar-und-umweltstaatssekretaerin-zu-besuch-im-naturgut-koellnitz\/","og_site_name":"Naturpark Dahme-Heideseen","article_published_time":"2023-07-19T07:18:37+00:00","og_image":[{"width":1580,"height":1185,"url":"https:\/\/www.naturparkmagazin.de\/dahme-heideseen\/wp-content\/uploads\/sites\/37\/naturgut-g.jpg","type":"image\/jpeg"}],"author":"Astrid Osenbr\u00fcck","twitter_misc":{"Verfasst von":"Astrid Osenbr\u00fcck","Gesch\u00e4tzte Lesezeit":"3\u00a0Minuten"},"schema":{"@context":"https:\/\/schema.org","@graph":[{"@type":"WebPage","@id":"https:\/\/www.naturparkmagazin.de\/dahme-heideseen\/brandenburgs-agrar-und-umweltstaatssekretaerin-zu-besuch-im-naturgut-koellnitz\/","url":"https:\/\/www.naturparkmagazin.de\/dahme-heideseen\/brandenburgs-agrar-und-umweltstaatssekretaerin-zu-besuch-im-naturgut-koellnitz\/","name":"Brandenburgs Agrar- und Umweltstaatssekret\u00e4rin zu Besuch im Naturgut K\u00f6llnitz - Naturpark Dahme-Heideseen","isPartOf":{"@id":"https:\/\/www.naturparkmagazin.de\/dahme-heideseen\/#website"},"datePublished":"2023-07-19T07:18:37+00:00","dateModified":"2023-07-19T07:18:37+00:00","author":{"@id":"https:\/\/www.naturparkmagazin.de\/dahme-heideseen\/#\/schema\/person\/a0510aafafdf8183c95fc98faf0c9f21"},"breadcrumb":{"@id":"https:\/\/www.naturparkmagazin.de\/dahme-heideseen\/brandenburgs-agrar-und-umweltstaatssekretaerin-zu-besuch-im-naturgut-koellnitz\/#breadcrumb"},"inLanguage":"de","potentialAction":[{"@type":"ReadAction","target":["https:\/\/www.naturparkmagazin.de\/dahme-heideseen\/brandenburgs-agrar-und-umweltstaatssekretaerin-zu-besuch-im-naturgut-koellnitz\/"]}]},{"@type":"BreadcrumbList","@id":"https:\/\/www.naturparkmagazin.de\/dahme-heideseen\/brandenburgs-agrar-und-umweltstaatssekretaerin-zu-besuch-im-naturgut-koellnitz\/#breadcrumb","itemListElement":[{"@type":"ListItem","position":1,"name":"Home","item":"https:\/\/www.naturparkmagazin.de\/dahme-heideseen\/"},{"@type":"ListItem","position":2,"name":"Brandenburgs Agrar- und Umweltstaatssekret\u00e4rin zu Besuch im Naturgut K\u00f6llnitz"}]},{"@type":"WebSite","@id":"https:\/\/www.naturparkmagazin.de\/dahme-heideseen\/#website","url":"https:\/\/www.naturparkmagazin.de\/dahme-heideseen\/","name":"Naturpark Dahme-Heideseen","description":"","potentialAction":[{"@type":"SearchAction","target":{"@type":"EntryPoint","urlTemplate":"https:\/\/www.naturparkmagazin.de\/dahme-heideseen\/?s={search_term_string}"},"query-input":"required name=search_term_string"}],"inLanguage":"de"},{"@type":"Person","@id":"https:\/\/www.naturparkmagazin.de\/dahme-heideseen\/#\/schema\/person\/a0510aafafdf8183c95fc98faf0c9f21","name":"Astrid Osenbr\u00fcck","sameAs":["http:\/\/www.dahme-heideseen-naturpark.de"],"url":"https:\/\/www.naturparkmagazin.de\/dahme-heideseen\/author\/astridosenbrueck\/"}]}},"_links":{"self":[{"href":"https:\/\/www.naturparkmagazin.de\/dahme-heideseen\/wp-json\/wp\/v2\/posts\/5258"}],"collection":[{"href":"https:\/\/www.naturparkmagazin.de\/dahme-heideseen\/wp-json\/wp\/v2\/posts"}],"about":[{"href":"https:\/\/www.naturparkmagazin.de\/dahme-heideseen\/wp-json\/wp\/v2\/types\/post"}],"author":[{"embeddable":true,"href":"https:\/\/www.naturparkmagazin.de\/dahme-heideseen\/wp-json\/wp\/v2\/users\/83"}],"replies":[{"embeddable":true,"href":"https:\/\/www.naturparkmagazin.de\/dahme-heideseen\/wp-json\/wp\/v2\/comments?post=5258"}],"version-history":[{"count":1,"href":"https:\/\/www.naturparkmagazin.de\/dahme-heideseen\/wp-json\/wp\/v2\/posts\/5258\/revisions"}],"predecessor-version":[{"id":5259,"href":"https:\/\/www.naturparkmagazin.de\/dahme-heideseen\/wp-json\/wp\/v2\/posts\/5258\/revisions\/5259"}],"wp:featuredmedia":[{"embeddable":true,"href":"https:\/\/www.naturparkmagazin.de\/dahme-heideseen\/wp-json\/wp\/v2\/media\/5234"}],"wp:attachment":[{"href":"https:\/\/www.naturparkmagazin.de\/dahme-heideseen\/wp-json\/wp\/v2\/media?parent=5258"}],"wp:term":[{"taxonomy":"category","embeddable":true,"href":"https:\/\/www.naturparkmagazin.de\/dahme-heideseen\/wp-json\/wp\/v2\/categories?post=5258"},{"taxonomy":"post_tag","embeddable":true,"href":"https:\/\/www.naturparkmagazin.de\/dahme-heideseen\/wp-json\/wp\/v2\/tags?post=5258"}],"curies":[{"name":"wp","href":"https:\/\/api.w.org\/{rel}","templated":true}]}}