{"id":545,"date":"2014-06-18T13:20:51","date_gmt":"2014-06-18T11:20:51","guid":{"rendered":"http:\/\/www.naturparkmagazin.de\/dahme-heideseen\/?p=545"},"modified":"2014-06-24T13:58:04","modified_gmt":"2014-06-24T11:58:04","slug":"eu-life-projekt-sandrasen-muskelkraft-ergaenzt-schafsbeweidung","status":"publish","type":"post","link":"https:\/\/www.naturparkmagazin.de\/dahme-heideseen\/eu-life-projekt-sandrasen-muskelkraft-ergaenzt-schafsbeweidung\/","title":{"rendered":"EU-Life-Projekt Sandrasen &#8211; Muskelkraft erg\u00e4nzt Schafsbeweidung"},"content":{"rendered":"<p>Gemeinsam k\u00e4mpften der Naturpark Dahme-Heideseen, die Naturwacht, das Projekt LIFE Sandrasen und ca. 15 Schafe an einem hei\u00dfen Junitag gegen Robinien und anderen Geh\u00f6lzaufwuchs am Glienitzberg im Projektgebiet Kienheide.<!--more-->Im Winter 2011\/2012 wurde der fast v\u00f6llig zugewucherte Glienitzberg bei Bugk freigestellt. Kiefern wurden aufgelichtet, Geh\u00f6lzaufwuchs entfernt und der Mineralboden freigelegt.\u00a0 Kaum war die ehemals zum Lehmabbau genutzte Fl\u00e4che wieder offen, konnten seltene w\u00e4rmeliebende Arten\u00a0 wie die Graue Skabiose und der Heide-G\u00fcnsel beobachtet werden. Schafe weiden seitdem zweimal im Jahr auf dem Glienitzberg um den nachwachsenden Geh\u00f6lzen Einhalt zu gebieten.<\/p>\n<p>Trotzdem schaffen es vor allem Robinie und Berg-Ahorn Randbereiche des Bergs wieder zu \u00fcberwuchern. Dagegen gingen nun in einem gemeinsamen Arbeitseinsatz Mitarbeiter des Naturparks, der Naturwacht und des LIFE Projekts Sandrasen vor. Junge Geh\u00f6lzaustriebe wurden mit der Astschere oder dem Freischneider abgeschnitten. Die \u201eNacharbeit\u201c \u00fcbernehmen nun die Schafe, die noch ein paar Wochen auf dem Gel\u00e4nde weiden werden.<\/p>\n<p>Text: Naturschutzfonds Brandenburg, P. Hafner<\/p>\n<p><a title=\"Life-Projekt Sandrasen im Dahme-Seengebiet\" href=\"http:\/\/www.sandrasen.de\/projekttagebuch\/muskelkraft-ergaenzt-schafbeweidung\/\" target=\"_blank\">Life-Projekt Sandrasen im Dahme-Seengebiet<\/a><\/p>\n<p>&nbsp;<\/p>\n<div id=\"attachment_547\" style=\"width: 630px\" class=\"wp-caption aligncenter\"><a href=\"https:\/\/www.naturparkmagazin.de\/dahme-heideseen\/wp-content\/uploads\/sites\/37\/web_Abbiss.jpg\"><img aria-describedby=\"caption-attachment-547\" decoding=\"async\" loading=\"lazy\" class=\"size-medium wp-image-547\" alt=\"Bergschaf verbei\u00dft am Glienitzberg bei Bugk einen Kreuzdornbusch (Foto: Naturschutzfonds Brandenburg -  H. R\u00f6\u00dfling)\" src=\"https:\/\/www.naturparkmagazin.de\/dahme-heideseen\/wp-content\/uploads\/sites\/37\/web_Abbiss-620x413.jpg\" width=\"620\" height=\"413\" \/><\/a><p id=\"caption-attachment-547\" class=\"wp-caption-text\">Bergschaf verbei\u00dft am Glienitzberg bei Bugk einen Kreuzdornbusch (Foto: Naturschutzfonds Brandenburg &#8211; H. R\u00f6\u00dfling)<\/p><\/div>\n","protected":false},"excerpt":{"rendered":"<p>Gemeinsam k\u00e4mpften der Naturpark Dahme-Heideseen, die Naturwacht, das Projekt LIFE Sandrasen und ca. 15 Schafe an einem hei\u00dfen Junitag gegen Robinien&#8230;<\/p>\n","protected":false},"author":48,"featured_media":546,"comment_status":"open","ping_status":"open","sticky":false,"template":"","format":"standard","meta":[],"categories":[7],"tags":[],"yoast_head":"<!-- This site is optimized with the Yoast SEO plugin v19.10 - https:\/\/yoast.com\/wordpress\/plugins\/seo\/ -->\n<title>EU-Life-Projekt Sandrasen - Muskelkraft erg\u00e4nzt Schafsbeweidung - Naturpark Dahme-Heideseen<\/title>\n<meta name=\"robots\" content=\"index, follow, max-snippet:-1, max-image-preview:large, max-video-preview:-1\" \/>\n<link rel=\"canonical\" href=\"https:\/\/www.naturparkmagazin.de\/dahme-heideseen\/eu-life-projekt-sandrasen-muskelkraft-ergaenzt-schafsbeweidung\/\" \/>\n<meta property=\"og:locale\" content=\"de_DE\" \/>\n<meta property=\"og:type\" content=\"article\" \/>\n<meta property=\"og:title\" content=\"EU-Life-Projekt Sandrasen - Muskelkraft erg\u00e4nzt Schafsbeweidung - Naturpark Dahme-Heideseen\" \/>\n<meta property=\"og:description\" content=\"Gemeinsam k\u00e4mpften der Naturpark Dahme-Heideseen, die Naturwacht, das Projekt LIFE Sandrasen und ca. 15 Schafe an einem hei\u00dfen Junitag gegen Robinien...\" \/>\n<meta property=\"og:url\" content=\"https:\/\/www.naturparkmagazin.de\/dahme-heideseen\/eu-life-projekt-sandrasen-muskelkraft-ergaenzt-schafsbeweidung\/\" \/>\n<meta property=\"og:site_name\" content=\"Naturpark Dahme-Heideseen\" \/>\n<meta property=\"article:published_time\" content=\"2014-06-18T11:20:51+00:00\" \/>\n<meta property=\"article:modified_time\" content=\"2014-06-24T11:58:04+00:00\" \/>\n<meta property=\"og:image\" content=\"https:\/\/www.naturparkmagazin.de\/dahme-heideseen\/wp-content\/uploads\/sites\/37\/webAlles-meine-Schafe.jpg\" \/>\n\t<meta property=\"og:image:width\" content=\"640\" \/>\n\t<meta property=\"og:image:height\" content=\"480\" \/>\n\t<meta property=\"og:image:type\" content=\"image\/jpeg\" \/>\n<meta name=\"author\" content=\"hanssonnenberg\" \/>\n<meta name=\"twitter:label1\" content=\"Verfasst von\" \/>\n\t<meta name=\"twitter:data1\" content=\"hanssonnenberg\" \/>\n\t<meta name=\"twitter:label2\" content=\"Gesch\u00e4tzte Lesezeit\" \/>\n\t<meta name=\"twitter:data2\" content=\"1\u00a0Minute\" \/>\n<script type=\"application\/ld+json\" class=\"yoast-schema-graph\">{\"@context\":\"https:\/\/schema.org\",\"@graph\":[{\"@type\":\"WebPage\",\"@id\":\"https:\/\/www.naturparkmagazin.de\/dahme-heideseen\/eu-life-projekt-sandrasen-muskelkraft-ergaenzt-schafsbeweidung\/\",\"url\":\"https:\/\/www.naturparkmagazin.de\/dahme-heideseen\/eu-life-projekt-sandrasen-muskelkraft-ergaenzt-schafsbeweidung\/\",\"name\":\"EU-Life-Projekt Sandrasen - Muskelkraft erg\u00e4nzt Schafsbeweidung - Naturpark Dahme-Heideseen\",\"isPartOf\":{\"@id\":\"https:\/\/www.naturparkmagazin.de\/dahme-heideseen\/#website\"},\"datePublished\":\"2014-06-18T11:20:51+00:00\",\"dateModified\":\"2014-06-24T11:58:04+00:00\",\"author\":{\"@id\":\"https:\/\/www.naturparkmagazin.de\/dahme-heideseen\/#\/schema\/person\/c81c96c3a1f5ee7bffff8b8022c105f0\"},\"breadcrumb\":{\"@id\":\"https:\/\/www.naturparkmagazin.de\/dahme-heideseen\/eu-life-projekt-sandrasen-muskelkraft-ergaenzt-schafsbeweidung\/#breadcrumb\"},\"inLanguage\":\"de\",\"potentialAction\":[{\"@type\":\"ReadAction\",\"target\":[\"https:\/\/www.naturparkmagazin.de\/dahme-heideseen\/eu-life-projekt-sandrasen-muskelkraft-ergaenzt-schafsbeweidung\/\"]}]},{\"@type\":\"BreadcrumbList\",\"@id\":\"https:\/\/www.naturparkmagazin.de\/dahme-heideseen\/eu-life-projekt-sandrasen-muskelkraft-ergaenzt-schafsbeweidung\/#breadcrumb\",\"itemListElement\":[{\"@type\":\"ListItem\",\"position\":1,\"name\":\"Home\",\"item\":\"https:\/\/www.naturparkmagazin.de\/dahme-heideseen\/\"},{\"@type\":\"ListItem\",\"position\":2,\"name\":\"EU-Life-Projekt Sandrasen &#8211; Muskelkraft erg\u00e4nzt Schafsbeweidung\"}]},{\"@type\":\"WebSite\",\"@id\":\"https:\/\/www.naturparkmagazin.de\/dahme-heideseen\/#website\",\"url\":\"https:\/\/www.naturparkmagazin.de\/dahme-heideseen\/\",\"name\":\"Naturpark Dahme-Heideseen\",\"description\":\"\",\"potentialAction\":[{\"@type\":\"SearchAction\",\"target\":{\"@type\":\"EntryPoint\",\"urlTemplate\":\"https:\/\/www.naturparkmagazin.de\/dahme-heideseen\/?s={search_term_string}\"},\"query-input\":\"required name=search_term_string\"}],\"inLanguage\":\"de\"},{\"@type\":\"Person\",\"@id\":\"https:\/\/www.naturparkmagazin.de\/dahme-heideseen\/#\/schema\/person\/c81c96c3a1f5ee7bffff8b8022c105f0\",\"name\":\"hanssonnenberg\",\"url\":\"https:\/\/www.naturparkmagazin.de\/dahme-heideseen\/author\/hanssonnenberg\/\"}]}<\/script>\n<!-- \/ Yoast SEO plugin. -->","yoast_head_json":{"title":"EU-Life-Projekt Sandrasen - Muskelkraft erg\u00e4nzt Schafsbeweidung - Naturpark Dahme-Heideseen","robots":{"index":"index","follow":"follow","max-snippet":"max-snippet:-1","max-image-preview":"max-image-preview:large","max-video-preview":"max-video-preview:-1"},"canonical":"https:\/\/www.naturparkmagazin.de\/dahme-heideseen\/eu-life-projekt-sandrasen-muskelkraft-ergaenzt-schafsbeweidung\/","og_locale":"de_DE","og_type":"article","og_title":"EU-Life-Projekt Sandrasen - Muskelkraft erg\u00e4nzt Schafsbeweidung - Naturpark Dahme-Heideseen","og_description":"Gemeinsam k\u00e4mpften der Naturpark Dahme-Heideseen, die Naturwacht, das Projekt LIFE Sandrasen und ca. 15 Schafe an einem hei\u00dfen Junitag gegen Robinien...","og_url":"https:\/\/www.naturparkmagazin.de\/dahme-heideseen\/eu-life-projekt-sandrasen-muskelkraft-ergaenzt-schafsbeweidung\/","og_site_name":"Naturpark Dahme-Heideseen","article_published_time":"2014-06-18T11:20:51+00:00","article_modified_time":"2014-06-24T11:58:04+00:00","og_image":[{"width":640,"height":480,"url":"https:\/\/www.naturparkmagazin.de\/dahme-heideseen\/wp-content\/uploads\/sites\/37\/webAlles-meine-Schafe.jpg","type":"image\/jpeg"}],"author":"hanssonnenberg","twitter_misc":{"Verfasst von":"hanssonnenberg","Gesch\u00e4tzte Lesezeit":"1\u00a0Minute"},"schema":{"@context":"https:\/\/schema.org","@graph":[{"@type":"WebPage","@id":"https:\/\/www.naturparkmagazin.de\/dahme-heideseen\/eu-life-projekt-sandrasen-muskelkraft-ergaenzt-schafsbeweidung\/","url":"https:\/\/www.naturparkmagazin.de\/dahme-heideseen\/eu-life-projekt-sandrasen-muskelkraft-ergaenzt-schafsbeweidung\/","name":"EU-Life-Projekt Sandrasen - Muskelkraft erg\u00e4nzt Schafsbeweidung - Naturpark Dahme-Heideseen","isPartOf":{"@id":"https:\/\/www.naturparkmagazin.de\/dahme-heideseen\/#website"},"datePublished":"2014-06-18T11:20:51+00:00","dateModified":"2014-06-24T11:58:04+00:00","author":{"@id":"https:\/\/www.naturparkmagazin.de\/dahme-heideseen\/#\/schema\/person\/c81c96c3a1f5ee7bffff8b8022c105f0"},"breadcrumb":{"@id":"https:\/\/www.naturparkmagazin.de\/dahme-heideseen\/eu-life-projekt-sandrasen-muskelkraft-ergaenzt-schafsbeweidung\/#breadcrumb"},"inLanguage":"de","potentialAction":[{"@type":"ReadAction","target":["https:\/\/www.naturparkmagazin.de\/dahme-heideseen\/eu-life-projekt-sandrasen-muskelkraft-ergaenzt-schafsbeweidung\/"]}]},{"@type":"BreadcrumbList","@id":"https:\/\/www.naturparkmagazin.de\/dahme-heideseen\/eu-life-projekt-sandrasen-muskelkraft-ergaenzt-schafsbeweidung\/#breadcrumb","itemListElement":[{"@type":"ListItem","position":1,"name":"Home","item":"https:\/\/www.naturparkmagazin.de\/dahme-heideseen\/"},{"@type":"ListItem","position":2,"name":"EU-Life-Projekt Sandrasen &#8211; Muskelkraft erg\u00e4nzt Schafsbeweidung"}]},{"@type":"WebSite","@id":"https:\/\/www.naturparkmagazin.de\/dahme-heideseen\/#website","url":"https:\/\/www.naturparkmagazin.de\/dahme-heideseen\/","name":"Naturpark Dahme-Heideseen","description":"","potentialAction":[{"@type":"SearchAction","target":{"@type":"EntryPoint","urlTemplate":"https:\/\/www.naturparkmagazin.de\/dahme-heideseen\/?s={search_term_string}"},"query-input":"required name=search_term_string"}],"inLanguage":"de"},{"@type":"Person","@id":"https:\/\/www.naturparkmagazin.de\/dahme-heideseen\/#\/schema\/person\/c81c96c3a1f5ee7bffff8b8022c105f0","name":"hanssonnenberg","url":"https:\/\/www.naturparkmagazin.de\/dahme-heideseen\/author\/hanssonnenberg\/"}]}},"_links":{"self":[{"href":"https:\/\/www.naturparkmagazin.de\/dahme-heideseen\/wp-json\/wp\/v2\/posts\/545"}],"collection":[{"href":"https:\/\/www.naturparkmagazin.de\/dahme-heideseen\/wp-json\/wp\/v2\/posts"}],"about":[{"href":"https:\/\/www.naturparkmagazin.de\/dahme-heideseen\/wp-json\/wp\/v2\/types\/post"}],"author":[{"embeddable":true,"href":"https:\/\/www.naturparkmagazin.de\/dahme-heideseen\/wp-json\/wp\/v2\/users\/48"}],"replies":[{"embeddable":true,"href":"https:\/\/www.naturparkmagazin.de\/dahme-heideseen\/wp-json\/wp\/v2\/comments?post=545"}],"version-history":[{"count":5,"href":"https:\/\/www.naturparkmagazin.de\/dahme-heideseen\/wp-json\/wp\/v2\/posts\/545\/revisions"}],"predecessor-version":[{"id":588,"href":"https:\/\/www.naturparkmagazin.de\/dahme-heideseen\/wp-json\/wp\/v2\/posts\/545\/revisions\/588"}],"wp:featuredmedia":[{"embeddable":true,"href":"https:\/\/www.naturparkmagazin.de\/dahme-heideseen\/wp-json\/wp\/v2\/media\/546"}],"wp:attachment":[{"href":"https:\/\/www.naturparkmagazin.de\/dahme-heideseen\/wp-json\/wp\/v2\/media?parent=545"}],"wp:term":[{"taxonomy":"category","embeddable":true,"href":"https:\/\/www.naturparkmagazin.de\/dahme-heideseen\/wp-json\/wp\/v2\/categories?post=545"},{"taxonomy":"post_tag","embeddable":true,"href":"https:\/\/www.naturparkmagazin.de\/dahme-heideseen\/wp-json\/wp\/v2\/tags?post=545"}],"curies":[{"name":"wp","href":"https:\/\/api.w.org\/{rel}","templated":true}]}}