{"id":5458,"date":"2023-10-23T15:12:50","date_gmt":"2023-10-23T13:12:50","guid":{"rendered":"https:\/\/www.naturparkmagazin.de\/dahme-heideseen\/?p=5458"},"modified":"2023-10-23T15:12:50","modified_gmt":"2023-10-23T13:12:50","slug":"ausflug-ins-abseits-guenter-de-bruyn","status":"publish","type":"post","link":"https:\/\/www.naturparkmagazin.de\/dahme-heideseen\/ausflug-ins-abseits-guenter-de-bruyn\/","title":{"rendered":"Ausflug ins &#8222;Abseits&#8220; G\u00fcnter de Bruyn"},"content":{"rendered":"<p>Auf einer Wanderung ins \u201eAbseits\u201c f\u00fchrte Wolfgang de Bruyn, Sohn des 2020 verstorbenen Schriftstellers G\u00fcnter de Bruyn, rund 20 Teilnehmer am 15. Oktober 2023 von Schwenow zum ehemaligen Wohn- und Arbeitsort des bedeutenden Schriftstellers bei G\u00f6rsdorf. Dabei ging es auch durch das Naturschutzgebiet \u201eSchwenower Forst\u201c im Naturpark \u201eDahme-Heideseen\u201c.<\/p>\n<p>Die Wanderung fand im Rahmen des Begleitprogramms der Sonderausstellung \u201eG\u00fcnter de Bruyn \u2013 M\u00e4rkische Schreibwelten\u201c statt. Mehr als 50 Jahre war G\u00fcnter de Bruyn in der alten Sch\u00e4ferei an der Blabberm\u00fchle im Tal des Blabbergrabens in G\u00f6rsdorf bei Beeskow zu Hause.<\/p>\n<p>Von dort aus unternahm er, inspiriert von Theodor Fontane, Bildungs- und Entdeckungsreisen ins m\u00e4rkische Land. Zur Region rund um Beeskow und Storkow pflegte G\u00fcnter de Bruyn eine besonders innige Beziehung. In seinem Buch \u201eIm Abseits\u201c erforschte er die Kulturgeschichte der Mark. In seinen Werken erz\u00e4hlt er Geschichten aus der brandenburgischen Kulturlandschaft und nimmt dabei Bezug auf m\u00e4rkische Lebensweisen, Charaktere und Schaupl\u00e4tze. In seinem 2014 erschienen Buch \u201eKossenblatt\u201c geht es um ein vergessenes K\u00f6nigsschloss gleich in der N\u00e4he seines ehemaligen Wohnortes. Neben der Geschichte des Schlosses \u2013 von seiner kurzen Bl\u00fctezeit unter Soldatenk\u00f6nig Friedrich Wilhelm I. bis heute, geht es auch um preu\u00dfische Geschichte und die eigene brandenburgische Heimat.<\/p>\n<p>Noch bis zum 30. November wird die <a href=\"https:\/\/www.storkow-mark.de\/ausstellungen\">Sonderausstellung \u201eG\u00fcnter de Bruyn \u2013 M\u00e4rkische Schreibwelten\u201c<\/a> im Besucherzentrum des Naturparks auf der Burg Storkow zu sehen sein. Sie entstand in Kooperation mit der G\u00fcnter-de-Bruyn- Stiftung. Die Stiftung erh\u00e4lt u. a. die einstige Wohn- und Arbeitsst\u00e4tte G\u00fcnter de Bruyns bei G\u00f6rsdorf. Gemeinsam mit der Stiftung des Frankfurter Kleist-Museums und dem Literarischen Colloquium Berlin schreibt die Stiftung auch das\u00a0Stipendium \u201eAbseits\u201c\u00a0aus. Das Stipendium bietet unter anderem einen zweieinhalb-monatigen Aufenthalt in dem G\u00fcnter de Bruyn Wohnhaus. Derzeit nutzen das Stipendium die Schriftstellerin Judith Zander und der Fotograf Sven Gatter.<\/p>\n<p>&nbsp;<\/p>\n","protected":false},"excerpt":{"rendered":"<p>Noch bis zum 30. November wird die Sonderausstellung \u201eG\u00fcnter de Bruyn \u2013 M\u00e4rkische Schreibwelten\u201c im Besucherzentrum des Naturparks auf der Burg Storkow zu sehen sein.<\/p>\n","protected":false},"author":83,"featured_media":5459,"comment_status":"open","ping_status":"open","sticky":false,"template":"","format":"standard","meta":[],"categories":[11],"tags":[],"yoast_head":"<!-- This site is optimized with the Yoast SEO plugin v19.10 - https:\/\/yoast.com\/wordpress\/plugins\/seo\/ -->\n<title>Ausflug ins &quot;Abseits&quot; G\u00fcnter de Bruyn - Naturpark Dahme-Heideseen<\/title>\n<meta name=\"robots\" content=\"index, follow, max-snippet:-1, max-image-preview:large, max-video-preview:-1\" \/>\n<link rel=\"canonical\" href=\"https:\/\/www.naturparkmagazin.de\/dahme-heideseen\/ausflug-ins-abseits-guenter-de-bruyn\/\" \/>\n<meta property=\"og:locale\" content=\"de_DE\" \/>\n<meta property=\"og:type\" content=\"article\" \/>\n<meta property=\"og:title\" content=\"Ausflug ins &quot;Abseits&quot; G\u00fcnter de Bruyn - Naturpark Dahme-Heideseen\" \/>\n<meta property=\"og:description\" content=\"Noch bis zum 30. November wird die Sonderausstellung \u201eG\u00fcnter de Bruyn \u2013 M\u00e4rkische Schreibwelten\u201c im Besucherzentrum des Naturparks auf der Burg Storkow zu sehen sein.\" \/>\n<meta property=\"og:url\" content=\"https:\/\/www.naturparkmagazin.de\/dahme-heideseen\/ausflug-ins-abseits-guenter-de-bruyn\/\" \/>\n<meta property=\"og:site_name\" content=\"Naturpark Dahme-Heideseen\" \/>\n<meta property=\"article:published_time\" content=\"2023-10-23T13:12:50+00:00\" \/>\n<meta property=\"og:image\" content=\"https:\/\/www.naturparkmagazin.de\/dahme-heideseen\/wp-content\/uploads\/sites\/37\/Guenter-de-Bruyn-d-.jpg\" \/>\n\t<meta property=\"og:image:width\" content=\"1096\" \/>\n\t<meta property=\"og:image:height\" content=\"731\" \/>\n\t<meta property=\"og:image:type\" content=\"image\/jpeg\" \/>\n<meta name=\"author\" content=\"Astrid Osenbr\u00fcck\" \/>\n<meta name=\"twitter:label1\" content=\"Verfasst von\" \/>\n\t<meta name=\"twitter:data1\" content=\"Astrid Osenbr\u00fcck\" \/>\n\t<meta name=\"twitter:label2\" content=\"Gesch\u00e4tzte Lesezeit\" \/>\n\t<meta name=\"twitter:data2\" content=\"2\u00a0Minuten\" \/>\n<script type=\"application\/ld+json\" class=\"yoast-schema-graph\">{\"@context\":\"https:\/\/schema.org\",\"@graph\":[{\"@type\":\"WebPage\",\"@id\":\"https:\/\/www.naturparkmagazin.de\/dahme-heideseen\/ausflug-ins-abseits-guenter-de-bruyn\/\",\"url\":\"https:\/\/www.naturparkmagazin.de\/dahme-heideseen\/ausflug-ins-abseits-guenter-de-bruyn\/\",\"name\":\"Ausflug ins \\\"Abseits\\\" G\u00fcnter de Bruyn - Naturpark Dahme-Heideseen\",\"isPartOf\":{\"@id\":\"https:\/\/www.naturparkmagazin.de\/dahme-heideseen\/#website\"},\"datePublished\":\"2023-10-23T13:12:50+00:00\",\"dateModified\":\"2023-10-23T13:12:50+00:00\",\"author\":{\"@id\":\"https:\/\/www.naturparkmagazin.de\/dahme-heideseen\/#\/schema\/person\/a0510aafafdf8183c95fc98faf0c9f21\"},\"breadcrumb\":{\"@id\":\"https:\/\/www.naturparkmagazin.de\/dahme-heideseen\/ausflug-ins-abseits-guenter-de-bruyn\/#breadcrumb\"},\"inLanguage\":\"de\",\"potentialAction\":[{\"@type\":\"ReadAction\",\"target\":[\"https:\/\/www.naturparkmagazin.de\/dahme-heideseen\/ausflug-ins-abseits-guenter-de-bruyn\/\"]}]},{\"@type\":\"BreadcrumbList\",\"@id\":\"https:\/\/www.naturparkmagazin.de\/dahme-heideseen\/ausflug-ins-abseits-guenter-de-bruyn\/#breadcrumb\",\"itemListElement\":[{\"@type\":\"ListItem\",\"position\":1,\"name\":\"Home\",\"item\":\"https:\/\/www.naturparkmagazin.de\/dahme-heideseen\/\"},{\"@type\":\"ListItem\",\"position\":2,\"name\":\"Ausflug ins &#8222;Abseits&#8220; G\u00fcnter de Bruyn\"}]},{\"@type\":\"WebSite\",\"@id\":\"https:\/\/www.naturparkmagazin.de\/dahme-heideseen\/#website\",\"url\":\"https:\/\/www.naturparkmagazin.de\/dahme-heideseen\/\",\"name\":\"Naturpark Dahme-Heideseen\",\"description\":\"\",\"potentialAction\":[{\"@type\":\"SearchAction\",\"target\":{\"@type\":\"EntryPoint\",\"urlTemplate\":\"https:\/\/www.naturparkmagazin.de\/dahme-heideseen\/?s={search_term_string}\"},\"query-input\":\"required name=search_term_string\"}],\"inLanguage\":\"de\"},{\"@type\":\"Person\",\"@id\":\"https:\/\/www.naturparkmagazin.de\/dahme-heideseen\/#\/schema\/person\/a0510aafafdf8183c95fc98faf0c9f21\",\"name\":\"Astrid Osenbr\u00fcck\",\"sameAs\":[\"http:\/\/www.dahme-heideseen-naturpark.de\"],\"url\":\"https:\/\/www.naturparkmagazin.de\/dahme-heideseen\/author\/astridosenbrueck\/\"}]}<\/script>\n<!-- \/ Yoast SEO plugin. -->","yoast_head_json":{"title":"Ausflug ins \"Abseits\" G\u00fcnter de Bruyn - Naturpark Dahme-Heideseen","robots":{"index":"index","follow":"follow","max-snippet":"max-snippet:-1","max-image-preview":"max-image-preview:large","max-video-preview":"max-video-preview:-1"},"canonical":"https:\/\/www.naturparkmagazin.de\/dahme-heideseen\/ausflug-ins-abseits-guenter-de-bruyn\/","og_locale":"de_DE","og_type":"article","og_title":"Ausflug ins \"Abseits\" G\u00fcnter de Bruyn - Naturpark Dahme-Heideseen","og_description":"Noch bis zum 30. November wird die Sonderausstellung \u201eG\u00fcnter de Bruyn \u2013 M\u00e4rkische Schreibwelten\u201c im Besucherzentrum des Naturparks auf der Burg Storkow zu sehen sein.","og_url":"https:\/\/www.naturparkmagazin.de\/dahme-heideseen\/ausflug-ins-abseits-guenter-de-bruyn\/","og_site_name":"Naturpark Dahme-Heideseen","article_published_time":"2023-10-23T13:12:50+00:00","og_image":[{"width":1096,"height":731,"url":"https:\/\/www.naturparkmagazin.de\/dahme-heideseen\/wp-content\/uploads\/sites\/37\/Guenter-de-Bruyn-d-.jpg","type":"image\/jpeg"}],"author":"Astrid Osenbr\u00fcck","twitter_misc":{"Verfasst von":"Astrid Osenbr\u00fcck","Gesch\u00e4tzte Lesezeit":"2\u00a0Minuten"},"schema":{"@context":"https:\/\/schema.org","@graph":[{"@type":"WebPage","@id":"https:\/\/www.naturparkmagazin.de\/dahme-heideseen\/ausflug-ins-abseits-guenter-de-bruyn\/","url":"https:\/\/www.naturparkmagazin.de\/dahme-heideseen\/ausflug-ins-abseits-guenter-de-bruyn\/","name":"Ausflug ins \"Abseits\" G\u00fcnter de Bruyn - Naturpark Dahme-Heideseen","isPartOf":{"@id":"https:\/\/www.naturparkmagazin.de\/dahme-heideseen\/#website"},"datePublished":"2023-10-23T13:12:50+00:00","dateModified":"2023-10-23T13:12:50+00:00","author":{"@id":"https:\/\/www.naturparkmagazin.de\/dahme-heideseen\/#\/schema\/person\/a0510aafafdf8183c95fc98faf0c9f21"},"breadcrumb":{"@id":"https:\/\/www.naturparkmagazin.de\/dahme-heideseen\/ausflug-ins-abseits-guenter-de-bruyn\/#breadcrumb"},"inLanguage":"de","potentialAction":[{"@type":"ReadAction","target":["https:\/\/www.naturparkmagazin.de\/dahme-heideseen\/ausflug-ins-abseits-guenter-de-bruyn\/"]}]},{"@type":"BreadcrumbList","@id":"https:\/\/www.naturparkmagazin.de\/dahme-heideseen\/ausflug-ins-abseits-guenter-de-bruyn\/#breadcrumb","itemListElement":[{"@type":"ListItem","position":1,"name":"Home","item":"https:\/\/www.naturparkmagazin.de\/dahme-heideseen\/"},{"@type":"ListItem","position":2,"name":"Ausflug ins &#8222;Abseits&#8220; G\u00fcnter de Bruyn"}]},{"@type":"WebSite","@id":"https:\/\/www.naturparkmagazin.de\/dahme-heideseen\/#website","url":"https:\/\/www.naturparkmagazin.de\/dahme-heideseen\/","name":"Naturpark Dahme-Heideseen","description":"","potentialAction":[{"@type":"SearchAction","target":{"@type":"EntryPoint","urlTemplate":"https:\/\/www.naturparkmagazin.de\/dahme-heideseen\/?s={search_term_string}"},"query-input":"required name=search_term_string"}],"inLanguage":"de"},{"@type":"Person","@id":"https:\/\/www.naturparkmagazin.de\/dahme-heideseen\/#\/schema\/person\/a0510aafafdf8183c95fc98faf0c9f21","name":"Astrid Osenbr\u00fcck","sameAs":["http:\/\/www.dahme-heideseen-naturpark.de"],"url":"https:\/\/www.naturparkmagazin.de\/dahme-heideseen\/author\/astridosenbrueck\/"}]}},"_links":{"self":[{"href":"https:\/\/www.naturparkmagazin.de\/dahme-heideseen\/wp-json\/wp\/v2\/posts\/5458"}],"collection":[{"href":"https:\/\/www.naturparkmagazin.de\/dahme-heideseen\/wp-json\/wp\/v2\/posts"}],"about":[{"href":"https:\/\/www.naturparkmagazin.de\/dahme-heideseen\/wp-json\/wp\/v2\/types\/post"}],"author":[{"embeddable":true,"href":"https:\/\/www.naturparkmagazin.de\/dahme-heideseen\/wp-json\/wp\/v2\/users\/83"}],"replies":[{"embeddable":true,"href":"https:\/\/www.naturparkmagazin.de\/dahme-heideseen\/wp-json\/wp\/v2\/comments?post=5458"}],"version-history":[{"count":1,"href":"https:\/\/www.naturparkmagazin.de\/dahme-heideseen\/wp-json\/wp\/v2\/posts\/5458\/revisions"}],"predecessor-version":[{"id":5460,"href":"https:\/\/www.naturparkmagazin.de\/dahme-heideseen\/wp-json\/wp\/v2\/posts\/5458\/revisions\/5460"}],"wp:featuredmedia":[{"embeddable":true,"href":"https:\/\/www.naturparkmagazin.de\/dahme-heideseen\/wp-json\/wp\/v2\/media\/5459"}],"wp:attachment":[{"href":"https:\/\/www.naturparkmagazin.de\/dahme-heideseen\/wp-json\/wp\/v2\/media?parent=5458"}],"wp:term":[{"taxonomy":"category","embeddable":true,"href":"https:\/\/www.naturparkmagazin.de\/dahme-heideseen\/wp-json\/wp\/v2\/categories?post=5458"},{"taxonomy":"post_tag","embeddable":true,"href":"https:\/\/www.naturparkmagazin.de\/dahme-heideseen\/wp-json\/wp\/v2\/tags?post=5458"}],"curies":[{"name":"wp","href":"https:\/\/api.w.org\/{rel}","templated":true}]}}