{"id":5462,"date":"2023-10-23T15:16:53","date_gmt":"2023-10-23T13:16:53","guid":{"rendered":"https:\/\/www.naturparkmagazin.de\/dahme-heideseen\/?p=5462"},"modified":"2023-10-23T15:16:53","modified_gmt":"2023-10-23T13:16:53","slug":"jahrebuch-vorstellung","status":"publish","type":"post","link":"https:\/\/www.naturparkmagazin.de\/dahme-heideseen\/jahrebuch-vorstellung\/","title":{"rendered":"JahreBuch-Vorstellung"},"content":{"rendered":"<p>Seit fast Anfang an begleitet das JahreBuch den Naturpark Dahme-Heideseen und dokmentiert die Zusammenarbeit mit den Partnern in der Region. P\u00fcnktlich zum 25-j\u00e4hrigen Bestehen des Naturparks in diesem Jahr hat das Buch mit seinen zahlreichen Geschichten rund um den Naturpark ein neues Erscheinungsbild erhalten. Mit einer frischeren\u00a0 Farbe, besseren Lesbarkeit und teilweise gr\u00f6\u00dferen Fotos punktet das neue Layout. Gestaltet wurde das neue Layout vom Verlag Natur+Text GmbH.<\/p>\n<p>&nbsp;<\/p>\n<p>Den Kalenderteil schm\u00fccken im kommenden Jahr Fotos des Natur-Fotografen Micha Kusche. Mit besonderem Interesse h\u00e4lt Micha Kusche die gefiederte Vogelwelt im Naturpark fest. F\u00fcr das JahreBuch jedoch hat er sich dem Thema Wasser gewidmet \u2013 Seine Fotos begleiten das wertvolle Nass durch das ganze Jahr.<\/p>\n<p>&nbsp;<\/p>\n<p>Bei der JahreBuch-Vorstellung stellen vier Autoren und Autorinnen ihre Themen vor.<\/p>\n<p>&nbsp;<\/p>\n<p><u>Programm:<\/u><\/p>\n<p><u>\u00a0<\/u><\/p>\n<ul>\n<li>Ab 18 Uhr: gem\u00fctliches Eintreffen, Ausstellung und Aktivmodule zum Thema Wasser<\/li>\n<li>Ab 19 Uhr: Vorstellung JahreBuch 2024\n<ul>\n<li>Vorstand NABU Dahmeland e. V.: Gru\u00dfwort<\/li>\n<li>Silvia Schiebert (NABU Dahmeland e. V.) und Astrid Osenbr\u00fcck (Naturpark-Verwaltung): Vorstellung JahreBuch 2024<\/li>\n<li>Micha Kusche: Natur-Fotografie und Vogelwelt der Stadtnatur<\/li>\n<li>Jessica Polak (Naturpark-Verwaltung): Insektenz\u00e4hlung im Rahmen des NABU-Insektensommers<\/li>\n<li>Astrid Osenbr\u00fcck (Naturpark-Verwaltung): Neue Natur- und Landschaftsf\u00fchrende braucht der Naturpark!<\/li>\n<li>Peter S\u00e4nger (Green City Solutions): Superheld Moos \u2013 Wie die \u00e4ltesten Landpflanzen\u00a0 der Welt dabei helfen, St\u00e4dte fit f\u00fcr eine gr\u00fcnere Zukunft zu machen<\/li>\n<\/ul>\n<\/li>\n<\/ul>\n<p>&nbsp;<\/p>\n<p>&nbsp;<\/p>\n<p>Das JahreBuch 2024 kann bei der Veranstaltung zum Preis von sieben Euro erworben werden. Es ist ab sofort auch in der NABU-Gesch\u00e4ftsstelle in Prieros, im regionalen Buchhandel und weiteren regionalen Verkaufsstellen erh\u00e4ltlich.<\/p>\n<p>Das JahreBuch 2024 pr\u00e4sentiert auf 160 Seiten zahlreiche Geschichten und Erlebnisse rund um den Naturpark Dahme-Heideseen, den Naturschutz und bedeutende Lebensr\u00e4ume. Autoren und Autorinnen berichten \u00fcber Landschaftspflege, den Schutz von Gew\u00e4ssern und so mancher Bericht \u00fcber Tier- und Pflanzenarten stimmt nachdenklich. Einige Autoren und Autorinnen kommen bei der JahreBuch-Vorstellung zu Wort und berichten \u00fcber ihre Erlebnisse und sinnvolle Ma\u00dfnahmen zum Schutz der Natur.<\/p>\n","protected":false},"excerpt":{"rendered":"<p>Am 10. November laden die Naturpark-Verwaltung Dahme-Heideseen und der NABU Regionalverband Dahmeland e. V. gemeinsam ab 18 Uhr ins B\u00fcrgerhaus \u201eHanns Eisler\u201c in K\u00f6nigs Wusterhausen ein. Neben der Pr\u00e4sentation des JahreBuchs im neuen Layoutserwarten erwarten die Besucher und Besucherinnen vier interessante Vortr\u00e4ge rund um das Geschehen im Naturpark. Weiterhin ist eine Ausstellung zum Thema Wasser geplant.<\/p>\n","protected":false},"author":83,"featured_media":5463,"comment_status":"open","ping_status":"open","sticky":false,"template":"","format":"standard","meta":[],"categories":[11],"tags":[],"yoast_head":"<!-- This site is optimized with the Yoast SEO plugin v19.10 - https:\/\/yoast.com\/wordpress\/plugins\/seo\/ -->\n<title>JahreBuch-Vorstellung - Naturpark Dahme-Heideseen<\/title>\n<meta name=\"robots\" content=\"index, follow, max-snippet:-1, max-image-preview:large, max-video-preview:-1\" \/>\n<link rel=\"canonical\" href=\"https:\/\/www.naturparkmagazin.de\/dahme-heideseen\/jahrebuch-vorstellung\/\" \/>\n<meta property=\"og:locale\" content=\"de_DE\" \/>\n<meta property=\"og:type\" content=\"article\" \/>\n<meta property=\"og:title\" content=\"JahreBuch-Vorstellung - Naturpark Dahme-Heideseen\" \/>\n<meta property=\"og:description\" content=\"Am 10. November laden die Naturpark-Verwaltung Dahme-Heideseen und der NABU Regionalverband Dahmeland e. V. gemeinsam ab 18 Uhr ins B\u00fcrgerhaus \u201eHanns Eisler\u201c in K\u00f6nigs Wusterhausen ein. Neben der Pr\u00e4sentation des JahreBuchs im neuen Layoutserwarten erwarten die Besucher und Besucherinnen vier interessante Vortr\u00e4ge rund um das Geschehen im Naturpark. Weiterhin ist eine Ausstellung zum Thema Wasser geplant.\" \/>\n<meta property=\"og:url\" content=\"https:\/\/www.naturparkmagazin.de\/dahme-heideseen\/jahrebuch-vorstellung\/\" \/>\n<meta property=\"og:site_name\" content=\"Naturpark Dahme-Heideseen\" \/>\n<meta property=\"article:published_time\" content=\"2023-10-23T13:16:53+00:00\" \/>\n<meta property=\"og:image\" content=\"https:\/\/www.naturparkmagazin.de\/dahme-heideseen\/wp-content\/uploads\/sites\/37\/Cover_Jahrebuch2024-e1698067005854.jpg\" \/>\n\t<meta property=\"og:image:width\" content=\"580\" \/>\n\t<meta property=\"og:image:height\" content=\"534\" \/>\n\t<meta property=\"og:image:type\" content=\"image\/jpeg\" \/>\n<meta name=\"author\" content=\"Astrid Osenbr\u00fcck\" \/>\n<meta name=\"twitter:label1\" content=\"Verfasst von\" \/>\n\t<meta name=\"twitter:data1\" content=\"Astrid Osenbr\u00fcck\" \/>\n\t<meta name=\"twitter:label2\" content=\"Gesch\u00e4tzte Lesezeit\" \/>\n\t<meta name=\"twitter:data2\" content=\"2\u00a0Minuten\" \/>\n<script type=\"application\/ld+json\" class=\"yoast-schema-graph\">{\"@context\":\"https:\/\/schema.org\",\"@graph\":[{\"@type\":\"WebPage\",\"@id\":\"https:\/\/www.naturparkmagazin.de\/dahme-heideseen\/jahrebuch-vorstellung\/\",\"url\":\"https:\/\/www.naturparkmagazin.de\/dahme-heideseen\/jahrebuch-vorstellung\/\",\"name\":\"JahreBuch-Vorstellung - Naturpark Dahme-Heideseen\",\"isPartOf\":{\"@id\":\"https:\/\/www.naturparkmagazin.de\/dahme-heideseen\/#website\"},\"datePublished\":\"2023-10-23T13:16:53+00:00\",\"dateModified\":\"2023-10-23T13:16:53+00:00\",\"author\":{\"@id\":\"https:\/\/www.naturparkmagazin.de\/dahme-heideseen\/#\/schema\/person\/a0510aafafdf8183c95fc98faf0c9f21\"},\"breadcrumb\":{\"@id\":\"https:\/\/www.naturparkmagazin.de\/dahme-heideseen\/jahrebuch-vorstellung\/#breadcrumb\"},\"inLanguage\":\"de\",\"potentialAction\":[{\"@type\":\"ReadAction\",\"target\":[\"https:\/\/www.naturparkmagazin.de\/dahme-heideseen\/jahrebuch-vorstellung\/\"]}]},{\"@type\":\"BreadcrumbList\",\"@id\":\"https:\/\/www.naturparkmagazin.de\/dahme-heideseen\/jahrebuch-vorstellung\/#breadcrumb\",\"itemListElement\":[{\"@type\":\"ListItem\",\"position\":1,\"name\":\"Home\",\"item\":\"https:\/\/www.naturparkmagazin.de\/dahme-heideseen\/\"},{\"@type\":\"ListItem\",\"position\":2,\"name\":\"JahreBuch-Vorstellung\"}]},{\"@type\":\"WebSite\",\"@id\":\"https:\/\/www.naturparkmagazin.de\/dahme-heideseen\/#website\",\"url\":\"https:\/\/www.naturparkmagazin.de\/dahme-heideseen\/\",\"name\":\"Naturpark Dahme-Heideseen\",\"description\":\"\",\"potentialAction\":[{\"@type\":\"SearchAction\",\"target\":{\"@type\":\"EntryPoint\",\"urlTemplate\":\"https:\/\/www.naturparkmagazin.de\/dahme-heideseen\/?s={search_term_string}\"},\"query-input\":\"required name=search_term_string\"}],\"inLanguage\":\"de\"},{\"@type\":\"Person\",\"@id\":\"https:\/\/www.naturparkmagazin.de\/dahme-heideseen\/#\/schema\/person\/a0510aafafdf8183c95fc98faf0c9f21\",\"name\":\"Astrid Osenbr\u00fcck\",\"sameAs\":[\"http:\/\/www.dahme-heideseen-naturpark.de\"],\"url\":\"https:\/\/www.naturparkmagazin.de\/dahme-heideseen\/author\/astridosenbrueck\/\"}]}<\/script>\n<!-- \/ Yoast SEO plugin. -->","yoast_head_json":{"title":"JahreBuch-Vorstellung - Naturpark Dahme-Heideseen","robots":{"index":"index","follow":"follow","max-snippet":"max-snippet:-1","max-image-preview":"max-image-preview:large","max-video-preview":"max-video-preview:-1"},"canonical":"https:\/\/www.naturparkmagazin.de\/dahme-heideseen\/jahrebuch-vorstellung\/","og_locale":"de_DE","og_type":"article","og_title":"JahreBuch-Vorstellung - Naturpark Dahme-Heideseen","og_description":"Am 10. November laden die Naturpark-Verwaltung Dahme-Heideseen und der NABU Regionalverband Dahmeland e. V. gemeinsam ab 18 Uhr ins B\u00fcrgerhaus \u201eHanns Eisler\u201c in K\u00f6nigs Wusterhausen ein. Neben der Pr\u00e4sentation des JahreBuchs im neuen Layoutserwarten erwarten die Besucher und Besucherinnen vier interessante Vortr\u00e4ge rund um das Geschehen im Naturpark. Weiterhin ist eine Ausstellung zum Thema Wasser geplant.","og_url":"https:\/\/www.naturparkmagazin.de\/dahme-heideseen\/jahrebuch-vorstellung\/","og_site_name":"Naturpark Dahme-Heideseen","article_published_time":"2023-10-23T13:16:53+00:00","og_image":[{"width":580,"height":534,"url":"https:\/\/www.naturparkmagazin.de\/dahme-heideseen\/wp-content\/uploads\/sites\/37\/Cover_Jahrebuch2024-e1698067005854.jpg","type":"image\/jpeg"}],"author":"Astrid Osenbr\u00fcck","twitter_misc":{"Verfasst von":"Astrid Osenbr\u00fcck","Gesch\u00e4tzte Lesezeit":"2\u00a0Minuten"},"schema":{"@context":"https:\/\/schema.org","@graph":[{"@type":"WebPage","@id":"https:\/\/www.naturparkmagazin.de\/dahme-heideseen\/jahrebuch-vorstellung\/","url":"https:\/\/www.naturparkmagazin.de\/dahme-heideseen\/jahrebuch-vorstellung\/","name":"JahreBuch-Vorstellung - Naturpark Dahme-Heideseen","isPartOf":{"@id":"https:\/\/www.naturparkmagazin.de\/dahme-heideseen\/#website"},"datePublished":"2023-10-23T13:16:53+00:00","dateModified":"2023-10-23T13:16:53+00:00","author":{"@id":"https:\/\/www.naturparkmagazin.de\/dahme-heideseen\/#\/schema\/person\/a0510aafafdf8183c95fc98faf0c9f21"},"breadcrumb":{"@id":"https:\/\/www.naturparkmagazin.de\/dahme-heideseen\/jahrebuch-vorstellung\/#breadcrumb"},"inLanguage":"de","potentialAction":[{"@type":"ReadAction","target":["https:\/\/www.naturparkmagazin.de\/dahme-heideseen\/jahrebuch-vorstellung\/"]}]},{"@type":"BreadcrumbList","@id":"https:\/\/www.naturparkmagazin.de\/dahme-heideseen\/jahrebuch-vorstellung\/#breadcrumb","itemListElement":[{"@type":"ListItem","position":1,"name":"Home","item":"https:\/\/www.naturparkmagazin.de\/dahme-heideseen\/"},{"@type":"ListItem","position":2,"name":"JahreBuch-Vorstellung"}]},{"@type":"WebSite","@id":"https:\/\/www.naturparkmagazin.de\/dahme-heideseen\/#website","url":"https:\/\/www.naturparkmagazin.de\/dahme-heideseen\/","name":"Naturpark Dahme-Heideseen","description":"","potentialAction":[{"@type":"SearchAction","target":{"@type":"EntryPoint","urlTemplate":"https:\/\/www.naturparkmagazin.de\/dahme-heideseen\/?s={search_term_string}"},"query-input":"required name=search_term_string"}],"inLanguage":"de"},{"@type":"Person","@id":"https:\/\/www.naturparkmagazin.de\/dahme-heideseen\/#\/schema\/person\/a0510aafafdf8183c95fc98faf0c9f21","name":"Astrid Osenbr\u00fcck","sameAs":["http:\/\/www.dahme-heideseen-naturpark.de"],"url":"https:\/\/www.naturparkmagazin.de\/dahme-heideseen\/author\/astridosenbrueck\/"}]}},"_links":{"self":[{"href":"https:\/\/www.naturparkmagazin.de\/dahme-heideseen\/wp-json\/wp\/v2\/posts\/5462"}],"collection":[{"href":"https:\/\/www.naturparkmagazin.de\/dahme-heideseen\/wp-json\/wp\/v2\/posts"}],"about":[{"href":"https:\/\/www.naturparkmagazin.de\/dahme-heideseen\/wp-json\/wp\/v2\/types\/post"}],"author":[{"embeddable":true,"href":"https:\/\/www.naturparkmagazin.de\/dahme-heideseen\/wp-json\/wp\/v2\/users\/83"}],"replies":[{"embeddable":true,"href":"https:\/\/www.naturparkmagazin.de\/dahme-heideseen\/wp-json\/wp\/v2\/comments?post=5462"}],"version-history":[{"count":1,"href":"https:\/\/www.naturparkmagazin.de\/dahme-heideseen\/wp-json\/wp\/v2\/posts\/5462\/revisions"}],"predecessor-version":[{"id":5464,"href":"https:\/\/www.naturparkmagazin.de\/dahme-heideseen\/wp-json\/wp\/v2\/posts\/5462\/revisions\/5464"}],"wp:featuredmedia":[{"embeddable":true,"href":"https:\/\/www.naturparkmagazin.de\/dahme-heideseen\/wp-json\/wp\/v2\/media\/5463"}],"wp:attachment":[{"href":"https:\/\/www.naturparkmagazin.de\/dahme-heideseen\/wp-json\/wp\/v2\/media?parent=5462"}],"wp:term":[{"taxonomy":"category","embeddable":true,"href":"https:\/\/www.naturparkmagazin.de\/dahme-heideseen\/wp-json\/wp\/v2\/categories?post=5462"},{"taxonomy":"post_tag","embeddable":true,"href":"https:\/\/www.naturparkmagazin.de\/dahme-heideseen\/wp-json\/wp\/v2\/tags?post=5462"}],"curies":[{"name":"wp","href":"https:\/\/api.w.org\/{rel}","templated":true}]}}