{"id":5466,"date":"2023-10-23T15:19:31","date_gmt":"2023-10-23T13:19:31","guid":{"rendered":"https:\/\/www.naturparkmagazin.de\/dahme-heideseen\/?p=5466"},"modified":"2023-10-23T15:19:50","modified_gmt":"2023-10-23T13:19:50","slug":"naturentwicklungsplan-fuer-streganz","status":"publish","type":"post","link":"https:\/\/www.naturparkmagazin.de\/dahme-heideseen\/naturentwicklungsplan-fuer-streganz\/","title":{"rendered":"Naturentwicklungsplan f\u00fcr Streganz"},"content":{"rendered":"<p>F\u00fcr die Fl\u00e4che des Nationalen Naturerbes (NNE) Streganz wurde am Mittwoch (11.10.2023) der Stand der Naturerbeentwicklungsplanung vorgestellt.<\/p>\n<p>Das Gebiet Streganz ist seit 2011 als Nationales Naturerbe ausgewiesen und wird durch den Bundesforstbetrieb Havel-Oder-Spree mit Sitz in Klein Wasserburg betreut. Zuvor diente die 4.142 Hektar gro\u00dfe Fl\u00e4che als milit\u00e4rischer \u00dcbungsplatz. Langfristiges Ziel ist es nun, den gro\u00dfen von Stra\u00dfen oder Siedlungen unzerschnittenen Waldbereich zwischen Prieros, Schwerin, Gro\u00df Eichholz, M\u00fcnchehofe und Hermsdorf im Naturpark Dahme-Heideseen nat\u00fcrlich ablaufenden Prozessen zu \u00fcberlassen (Prozessschutz). Allerdings k\u00f6nnen hierzu noch kurz- bis mittelfristig Waldentwicklungsma\u00dfnahmen durchgef\u00fchrt werden. Grundlage f\u00fcr diese Ma\u00dfnahmen wird die Naturerbeentwicklungsplanung.<\/p>\n<p>Den Stand der Planungen hat das B\u00fcro YGGDRASIL-Diemer im Auftrag der Bundesanstalt f\u00fcr Immobilienaufgaben, Bereich Bundesforst, Abteilung Naturschutz erarbeitet und der projektbegleitenden Arbeitsgruppe vorgestellt. Die Planungen orientieren sich an den Pflege- und Nutzungsstrategien des Bundesamtes f\u00fcr Naturschutz (BfN). Verschiedene Detailfragen &#8211; insbesondere die k\u00fcnftige Pflege betreffend &#8211; wurden vor Ort er\u00f6rtert.<\/p>\n<p>Die Fl\u00e4che des Nationalen Naturerbes Streganz beinhaltet mehrere FFH-Gebiete (\u201eStreganzer Berg\u201c, \u201eKatzenberge\u201c, sowie anteilig \u201eStreganzsee-Dahme\u201c \u201eGro\u00df Schauener Seenkette Erg\u00e4nzung\u201c und \u201eStreganzsee Dahme-B\u00fcrgerheide\u201c). F\u00fcr diese Bereiche werden die Ma\u00dfnahmen und Entwicklungsziele der entsprechen FFH-Managementpl\u00e4ne im Naturerbeentwicklungsplan Ber\u00fccksichtigung finden.<\/p>\n<p>Dar\u00fcber hinaus gibt es im Gebiet wertvolle weitere Offenlandfl\u00e4chen, insbesondere Heidefl\u00e4chen, die weiterhin gepflegt werden sollen. Dies ist f\u00fcr den Fortbestand einiger Arten und der Steigerung der Artenvielfalt insgesamt sehr wichtig. Zur Umsetzung der Ziele wird das Jagdregime auf eine Weise angepasst, dass eine Naturverj\u00fcngung heimisches Laubbaumarten erm\u00f6glicht wird. Geplant ist zudem ein Besucherlkenkungskonzept.<\/p>\n<p>Nach der Vorstellung der Naturerbeentwicklungsplanung wird dieser, unter Einbeziehung der Hinweise verschiedener Beh\u00f6rden, fertiggestellt und anschlie\u00dfend umgesetzt.<\/p>\n","protected":false},"excerpt":{"rendered":"<p>Stand der Naturerbe-Entwicklungsplanung f\u00fcr die Fl\u00e4che des Nationalen Naturerbes (NNE) Streganz<\/p>\n","protected":false},"author":83,"featured_media":5473,"comment_status":"open","ping_status":"open","sticky":false,"template":"","format":"standard","meta":[],"categories":[7],"tags":[],"yoast_head":"<!-- This site is optimized with the Yoast SEO plugin v19.10 - https:\/\/yoast.com\/wordpress\/plugins\/seo\/ -->\n<title>Naturentwicklungsplan f\u00fcr Streganz - Naturpark Dahme-Heideseen<\/title>\n<meta name=\"description\" content=\"Stand der Naturerbe-Entwicklungsplanung f\u00fcr die Fl\u00e4che des Nationalen Naturerbes (NNE) Streganz\" \/>\n<meta name=\"robots\" content=\"index, follow, max-snippet:-1, max-image-preview:large, max-video-preview:-1\" \/>\n<link rel=\"canonical\" href=\"https:\/\/www.naturparkmagazin.de\/dahme-heideseen\/naturentwicklungsplan-fuer-streganz\/\" \/>\n<meta property=\"og:locale\" content=\"de_DE\" \/>\n<meta property=\"og:type\" content=\"article\" \/>\n<meta property=\"og:title\" content=\"Naturentwicklungsplan f\u00fcr Streganz - Naturpark Dahme-Heideseen\" \/>\n<meta property=\"og:description\" content=\"Stand der Naturerbe-Entwicklungsplanung f\u00fcr die Fl\u00e4che des Nationalen Naturerbes (NNE) Streganz\" \/>\n<meta property=\"og:url\" content=\"https:\/\/www.naturparkmagazin.de\/dahme-heideseen\/naturentwicklungsplan-fuer-streganz\/\" \/>\n<meta property=\"og:site_name\" content=\"Naturpark Dahme-Heideseen\" \/>\n<meta property=\"article:published_time\" content=\"2023-10-23T13:19:31+00:00\" \/>\n<meta property=\"article:modified_time\" content=\"2023-10-23T13:19:50+00:00\" \/>\n<meta property=\"og:image\" content=\"https:\/\/www.naturparkmagazin.de\/dahme-heideseen\/wp-content\/uploads\/sites\/37\/IMG_6018-2.jpg\" \/>\n\t<meta property=\"og:image:width\" content=\"1587\" \/>\n\t<meta property=\"og:image:height\" content=\"1058\" \/>\n\t<meta property=\"og:image:type\" content=\"image\/jpeg\" \/>\n<meta name=\"author\" content=\"Astrid Osenbr\u00fcck\" \/>\n<meta name=\"twitter:label1\" content=\"Verfasst von\" \/>\n\t<meta name=\"twitter:data1\" content=\"Astrid Osenbr\u00fcck\" \/>\n\t<meta name=\"twitter:label2\" content=\"Gesch\u00e4tzte Lesezeit\" \/>\n\t<meta name=\"twitter:data2\" content=\"2\u00a0Minuten\" \/>\n<script type=\"application\/ld+json\" class=\"yoast-schema-graph\">{\"@context\":\"https:\/\/schema.org\",\"@graph\":[{\"@type\":\"WebPage\",\"@id\":\"https:\/\/www.naturparkmagazin.de\/dahme-heideseen\/naturentwicklungsplan-fuer-streganz\/\",\"url\":\"https:\/\/www.naturparkmagazin.de\/dahme-heideseen\/naturentwicklungsplan-fuer-streganz\/\",\"name\":\"Naturentwicklungsplan f\u00fcr Streganz - Naturpark Dahme-Heideseen\",\"isPartOf\":{\"@id\":\"https:\/\/www.naturparkmagazin.de\/dahme-heideseen\/#website\"},\"datePublished\":\"2023-10-23T13:19:31+00:00\",\"dateModified\":\"2023-10-23T13:19:50+00:00\",\"author\":{\"@id\":\"https:\/\/www.naturparkmagazin.de\/dahme-heideseen\/#\/schema\/person\/a0510aafafdf8183c95fc98faf0c9f21\"},\"description\":\"Stand der Naturerbe-Entwicklungsplanung f\u00fcr die Fl\u00e4che des Nationalen Naturerbes (NNE) Streganz\",\"breadcrumb\":{\"@id\":\"https:\/\/www.naturparkmagazin.de\/dahme-heideseen\/naturentwicklungsplan-fuer-streganz\/#breadcrumb\"},\"inLanguage\":\"de\",\"potentialAction\":[{\"@type\":\"ReadAction\",\"target\":[\"https:\/\/www.naturparkmagazin.de\/dahme-heideseen\/naturentwicklungsplan-fuer-streganz\/\"]}]},{\"@type\":\"BreadcrumbList\",\"@id\":\"https:\/\/www.naturparkmagazin.de\/dahme-heideseen\/naturentwicklungsplan-fuer-streganz\/#breadcrumb\",\"itemListElement\":[{\"@type\":\"ListItem\",\"position\":1,\"name\":\"Home\",\"item\":\"https:\/\/www.naturparkmagazin.de\/dahme-heideseen\/\"},{\"@type\":\"ListItem\",\"position\":2,\"name\":\"Naturentwicklungsplan f\u00fcr Streganz\"}]},{\"@type\":\"WebSite\",\"@id\":\"https:\/\/www.naturparkmagazin.de\/dahme-heideseen\/#website\",\"url\":\"https:\/\/www.naturparkmagazin.de\/dahme-heideseen\/\",\"name\":\"Naturpark Dahme-Heideseen\",\"description\":\"\",\"potentialAction\":[{\"@type\":\"SearchAction\",\"target\":{\"@type\":\"EntryPoint\",\"urlTemplate\":\"https:\/\/www.naturparkmagazin.de\/dahme-heideseen\/?s={search_term_string}\"},\"query-input\":\"required name=search_term_string\"}],\"inLanguage\":\"de\"},{\"@type\":\"Person\",\"@id\":\"https:\/\/www.naturparkmagazin.de\/dahme-heideseen\/#\/schema\/person\/a0510aafafdf8183c95fc98faf0c9f21\",\"name\":\"Astrid Osenbr\u00fcck\",\"sameAs\":[\"http:\/\/www.dahme-heideseen-naturpark.de\"],\"url\":\"https:\/\/www.naturparkmagazin.de\/dahme-heideseen\/author\/astridosenbrueck\/\"}]}<\/script>\n<!-- \/ Yoast SEO plugin. -->","yoast_head_json":{"title":"Naturentwicklungsplan f\u00fcr Streganz - Naturpark Dahme-Heideseen","description":"Stand der Naturerbe-Entwicklungsplanung f\u00fcr die Fl\u00e4che des Nationalen Naturerbes (NNE) Streganz","robots":{"index":"index","follow":"follow","max-snippet":"max-snippet:-1","max-image-preview":"max-image-preview:large","max-video-preview":"max-video-preview:-1"},"canonical":"https:\/\/www.naturparkmagazin.de\/dahme-heideseen\/naturentwicklungsplan-fuer-streganz\/","og_locale":"de_DE","og_type":"article","og_title":"Naturentwicklungsplan f\u00fcr Streganz - Naturpark Dahme-Heideseen","og_description":"Stand der Naturerbe-Entwicklungsplanung f\u00fcr die Fl\u00e4che des Nationalen Naturerbes (NNE) Streganz","og_url":"https:\/\/www.naturparkmagazin.de\/dahme-heideseen\/naturentwicklungsplan-fuer-streganz\/","og_site_name":"Naturpark Dahme-Heideseen","article_published_time":"2023-10-23T13:19:31+00:00","article_modified_time":"2023-10-23T13:19:50+00:00","og_image":[{"width":1587,"height":1058,"url":"https:\/\/www.naturparkmagazin.de\/dahme-heideseen\/wp-content\/uploads\/sites\/37\/IMG_6018-2.jpg","type":"image\/jpeg"}],"author":"Astrid Osenbr\u00fcck","twitter_misc":{"Verfasst von":"Astrid Osenbr\u00fcck","Gesch\u00e4tzte Lesezeit":"2\u00a0Minuten"},"schema":{"@context":"https:\/\/schema.org","@graph":[{"@type":"WebPage","@id":"https:\/\/www.naturparkmagazin.de\/dahme-heideseen\/naturentwicklungsplan-fuer-streganz\/","url":"https:\/\/www.naturparkmagazin.de\/dahme-heideseen\/naturentwicklungsplan-fuer-streganz\/","name":"Naturentwicklungsplan f\u00fcr Streganz - Naturpark Dahme-Heideseen","isPartOf":{"@id":"https:\/\/www.naturparkmagazin.de\/dahme-heideseen\/#website"},"datePublished":"2023-10-23T13:19:31+00:00","dateModified":"2023-10-23T13:19:50+00:00","author":{"@id":"https:\/\/www.naturparkmagazin.de\/dahme-heideseen\/#\/schema\/person\/a0510aafafdf8183c95fc98faf0c9f21"},"description":"Stand der Naturerbe-Entwicklungsplanung f\u00fcr die Fl\u00e4che des Nationalen Naturerbes (NNE) Streganz","breadcrumb":{"@id":"https:\/\/www.naturparkmagazin.de\/dahme-heideseen\/naturentwicklungsplan-fuer-streganz\/#breadcrumb"},"inLanguage":"de","potentialAction":[{"@type":"ReadAction","target":["https:\/\/www.naturparkmagazin.de\/dahme-heideseen\/naturentwicklungsplan-fuer-streganz\/"]}]},{"@type":"BreadcrumbList","@id":"https:\/\/www.naturparkmagazin.de\/dahme-heideseen\/naturentwicklungsplan-fuer-streganz\/#breadcrumb","itemListElement":[{"@type":"ListItem","position":1,"name":"Home","item":"https:\/\/www.naturparkmagazin.de\/dahme-heideseen\/"},{"@type":"ListItem","position":2,"name":"Naturentwicklungsplan f\u00fcr Streganz"}]},{"@type":"WebSite","@id":"https:\/\/www.naturparkmagazin.de\/dahme-heideseen\/#website","url":"https:\/\/www.naturparkmagazin.de\/dahme-heideseen\/","name":"Naturpark Dahme-Heideseen","description":"","potentialAction":[{"@type":"SearchAction","target":{"@type":"EntryPoint","urlTemplate":"https:\/\/www.naturparkmagazin.de\/dahme-heideseen\/?s={search_term_string}"},"query-input":"required name=search_term_string"}],"inLanguage":"de"},{"@type":"Person","@id":"https:\/\/www.naturparkmagazin.de\/dahme-heideseen\/#\/schema\/person\/a0510aafafdf8183c95fc98faf0c9f21","name":"Astrid Osenbr\u00fcck","sameAs":["http:\/\/www.dahme-heideseen-naturpark.de"],"url":"https:\/\/www.naturparkmagazin.de\/dahme-heideseen\/author\/astridosenbrueck\/"}]}},"_links":{"self":[{"href":"https:\/\/www.naturparkmagazin.de\/dahme-heideseen\/wp-json\/wp\/v2\/posts\/5466"}],"collection":[{"href":"https:\/\/www.naturparkmagazin.de\/dahme-heideseen\/wp-json\/wp\/v2\/posts"}],"about":[{"href":"https:\/\/www.naturparkmagazin.de\/dahme-heideseen\/wp-json\/wp\/v2\/types\/post"}],"author":[{"embeddable":true,"href":"https:\/\/www.naturparkmagazin.de\/dahme-heideseen\/wp-json\/wp\/v2\/users\/83"}],"replies":[{"embeddable":true,"href":"https:\/\/www.naturparkmagazin.de\/dahme-heideseen\/wp-json\/wp\/v2\/comments?post=5466"}],"version-history":[{"count":1,"href":"https:\/\/www.naturparkmagazin.de\/dahme-heideseen\/wp-json\/wp\/v2\/posts\/5466\/revisions"}],"predecessor-version":[{"id":5477,"href":"https:\/\/www.naturparkmagazin.de\/dahme-heideseen\/wp-json\/wp\/v2\/posts\/5466\/revisions\/5477"}],"wp:featuredmedia":[{"embeddable":true,"href":"https:\/\/www.naturparkmagazin.de\/dahme-heideseen\/wp-json\/wp\/v2\/media\/5473"}],"wp:attachment":[{"href":"https:\/\/www.naturparkmagazin.de\/dahme-heideseen\/wp-json\/wp\/v2\/media?parent=5466"}],"wp:term":[{"taxonomy":"category","embeddable":true,"href":"https:\/\/www.naturparkmagazin.de\/dahme-heideseen\/wp-json\/wp\/v2\/categories?post=5466"},{"taxonomy":"post_tag","embeddable":true,"href":"https:\/\/www.naturparkmagazin.de\/dahme-heideseen\/wp-json\/wp\/v2\/tags?post=5466"}],"curies":[{"name":"wp","href":"https:\/\/api.w.org\/{rel}","templated":true}]}}