{"id":5520,"date":"2023-11-21T10:32:29","date_gmt":"2023-11-21T09:32:29","guid":{"rendered":"https:\/\/www.naturparkmagazin.de\/dahme-heideseen\/?p=5520"},"modified":"2023-11-21T10:33:50","modified_gmt":"2023-11-21T09:33:50","slug":"jahrebuch-2024-ab-sofort-erhaeltlich","status":"publish","type":"post","link":"https:\/\/www.naturparkmagazin.de\/dahme-heideseen\/jahrebuch-2024-ab-sofort-erhaeltlich\/","title":{"rendered":"JahreBuch 2024 ab sofort erh\u00e4ltlich!"},"content":{"rendered":"<p>Seit fast Anfang an begleitet das JahreBuch den Naturpark Dahme-Heideseen und dokumentiert die Zusammenarbeit mit den Partnern in der Region. P\u00fcnktlich zum 25-j\u00e4hrigen Bestehen des Naturparks in diesem Jahr hat das Buch mit seinen zahlreichen Geschichten rund um den Naturpark ein neues Erscheinungsbild erhalten. Mit einer frischeren Farbe, besseren Lesbarkeit und teilweise gr\u00f6\u00dferen Fotos punktet das neue Layout. Gestaltet wurde das neue Layout vom Verlag Natur+Text GmbH.<\/p>\n<div id=\"attachment_5521\" style=\"width: 630px\" class=\"wp-caption alignnone\"><a href=\"https:\/\/www.naturparkmagazin.de\/dahme-heideseen\/wp-content\/uploads\/sites\/37\/csm_Gruppenbild_JahreBuch_2023_572d016c79.jpg\"><img aria-describedby=\"caption-attachment-5521\" decoding=\"async\" loading=\"lazy\" class=\"size-medium wp-image-5521\" src=\"https:\/\/www.naturparkmagazin.de\/dahme-heideseen\/wp-content\/uploads\/sites\/37\/csm_Gruppenbild_JahreBuch_2023_572d016c79-620x465.jpg\" alt=\"\" width=\"620\" height=\"465\" srcset=\"https:\/\/www.naturparkmagazin.de\/dahme-heideseen\/wp-content\/uploads\/sites\/37\/csm_Gruppenbild_JahreBuch_2023_572d016c79-620x465.jpg 620w, https:\/\/www.naturparkmagazin.de\/dahme-heideseen\/wp-content\/uploads\/sites\/37\/csm_Gruppenbild_JahreBuch_2023_572d016c79-940x705.jpg 940w, https:\/\/www.naturparkmagazin.de\/dahme-heideseen\/wp-content\/uploads\/sites\/37\/csm_Gruppenbild_JahreBuch_2023_572d016c79-300x225.jpg 300w, https:\/\/www.naturparkmagazin.de\/dahme-heideseen\/wp-content\/uploads\/sites\/37\/csm_Gruppenbild_JahreBuch_2023_572d016c79-580x435.jpg 580w, https:\/\/www.naturparkmagazin.de\/dahme-heideseen\/wp-content\/uploads\/sites\/37\/csm_Gruppenbild_JahreBuch_2023_572d016c79-420x315.jpg 420w, https:\/\/www.naturparkmagazin.de\/dahme-heideseen\/wp-content\/uploads\/sites\/37\/csm_Gruppenbild_JahreBuch_2023_572d016c79-180x135.jpg 180w, https:\/\/www.naturparkmagazin.de\/dahme-heideseen\/wp-content\/uploads\/sites\/37\/csm_Gruppenbild_JahreBuch_2023_572d016c79-95x71.jpg 95w, https:\/\/www.naturparkmagazin.de\/dahme-heideseen\/wp-content\/uploads\/sites\/37\/csm_Gruppenbild_JahreBuch_2023_572d016c79-670x503.jpg 670w, https:\/\/www.naturparkmagazin.de\/dahme-heideseen\/wp-content\/uploads\/sites\/37\/csm_Gruppenbild_JahreBuch_2023_572d016c79-200x150.jpg 200w, https:\/\/www.naturparkmagazin.de\/dahme-heideseen\/wp-content\/uploads\/sites\/37\/csm_Gruppenbild_JahreBuch_2023_572d016c79.jpg 1000w\" sizes=\"(max-width: 620px) 100vw, 620px\" \/><\/a><p id=\"caption-attachment-5521\" class=\"wp-caption-text\">\u00a9 Jenny Kistner<\/p><\/div>\n<p>Den Kalenderteil schm\u00fccken im kommenden Jahr Fotos des Natur-Fotografen Micha Kusche. Mit besonderem Interesse h\u00e4lt Micha Kusche die gefiederte Vogelwelt im Naturpark fest. F\u00fcr das JahreBuch 2024 jedoch hat er sich dem Thema Wasser gewidmet \u2013 Seine Fotos begleiten das wertvolle Nass durch das ganze Jahr.<\/p>\n<p>Das JahreBuch ist ab sofort in der Naturpark-Verwaltung f\u00fcr 7\u20ac \/ St\u00fcck erh\u00e4ltlich: NP-Dahme-Heideseen@LfU.Brandenburg.de | Tel.: 033768-969 0<\/p>\n","protected":false},"excerpt":{"rendered":"<p>Das JahreBuch 2024 pr\u00e4sentiert zahlreiche Geschichten und Erlebnisse rund um den Naturpark Dahme-Heideseen, Naturschutz und bedeutende Lebensr\u00e4ume.<\/p>\n","protected":false},"author":83,"featured_media":5522,"comment_status":"open","ping_status":"open","sticky":false,"template":"","format":"standard","meta":[],"categories":[13],"tags":[],"yoast_head":"<!-- This site is optimized with the Yoast SEO plugin v19.10 - https:\/\/yoast.com\/wordpress\/plugins\/seo\/ -->\n<title>JahreBuch 2024 ab sofort erh\u00e4ltlich! - Naturpark Dahme-Heideseen<\/title>\n<meta name=\"robots\" content=\"index, follow, max-snippet:-1, max-image-preview:large, max-video-preview:-1\" \/>\n<link rel=\"canonical\" href=\"https:\/\/www.naturparkmagazin.de\/dahme-heideseen\/jahrebuch-2024-ab-sofort-erhaeltlich\/\" \/>\n<meta property=\"og:locale\" content=\"de_DE\" \/>\n<meta property=\"og:type\" content=\"article\" \/>\n<meta property=\"og:title\" content=\"JahreBuch 2024 ab sofort erh\u00e4ltlich! - Naturpark Dahme-Heideseen\" \/>\n<meta property=\"og:description\" content=\"Das JahreBuch 2024 pr\u00e4sentiert zahlreiche Geschichten und Erlebnisse rund um den Naturpark Dahme-Heideseen, Naturschutz und bedeutende Lebensr\u00e4ume.\" \/>\n<meta property=\"og:url\" content=\"https:\/\/www.naturparkmagazin.de\/dahme-heideseen\/jahrebuch-2024-ab-sofort-erhaeltlich\/\" \/>\n<meta property=\"og:site_name\" content=\"Naturpark Dahme-Heideseen\" \/>\n<meta property=\"article:published_time\" content=\"2023-11-21T09:32:29+00:00\" \/>\n<meta property=\"article:modified_time\" content=\"2023-11-21T09:33:50+00:00\" \/>\n<meta property=\"og:image\" content=\"https:\/\/www.naturparkmagazin.de\/dahme-heideseen\/wp-content\/uploads\/sites\/37\/csm_JahreBuch_2024_fc909531f5.jpg\" \/>\n\t<meta property=\"og:image:width\" content=\"750\" \/>\n\t<meta property=\"og:image:height\" content=\"1000\" \/>\n\t<meta property=\"og:image:type\" content=\"image\/jpeg\" \/>\n<meta name=\"author\" content=\"Astrid Osenbr\u00fcck\" \/>\n<meta name=\"twitter:label1\" content=\"Verfasst von\" \/>\n\t<meta name=\"twitter:data1\" content=\"Astrid Osenbr\u00fcck\" \/>\n\t<meta name=\"twitter:label2\" content=\"Gesch\u00e4tzte Lesezeit\" \/>\n\t<meta name=\"twitter:data2\" content=\"1\u00a0Minute\" \/>\n<script type=\"application\/ld+json\" class=\"yoast-schema-graph\">{\"@context\":\"https:\/\/schema.org\",\"@graph\":[{\"@type\":\"WebPage\",\"@id\":\"https:\/\/www.naturparkmagazin.de\/dahme-heideseen\/jahrebuch-2024-ab-sofort-erhaeltlich\/\",\"url\":\"https:\/\/www.naturparkmagazin.de\/dahme-heideseen\/jahrebuch-2024-ab-sofort-erhaeltlich\/\",\"name\":\"JahreBuch 2024 ab sofort erh\u00e4ltlich! - Naturpark Dahme-Heideseen\",\"isPartOf\":{\"@id\":\"https:\/\/www.naturparkmagazin.de\/dahme-heideseen\/#website\"},\"datePublished\":\"2023-11-21T09:32:29+00:00\",\"dateModified\":\"2023-11-21T09:33:50+00:00\",\"author\":{\"@id\":\"https:\/\/www.naturparkmagazin.de\/dahme-heideseen\/#\/schema\/person\/a0510aafafdf8183c95fc98faf0c9f21\"},\"breadcrumb\":{\"@id\":\"https:\/\/www.naturparkmagazin.de\/dahme-heideseen\/jahrebuch-2024-ab-sofort-erhaeltlich\/#breadcrumb\"},\"inLanguage\":\"de\",\"potentialAction\":[{\"@type\":\"ReadAction\",\"target\":[\"https:\/\/www.naturparkmagazin.de\/dahme-heideseen\/jahrebuch-2024-ab-sofort-erhaeltlich\/\"]}]},{\"@type\":\"BreadcrumbList\",\"@id\":\"https:\/\/www.naturparkmagazin.de\/dahme-heideseen\/jahrebuch-2024-ab-sofort-erhaeltlich\/#breadcrumb\",\"itemListElement\":[{\"@type\":\"ListItem\",\"position\":1,\"name\":\"Home\",\"item\":\"https:\/\/www.naturparkmagazin.de\/dahme-heideseen\/\"},{\"@type\":\"ListItem\",\"position\":2,\"name\":\"JahreBuch 2024 ab sofort erh\u00e4ltlich!\"}]},{\"@type\":\"WebSite\",\"@id\":\"https:\/\/www.naturparkmagazin.de\/dahme-heideseen\/#website\",\"url\":\"https:\/\/www.naturparkmagazin.de\/dahme-heideseen\/\",\"name\":\"Naturpark Dahme-Heideseen\",\"description\":\"\",\"potentialAction\":[{\"@type\":\"SearchAction\",\"target\":{\"@type\":\"EntryPoint\",\"urlTemplate\":\"https:\/\/www.naturparkmagazin.de\/dahme-heideseen\/?s={search_term_string}\"},\"query-input\":\"required name=search_term_string\"}],\"inLanguage\":\"de\"},{\"@type\":\"Person\",\"@id\":\"https:\/\/www.naturparkmagazin.de\/dahme-heideseen\/#\/schema\/person\/a0510aafafdf8183c95fc98faf0c9f21\",\"name\":\"Astrid Osenbr\u00fcck\",\"sameAs\":[\"http:\/\/www.dahme-heideseen-naturpark.de\"],\"url\":\"https:\/\/www.naturparkmagazin.de\/dahme-heideseen\/author\/astridosenbrueck\/\"}]}<\/script>\n<!-- \/ Yoast SEO plugin. -->","yoast_head_json":{"title":"JahreBuch 2024 ab sofort erh\u00e4ltlich! - Naturpark Dahme-Heideseen","robots":{"index":"index","follow":"follow","max-snippet":"max-snippet:-1","max-image-preview":"max-image-preview:large","max-video-preview":"max-video-preview:-1"},"canonical":"https:\/\/www.naturparkmagazin.de\/dahme-heideseen\/jahrebuch-2024-ab-sofort-erhaeltlich\/","og_locale":"de_DE","og_type":"article","og_title":"JahreBuch 2024 ab sofort erh\u00e4ltlich! - Naturpark Dahme-Heideseen","og_description":"Das JahreBuch 2024 pr\u00e4sentiert zahlreiche Geschichten und Erlebnisse rund um den Naturpark Dahme-Heideseen, Naturschutz und bedeutende Lebensr\u00e4ume.","og_url":"https:\/\/www.naturparkmagazin.de\/dahme-heideseen\/jahrebuch-2024-ab-sofort-erhaeltlich\/","og_site_name":"Naturpark Dahme-Heideseen","article_published_time":"2023-11-21T09:32:29+00:00","article_modified_time":"2023-11-21T09:33:50+00:00","og_image":[{"width":750,"height":1000,"url":"https:\/\/www.naturparkmagazin.de\/dahme-heideseen\/wp-content\/uploads\/sites\/37\/csm_JahreBuch_2024_fc909531f5.jpg","type":"image\/jpeg"}],"author":"Astrid Osenbr\u00fcck","twitter_misc":{"Verfasst von":"Astrid Osenbr\u00fcck","Gesch\u00e4tzte Lesezeit":"1\u00a0Minute"},"schema":{"@context":"https:\/\/schema.org","@graph":[{"@type":"WebPage","@id":"https:\/\/www.naturparkmagazin.de\/dahme-heideseen\/jahrebuch-2024-ab-sofort-erhaeltlich\/","url":"https:\/\/www.naturparkmagazin.de\/dahme-heideseen\/jahrebuch-2024-ab-sofort-erhaeltlich\/","name":"JahreBuch 2024 ab sofort erh\u00e4ltlich! - Naturpark Dahme-Heideseen","isPartOf":{"@id":"https:\/\/www.naturparkmagazin.de\/dahme-heideseen\/#website"},"datePublished":"2023-11-21T09:32:29+00:00","dateModified":"2023-11-21T09:33:50+00:00","author":{"@id":"https:\/\/www.naturparkmagazin.de\/dahme-heideseen\/#\/schema\/person\/a0510aafafdf8183c95fc98faf0c9f21"},"breadcrumb":{"@id":"https:\/\/www.naturparkmagazin.de\/dahme-heideseen\/jahrebuch-2024-ab-sofort-erhaeltlich\/#breadcrumb"},"inLanguage":"de","potentialAction":[{"@type":"ReadAction","target":["https:\/\/www.naturparkmagazin.de\/dahme-heideseen\/jahrebuch-2024-ab-sofort-erhaeltlich\/"]}]},{"@type":"BreadcrumbList","@id":"https:\/\/www.naturparkmagazin.de\/dahme-heideseen\/jahrebuch-2024-ab-sofort-erhaeltlich\/#breadcrumb","itemListElement":[{"@type":"ListItem","position":1,"name":"Home","item":"https:\/\/www.naturparkmagazin.de\/dahme-heideseen\/"},{"@type":"ListItem","position":2,"name":"JahreBuch 2024 ab sofort erh\u00e4ltlich!"}]},{"@type":"WebSite","@id":"https:\/\/www.naturparkmagazin.de\/dahme-heideseen\/#website","url":"https:\/\/www.naturparkmagazin.de\/dahme-heideseen\/","name":"Naturpark Dahme-Heideseen","description":"","potentialAction":[{"@type":"SearchAction","target":{"@type":"EntryPoint","urlTemplate":"https:\/\/www.naturparkmagazin.de\/dahme-heideseen\/?s={search_term_string}"},"query-input":"required name=search_term_string"}],"inLanguage":"de"},{"@type":"Person","@id":"https:\/\/www.naturparkmagazin.de\/dahme-heideseen\/#\/schema\/person\/a0510aafafdf8183c95fc98faf0c9f21","name":"Astrid Osenbr\u00fcck","sameAs":["http:\/\/www.dahme-heideseen-naturpark.de"],"url":"https:\/\/www.naturparkmagazin.de\/dahme-heideseen\/author\/astridosenbrueck\/"}]}},"_links":{"self":[{"href":"https:\/\/www.naturparkmagazin.de\/dahme-heideseen\/wp-json\/wp\/v2\/posts\/5520"}],"collection":[{"href":"https:\/\/www.naturparkmagazin.de\/dahme-heideseen\/wp-json\/wp\/v2\/posts"}],"about":[{"href":"https:\/\/www.naturparkmagazin.de\/dahme-heideseen\/wp-json\/wp\/v2\/types\/post"}],"author":[{"embeddable":true,"href":"https:\/\/www.naturparkmagazin.de\/dahme-heideseen\/wp-json\/wp\/v2\/users\/83"}],"replies":[{"embeddable":true,"href":"https:\/\/www.naturparkmagazin.de\/dahme-heideseen\/wp-json\/wp\/v2\/comments?post=5520"}],"version-history":[{"count":1,"href":"https:\/\/www.naturparkmagazin.de\/dahme-heideseen\/wp-json\/wp\/v2\/posts\/5520\/revisions"}],"predecessor-version":[{"id":5523,"href":"https:\/\/www.naturparkmagazin.de\/dahme-heideseen\/wp-json\/wp\/v2\/posts\/5520\/revisions\/5523"}],"wp:featuredmedia":[{"embeddable":true,"href":"https:\/\/www.naturparkmagazin.de\/dahme-heideseen\/wp-json\/wp\/v2\/media\/5522"}],"wp:attachment":[{"href":"https:\/\/www.naturparkmagazin.de\/dahme-heideseen\/wp-json\/wp\/v2\/media?parent=5520"}],"wp:term":[{"taxonomy":"category","embeddable":true,"href":"https:\/\/www.naturparkmagazin.de\/dahme-heideseen\/wp-json\/wp\/v2\/categories?post=5520"},{"taxonomy":"post_tag","embeddable":true,"href":"https:\/\/www.naturparkmagazin.de\/dahme-heideseen\/wp-json\/wp\/v2\/tags?post=5520"}],"curies":[{"name":"wp","href":"https:\/\/api.w.org\/{rel}","templated":true}]}}