{"id":554,"date":"2014-06-18T15:03:04","date_gmt":"2014-06-18T13:03:04","guid":{"rendered":"http:\/\/www.naturparkmagazin.de\/dahme-heideseen\/?p=554"},"modified":"2014-06-26T12:17:43","modified_gmt":"2014-06-26T10:17:43","slug":"liebe-leserinnen-liebe-leser","status":"publish","type":"post","link":"https:\/\/www.naturparkmagazin.de\/dahme-heideseen\/liebe-leserinnen-liebe-leser\/","title":{"rendered":"Liebe Leserinnen, liebe Leser,"},"content":{"rendered":"<p>\u201eO schaurig ist&#8217;s \u00fcbers Moor zu gehen \u2026\u201c legte\u00a0 Annette von Droste-H\u00fclshoff ihrem \u201eKnaben im Moor\u201c 1842 in den Mund. Jahrhunderte lang f\u00fcrchteten die Menschen das Moor. Als ab dem 18. Jahrhunderts Moore intensiver genutzt, Torf abgebaut und Fl\u00e4chen entw\u00e4ssert wurden, wird das daher kaum jemanden gest\u00f6rt haben. Eher war sogar das Gegenteil der Fall, wurde doch gerade hier in unserer eiszeitlich gepr\u00e4gten Region wichtiges Acker- und Weideland gewonnen! Mit den Mooren verschwanden aber auch viele Tier- und Pflanzenarten, besondere Lebensr\u00e4ume und Landschaften. Erst in den letzten Jahrzehnten hat ein Umdenken begonnen, Moore werden gesch\u00fctzt und renaturiert. So k\u00f6nnen Sie auch in &#8222;unserem&#8220; Naturpark diese einmaligen Lebensr\u00e4ume wieder neu entdecken. Dabei begegnet man vielen seltenen Tier- und Pflanzenarten, kann sich von den ersten Ergebnissen des laufenden EU-Lifeprojekts &#8222;Kalkmoore Brandenburg&#8220; selbst \u00fcberzeugen. Sie sind herzlich willkommen!<\/p>\n<p>Viel Spa\u00df beim Lesen der Juli-Ausgabe des Newsletters w\u00fcnscht Ihnen<\/p>\n<p>Gunnar Heyne<\/p>\n<p>Leiter Naturpark<\/p>\n<p>&nbsp;<\/p>\n<p>&nbsp;<\/p>\n","protected":false},"excerpt":{"rendered":"<p>\u201eO schaurig ist&#8217;s \u00fcbers Moor zu gehen \u2026\u201c legte\u00a0 Annette von Droste-H\u00fclshoff ihrem \u201eKnaben im Moor\u201c 1842 in den Mund. Jahrhunderte lang f\u00fcrchteten die Menschen das Moor. Als ab dem 18. Jahrhunderts Moore intensiver genutzt, Torf abgebaut und Fl\u00e4chen entw\u00e4ssert wurden, wird das daher kaum jemanden gest\u00f6rt haben. Eher war sogar das Gegenteil der Fall,<\/p>\n","protected":false},"author":38,"featured_media":0,"comment_status":"open","ping_status":"open","sticky":false,"template":"","format":"standard","meta":[],"categories":[52],"tags":[],"yoast_head":"<!-- This site is optimized with the Yoast SEO plugin v19.10 - https:\/\/yoast.com\/wordpress\/plugins\/seo\/ -->\n<title>Liebe Leserinnen, liebe Leser, - Naturpark Dahme-Heideseen<\/title>\n<meta name=\"robots\" content=\"index, follow, max-snippet:-1, max-image-preview:large, max-video-preview:-1\" \/>\n<link rel=\"canonical\" href=\"https:\/\/www.naturparkmagazin.de\/dahme-heideseen\/liebe-leserinnen-liebe-leser\/\" \/>\n<meta property=\"og:locale\" content=\"de_DE\" \/>\n<meta property=\"og:type\" content=\"article\" \/>\n<meta property=\"og:title\" content=\"Liebe Leserinnen, liebe Leser, - Naturpark Dahme-Heideseen\" \/>\n<meta property=\"og:description\" content=\"\u201eO schaurig ist&#8217;s \u00fcbers Moor zu gehen \u2026\u201c legte\u00a0 Annette von Droste-H\u00fclshoff ihrem \u201eKnaben im Moor\u201c 1842 in den Mund. Jahrhunderte lang f\u00fcrchteten die Menschen das Moor. Als ab dem 18. Jahrhunderts Moore intensiver genutzt, Torf abgebaut und Fl\u00e4chen entw\u00e4ssert wurden, wird das daher kaum jemanden gest\u00f6rt haben. Eher war sogar das Gegenteil der Fall,\" \/>\n<meta property=\"og:url\" content=\"https:\/\/www.naturparkmagazin.de\/dahme-heideseen\/liebe-leserinnen-liebe-leser\/\" \/>\n<meta property=\"og:site_name\" content=\"Naturpark Dahme-Heideseen\" \/>\n<meta property=\"article:published_time\" content=\"2014-06-18T13:03:04+00:00\" \/>\n<meta property=\"article:modified_time\" content=\"2014-06-26T10:17:43+00:00\" \/>\n<meta name=\"author\" content=\"gunnarheyne\" \/>\n<meta name=\"twitter:label1\" content=\"Verfasst von\" \/>\n\t<meta name=\"twitter:data1\" content=\"gunnarheyne\" \/>\n\t<meta name=\"twitter:label2\" content=\"Gesch\u00e4tzte Lesezeit\" \/>\n\t<meta name=\"twitter:data2\" content=\"1\u00a0Minute\" \/>\n<script type=\"application\/ld+json\" class=\"yoast-schema-graph\">{\"@context\":\"https:\/\/schema.org\",\"@graph\":[{\"@type\":\"WebPage\",\"@id\":\"https:\/\/www.naturparkmagazin.de\/dahme-heideseen\/liebe-leserinnen-liebe-leser\/\",\"url\":\"https:\/\/www.naturparkmagazin.de\/dahme-heideseen\/liebe-leserinnen-liebe-leser\/\",\"name\":\"Liebe Leserinnen, liebe Leser, - Naturpark Dahme-Heideseen\",\"isPartOf\":{\"@id\":\"https:\/\/www.naturparkmagazin.de\/dahme-heideseen\/#website\"},\"datePublished\":\"2014-06-18T13:03:04+00:00\",\"dateModified\":\"2014-06-26T10:17:43+00:00\",\"author\":{\"@id\":\"https:\/\/www.naturparkmagazin.de\/dahme-heideseen\/#\/schema\/person\/d754bd26563d6b45cf1306284edd3018\"},\"breadcrumb\":{\"@id\":\"https:\/\/www.naturparkmagazin.de\/dahme-heideseen\/liebe-leserinnen-liebe-leser\/#breadcrumb\"},\"inLanguage\":\"de\",\"potentialAction\":[{\"@type\":\"ReadAction\",\"target\":[\"https:\/\/www.naturparkmagazin.de\/dahme-heideseen\/liebe-leserinnen-liebe-leser\/\"]}]},{\"@type\":\"BreadcrumbList\",\"@id\":\"https:\/\/www.naturparkmagazin.de\/dahme-heideseen\/liebe-leserinnen-liebe-leser\/#breadcrumb\",\"itemListElement\":[{\"@type\":\"ListItem\",\"position\":1,\"name\":\"Home\",\"item\":\"https:\/\/www.naturparkmagazin.de\/dahme-heideseen\/\"},{\"@type\":\"ListItem\",\"position\":2,\"name\":\"Liebe Leserinnen, liebe Leser,\"}]},{\"@type\":\"WebSite\",\"@id\":\"https:\/\/www.naturparkmagazin.de\/dahme-heideseen\/#website\",\"url\":\"https:\/\/www.naturparkmagazin.de\/dahme-heideseen\/\",\"name\":\"Naturpark Dahme-Heideseen\",\"description\":\"\",\"potentialAction\":[{\"@type\":\"SearchAction\",\"target\":{\"@type\":\"EntryPoint\",\"urlTemplate\":\"https:\/\/www.naturparkmagazin.de\/dahme-heideseen\/?s={search_term_string}\"},\"query-input\":\"required name=search_term_string\"}],\"inLanguage\":\"de\"},{\"@type\":\"Person\",\"@id\":\"https:\/\/www.naturparkmagazin.de\/dahme-heideseen\/#\/schema\/person\/d754bd26563d6b45cf1306284edd3018\",\"name\":\"gunnarheyne\",\"url\":\"https:\/\/www.naturparkmagazin.de\/dahme-heideseen\/author\/gunnarheyne\/\"}]}<\/script>\n<!-- \/ Yoast SEO plugin. -->","yoast_head_json":{"title":"Liebe Leserinnen, liebe Leser, - Naturpark Dahme-Heideseen","robots":{"index":"index","follow":"follow","max-snippet":"max-snippet:-1","max-image-preview":"max-image-preview:large","max-video-preview":"max-video-preview:-1"},"canonical":"https:\/\/www.naturparkmagazin.de\/dahme-heideseen\/liebe-leserinnen-liebe-leser\/","og_locale":"de_DE","og_type":"article","og_title":"Liebe Leserinnen, liebe Leser, - Naturpark Dahme-Heideseen","og_description":"\u201eO schaurig ist&#8217;s \u00fcbers Moor zu gehen \u2026\u201c legte\u00a0 Annette von Droste-H\u00fclshoff ihrem \u201eKnaben im Moor\u201c 1842 in den Mund. Jahrhunderte lang f\u00fcrchteten die Menschen das Moor. Als ab dem 18. Jahrhunderts Moore intensiver genutzt, Torf abgebaut und Fl\u00e4chen entw\u00e4ssert wurden, wird das daher kaum jemanden gest\u00f6rt haben. Eher war sogar das Gegenteil der Fall,","og_url":"https:\/\/www.naturparkmagazin.de\/dahme-heideseen\/liebe-leserinnen-liebe-leser\/","og_site_name":"Naturpark Dahme-Heideseen","article_published_time":"2014-06-18T13:03:04+00:00","article_modified_time":"2014-06-26T10:17:43+00:00","author":"gunnarheyne","twitter_misc":{"Verfasst von":"gunnarheyne","Gesch\u00e4tzte Lesezeit":"1\u00a0Minute"},"schema":{"@context":"https:\/\/schema.org","@graph":[{"@type":"WebPage","@id":"https:\/\/www.naturparkmagazin.de\/dahme-heideseen\/liebe-leserinnen-liebe-leser\/","url":"https:\/\/www.naturparkmagazin.de\/dahme-heideseen\/liebe-leserinnen-liebe-leser\/","name":"Liebe Leserinnen, liebe Leser, - Naturpark Dahme-Heideseen","isPartOf":{"@id":"https:\/\/www.naturparkmagazin.de\/dahme-heideseen\/#website"},"datePublished":"2014-06-18T13:03:04+00:00","dateModified":"2014-06-26T10:17:43+00:00","author":{"@id":"https:\/\/www.naturparkmagazin.de\/dahme-heideseen\/#\/schema\/person\/d754bd26563d6b45cf1306284edd3018"},"breadcrumb":{"@id":"https:\/\/www.naturparkmagazin.de\/dahme-heideseen\/liebe-leserinnen-liebe-leser\/#breadcrumb"},"inLanguage":"de","potentialAction":[{"@type":"ReadAction","target":["https:\/\/www.naturparkmagazin.de\/dahme-heideseen\/liebe-leserinnen-liebe-leser\/"]}]},{"@type":"BreadcrumbList","@id":"https:\/\/www.naturparkmagazin.de\/dahme-heideseen\/liebe-leserinnen-liebe-leser\/#breadcrumb","itemListElement":[{"@type":"ListItem","position":1,"name":"Home","item":"https:\/\/www.naturparkmagazin.de\/dahme-heideseen\/"},{"@type":"ListItem","position":2,"name":"Liebe Leserinnen, liebe Leser,"}]},{"@type":"WebSite","@id":"https:\/\/www.naturparkmagazin.de\/dahme-heideseen\/#website","url":"https:\/\/www.naturparkmagazin.de\/dahme-heideseen\/","name":"Naturpark Dahme-Heideseen","description":"","potentialAction":[{"@type":"SearchAction","target":{"@type":"EntryPoint","urlTemplate":"https:\/\/www.naturparkmagazin.de\/dahme-heideseen\/?s={search_term_string}"},"query-input":"required name=search_term_string"}],"inLanguage":"de"},{"@type":"Person","@id":"https:\/\/www.naturparkmagazin.de\/dahme-heideseen\/#\/schema\/person\/d754bd26563d6b45cf1306284edd3018","name":"gunnarheyne","url":"https:\/\/www.naturparkmagazin.de\/dahme-heideseen\/author\/gunnarheyne\/"}]}},"_links":{"self":[{"href":"https:\/\/www.naturparkmagazin.de\/dahme-heideseen\/wp-json\/wp\/v2\/posts\/554"}],"collection":[{"href":"https:\/\/www.naturparkmagazin.de\/dahme-heideseen\/wp-json\/wp\/v2\/posts"}],"about":[{"href":"https:\/\/www.naturparkmagazin.de\/dahme-heideseen\/wp-json\/wp\/v2\/types\/post"}],"author":[{"embeddable":true,"href":"https:\/\/www.naturparkmagazin.de\/dahme-heideseen\/wp-json\/wp\/v2\/users\/38"}],"replies":[{"embeddable":true,"href":"https:\/\/www.naturparkmagazin.de\/dahme-heideseen\/wp-json\/wp\/v2\/comments?post=554"}],"version-history":[{"count":2,"href":"https:\/\/www.naturparkmagazin.de\/dahme-heideseen\/wp-json\/wp\/v2\/posts\/554\/revisions"}],"predecessor-version":[{"id":601,"href":"https:\/\/www.naturparkmagazin.de\/dahme-heideseen\/wp-json\/wp\/v2\/posts\/554\/revisions\/601"}],"wp:attachment":[{"href":"https:\/\/www.naturparkmagazin.de\/dahme-heideseen\/wp-json\/wp\/v2\/media?parent=554"}],"wp:term":[{"taxonomy":"category","embeddable":true,"href":"https:\/\/www.naturparkmagazin.de\/dahme-heideseen\/wp-json\/wp\/v2\/categories?post=554"},{"taxonomy":"post_tag","embeddable":true,"href":"https:\/\/www.naturparkmagazin.de\/dahme-heideseen\/wp-json\/wp\/v2\/tags?post=554"}],"curies":[{"name":"wp","href":"https:\/\/api.w.org\/{rel}","templated":true}]}}