{"id":5578,"date":"2024-02-20T10:44:06","date_gmt":"2024-02-20T09:44:06","guid":{"rendered":"https:\/\/www.naturparkmagazin.de\/dahme-heideseen\/?p=5578"},"modified":"2024-02-21T08:45:52","modified_gmt":"2024-02-21T07:45:52","slug":"sonderausstellung-wege-in-die-zukunft-fuer-dich-und-die-welt","status":"publish","type":"post","link":"https:\/\/www.naturparkmagazin.de\/dahme-heideseen\/sonderausstellung-wege-in-die-zukunft-fuer-dich-und-die-welt\/","title":{"rendered":"Sonderausstellung &#8222;WEGE IN DIE ZUKUNFT &#8211; F\u00dcR DICH UND DIE WELT"},"content":{"rendered":"<p>Was wir essen und einkaufen, wie wir wohnen und uns fortbewegen, hat globale Auswirkungen. Die Sonderausstellung &#8222;WEGE IN DIE ZUKUNFT &#8211; F\u00dcR DICH UND DIE WELT&#8220; von <em>RENN.mitte<\/em> (Regionale Netzstelle Nachhaltigkeitsstrategien) zeigt, wie man durch Anpassung des eigenen Verhaltens, aber auch durch politisches und gesellschaftliches Engagement Wege in eine zukunftsf\u00e4hige Welt einschlagen kann. Ern\u00e4hrung, Kleidung, Mobilit\u00e4t, Wohnen, technische Ger\u00e4te und der \u00dcbergang unserer Gesellschaft auf einen nachhaltigen Entwicklungspfad sind Themen der Ausstellung.<\/p>\n<p><strong>Erg\u00e4nzt wurde die Ausstellung bei uns auf der Burg durch Projekte von Kindern aus den Storkower Kitas und dem Hort. Sie haben sich in diesem Jahr dem Nachhaltigkeitsziel 12 \u201eNachhaltiger Konsum\u201c gewidmet und beispielsweise mit M\u00fcll und Ern\u00e4hrung befasst.<\/strong><\/p>\n<p>Die Stadt Storkow (Mark) befindet sich auf dem Weg zur Nachhaltigen Kommune und setzt bereits viele Projekte im Sinne der 17 Nachhaltigkeitsziele der Agenda 2030 um. Im Rahmen des Begleitprogramms zur Ausstellung werden unter anderem Beteiligungsworkshops stattfinden. Auch ein p\u00e4dagogisches Programm f\u00fcr Schulen und Kitas wird begleitend angeboten.<\/p>\n<h1>Begleitprogramm:<\/h1>\n<p class=\"tiny_p\">\n<p class=\"tiny_p\">Mi, 28.02.24 | 18:30 &#8211; 21 Uhr | Burg Storkow | Gro\u00dfer Saal<\/p>\n<p class=\"tiny_p\"><strong>Film mit Austausch: DAS KOMBINAT &#8211; \u00a0Ein Film von Moritz Springer<\/strong><\/p>\n<p class=\"tiny_p\">Der Dokumentarfilm DAS KOMBINAT begleitet \u00fcber einen Zeitraum von 9 Jahren das Kartoffelkombinat aus M\u00fcnchen auf seiner bewegenden Reise von der idealistischen Idee zur gr\u00f6\u00dften Solidarischen Landwirtschaft in Deutschland. Im Anschluss findet ein Austausch u.a. mit dem Regisseur statt. <i>Kostenfrei<\/i><\/p>\n<p class=\"tiny_p\">Sa, 02.03.24 | ab 11 Uhr | Burg Storkow | Ausstellung<\/p>\n<p class=\"tiny_p\"><strong>Quizzen mit den Omas (und Opas) for future<\/strong><\/p>\n<p class=\"tiny_p\">DAS 1\u00d71 F\u00dcR UNSERE ZUKUNFT \u2013 Das unterhaltsames Quiz im TV-Format sorgt f\u00fcr Spiel, Spa\u00df und garantierte Aha-Effekte: Aus insgesamt zw\u00f6lf Rubriken von A wie Artensterben bis Z wie Zukunft werden Fragen rund ums Alltagsverhalten gestellt. Einstieg jederzeit m\u00f6glich. <i>Kostenfrei<\/i><\/p>\n<p class=\"tiny_p\">Mi. 13.03.24 | 17:00-20:00 Uhr | Burg Storkow | Gro\u00dfer Saal<\/p>\n<p class=\"tiny_p\"><strong>Finissage: Storkow auf dem Weg zur Nachhaltige Kommune\u00a0<\/strong><\/p>\n<p class=\"tiny_p\">Infoabend und Workshop \u2013 Vorstellung der Strategischen Ziele f\u00fcr die Nachhaltigkeitsstrategie unserer Stadt. <i>Kostenfrei<\/i><\/p>\n<p class=\"tiny_p\">* Anmeldung per Mail: ausstellungen@storkow.de oder telefonisch: 033 678-73 108<\/p>\n<h1 class=\"tiny_p\"><\/h1>\n<h1><strong>Begleitprogramm f\u00fcr Schule, Kita und Gruppen- Termine auf Anfrage\u00a0<\/strong><\/h1>\n<p class=\"tiny_p\"><strong>Nachhaltigkeit, SDG &#8211; Was soll das sein?\u00a0<\/strong><\/p>\n<p class=\"tiny_p\">Gemeinsam erkunden wir interaktiv die Ausstellung &#8220; Wege in die Zukunft &#8211; f\u00fcr Dich und die Welt&#8220;, suchen nach L\u00f6sungen vor Ort und betrachten mit verschiedenen Methoden in gr\u00f6\u00dferen und kleineren Gruppen die einzelnen Bereiche, Ern\u00e4hrung, Mobilit\u00e4t, Konsum, Energie und gesellschaftliche Transformation.<\/p>\n<p class=\"tiny_p\">Altersstufe: ab 10 Jahren (4.\/5. Klasse) aufw\u00e4rts<\/p>\n<p class=\"tiny_p\">Zeitdauer: je nach M\u00f6glichkeit 1,5h &#8211; 3h<\/p>\n<p class=\"tiny_p\">Anmeldung: Katja Neugebauer\u00a0<a href=\"mailto:katja.neugebauer@nachhaltig-in-brandenburg.de\">katja.neugebauer@nachhaltig-in-brandenburg.de<\/a><\/p>\n<p class=\"tiny_p\">Weitere Angebote vom Besucherzentrum des Naturparks f\u00fcr Kita und Grundschule k\u00f6nnen unter 033 678 &#8211; 73 228 oder\u00a0<a href=\"mailto:besucherzentrum@storkow.de\">besucherzentrum@storkow.de<\/a> erfragt werden.<\/p>\n<p class=\"tiny_p\">Themen:<\/p>\n<ul>\n<li>\n<p class=\"tiny_p\">M\u00fcll \u2013 trennen \u2013 recyceln \u2013 vermeiden<\/p>\n<\/li>\n<li>\n<p class=\"tiny_p\">Zu schade f\u00fcr die Tonne \u2013 Lebensmittelverschwendung stoppen!<\/p>\n<\/li>\n<li>\n<p class=\"tiny_p\">Wie smart ist dein Smartphone?<\/p>\n<\/li>\n<\/ul>\n","protected":false},"excerpt":{"rendered":"<p>Die interaktive Sonderausstellung zeigt, wie man durch Anpassung des eigenen Verhaltens, aber auch durch politisches und gesellschaftliches Engagement Wege in eine zukunftsf\u00e4hige Welt einschlagen kann. F\u00fcr Gro\u00df und Klein geeignet.<\/p>\n","protected":false},"author":83,"featured_media":5579,"comment_status":"open","ping_status":"open","sticky":false,"template":"","format":"standard","meta":[],"categories":[617],"tags":[],"yoast_head":"<!-- This site is optimized with the Yoast SEO plugin v19.10 - https:\/\/yoast.com\/wordpress\/plugins\/seo\/ -->\n<title>Sonderausstellung &quot;WEGE IN DIE ZUKUNFT - F\u00dcR DICH UND DIE WELT - Naturpark Dahme-Heideseen<\/title>\n<meta name=\"robots\" content=\"index, follow, max-snippet:-1, max-image-preview:large, max-video-preview:-1\" \/>\n<link rel=\"canonical\" href=\"https:\/\/www.naturparkmagazin.de\/dahme-heideseen\/sonderausstellung-wege-in-die-zukunft-fuer-dich-und-die-welt\/\" \/>\n<meta property=\"og:locale\" content=\"de_DE\" \/>\n<meta property=\"og:type\" content=\"article\" \/>\n<meta property=\"og:title\" content=\"Sonderausstellung &quot;WEGE IN DIE ZUKUNFT - F\u00dcR DICH UND DIE WELT - Naturpark Dahme-Heideseen\" \/>\n<meta property=\"og:description\" content=\"Die interaktive Sonderausstellung zeigt, wie man durch Anpassung des eigenen Verhaltens, aber auch durch politisches und gesellschaftliches Engagement Wege in eine zukunftsf\u00e4hige Welt einschlagen kann. F\u00fcr Gro\u00df und Klein geeignet.\" \/>\n<meta property=\"og:url\" content=\"https:\/\/www.naturparkmagazin.de\/dahme-heideseen\/sonderausstellung-wege-in-die-zukunft-fuer-dich-und-die-welt\/\" \/>\n<meta property=\"og:site_name\" content=\"Naturpark Dahme-Heideseen\" \/>\n<meta property=\"article:published_time\" content=\"2024-02-20T09:44:06+00:00\" \/>\n<meta property=\"article:modified_time\" content=\"2024-02-21T07:45:52+00:00\" \/>\n<meta property=\"og:image\" content=\"https:\/\/www.naturparkmagazin.de\/dahme-heideseen\/wp-content\/uploads\/sites\/37\/Ausstellung-Storkow-e1703065366273.jpg\" \/>\n\t<meta property=\"og:image:width\" content=\"969\" \/>\n\t<meta property=\"og:image:height\" content=\"960\" \/>\n\t<meta property=\"og:image:type\" content=\"image\/jpeg\" \/>\n<meta name=\"author\" content=\"Astrid Osenbr\u00fcck\" \/>\n<meta name=\"twitter:label1\" content=\"Verfasst von\" \/>\n\t<meta name=\"twitter:data1\" content=\"Astrid Osenbr\u00fcck\" \/>\n\t<meta name=\"twitter:label2\" content=\"Gesch\u00e4tzte Lesezeit\" \/>\n\t<meta name=\"twitter:data2\" content=\"3\u00a0Minuten\" \/>\n<script type=\"application\/ld+json\" class=\"yoast-schema-graph\">{\"@context\":\"https:\/\/schema.org\",\"@graph\":[{\"@type\":\"WebPage\",\"@id\":\"https:\/\/www.naturparkmagazin.de\/dahme-heideseen\/sonderausstellung-wege-in-die-zukunft-fuer-dich-und-die-welt\/\",\"url\":\"https:\/\/www.naturparkmagazin.de\/dahme-heideseen\/sonderausstellung-wege-in-die-zukunft-fuer-dich-und-die-welt\/\",\"name\":\"Sonderausstellung \\\"WEGE IN DIE ZUKUNFT - F\u00dcR DICH UND DIE WELT - Naturpark Dahme-Heideseen\",\"isPartOf\":{\"@id\":\"https:\/\/www.naturparkmagazin.de\/dahme-heideseen\/#website\"},\"datePublished\":\"2024-02-20T09:44:06+00:00\",\"dateModified\":\"2024-02-21T07:45:52+00:00\",\"author\":{\"@id\":\"https:\/\/www.naturparkmagazin.de\/dahme-heideseen\/#\/schema\/person\/a0510aafafdf8183c95fc98faf0c9f21\"},\"breadcrumb\":{\"@id\":\"https:\/\/www.naturparkmagazin.de\/dahme-heideseen\/sonderausstellung-wege-in-die-zukunft-fuer-dich-und-die-welt\/#breadcrumb\"},\"inLanguage\":\"de\",\"potentialAction\":[{\"@type\":\"ReadAction\",\"target\":[\"https:\/\/www.naturparkmagazin.de\/dahme-heideseen\/sonderausstellung-wege-in-die-zukunft-fuer-dich-und-die-welt\/\"]}]},{\"@type\":\"BreadcrumbList\",\"@id\":\"https:\/\/www.naturparkmagazin.de\/dahme-heideseen\/sonderausstellung-wege-in-die-zukunft-fuer-dich-und-die-welt\/#breadcrumb\",\"itemListElement\":[{\"@type\":\"ListItem\",\"position\":1,\"name\":\"Home\",\"item\":\"https:\/\/www.naturparkmagazin.de\/dahme-heideseen\/\"},{\"@type\":\"ListItem\",\"position\":2,\"name\":\"Sonderausstellung &#8222;WEGE IN DIE ZUKUNFT &#8211; F\u00dcR DICH UND DIE WELT\"}]},{\"@type\":\"WebSite\",\"@id\":\"https:\/\/www.naturparkmagazin.de\/dahme-heideseen\/#website\",\"url\":\"https:\/\/www.naturparkmagazin.de\/dahme-heideseen\/\",\"name\":\"Naturpark Dahme-Heideseen\",\"description\":\"\",\"potentialAction\":[{\"@type\":\"SearchAction\",\"target\":{\"@type\":\"EntryPoint\",\"urlTemplate\":\"https:\/\/www.naturparkmagazin.de\/dahme-heideseen\/?s={search_term_string}\"},\"query-input\":\"required name=search_term_string\"}],\"inLanguage\":\"de\"},{\"@type\":\"Person\",\"@id\":\"https:\/\/www.naturparkmagazin.de\/dahme-heideseen\/#\/schema\/person\/a0510aafafdf8183c95fc98faf0c9f21\",\"name\":\"Astrid Osenbr\u00fcck\",\"sameAs\":[\"http:\/\/www.dahme-heideseen-naturpark.de\"],\"url\":\"https:\/\/www.naturparkmagazin.de\/dahme-heideseen\/author\/astridosenbrueck\/\"}]}<\/script>\n<!-- \/ Yoast SEO plugin. -->","yoast_head_json":{"title":"Sonderausstellung \"WEGE IN DIE ZUKUNFT - F\u00dcR DICH UND DIE WELT - Naturpark Dahme-Heideseen","robots":{"index":"index","follow":"follow","max-snippet":"max-snippet:-1","max-image-preview":"max-image-preview:large","max-video-preview":"max-video-preview:-1"},"canonical":"https:\/\/www.naturparkmagazin.de\/dahme-heideseen\/sonderausstellung-wege-in-die-zukunft-fuer-dich-und-die-welt\/","og_locale":"de_DE","og_type":"article","og_title":"Sonderausstellung \"WEGE IN DIE ZUKUNFT - F\u00dcR DICH UND DIE WELT - Naturpark Dahme-Heideseen","og_description":"Die interaktive Sonderausstellung zeigt, wie man durch Anpassung des eigenen Verhaltens, aber auch durch politisches und gesellschaftliches Engagement Wege in eine zukunftsf\u00e4hige Welt einschlagen kann. F\u00fcr Gro\u00df und Klein geeignet.","og_url":"https:\/\/www.naturparkmagazin.de\/dahme-heideseen\/sonderausstellung-wege-in-die-zukunft-fuer-dich-und-die-welt\/","og_site_name":"Naturpark Dahme-Heideseen","article_published_time":"2024-02-20T09:44:06+00:00","article_modified_time":"2024-02-21T07:45:52+00:00","og_image":[{"width":969,"height":960,"url":"https:\/\/www.naturparkmagazin.de\/dahme-heideseen\/wp-content\/uploads\/sites\/37\/Ausstellung-Storkow-e1703065366273.jpg","type":"image\/jpeg"}],"author":"Astrid Osenbr\u00fcck","twitter_misc":{"Verfasst von":"Astrid Osenbr\u00fcck","Gesch\u00e4tzte Lesezeit":"3\u00a0Minuten"},"schema":{"@context":"https:\/\/schema.org","@graph":[{"@type":"WebPage","@id":"https:\/\/www.naturparkmagazin.de\/dahme-heideseen\/sonderausstellung-wege-in-die-zukunft-fuer-dich-und-die-welt\/","url":"https:\/\/www.naturparkmagazin.de\/dahme-heideseen\/sonderausstellung-wege-in-die-zukunft-fuer-dich-und-die-welt\/","name":"Sonderausstellung \"WEGE IN DIE ZUKUNFT - F\u00dcR DICH UND DIE WELT - Naturpark Dahme-Heideseen","isPartOf":{"@id":"https:\/\/www.naturparkmagazin.de\/dahme-heideseen\/#website"},"datePublished":"2024-02-20T09:44:06+00:00","dateModified":"2024-02-21T07:45:52+00:00","author":{"@id":"https:\/\/www.naturparkmagazin.de\/dahme-heideseen\/#\/schema\/person\/a0510aafafdf8183c95fc98faf0c9f21"},"breadcrumb":{"@id":"https:\/\/www.naturparkmagazin.de\/dahme-heideseen\/sonderausstellung-wege-in-die-zukunft-fuer-dich-und-die-welt\/#breadcrumb"},"inLanguage":"de","potentialAction":[{"@type":"ReadAction","target":["https:\/\/www.naturparkmagazin.de\/dahme-heideseen\/sonderausstellung-wege-in-die-zukunft-fuer-dich-und-die-welt\/"]}]},{"@type":"BreadcrumbList","@id":"https:\/\/www.naturparkmagazin.de\/dahme-heideseen\/sonderausstellung-wege-in-die-zukunft-fuer-dich-und-die-welt\/#breadcrumb","itemListElement":[{"@type":"ListItem","position":1,"name":"Home","item":"https:\/\/www.naturparkmagazin.de\/dahme-heideseen\/"},{"@type":"ListItem","position":2,"name":"Sonderausstellung &#8222;WEGE IN DIE ZUKUNFT &#8211; F\u00dcR DICH UND DIE WELT"}]},{"@type":"WebSite","@id":"https:\/\/www.naturparkmagazin.de\/dahme-heideseen\/#website","url":"https:\/\/www.naturparkmagazin.de\/dahme-heideseen\/","name":"Naturpark Dahme-Heideseen","description":"","potentialAction":[{"@type":"SearchAction","target":{"@type":"EntryPoint","urlTemplate":"https:\/\/www.naturparkmagazin.de\/dahme-heideseen\/?s={search_term_string}"},"query-input":"required name=search_term_string"}],"inLanguage":"de"},{"@type":"Person","@id":"https:\/\/www.naturparkmagazin.de\/dahme-heideseen\/#\/schema\/person\/a0510aafafdf8183c95fc98faf0c9f21","name":"Astrid Osenbr\u00fcck","sameAs":["http:\/\/www.dahme-heideseen-naturpark.de"],"url":"https:\/\/www.naturparkmagazin.de\/dahme-heideseen\/author\/astridosenbrueck\/"}]}},"_links":{"self":[{"href":"https:\/\/www.naturparkmagazin.de\/dahme-heideseen\/wp-json\/wp\/v2\/posts\/5578"}],"collection":[{"href":"https:\/\/www.naturparkmagazin.de\/dahme-heideseen\/wp-json\/wp\/v2\/posts"}],"about":[{"href":"https:\/\/www.naturparkmagazin.de\/dahme-heideseen\/wp-json\/wp\/v2\/types\/post"}],"author":[{"embeddable":true,"href":"https:\/\/www.naturparkmagazin.de\/dahme-heideseen\/wp-json\/wp\/v2\/users\/83"}],"replies":[{"embeddable":true,"href":"https:\/\/www.naturparkmagazin.de\/dahme-heideseen\/wp-json\/wp\/v2\/comments?post=5578"}],"version-history":[{"count":4,"href":"https:\/\/www.naturparkmagazin.de\/dahme-heideseen\/wp-json\/wp\/v2\/posts\/5578\/revisions"}],"predecessor-version":[{"id":5785,"href":"https:\/\/www.naturparkmagazin.de\/dahme-heideseen\/wp-json\/wp\/v2\/posts\/5578\/revisions\/5785"}],"wp:featuredmedia":[{"embeddable":true,"href":"https:\/\/www.naturparkmagazin.de\/dahme-heideseen\/wp-json\/wp\/v2\/media\/5579"}],"wp:attachment":[{"href":"https:\/\/www.naturparkmagazin.de\/dahme-heideseen\/wp-json\/wp\/v2\/media?parent=5578"}],"wp:term":[{"taxonomy":"category","embeddable":true,"href":"https:\/\/www.naturparkmagazin.de\/dahme-heideseen\/wp-json\/wp\/v2\/categories?post=5578"},{"taxonomy":"post_tag","embeddable":true,"href":"https:\/\/www.naturparkmagazin.de\/dahme-heideseen\/wp-json\/wp\/v2\/tags?post=5578"}],"curies":[{"name":"wp","href":"https:\/\/api.w.org\/{rel}","templated":true}]}}