{"id":5583,"date":"2025-11-20T10:47:06","date_gmt":"2025-11-20T09:47:06","guid":{"rendered":"https:\/\/www.naturparkmagazin.de\/dahme-heideseen\/?p=5583"},"modified":"2025-11-26T10:35:28","modified_gmt":"2025-11-26T09:35:28","slug":"kraeuter-workshop-ein-kraut-fuer-die-sinne","status":"publish","type":"post","link":"https:\/\/www.naturparkmagazin.de\/dahme-heideseen\/kraeuter-workshop-ein-kraut-fuer-die-sinne\/","title":{"rendered":"Ein Kraut f\u00fcr die Sinne: Weihnachtliche Ger\u00fcche"},"content":{"rendered":"<p class=\"tiny_p MsoNoSpacing\"><strong>Ein Kraut f\u00fcr die Sinne: Weihnachtliche Ger\u00fcche<\/strong><\/p>\n<p class=\"tiny_p MsoNoSpacing\">\n<p class=\"tiny_p MsoNoSpacing\">Kr\u00e4uter- Workshop mit Regina Jubitz<\/p>\n<p class=\"tiny_p\">\n<p class=\"tiny_p\">Von anregend bis beruhigend sind die Duftstoffe der Pflanzen, die wir beim R\u00e4uchern freisetzen. In diesem Workshop mit Regina Jubitz wird das nahende Weihnachtsfest mit passenden heimischen Kr\u00e4utern willkommen gehei\u00dfen.<\/p>\n<p class=\"tiny_p\">\n<p class=\"tiny_p\">Kosten: 10 \u20ac \/ pro Person + 5 \u20ac f\u00fcr Materialien sind direkt vor Ort an den Referenten zu entrichten<\/p>\n<p class=\"tiny_p\">\n<p class=\"tiny_p tinyp\"><u>Begrenzte Teilnehmerzahl:<\/u> Tickets k\u00f6nnen in der G\u00e4ste-Info auf der Burg Storkow erworben werden oder unter folgendem Link (dieser f\u00fchrt zu Eventfrog, unsere Online Ticket Verkaufsplattform.)<\/p>\n<p class=\"tiny_p tinyp\"><a href=\"https:\/\/eventfrog.de\/de\/p\/kurse-seminare\/sonstige-kurse-seminare\/ein-kraut-fuer-die-sinne-raeucherwerk-fuers-neue-jahr-7307700740331420717.html\" target=\"_blank\" rel=\"noopener\">online Tickets R\u00e4uchern<\/a><\/p>\n","protected":false},"excerpt":{"rendered":"<p>Kr\u00e4uter-Workshop mit Regina Jubitz: Weihnachtliche Ger\u00fcche<\/p>\n","protected":false},"author":83,"featured_media":5584,"comment_status":"open","ping_status":"open","sticky":false,"template":"","format":"standard","meta":[],"categories":[11],"tags":[],"yoast_head":"<!-- This site is optimized with the Yoast SEO plugin v19.10 - https:\/\/yoast.com\/wordpress\/plugins\/seo\/ -->\n<title>Ein Kraut f\u00fcr die Sinne: Weihnachtliche Ger\u00fcche - Naturpark Dahme-Heideseen<\/title>\n<meta name=\"robots\" content=\"index, follow, max-snippet:-1, max-image-preview:large, max-video-preview:-1\" \/>\n<link rel=\"canonical\" href=\"https:\/\/www.naturparkmagazin.de\/dahme-heideseen\/kraeuter-workshop-ein-kraut-fuer-die-sinne\/\" \/>\n<meta property=\"og:locale\" content=\"de_DE\" \/>\n<meta property=\"og:type\" content=\"article\" \/>\n<meta property=\"og:title\" content=\"Ein Kraut f\u00fcr die Sinne: Weihnachtliche Ger\u00fcche - Naturpark Dahme-Heideseen\" \/>\n<meta property=\"og:description\" content=\"Kr\u00e4uter-Workshop mit Regina Jubitz: Weihnachtliche Ger\u00fcche\" \/>\n<meta property=\"og:url\" content=\"https:\/\/www.naturparkmagazin.de\/dahme-heideseen\/kraeuter-workshop-ein-kraut-fuer-die-sinne\/\" \/>\n<meta property=\"og:site_name\" content=\"Naturpark Dahme-Heideseen\" \/>\n<meta property=\"article:published_time\" content=\"2025-11-20T09:47:06+00:00\" \/>\n<meta property=\"article:modified_time\" content=\"2025-11-26T09:35:28+00:00\" \/>\n<meta property=\"og:image\" content=\"https:\/\/www.naturparkmagazin.de\/dahme-heideseen\/wp-content\/uploads\/sites\/37\/csm_Weihn.Sonnenuntergang_JJ_67d65e377b.jpg\" \/>\n\t<meta property=\"og:image:width\" content=\"981\" \/>\n\t<meta property=\"og:image:height\" content=\"1000\" \/>\n\t<meta property=\"og:image:type\" content=\"image\/jpeg\" \/>\n<meta name=\"author\" content=\"Astrid Osenbr\u00fcck\" \/>\n<meta name=\"twitter:label1\" content=\"Verfasst von\" \/>\n\t<meta name=\"twitter:data1\" content=\"Astrid Osenbr\u00fcck\" \/>\n\t<meta name=\"twitter:label2\" content=\"Gesch\u00e4tzte Lesezeit\" \/>\n\t<meta name=\"twitter:data2\" content=\"1\u00a0Minute\" \/>\n<script type=\"application\/ld+json\" class=\"yoast-schema-graph\">{\"@context\":\"https:\/\/schema.org\",\"@graph\":[{\"@type\":\"WebPage\",\"@id\":\"https:\/\/www.naturparkmagazin.de\/dahme-heideseen\/kraeuter-workshop-ein-kraut-fuer-die-sinne\/\",\"url\":\"https:\/\/www.naturparkmagazin.de\/dahme-heideseen\/kraeuter-workshop-ein-kraut-fuer-die-sinne\/\",\"name\":\"Ein Kraut f\u00fcr die Sinne: Weihnachtliche Ger\u00fcche - Naturpark Dahme-Heideseen\",\"isPartOf\":{\"@id\":\"https:\/\/www.naturparkmagazin.de\/dahme-heideseen\/#website\"},\"datePublished\":\"2025-11-20T09:47:06+00:00\",\"dateModified\":\"2025-11-26T09:35:28+00:00\",\"author\":{\"@id\":\"https:\/\/www.naturparkmagazin.de\/dahme-heideseen\/#\/schema\/person\/a0510aafafdf8183c95fc98faf0c9f21\"},\"breadcrumb\":{\"@id\":\"https:\/\/www.naturparkmagazin.de\/dahme-heideseen\/kraeuter-workshop-ein-kraut-fuer-die-sinne\/#breadcrumb\"},\"inLanguage\":\"de\",\"potentialAction\":[{\"@type\":\"ReadAction\",\"target\":[\"https:\/\/www.naturparkmagazin.de\/dahme-heideseen\/kraeuter-workshop-ein-kraut-fuer-die-sinne\/\"]}]},{\"@type\":\"BreadcrumbList\",\"@id\":\"https:\/\/www.naturparkmagazin.de\/dahme-heideseen\/kraeuter-workshop-ein-kraut-fuer-die-sinne\/#breadcrumb\",\"itemListElement\":[{\"@type\":\"ListItem\",\"position\":1,\"name\":\"Home\",\"item\":\"https:\/\/www.naturparkmagazin.de\/dahme-heideseen\/\"},{\"@type\":\"ListItem\",\"position\":2,\"name\":\"Ein Kraut f\u00fcr die Sinne: Weihnachtliche Ger\u00fcche\"}]},{\"@type\":\"WebSite\",\"@id\":\"https:\/\/www.naturparkmagazin.de\/dahme-heideseen\/#website\",\"url\":\"https:\/\/www.naturparkmagazin.de\/dahme-heideseen\/\",\"name\":\"Naturpark Dahme-Heideseen\",\"description\":\"\",\"potentialAction\":[{\"@type\":\"SearchAction\",\"target\":{\"@type\":\"EntryPoint\",\"urlTemplate\":\"https:\/\/www.naturparkmagazin.de\/dahme-heideseen\/?s={search_term_string}\"},\"query-input\":\"required name=search_term_string\"}],\"inLanguage\":\"de\"},{\"@type\":\"Person\",\"@id\":\"https:\/\/www.naturparkmagazin.de\/dahme-heideseen\/#\/schema\/person\/a0510aafafdf8183c95fc98faf0c9f21\",\"name\":\"Astrid Osenbr\u00fcck\",\"sameAs\":[\"http:\/\/www.dahme-heideseen-naturpark.de\"],\"url\":\"https:\/\/www.naturparkmagazin.de\/dahme-heideseen\/author\/astridosenbrueck\/\"}]}<\/script>\n<!-- \/ Yoast SEO plugin. -->","yoast_head_json":{"title":"Ein Kraut f\u00fcr die Sinne: Weihnachtliche Ger\u00fcche - Naturpark Dahme-Heideseen","robots":{"index":"index","follow":"follow","max-snippet":"max-snippet:-1","max-image-preview":"max-image-preview:large","max-video-preview":"max-video-preview:-1"},"canonical":"https:\/\/www.naturparkmagazin.de\/dahme-heideseen\/kraeuter-workshop-ein-kraut-fuer-die-sinne\/","og_locale":"de_DE","og_type":"article","og_title":"Ein Kraut f\u00fcr die Sinne: Weihnachtliche Ger\u00fcche - Naturpark Dahme-Heideseen","og_description":"Kr\u00e4uter-Workshop mit Regina Jubitz: Weihnachtliche Ger\u00fcche","og_url":"https:\/\/www.naturparkmagazin.de\/dahme-heideseen\/kraeuter-workshop-ein-kraut-fuer-die-sinne\/","og_site_name":"Naturpark Dahme-Heideseen","article_published_time":"2025-11-20T09:47:06+00:00","article_modified_time":"2025-11-26T09:35:28+00:00","og_image":[{"width":981,"height":1000,"url":"https:\/\/www.naturparkmagazin.de\/dahme-heideseen\/wp-content\/uploads\/sites\/37\/csm_Weihn.Sonnenuntergang_JJ_67d65e377b.jpg","type":"image\/jpeg"}],"author":"Astrid Osenbr\u00fcck","twitter_misc":{"Verfasst von":"Astrid Osenbr\u00fcck","Gesch\u00e4tzte Lesezeit":"1\u00a0Minute"},"schema":{"@context":"https:\/\/schema.org","@graph":[{"@type":"WebPage","@id":"https:\/\/www.naturparkmagazin.de\/dahme-heideseen\/kraeuter-workshop-ein-kraut-fuer-die-sinne\/","url":"https:\/\/www.naturparkmagazin.de\/dahme-heideseen\/kraeuter-workshop-ein-kraut-fuer-die-sinne\/","name":"Ein Kraut f\u00fcr die Sinne: Weihnachtliche Ger\u00fcche - Naturpark Dahme-Heideseen","isPartOf":{"@id":"https:\/\/www.naturparkmagazin.de\/dahme-heideseen\/#website"},"datePublished":"2025-11-20T09:47:06+00:00","dateModified":"2025-11-26T09:35:28+00:00","author":{"@id":"https:\/\/www.naturparkmagazin.de\/dahme-heideseen\/#\/schema\/person\/a0510aafafdf8183c95fc98faf0c9f21"},"breadcrumb":{"@id":"https:\/\/www.naturparkmagazin.de\/dahme-heideseen\/kraeuter-workshop-ein-kraut-fuer-die-sinne\/#breadcrumb"},"inLanguage":"de","potentialAction":[{"@type":"ReadAction","target":["https:\/\/www.naturparkmagazin.de\/dahme-heideseen\/kraeuter-workshop-ein-kraut-fuer-die-sinne\/"]}]},{"@type":"BreadcrumbList","@id":"https:\/\/www.naturparkmagazin.de\/dahme-heideseen\/kraeuter-workshop-ein-kraut-fuer-die-sinne\/#breadcrumb","itemListElement":[{"@type":"ListItem","position":1,"name":"Home","item":"https:\/\/www.naturparkmagazin.de\/dahme-heideseen\/"},{"@type":"ListItem","position":2,"name":"Ein Kraut f\u00fcr die Sinne: Weihnachtliche Ger\u00fcche"}]},{"@type":"WebSite","@id":"https:\/\/www.naturparkmagazin.de\/dahme-heideseen\/#website","url":"https:\/\/www.naturparkmagazin.de\/dahme-heideseen\/","name":"Naturpark Dahme-Heideseen","description":"","potentialAction":[{"@type":"SearchAction","target":{"@type":"EntryPoint","urlTemplate":"https:\/\/www.naturparkmagazin.de\/dahme-heideseen\/?s={search_term_string}"},"query-input":"required name=search_term_string"}],"inLanguage":"de"},{"@type":"Person","@id":"https:\/\/www.naturparkmagazin.de\/dahme-heideseen\/#\/schema\/person\/a0510aafafdf8183c95fc98faf0c9f21","name":"Astrid Osenbr\u00fcck","sameAs":["http:\/\/www.dahme-heideseen-naturpark.de"],"url":"https:\/\/www.naturparkmagazin.de\/dahme-heideseen\/author\/astridosenbrueck\/"}]}},"_links":{"self":[{"href":"https:\/\/www.naturparkmagazin.de\/dahme-heideseen\/wp-json\/wp\/v2\/posts\/5583"}],"collection":[{"href":"https:\/\/www.naturparkmagazin.de\/dahme-heideseen\/wp-json\/wp\/v2\/posts"}],"about":[{"href":"https:\/\/www.naturparkmagazin.de\/dahme-heideseen\/wp-json\/wp\/v2\/types\/post"}],"author":[{"embeddable":true,"href":"https:\/\/www.naturparkmagazin.de\/dahme-heideseen\/wp-json\/wp\/v2\/users\/83"}],"replies":[{"embeddable":true,"href":"https:\/\/www.naturparkmagazin.de\/dahme-heideseen\/wp-json\/wp\/v2\/comments?post=5583"}],"version-history":[{"count":3,"href":"https:\/\/www.naturparkmagazin.de\/dahme-heideseen\/wp-json\/wp\/v2\/posts\/5583\/revisions"}],"predecessor-version":[{"id":7652,"href":"https:\/\/www.naturparkmagazin.de\/dahme-heideseen\/wp-json\/wp\/v2\/posts\/5583\/revisions\/7652"}],"wp:featuredmedia":[{"embeddable":true,"href":"https:\/\/www.naturparkmagazin.de\/dahme-heideseen\/wp-json\/wp\/v2\/media\/5584"}],"wp:attachment":[{"href":"https:\/\/www.naturparkmagazin.de\/dahme-heideseen\/wp-json\/wp\/v2\/media?parent=5583"}],"wp:term":[{"taxonomy":"category","embeddable":true,"href":"https:\/\/www.naturparkmagazin.de\/dahme-heideseen\/wp-json\/wp\/v2\/categories?post=5583"},{"taxonomy":"post_tag","embeddable":true,"href":"https:\/\/www.naturparkmagazin.de\/dahme-heideseen\/wp-json\/wp\/v2\/tags?post=5583"}],"curies":[{"name":"wp","href":"https:\/\/api.w.org\/{rel}","templated":true}]}}