{"id":5598,"date":"2023-12-20T10:57:05","date_gmt":"2023-12-20T09:57:05","guid":{"rendered":"https:\/\/www.naturparkmagazin.de\/dahme-heideseen\/?p=5598"},"modified":"2023-12-20T10:57:05","modified_gmt":"2023-12-20T09:57:05","slug":"upcycling-workshop-zu-schade-fuer-den-container","status":"publish","type":"post","link":"https:\/\/www.naturparkmagazin.de\/dahme-heideseen\/upcycling-workshop-zu-schade-fuer-den-container\/","title":{"rendered":"Upcycling-Workshop: Zu schade f\u00fcr den Container"},"content":{"rendered":"<p class=\"tiny_p\">Manchmal sind Flaschen einfach zu h\u00fcbsch, um sie einfach wegzuwerfen oder vielleicht verbindet man mit jener Weinflasche einen ganz besonderen Moment.<\/p>\n<p class=\"tiny_p\">Ob Lampenschirm oder Blumentopf, in diesem Workshop k\u00f6nnen daraus einzigartige Deko-Objekte werden.<\/p>\n<p class=\"tiny_p\">\n<p class=\"tiny_p\"><strong>Bitte saubere Flaschen mitbringen.<\/strong><\/p>\n<p class=\"tiny_p\">\n<p class=\"tiny_p\">Kosten: 8,50 \u20ac mit Voranmeldung unter 033678-73108 oder unter ausstellungen@storkow.de<\/p>\n","protected":false},"excerpt":{"rendered":"<p>Ob Lampenschirm oder Blumentopf, in diesem Workshop k\u00f6nnen daraus einzigartige Deko-Objekte werden.<\/p>\n","protected":false},"author":83,"featured_media":5599,"comment_status":"open","ping_status":"open","sticky":false,"template":"","format":"standard","meta":[],"categories":[11],"tags":[],"yoast_head":"<!-- This site is optimized with the Yoast SEO plugin v19.10 - https:\/\/yoast.com\/wordpress\/plugins\/seo\/ -->\n<title>Upcycling-Workshop: Zu schade f\u00fcr den Container - Naturpark Dahme-Heideseen<\/title>\n<meta name=\"robots\" content=\"index, follow, max-snippet:-1, max-image-preview:large, max-video-preview:-1\" \/>\n<link rel=\"canonical\" href=\"https:\/\/www.naturparkmagazin.de\/dahme-heideseen\/upcycling-workshop-zu-schade-fuer-den-container\/\" \/>\n<meta property=\"og:locale\" content=\"de_DE\" \/>\n<meta property=\"og:type\" content=\"article\" \/>\n<meta property=\"og:title\" content=\"Upcycling-Workshop: Zu schade f\u00fcr den Container - Naturpark Dahme-Heideseen\" \/>\n<meta property=\"og:description\" content=\"Ob Lampenschirm oder Blumentopf, in diesem Workshop k\u00f6nnen daraus einzigartige Deko-Objekte werden.\" \/>\n<meta property=\"og:url\" content=\"https:\/\/www.naturparkmagazin.de\/dahme-heideseen\/upcycling-workshop-zu-schade-fuer-den-container\/\" \/>\n<meta property=\"og:site_name\" content=\"Naturpark Dahme-Heideseen\" \/>\n<meta property=\"article:published_time\" content=\"2023-12-20T09:57:05+00:00\" \/>\n<meta property=\"og:image\" content=\"https:\/\/www.naturparkmagazin.de\/dahme-heideseen\/wp-content\/uploads\/sites\/37\/Aufmacher-Weinflaschen_Internet.jpg\" \/>\n\t<meta property=\"og:image:width\" content=\"672\" \/>\n\t<meta property=\"og:image:height\" content=\"533\" \/>\n\t<meta property=\"og:image:type\" content=\"image\/jpeg\" \/>\n<meta name=\"author\" content=\"Astrid Osenbr\u00fcck\" \/>\n<meta name=\"twitter:label1\" content=\"Verfasst von\" \/>\n\t<meta name=\"twitter:data1\" content=\"Astrid Osenbr\u00fcck\" \/>\n\t<meta name=\"twitter:label2\" content=\"Gesch\u00e4tzte Lesezeit\" \/>\n\t<meta name=\"twitter:data2\" content=\"1\u00a0Minute\" \/>\n<script type=\"application\/ld+json\" class=\"yoast-schema-graph\">{\"@context\":\"https:\/\/schema.org\",\"@graph\":[{\"@type\":\"WebPage\",\"@id\":\"https:\/\/www.naturparkmagazin.de\/dahme-heideseen\/upcycling-workshop-zu-schade-fuer-den-container\/\",\"url\":\"https:\/\/www.naturparkmagazin.de\/dahme-heideseen\/upcycling-workshop-zu-schade-fuer-den-container\/\",\"name\":\"Upcycling-Workshop: Zu schade f\u00fcr den Container - Naturpark Dahme-Heideseen\",\"isPartOf\":{\"@id\":\"https:\/\/www.naturparkmagazin.de\/dahme-heideseen\/#website\"},\"datePublished\":\"2023-12-20T09:57:05+00:00\",\"dateModified\":\"2023-12-20T09:57:05+00:00\",\"author\":{\"@id\":\"https:\/\/www.naturparkmagazin.de\/dahme-heideseen\/#\/schema\/person\/a0510aafafdf8183c95fc98faf0c9f21\"},\"breadcrumb\":{\"@id\":\"https:\/\/www.naturparkmagazin.de\/dahme-heideseen\/upcycling-workshop-zu-schade-fuer-den-container\/#breadcrumb\"},\"inLanguage\":\"de\",\"potentialAction\":[{\"@type\":\"ReadAction\",\"target\":[\"https:\/\/www.naturparkmagazin.de\/dahme-heideseen\/upcycling-workshop-zu-schade-fuer-den-container\/\"]}]},{\"@type\":\"BreadcrumbList\",\"@id\":\"https:\/\/www.naturparkmagazin.de\/dahme-heideseen\/upcycling-workshop-zu-schade-fuer-den-container\/#breadcrumb\",\"itemListElement\":[{\"@type\":\"ListItem\",\"position\":1,\"name\":\"Home\",\"item\":\"https:\/\/www.naturparkmagazin.de\/dahme-heideseen\/\"},{\"@type\":\"ListItem\",\"position\":2,\"name\":\"Upcycling-Workshop: Zu schade f\u00fcr den Container\"}]},{\"@type\":\"WebSite\",\"@id\":\"https:\/\/www.naturparkmagazin.de\/dahme-heideseen\/#website\",\"url\":\"https:\/\/www.naturparkmagazin.de\/dahme-heideseen\/\",\"name\":\"Naturpark Dahme-Heideseen\",\"description\":\"\",\"potentialAction\":[{\"@type\":\"SearchAction\",\"target\":{\"@type\":\"EntryPoint\",\"urlTemplate\":\"https:\/\/www.naturparkmagazin.de\/dahme-heideseen\/?s={search_term_string}\"},\"query-input\":\"required name=search_term_string\"}],\"inLanguage\":\"de\"},{\"@type\":\"Person\",\"@id\":\"https:\/\/www.naturparkmagazin.de\/dahme-heideseen\/#\/schema\/person\/a0510aafafdf8183c95fc98faf0c9f21\",\"name\":\"Astrid Osenbr\u00fcck\",\"sameAs\":[\"http:\/\/www.dahme-heideseen-naturpark.de\"],\"url\":\"https:\/\/www.naturparkmagazin.de\/dahme-heideseen\/author\/astridosenbrueck\/\"}]}<\/script>\n<!-- \/ Yoast SEO plugin. -->","yoast_head_json":{"title":"Upcycling-Workshop: Zu schade f\u00fcr den Container - Naturpark Dahme-Heideseen","robots":{"index":"index","follow":"follow","max-snippet":"max-snippet:-1","max-image-preview":"max-image-preview:large","max-video-preview":"max-video-preview:-1"},"canonical":"https:\/\/www.naturparkmagazin.de\/dahme-heideseen\/upcycling-workshop-zu-schade-fuer-den-container\/","og_locale":"de_DE","og_type":"article","og_title":"Upcycling-Workshop: Zu schade f\u00fcr den Container - Naturpark Dahme-Heideseen","og_description":"Ob Lampenschirm oder Blumentopf, in diesem Workshop k\u00f6nnen daraus einzigartige Deko-Objekte werden.","og_url":"https:\/\/www.naturparkmagazin.de\/dahme-heideseen\/upcycling-workshop-zu-schade-fuer-den-container\/","og_site_name":"Naturpark Dahme-Heideseen","article_published_time":"2023-12-20T09:57:05+00:00","og_image":[{"width":672,"height":533,"url":"https:\/\/www.naturparkmagazin.de\/dahme-heideseen\/wp-content\/uploads\/sites\/37\/Aufmacher-Weinflaschen_Internet.jpg","type":"image\/jpeg"}],"author":"Astrid Osenbr\u00fcck","twitter_misc":{"Verfasst von":"Astrid Osenbr\u00fcck","Gesch\u00e4tzte Lesezeit":"1\u00a0Minute"},"schema":{"@context":"https:\/\/schema.org","@graph":[{"@type":"WebPage","@id":"https:\/\/www.naturparkmagazin.de\/dahme-heideseen\/upcycling-workshop-zu-schade-fuer-den-container\/","url":"https:\/\/www.naturparkmagazin.de\/dahme-heideseen\/upcycling-workshop-zu-schade-fuer-den-container\/","name":"Upcycling-Workshop: Zu schade f\u00fcr den Container - Naturpark Dahme-Heideseen","isPartOf":{"@id":"https:\/\/www.naturparkmagazin.de\/dahme-heideseen\/#website"},"datePublished":"2023-12-20T09:57:05+00:00","dateModified":"2023-12-20T09:57:05+00:00","author":{"@id":"https:\/\/www.naturparkmagazin.de\/dahme-heideseen\/#\/schema\/person\/a0510aafafdf8183c95fc98faf0c9f21"},"breadcrumb":{"@id":"https:\/\/www.naturparkmagazin.de\/dahme-heideseen\/upcycling-workshop-zu-schade-fuer-den-container\/#breadcrumb"},"inLanguage":"de","potentialAction":[{"@type":"ReadAction","target":["https:\/\/www.naturparkmagazin.de\/dahme-heideseen\/upcycling-workshop-zu-schade-fuer-den-container\/"]}]},{"@type":"BreadcrumbList","@id":"https:\/\/www.naturparkmagazin.de\/dahme-heideseen\/upcycling-workshop-zu-schade-fuer-den-container\/#breadcrumb","itemListElement":[{"@type":"ListItem","position":1,"name":"Home","item":"https:\/\/www.naturparkmagazin.de\/dahme-heideseen\/"},{"@type":"ListItem","position":2,"name":"Upcycling-Workshop: Zu schade f\u00fcr den Container"}]},{"@type":"WebSite","@id":"https:\/\/www.naturparkmagazin.de\/dahme-heideseen\/#website","url":"https:\/\/www.naturparkmagazin.de\/dahme-heideseen\/","name":"Naturpark Dahme-Heideseen","description":"","potentialAction":[{"@type":"SearchAction","target":{"@type":"EntryPoint","urlTemplate":"https:\/\/www.naturparkmagazin.de\/dahme-heideseen\/?s={search_term_string}"},"query-input":"required name=search_term_string"}],"inLanguage":"de"},{"@type":"Person","@id":"https:\/\/www.naturparkmagazin.de\/dahme-heideseen\/#\/schema\/person\/a0510aafafdf8183c95fc98faf0c9f21","name":"Astrid Osenbr\u00fcck","sameAs":["http:\/\/www.dahme-heideseen-naturpark.de"],"url":"https:\/\/www.naturparkmagazin.de\/dahme-heideseen\/author\/astridosenbrueck\/"}]}},"_links":{"self":[{"href":"https:\/\/www.naturparkmagazin.de\/dahme-heideseen\/wp-json\/wp\/v2\/posts\/5598"}],"collection":[{"href":"https:\/\/www.naturparkmagazin.de\/dahme-heideseen\/wp-json\/wp\/v2\/posts"}],"about":[{"href":"https:\/\/www.naturparkmagazin.de\/dahme-heideseen\/wp-json\/wp\/v2\/types\/post"}],"author":[{"embeddable":true,"href":"https:\/\/www.naturparkmagazin.de\/dahme-heideseen\/wp-json\/wp\/v2\/users\/83"}],"replies":[{"embeddable":true,"href":"https:\/\/www.naturparkmagazin.de\/dahme-heideseen\/wp-json\/wp\/v2\/comments?post=5598"}],"version-history":[{"count":1,"href":"https:\/\/www.naturparkmagazin.de\/dahme-heideseen\/wp-json\/wp\/v2\/posts\/5598\/revisions"}],"predecessor-version":[{"id":5600,"href":"https:\/\/www.naturparkmagazin.de\/dahme-heideseen\/wp-json\/wp\/v2\/posts\/5598\/revisions\/5600"}],"wp:featuredmedia":[{"embeddable":true,"href":"https:\/\/www.naturparkmagazin.de\/dahme-heideseen\/wp-json\/wp\/v2\/media\/5599"}],"wp:attachment":[{"href":"https:\/\/www.naturparkmagazin.de\/dahme-heideseen\/wp-json\/wp\/v2\/media?parent=5598"}],"wp:term":[{"taxonomy":"category","embeddable":true,"href":"https:\/\/www.naturparkmagazin.de\/dahme-heideseen\/wp-json\/wp\/v2\/categories?post=5598"},{"taxonomy":"post_tag","embeddable":true,"href":"https:\/\/www.naturparkmagazin.de\/dahme-heideseen\/wp-json\/wp\/v2\/tags?post=5598"}],"curies":[{"name":"wp","href":"https:\/\/api.w.org\/{rel}","templated":true}]}}