{"id":5607,"date":"2023-12-20T11:21:16","date_gmt":"2023-12-20T10:21:16","guid":{"rendered":"https:\/\/www.naturparkmagazin.de\/dahme-heideseen\/?p=5607"},"modified":"2023-12-20T11:22:13","modified_gmt":"2023-12-20T10:22:13","slug":"mit-dem-bagger-im-maerchenwald","status":"publish","type":"post","link":"https:\/\/www.naturparkmagazin.de\/dahme-heideseen\/mit-dem-bagger-im-maerchenwald\/","title":{"rendered":"Mit dem Bagger im M\u00e4rchenwald"},"content":{"rendered":"<p>In der \u201eBugker Sahara\u201c bei Storkow\/Mark im nordwestlichen Randbereich des FFH-Gebietes Kienheide wird ein Flechten-Kiefernwald aufgewertet. Die Pflegearbeiten hierzu haben jetzt begonnen.<\/p>\n<p>Die \u201eKienheide\u201c ist u.a. mit dem Ziel als FFH-Gebiet in das Natura 2000-Netz aufgenommen worden, um den hier vorkommenden FFH-Lebensraumtypen \u201eMitteleurop\u00e4ische Flechten-Kiefernw\u00e4lder\u201c (LRT 91T0), einschlie\u00dflich ihrer an sie gebundenen Tier- und Pflanzenarten, zu erhalten und zu entwickeln.<\/p>\n<p>Im Flechten-Kiefernwald der Bugker Sahara werden offene, nicht mit B\u00e4umen bestockte Bereiche vom Silbergrasrasen eingenommen. Lockere, mit solit\u00e4ren Kiefern bzw. Kieferngruppen bestockte Bereiche bilden ein Silbergras-Kieferngeh\u00f6lz. Die B\u00e4ume stehen hier ohne ein geschlossenes Kronendach weit auseinander. Fast jeder Baum hat ein charakteristisches Erscheinungsbild mit niedrigem Kronenansatz und weit ausladenden \u00c4sten &#8211; ein M\u00e4rchenwald voller Flechten und knorrigen Kiefern. Charakteristisch f\u00fcr die Bugker Sahara ist der gro\u00dfe Moos- und Flechtenreichtum, nachgewiesen sind bisher 13 Moos- und 25 Flechtensippen.<\/p>\n<p>Allerdings zeigte sich das dieeinst gut besonnten Flechtenrasen. In Kombination mit der zunehmenden Vermoosung bzw. Akkumulation von Nadelstreu trat ein R\u00fcckgang der Flechtenvegetation ein.<\/p>\n<div id=\"attachment_5610\" style=\"width: 630px\" class=\"wp-caption alignnone\"><a href=\"https:\/\/www.naturparkmagazin.de\/dahme-heideseen\/wp-content\/uploads\/sites\/37\/20231123_110401.jpg\"><img aria-describedby=\"caption-attachment-5610\" decoding=\"async\" loading=\"lazy\" class=\"size-medium wp-image-5610\" src=\"https:\/\/www.naturparkmagazin.de\/dahme-heideseen\/wp-content\/uploads\/sites\/37\/20231123_110401-620x465.jpg\" alt=\"\" width=\"620\" height=\"465\" srcset=\"https:\/\/www.naturparkmagazin.de\/dahme-heideseen\/wp-content\/uploads\/sites\/37\/20231123_110401-620x465.jpg 620w, https:\/\/www.naturparkmagazin.de\/dahme-heideseen\/wp-content\/uploads\/sites\/37\/20231123_110401-300x225.jpg 300w, https:\/\/www.naturparkmagazin.de\/dahme-heideseen\/wp-content\/uploads\/sites\/37\/20231123_110401-580x435.jpg 580w, https:\/\/www.naturparkmagazin.de\/dahme-heideseen\/wp-content\/uploads\/sites\/37\/20231123_110401-420x315.jpg 420w, https:\/\/www.naturparkmagazin.de\/dahme-heideseen\/wp-content\/uploads\/sites\/37\/20231123_110401-180x135.jpg 180w, https:\/\/www.naturparkmagazin.de\/dahme-heideseen\/wp-content\/uploads\/sites\/37\/20231123_110401-95x71.jpg 95w, https:\/\/www.naturparkmagazin.de\/dahme-heideseen\/wp-content\/uploads\/sites\/37\/20231123_110401-670x503.jpg 670w, https:\/\/www.naturparkmagazin.de\/dahme-heideseen\/wp-content\/uploads\/sites\/37\/20231123_110401-200x150.jpg 200w, https:\/\/www.naturparkmagazin.de\/dahme-heideseen\/wp-content\/uploads\/sites\/37\/20231123_110401.jpg 940w\" sizes=\"(max-width: 620px) 100vw, 620px\" \/><\/a><p id=\"caption-attachment-5610\" class=\"wp-caption-text\">(\u00a9 Carsten Preuss)<\/p><\/div>\n<p>Das h\u00e4tte eine allm\u00e4hliche Verschlechterung des Erhaltungszustandes, bis hin zum drohenden Verlust des Lebensraumtyps zur Folge. Zur Wiederherstellung des n\u00e4hrstoffarmen Charakters sollen einzelne B\u00e4ume bzw. Baumgruppen entnommen werden. Auf den lichtbeg\u00fcnstigten Freifl\u00e4chen der bestehenden bzw. potentiellen Flechtenvorkommen wird die Nadelstreu entfernt. Weiterhin sollen kleinfl\u00e4chig Rohbodenverh\u00e4ltnisse hergestellt werden, wobei v.a. dicke Moospolster und Bereiche mit m\u00e4chtiger Humusauflage entfernt werden. Da die Streu teilweise direkt auf den empfindlichen Flechtenteppichen entnommen werden soll, werden in diesen Bereichen schonende (manuelle) Verfahren, gegen\u00fcber dem Einsatz gro\u00dfer Maschinen zur Anwendung kommen. Um die Etablierung der Flechten auf dem geschaffenen Rohboden aktiv zu f\u00f6rdern, sollen auf diesen Bereichen zus\u00e4tzlich Flechtenteile ausgebracht werden.<\/p>\n<p>So kann der Flechten-Kiefernwald mit seinem hohen naturschutzfachlichen Wert erhalten werden. Vorhabentr\u00e4ger ist die Stiftung EURONATUR.<\/p>\n<div id=\"attachment_5608\" style=\"width: 630px\" class=\"wp-caption alignnone\"><a href=\"https:\/\/www.naturparkmagazin.de\/dahme-heideseen\/wp-content\/uploads\/sites\/37\/20231123_102648.jpg\"><img aria-describedby=\"caption-attachment-5608\" decoding=\"async\" loading=\"lazy\" class=\"size-medium wp-image-5608\" src=\"https:\/\/www.naturparkmagazin.de\/dahme-heideseen\/wp-content\/uploads\/sites\/37\/20231123_102648-620x465.jpg\" alt=\"\" width=\"620\" height=\"465\" srcset=\"https:\/\/www.naturparkmagazin.de\/dahme-heideseen\/wp-content\/uploads\/sites\/37\/20231123_102648-620x465.jpg 620w, https:\/\/www.naturparkmagazin.de\/dahme-heideseen\/wp-content\/uploads\/sites\/37\/20231123_102648-300x225.jpg 300w, https:\/\/www.naturparkmagazin.de\/dahme-heideseen\/wp-content\/uploads\/sites\/37\/20231123_102648-580x435.jpg 580w, https:\/\/www.naturparkmagazin.de\/dahme-heideseen\/wp-content\/uploads\/sites\/37\/20231123_102648-420x315.jpg 420w, https:\/\/www.naturparkmagazin.de\/dahme-heideseen\/wp-content\/uploads\/sites\/37\/20231123_102648-180x135.jpg 180w, https:\/\/www.naturparkmagazin.de\/dahme-heideseen\/wp-content\/uploads\/sites\/37\/20231123_102648-95x71.jpg 95w, https:\/\/www.naturparkmagazin.de\/dahme-heideseen\/wp-content\/uploads\/sites\/37\/20231123_102648-670x503.jpg 670w, https:\/\/www.naturparkmagazin.de\/dahme-heideseen\/wp-content\/uploads\/sites\/37\/20231123_102648-200x150.jpg 200w, https:\/\/www.naturparkmagazin.de\/dahme-heideseen\/wp-content\/uploads\/sites\/37\/20231123_102648.jpg 940w\" sizes=\"(max-width: 620px) 100vw, 620px\" \/><\/a><p id=\"caption-attachment-5608\" class=\"wp-caption-text\">(\u00a9 Carsten Preuss)<\/p><\/div>\n<p>Der NaturSchutzFonds Brandenburg hat im Projekt LIFE Sandrasen eine Teilfl\u00e4che der Bugker Sahara im Rahmen des Life-Projekts \u201eSandrasen im Dahme-Seengebiet\u201c (Laufzeit: 2013 bis 2019) wieder aktiviert. Im Rahmen dieses Projekts wurden Ma\u00dfnahmen zur Wiederherstellung von Sandrasen umgesetzt. Bestandteil des Projektes war auch die Beschilderung eines 4 Kilometer langen Rundwanderweges. Bei der Wanderung gibt es viel zu entdecken: Sie durchwandern einen M\u00e4rchenwald, entdecken eine Sahara mitten in Brandenburg und besteigen einen Berg, der schon vor Jahrzehnten ausgeh\u00f6hlt wurde.<\/p>\n<p>Hier geht\u2019s zur Wegbeschreibung:<\/p>\n<p><a href=\"https:\/\/www.dahme-heideseen-naturpark.de\/themen\/routen-touren\/rundwanderweg-bugker-sahara\/\">https:\/\/www.dahme-heideseen-naturpark.de\/themen\/routen-touren\/rundwanderweg-bugker-sahara\/<\/a><\/p>\n","protected":false},"excerpt":{"rendered":"<p>In der \u201eBugker Sahara\u201c bei Storkow\/Mark im nordwestlichen Randbereich des FFH-Gebietes Kienheide wird ein Flechten-Kiefernwald aufgewertet. Die Pflegearbeiten hierzu haben jetzt begonnen.<\/p>\n","protected":false},"author":83,"featured_media":5609,"comment_status":"open","ping_status":"open","sticky":false,"template":"","format":"standard","meta":[],"categories":[7],"tags":[],"yoast_head":"<!-- This site is optimized with the Yoast SEO plugin v19.10 - https:\/\/yoast.com\/wordpress\/plugins\/seo\/ -->\n<title>Mit dem Bagger im M\u00e4rchenwald - Naturpark Dahme-Heideseen<\/title>\n<meta name=\"robots\" content=\"index, follow, max-snippet:-1, max-image-preview:large, max-video-preview:-1\" \/>\n<link rel=\"canonical\" href=\"https:\/\/www.naturparkmagazin.de\/dahme-heideseen\/mit-dem-bagger-im-maerchenwald\/\" \/>\n<meta property=\"og:locale\" content=\"de_DE\" \/>\n<meta property=\"og:type\" content=\"article\" \/>\n<meta property=\"og:title\" content=\"Mit dem Bagger im M\u00e4rchenwald - Naturpark Dahme-Heideseen\" \/>\n<meta property=\"og:description\" content=\"In der \u201eBugker Sahara\u201c bei Storkow\/Mark im nordwestlichen Randbereich des FFH-Gebietes Kienheide wird ein Flechten-Kiefernwald aufgewertet. Die Pflegearbeiten hierzu haben jetzt begonnen.\" \/>\n<meta property=\"og:url\" content=\"https:\/\/www.naturparkmagazin.de\/dahme-heideseen\/mit-dem-bagger-im-maerchenwald\/\" \/>\n<meta property=\"og:site_name\" content=\"Naturpark Dahme-Heideseen\" \/>\n<meta property=\"article:published_time\" content=\"2023-12-20T10:21:16+00:00\" \/>\n<meta property=\"article:modified_time\" content=\"2023-12-20T10:22:13+00:00\" \/>\n<meta property=\"og:image\" content=\"https:\/\/www.naturparkmagazin.de\/dahme-heideseen\/wp-content\/uploads\/sites\/37\/20231123_102802.jpg\" \/>\n\t<meta property=\"og:image:width\" content=\"906\" \/>\n\t<meta property=\"og:image:height\" content=\"680\" \/>\n\t<meta property=\"og:image:type\" content=\"image\/jpeg\" \/>\n<meta name=\"author\" content=\"Astrid Osenbr\u00fcck\" \/>\n<meta name=\"twitter:label1\" content=\"Verfasst von\" \/>\n\t<meta name=\"twitter:data1\" content=\"Astrid Osenbr\u00fcck\" \/>\n\t<meta name=\"twitter:label2\" content=\"Gesch\u00e4tzte Lesezeit\" \/>\n\t<meta name=\"twitter:data2\" content=\"3\u00a0Minuten\" \/>\n<script type=\"application\/ld+json\" class=\"yoast-schema-graph\">{\"@context\":\"https:\/\/schema.org\",\"@graph\":[{\"@type\":\"WebPage\",\"@id\":\"https:\/\/www.naturparkmagazin.de\/dahme-heideseen\/mit-dem-bagger-im-maerchenwald\/\",\"url\":\"https:\/\/www.naturparkmagazin.de\/dahme-heideseen\/mit-dem-bagger-im-maerchenwald\/\",\"name\":\"Mit dem Bagger im M\u00e4rchenwald - Naturpark Dahme-Heideseen\",\"isPartOf\":{\"@id\":\"https:\/\/www.naturparkmagazin.de\/dahme-heideseen\/#website\"},\"datePublished\":\"2023-12-20T10:21:16+00:00\",\"dateModified\":\"2023-12-20T10:22:13+00:00\",\"author\":{\"@id\":\"https:\/\/www.naturparkmagazin.de\/dahme-heideseen\/#\/schema\/person\/a0510aafafdf8183c95fc98faf0c9f21\"},\"breadcrumb\":{\"@id\":\"https:\/\/www.naturparkmagazin.de\/dahme-heideseen\/mit-dem-bagger-im-maerchenwald\/#breadcrumb\"},\"inLanguage\":\"de\",\"potentialAction\":[{\"@type\":\"ReadAction\",\"target\":[\"https:\/\/www.naturparkmagazin.de\/dahme-heideseen\/mit-dem-bagger-im-maerchenwald\/\"]}]},{\"@type\":\"BreadcrumbList\",\"@id\":\"https:\/\/www.naturparkmagazin.de\/dahme-heideseen\/mit-dem-bagger-im-maerchenwald\/#breadcrumb\",\"itemListElement\":[{\"@type\":\"ListItem\",\"position\":1,\"name\":\"Home\",\"item\":\"https:\/\/www.naturparkmagazin.de\/dahme-heideseen\/\"},{\"@type\":\"ListItem\",\"position\":2,\"name\":\"Mit dem Bagger im M\u00e4rchenwald\"}]},{\"@type\":\"WebSite\",\"@id\":\"https:\/\/www.naturparkmagazin.de\/dahme-heideseen\/#website\",\"url\":\"https:\/\/www.naturparkmagazin.de\/dahme-heideseen\/\",\"name\":\"Naturpark Dahme-Heideseen\",\"description\":\"\",\"potentialAction\":[{\"@type\":\"SearchAction\",\"target\":{\"@type\":\"EntryPoint\",\"urlTemplate\":\"https:\/\/www.naturparkmagazin.de\/dahme-heideseen\/?s={search_term_string}\"},\"query-input\":\"required name=search_term_string\"}],\"inLanguage\":\"de\"},{\"@type\":\"Person\",\"@id\":\"https:\/\/www.naturparkmagazin.de\/dahme-heideseen\/#\/schema\/person\/a0510aafafdf8183c95fc98faf0c9f21\",\"name\":\"Astrid Osenbr\u00fcck\",\"sameAs\":[\"http:\/\/www.dahme-heideseen-naturpark.de\"],\"url\":\"https:\/\/www.naturparkmagazin.de\/dahme-heideseen\/author\/astridosenbrueck\/\"}]}<\/script>\n<!-- \/ Yoast SEO plugin. -->","yoast_head_json":{"title":"Mit dem Bagger im M\u00e4rchenwald - Naturpark Dahme-Heideseen","robots":{"index":"index","follow":"follow","max-snippet":"max-snippet:-1","max-image-preview":"max-image-preview:large","max-video-preview":"max-video-preview:-1"},"canonical":"https:\/\/www.naturparkmagazin.de\/dahme-heideseen\/mit-dem-bagger-im-maerchenwald\/","og_locale":"de_DE","og_type":"article","og_title":"Mit dem Bagger im M\u00e4rchenwald - Naturpark Dahme-Heideseen","og_description":"In der \u201eBugker Sahara\u201c bei Storkow\/Mark im nordwestlichen Randbereich des FFH-Gebietes Kienheide wird ein Flechten-Kiefernwald aufgewertet. Die Pflegearbeiten hierzu haben jetzt begonnen.","og_url":"https:\/\/www.naturparkmagazin.de\/dahme-heideseen\/mit-dem-bagger-im-maerchenwald\/","og_site_name":"Naturpark Dahme-Heideseen","article_published_time":"2023-12-20T10:21:16+00:00","article_modified_time":"2023-12-20T10:22:13+00:00","og_image":[{"width":906,"height":680,"url":"https:\/\/www.naturparkmagazin.de\/dahme-heideseen\/wp-content\/uploads\/sites\/37\/20231123_102802.jpg","type":"image\/jpeg"}],"author":"Astrid Osenbr\u00fcck","twitter_misc":{"Verfasst von":"Astrid Osenbr\u00fcck","Gesch\u00e4tzte Lesezeit":"3\u00a0Minuten"},"schema":{"@context":"https:\/\/schema.org","@graph":[{"@type":"WebPage","@id":"https:\/\/www.naturparkmagazin.de\/dahme-heideseen\/mit-dem-bagger-im-maerchenwald\/","url":"https:\/\/www.naturparkmagazin.de\/dahme-heideseen\/mit-dem-bagger-im-maerchenwald\/","name":"Mit dem Bagger im M\u00e4rchenwald - Naturpark Dahme-Heideseen","isPartOf":{"@id":"https:\/\/www.naturparkmagazin.de\/dahme-heideseen\/#website"},"datePublished":"2023-12-20T10:21:16+00:00","dateModified":"2023-12-20T10:22:13+00:00","author":{"@id":"https:\/\/www.naturparkmagazin.de\/dahme-heideseen\/#\/schema\/person\/a0510aafafdf8183c95fc98faf0c9f21"},"breadcrumb":{"@id":"https:\/\/www.naturparkmagazin.de\/dahme-heideseen\/mit-dem-bagger-im-maerchenwald\/#breadcrumb"},"inLanguage":"de","potentialAction":[{"@type":"ReadAction","target":["https:\/\/www.naturparkmagazin.de\/dahme-heideseen\/mit-dem-bagger-im-maerchenwald\/"]}]},{"@type":"BreadcrumbList","@id":"https:\/\/www.naturparkmagazin.de\/dahme-heideseen\/mit-dem-bagger-im-maerchenwald\/#breadcrumb","itemListElement":[{"@type":"ListItem","position":1,"name":"Home","item":"https:\/\/www.naturparkmagazin.de\/dahme-heideseen\/"},{"@type":"ListItem","position":2,"name":"Mit dem Bagger im M\u00e4rchenwald"}]},{"@type":"WebSite","@id":"https:\/\/www.naturparkmagazin.de\/dahme-heideseen\/#website","url":"https:\/\/www.naturparkmagazin.de\/dahme-heideseen\/","name":"Naturpark Dahme-Heideseen","description":"","potentialAction":[{"@type":"SearchAction","target":{"@type":"EntryPoint","urlTemplate":"https:\/\/www.naturparkmagazin.de\/dahme-heideseen\/?s={search_term_string}"},"query-input":"required name=search_term_string"}],"inLanguage":"de"},{"@type":"Person","@id":"https:\/\/www.naturparkmagazin.de\/dahme-heideseen\/#\/schema\/person\/a0510aafafdf8183c95fc98faf0c9f21","name":"Astrid Osenbr\u00fcck","sameAs":["http:\/\/www.dahme-heideseen-naturpark.de"],"url":"https:\/\/www.naturparkmagazin.de\/dahme-heideseen\/author\/astridosenbrueck\/"}]}},"_links":{"self":[{"href":"https:\/\/www.naturparkmagazin.de\/dahme-heideseen\/wp-json\/wp\/v2\/posts\/5607"}],"collection":[{"href":"https:\/\/www.naturparkmagazin.de\/dahme-heideseen\/wp-json\/wp\/v2\/posts"}],"about":[{"href":"https:\/\/www.naturparkmagazin.de\/dahme-heideseen\/wp-json\/wp\/v2\/types\/post"}],"author":[{"embeddable":true,"href":"https:\/\/www.naturparkmagazin.de\/dahme-heideseen\/wp-json\/wp\/v2\/users\/83"}],"replies":[{"embeddable":true,"href":"https:\/\/www.naturparkmagazin.de\/dahme-heideseen\/wp-json\/wp\/v2\/comments?post=5607"}],"version-history":[{"count":1,"href":"https:\/\/www.naturparkmagazin.de\/dahme-heideseen\/wp-json\/wp\/v2\/posts\/5607\/revisions"}],"predecessor-version":[{"id":5611,"href":"https:\/\/www.naturparkmagazin.de\/dahme-heideseen\/wp-json\/wp\/v2\/posts\/5607\/revisions\/5611"}],"wp:featuredmedia":[{"embeddable":true,"href":"https:\/\/www.naturparkmagazin.de\/dahme-heideseen\/wp-json\/wp\/v2\/media\/5609"}],"wp:attachment":[{"href":"https:\/\/www.naturparkmagazin.de\/dahme-heideseen\/wp-json\/wp\/v2\/media?parent=5607"}],"wp:term":[{"taxonomy":"category","embeddable":true,"href":"https:\/\/www.naturparkmagazin.de\/dahme-heideseen\/wp-json\/wp\/v2\/categories?post=5607"},{"taxonomy":"post_tag","embeddable":true,"href":"https:\/\/www.naturparkmagazin.de\/dahme-heideseen\/wp-json\/wp\/v2\/tags?post=5607"}],"curies":[{"name":"wp","href":"https:\/\/api.w.org\/{rel}","templated":true}]}}