{"id":5638,"date":"2023-12-21T11:44:05","date_gmt":"2023-12-21T10:44:05","guid":{"rendered":"https:\/\/www.naturparkmagazin.de\/dahme-heideseen\/?p=5638"},"modified":"2023-12-21T11:45:44","modified_gmt":"2023-12-21T10:45:44","slug":"eroeffnung-der-sonderausstellung-wege-in-die-zukunft-fuer-dich-und-die-welt","status":"publish","type":"post","link":"https:\/\/www.naturparkmagazin.de\/dahme-heideseen\/eroeffnung-der-sonderausstellung-wege-in-die-zukunft-fuer-dich-und-die-welt\/","title":{"rendered":"Er\u00f6ffnung der Sonderausstellung &#8222;WEGE IN DIE ZUKUNFT &#8211; F\u00dcR DICH UND DIE WELT&#8220;"},"content":{"rendered":"<div id=\"attachment_5634\" style=\"width: 615px\" class=\"wp-caption alignnone\"><a href=\"https:\/\/www.naturparkmagazin.de\/dahme-heideseen\/wp-content\/uploads\/sites\/37\/Sonderausstellung-Storkow-1_Teresa-Zeuner.jpg\"><img aria-describedby=\"caption-attachment-5634\" decoding=\"async\" loading=\"lazy\" class=\"size-full wp-image-5634\" src=\"https:\/\/www.naturparkmagazin.de\/dahme-heideseen\/wp-content\/uploads\/sites\/37\/Sonderausstellung-Storkow-1_Teresa-Zeuner.jpg\" alt=\"\" width=\"605\" height=\"807\" srcset=\"https:\/\/www.naturparkmagazin.de\/dahme-heideseen\/wp-content\/uploads\/sites\/37\/Sonderausstellung-Storkow-1_Teresa-Zeuner.jpg 605w, https:\/\/www.naturparkmagazin.de\/dahme-heideseen\/wp-content\/uploads\/sites\/37\/Sonderausstellung-Storkow-1_Teresa-Zeuner-300x400.jpg 300w, https:\/\/www.naturparkmagazin.de\/dahme-heideseen\/wp-content\/uploads\/sites\/37\/Sonderausstellung-Storkow-1_Teresa-Zeuner-500x667.jpg 500w, https:\/\/www.naturparkmagazin.de\/dahme-heideseen\/wp-content\/uploads\/sites\/37\/Sonderausstellung-Storkow-1_Teresa-Zeuner-420x560.jpg 420w, https:\/\/www.naturparkmagazin.de\/dahme-heideseen\/wp-content\/uploads\/sites\/37\/Sonderausstellung-Storkow-1_Teresa-Zeuner-135x180.jpg 135w, https:\/\/www.naturparkmagazin.de\/dahme-heideseen\/wp-content\/uploads\/sites\/37\/Sonderausstellung-Storkow-1_Teresa-Zeuner-53x71.jpg 53w, https:\/\/www.naturparkmagazin.de\/dahme-heideseen\/wp-content\/uploads\/sites\/37\/Sonderausstellung-Storkow-1_Teresa-Zeuner-200x267.jpg 200w\" sizes=\"(max-width: 605px) 100vw, 605px\" \/><\/a><p id=\"caption-attachment-5634\" class=\"wp-caption-text\">Sonderausstellung WEGE IN DIE ZUKUNFT (\u00a9 Teresa Zeuner)<\/p><\/div>\n<p class=\"tiny_p\">Die Stadt Storkow ludt am 14. Dezember zur Ausstellungser\u00f6ffnung auf die Burg Storkow ein:<\/p>\n<p class=\"tiny_p\">Was wir essen und einkaufen, wie wir wohnen und uns fortbewegen, hat globale Auswirkungen. Die Sonderausstellung &#8222;WEGE IN DIE ZUKUNFT &#8211; F\u00dcR DICH UND DIE WELT&#8220; zeigt, wie man durch Anpassung des eigenen Verhaltens, aber auch durch politisches und gesellschaftliches Engagement Wege in eine zukunftsf\u00e4hige Welt einschlagen kann. Ern\u00e4hrung, Kleidung, Mobilit\u00e4t, Wohnen, technische Ger\u00e4te und der \u00dcbergang unserer Gesellschaft auf einen nachhaltigen Entwicklungspfad sind Themen der Ausstellung.<\/p>\n<div id=\"attachment_5627\" style=\"width: 630px\" class=\"wp-caption alignnone\"><a href=\"https:\/\/www.naturparkmagazin.de\/dahme-heideseen\/wp-content\/uploads\/sites\/37\/Sonderausstellung-Storkow-8_Teresa-Zeuner.jpg\"><img aria-describedby=\"caption-attachment-5627\" decoding=\"async\" loading=\"lazy\" class=\"size-medium wp-image-5627\" src=\"https:\/\/www.naturparkmagazin.de\/dahme-heideseen\/wp-content\/uploads\/sites\/37\/Sonderausstellung-Storkow-8_Teresa-Zeuner-620x465.jpg\" alt=\"\" width=\"620\" height=\"465\" srcset=\"https:\/\/www.naturparkmagazin.de\/dahme-heideseen\/wp-content\/uploads\/sites\/37\/Sonderausstellung-Storkow-8_Teresa-Zeuner-620x465.jpg 620w, https:\/\/www.naturparkmagazin.de\/dahme-heideseen\/wp-content\/uploads\/sites\/37\/Sonderausstellung-Storkow-8_Teresa-Zeuner-940x705.jpg 940w, https:\/\/www.naturparkmagazin.de\/dahme-heideseen\/wp-content\/uploads\/sites\/37\/Sonderausstellung-Storkow-8_Teresa-Zeuner-300x225.jpg 300w, https:\/\/www.naturparkmagazin.de\/dahme-heideseen\/wp-content\/uploads\/sites\/37\/Sonderausstellung-Storkow-8_Teresa-Zeuner-580x435.jpg 580w, https:\/\/www.naturparkmagazin.de\/dahme-heideseen\/wp-content\/uploads\/sites\/37\/Sonderausstellung-Storkow-8_Teresa-Zeuner-420x315.jpg 420w, https:\/\/www.naturparkmagazin.de\/dahme-heideseen\/wp-content\/uploads\/sites\/37\/Sonderausstellung-Storkow-8_Teresa-Zeuner-180x135.jpg 180w, https:\/\/www.naturparkmagazin.de\/dahme-heideseen\/wp-content\/uploads\/sites\/37\/Sonderausstellung-Storkow-8_Teresa-Zeuner-95x71.jpg 95w, https:\/\/www.naturparkmagazin.de\/dahme-heideseen\/wp-content\/uploads\/sites\/37\/Sonderausstellung-Storkow-8_Teresa-Zeuner-670x503.jpg 670w, https:\/\/www.naturparkmagazin.de\/dahme-heideseen\/wp-content\/uploads\/sites\/37\/Sonderausstellung-Storkow-8_Teresa-Zeuner-200x150.jpg 200w, https:\/\/www.naturparkmagazin.de\/dahme-heideseen\/wp-content\/uploads\/sites\/37\/Sonderausstellung-Storkow-8_Teresa-Zeuner.jpg 1210w\" sizes=\"(max-width: 620px) 100vw, 620px\" \/><\/a><p id=\"caption-attachment-5627\" class=\"wp-caption-text\">Er\u00f6ffnungsrede Herr Huhn vom Team Stadtmarketing und Tourismus (\u00a9 Teresa Zeuner)<\/p><\/div>\n<p class=\"tiny_p\">Erg\u00e4nzt wurde die Ausstellung bei auf der Burg durch Projekte von Kindern aus den Storkower Kitas und dem Hort. Sie haben sich in diesem Jahr dem Nachhaltigkeitsziel 12 \u201eNachhaltiger Konsum\u201c gewidmet und beispielsweise mit M\u00fcll und Ern\u00e4hrung befasst.<\/p>\n<div id=\"attachment_5633\" style=\"width: 630px\" class=\"wp-caption alignnone\"><a href=\"https:\/\/www.naturparkmagazin.de\/dahme-heideseen\/wp-content\/uploads\/sites\/37\/Sonderausstellung-Storkow-2_Teresa-Zeuner.jpg\"><img aria-describedby=\"caption-attachment-5633\" decoding=\"async\" loading=\"lazy\" class=\"wp-image-5633 size-medium\" src=\"https:\/\/www.naturparkmagazin.de\/dahme-heideseen\/wp-content\/uploads\/sites\/37\/Sonderausstellung-Storkow-2_Teresa-Zeuner-620x465.jpg\" alt=\"\" width=\"620\" height=\"465\" srcset=\"https:\/\/www.naturparkmagazin.de\/dahme-heideseen\/wp-content\/uploads\/sites\/37\/Sonderausstellung-Storkow-2_Teresa-Zeuner-620x465.jpg 620w, https:\/\/www.naturparkmagazin.de\/dahme-heideseen\/wp-content\/uploads\/sites\/37\/Sonderausstellung-Storkow-2_Teresa-Zeuner-300x225.jpg 300w, https:\/\/www.naturparkmagazin.de\/dahme-heideseen\/wp-content\/uploads\/sites\/37\/Sonderausstellung-Storkow-2_Teresa-Zeuner-580x435.jpg 580w, https:\/\/www.naturparkmagazin.de\/dahme-heideseen\/wp-content\/uploads\/sites\/37\/Sonderausstellung-Storkow-2_Teresa-Zeuner-420x315.jpg 420w, https:\/\/www.naturparkmagazin.de\/dahme-heideseen\/wp-content\/uploads\/sites\/37\/Sonderausstellung-Storkow-2_Teresa-Zeuner-180x135.jpg 180w, https:\/\/www.naturparkmagazin.de\/dahme-heideseen\/wp-content\/uploads\/sites\/37\/Sonderausstellung-Storkow-2_Teresa-Zeuner-95x71.jpg 95w, https:\/\/www.naturparkmagazin.de\/dahme-heideseen\/wp-content\/uploads\/sites\/37\/Sonderausstellung-Storkow-2_Teresa-Zeuner-670x502.jpg 670w, https:\/\/www.naturparkmagazin.de\/dahme-heideseen\/wp-content\/uploads\/sites\/37\/Sonderausstellung-Storkow-2_Teresa-Zeuner-200x150.jpg 200w, https:\/\/www.naturparkmagazin.de\/dahme-heideseen\/wp-content\/uploads\/sites\/37\/Sonderausstellung-Storkow-2_Teresa-Zeuner.jpg 807w\" sizes=\"(max-width: 620px) 100vw, 620px\" \/><\/a><p id=\"caption-attachment-5633\" class=\"wp-caption-text\">Projekte von Kindern aus Storkower Kitas und Hort (\u00a9 Teresa Zeuner)<\/p><\/div>\n<p>&nbsp;<\/p>\n<div id=\"attachment_5630\" style=\"width: 615px\" class=\"wp-caption alignnone\"><a href=\"https:\/\/www.naturparkmagazin.de\/dahme-heideseen\/wp-content\/uploads\/sites\/37\/Sonderausstellung-Storkow-5_Teresa-Zeuner.jpg\"><img aria-describedby=\"caption-attachment-5630\" decoding=\"async\" loading=\"lazy\" class=\"wp-image-5630 size-full\" src=\"https:\/\/www.naturparkmagazin.de\/dahme-heideseen\/wp-content\/uploads\/sites\/37\/Sonderausstellung-Storkow-5_Teresa-Zeuner.jpg\" alt=\"\" width=\"605\" height=\"807\" srcset=\"https:\/\/www.naturparkmagazin.de\/dahme-heideseen\/wp-content\/uploads\/sites\/37\/Sonderausstellung-Storkow-5_Teresa-Zeuner.jpg 605w, https:\/\/www.naturparkmagazin.de\/dahme-heideseen\/wp-content\/uploads\/sites\/37\/Sonderausstellung-Storkow-5_Teresa-Zeuner-300x400.jpg 300w, https:\/\/www.naturparkmagazin.de\/dahme-heideseen\/wp-content\/uploads\/sites\/37\/Sonderausstellung-Storkow-5_Teresa-Zeuner-500x667.jpg 500w, https:\/\/www.naturparkmagazin.de\/dahme-heideseen\/wp-content\/uploads\/sites\/37\/Sonderausstellung-Storkow-5_Teresa-Zeuner-420x560.jpg 420w, https:\/\/www.naturparkmagazin.de\/dahme-heideseen\/wp-content\/uploads\/sites\/37\/Sonderausstellung-Storkow-5_Teresa-Zeuner-135x180.jpg 135w, https:\/\/www.naturparkmagazin.de\/dahme-heideseen\/wp-content\/uploads\/sites\/37\/Sonderausstellung-Storkow-5_Teresa-Zeuner-53x71.jpg 53w, https:\/\/www.naturparkmagazin.de\/dahme-heideseen\/wp-content\/uploads\/sites\/37\/Sonderausstellung-Storkow-5_Teresa-Zeuner-200x267.jpg 200w\" sizes=\"(max-width: 605px) 100vw, 605px\" \/><\/a><p id=\"caption-attachment-5630\" class=\"wp-caption-text\">Projekte von Kindern aus Storkower Kitas und Hort (\u00a9 Teresa Zeuner)<\/p><\/div>\n<p>&nbsp;<\/p>\n<div id=\"attachment_5632\" style=\"width: 630px\" class=\"wp-caption alignnone\"><a href=\"https:\/\/www.naturparkmagazin.de\/dahme-heideseen\/wp-content\/uploads\/sites\/37\/Sonderausstellung-Storkow-3_Teresa-Zeuner.jpg\"><img aria-describedby=\"caption-attachment-5632\" decoding=\"async\" loading=\"lazy\" class=\"wp-image-5632 size-medium\" src=\"https:\/\/www.naturparkmagazin.de\/dahme-heideseen\/wp-content\/uploads\/sites\/37\/Sonderausstellung-Storkow-3_Teresa-Zeuner-620x465.jpg\" alt=\"\" width=\"620\" height=\"465\" srcset=\"https:\/\/www.naturparkmagazin.de\/dahme-heideseen\/wp-content\/uploads\/sites\/37\/Sonderausstellung-Storkow-3_Teresa-Zeuner-620x465.jpg 620w, https:\/\/www.naturparkmagazin.de\/dahme-heideseen\/wp-content\/uploads\/sites\/37\/Sonderausstellung-Storkow-3_Teresa-Zeuner-300x225.jpg 300w, https:\/\/www.naturparkmagazin.de\/dahme-heideseen\/wp-content\/uploads\/sites\/37\/Sonderausstellung-Storkow-3_Teresa-Zeuner-580x435.jpg 580w, https:\/\/www.naturparkmagazin.de\/dahme-heideseen\/wp-content\/uploads\/sites\/37\/Sonderausstellung-Storkow-3_Teresa-Zeuner-420x315.jpg 420w, https:\/\/www.naturparkmagazin.de\/dahme-heideseen\/wp-content\/uploads\/sites\/37\/Sonderausstellung-Storkow-3_Teresa-Zeuner-180x135.jpg 180w, https:\/\/www.naturparkmagazin.de\/dahme-heideseen\/wp-content\/uploads\/sites\/37\/Sonderausstellung-Storkow-3_Teresa-Zeuner-95x71.jpg 95w, https:\/\/www.naturparkmagazin.de\/dahme-heideseen\/wp-content\/uploads\/sites\/37\/Sonderausstellung-Storkow-3_Teresa-Zeuner-670x502.jpg 670w, https:\/\/www.naturparkmagazin.de\/dahme-heideseen\/wp-content\/uploads\/sites\/37\/Sonderausstellung-Storkow-3_Teresa-Zeuner-200x150.jpg 200w, https:\/\/www.naturparkmagazin.de\/dahme-heideseen\/wp-content\/uploads\/sites\/37\/Sonderausstellung-Storkow-3_Teresa-Zeuner.jpg 807w\" sizes=\"(max-width: 620px) 100vw, 620px\" \/><\/a><p id=\"caption-attachment-5632\" class=\"wp-caption-text\">Projekte von Kindern aus Storkower Kitas und Hort (\u00a9 Teresa Zeuner)<\/p><\/div>\n<p class=\"tiny_p\">Die Stadt Storkow (Mark) befindet sich auf dem Weg zur Nachhaltigen Kommune und setzt bereits viele Projekte im Sinne der 17 Nachhaltigkeitsziele der Agenda 2030 um. Im Rahmen des Begleitprogramms zur Ausstellung werden unter anderem Beteiligungsworkshops stattfinden. Auch ein p\u00e4dagogisches Programm f\u00fcr Schulen und Kitas wird begleitend angeboten.<\/p>\n<p class=\"tiny_p\">Zur Ausstellungser\u00f6ffnung machten die ber\u00fchrenden Geschichten der KLIMA-MONOLOGE den Klimawandel greifbar, sichtbar und h\u00f6rbar. Sie erz\u00e4hlten von den weltweiten K\u00e4mpfen verschiedenster Menschen gegen den Klimawandel. Sie gaben Einblick, wie Menschen in unterschiedlichen Regionen der Welt ganz konkret die Folgen des Klimawandels in ihren eigenen Biografien sp\u00fcren.<\/p>\n<div id=\"attachment_5628\" style=\"width: 630px\" class=\"wp-caption alignnone\"><a href=\"https:\/\/www.naturparkmagazin.de\/dahme-heideseen\/wp-content\/uploads\/sites\/37\/Sonderausstellung-Storkow-7_Teresa-Zeuner.jpg\"><img aria-describedby=\"caption-attachment-5628\" decoding=\"async\" loading=\"lazy\" class=\"wp-image-5628 size-medium\" src=\"https:\/\/www.naturparkmagazin.de\/dahme-heideseen\/wp-content\/uploads\/sites\/37\/Sonderausstellung-Storkow-7_Teresa-Zeuner-620x465.jpg\" alt=\"\" width=\"620\" height=\"465\" srcset=\"https:\/\/www.naturparkmagazin.de\/dahme-heideseen\/wp-content\/uploads\/sites\/37\/Sonderausstellung-Storkow-7_Teresa-Zeuner-620x465.jpg 620w, https:\/\/www.naturparkmagazin.de\/dahme-heideseen\/wp-content\/uploads\/sites\/37\/Sonderausstellung-Storkow-7_Teresa-Zeuner-300x225.jpg 300w, https:\/\/www.naturparkmagazin.de\/dahme-heideseen\/wp-content\/uploads\/sites\/37\/Sonderausstellung-Storkow-7_Teresa-Zeuner-580x435.jpg 580w, https:\/\/www.naturparkmagazin.de\/dahme-heideseen\/wp-content\/uploads\/sites\/37\/Sonderausstellung-Storkow-7_Teresa-Zeuner-420x315.jpg 420w, https:\/\/www.naturparkmagazin.de\/dahme-heideseen\/wp-content\/uploads\/sites\/37\/Sonderausstellung-Storkow-7_Teresa-Zeuner-180x135.jpg 180w, https:\/\/www.naturparkmagazin.de\/dahme-heideseen\/wp-content\/uploads\/sites\/37\/Sonderausstellung-Storkow-7_Teresa-Zeuner-95x71.jpg 95w, https:\/\/www.naturparkmagazin.de\/dahme-heideseen\/wp-content\/uploads\/sites\/37\/Sonderausstellung-Storkow-7_Teresa-Zeuner-670x502.jpg 670w, https:\/\/www.naturparkmagazin.de\/dahme-heideseen\/wp-content\/uploads\/sites\/37\/Sonderausstellung-Storkow-7_Teresa-Zeuner-200x150.jpg 200w, https:\/\/www.naturparkmagazin.de\/dahme-heideseen\/wp-content\/uploads\/sites\/37\/Sonderausstellung-Storkow-7_Teresa-Zeuner.jpg 807w\" sizes=\"(max-width: 620px) 100vw, 620px\" \/><\/a><p id=\"caption-attachment-5628\" class=\"wp-caption-text\">KLIMA-MONOLOGE (\u00a9 Teresa Zeuner)<\/p><\/div>\n<p class=\"tiny_p\">Diese Ausstellung hat mit Unterst\u00fctzung von<strong>\u00a0<\/strong><a href=\"https:\/\/www.nachhaltig-in-brandenburg.de\/\" target=\"_blank\" rel=\"noopener\"><strong>Brandenburg 21<\/strong>\u00a0<\/a>den Weg nach Storkow gefunden.<\/p>\n<div id=\"attachment_5629\" style=\"width: 615px\" class=\"wp-caption alignnone\"><a href=\"https:\/\/www.naturparkmagazin.de\/dahme-heideseen\/wp-content\/uploads\/sites\/37\/Sonderausstellung-Storkow-6_Teresa-Zeuner.jpg\"><img aria-describedby=\"caption-attachment-5629\" decoding=\"async\" loading=\"lazy\" class=\"size-full wp-image-5629\" src=\"https:\/\/www.naturparkmagazin.de\/dahme-heideseen\/wp-content\/uploads\/sites\/37\/Sonderausstellung-Storkow-6_Teresa-Zeuner.jpg\" alt=\"\" width=\"605\" height=\"807\" srcset=\"https:\/\/www.naturparkmagazin.de\/dahme-heideseen\/wp-content\/uploads\/sites\/37\/Sonderausstellung-Storkow-6_Teresa-Zeuner.jpg 605w, https:\/\/www.naturparkmagazin.de\/dahme-heideseen\/wp-content\/uploads\/sites\/37\/Sonderausstellung-Storkow-6_Teresa-Zeuner-300x400.jpg 300w, https:\/\/www.naturparkmagazin.de\/dahme-heideseen\/wp-content\/uploads\/sites\/37\/Sonderausstellung-Storkow-6_Teresa-Zeuner-500x667.jpg 500w, https:\/\/www.naturparkmagazin.de\/dahme-heideseen\/wp-content\/uploads\/sites\/37\/Sonderausstellung-Storkow-6_Teresa-Zeuner-420x560.jpg 420w, https:\/\/www.naturparkmagazin.de\/dahme-heideseen\/wp-content\/uploads\/sites\/37\/Sonderausstellung-Storkow-6_Teresa-Zeuner-135x180.jpg 135w, https:\/\/www.naturparkmagazin.de\/dahme-heideseen\/wp-content\/uploads\/sites\/37\/Sonderausstellung-Storkow-6_Teresa-Zeuner-53x71.jpg 53w, https:\/\/www.naturparkmagazin.de\/dahme-heideseen\/wp-content\/uploads\/sites\/37\/Sonderausstellung-Storkow-6_Teresa-Zeuner-200x267.jpg 200w\" sizes=\"(max-width: 605px) 100vw, 605px\" \/><\/a><p id=\"caption-attachment-5629\" class=\"wp-caption-text\">Sonderausstellung WEGE IN DIE ZUKUNFT (\u00a9 Teresa Zeuner)<\/p><\/div>\n<p>&nbsp;<\/p>\n<div id=\"attachment_5631\" style=\"width: 615px\" class=\"wp-caption alignnone\"><a href=\"https:\/\/www.naturparkmagazin.de\/dahme-heideseen\/wp-content\/uploads\/sites\/37\/Sonderausstellung-Storkow-4_Teresa-Zeuner.jpg\"><img aria-describedby=\"caption-attachment-5631\" decoding=\"async\" loading=\"lazy\" class=\"size-full wp-image-5631\" src=\"https:\/\/www.naturparkmagazin.de\/dahme-heideseen\/wp-content\/uploads\/sites\/37\/Sonderausstellung-Storkow-4_Teresa-Zeuner.jpg\" alt=\"\" width=\"605\" height=\"807\" srcset=\"https:\/\/www.naturparkmagazin.de\/dahme-heideseen\/wp-content\/uploads\/sites\/37\/Sonderausstellung-Storkow-4_Teresa-Zeuner.jpg 605w, https:\/\/www.naturparkmagazin.de\/dahme-heideseen\/wp-content\/uploads\/sites\/37\/Sonderausstellung-Storkow-4_Teresa-Zeuner-300x400.jpg 300w, https:\/\/www.naturparkmagazin.de\/dahme-heideseen\/wp-content\/uploads\/sites\/37\/Sonderausstellung-Storkow-4_Teresa-Zeuner-500x667.jpg 500w, https:\/\/www.naturparkmagazin.de\/dahme-heideseen\/wp-content\/uploads\/sites\/37\/Sonderausstellung-Storkow-4_Teresa-Zeuner-420x560.jpg 420w, https:\/\/www.naturparkmagazin.de\/dahme-heideseen\/wp-content\/uploads\/sites\/37\/Sonderausstellung-Storkow-4_Teresa-Zeuner-135x180.jpg 135w, https:\/\/www.naturparkmagazin.de\/dahme-heideseen\/wp-content\/uploads\/sites\/37\/Sonderausstellung-Storkow-4_Teresa-Zeuner-53x71.jpg 53w, https:\/\/www.naturparkmagazin.de\/dahme-heideseen\/wp-content\/uploads\/sites\/37\/Sonderausstellung-Storkow-4_Teresa-Zeuner-200x267.jpg 200w\" sizes=\"(max-width: 605px) 100vw, 605px\" \/><\/a><p id=\"caption-attachment-5631\" class=\"wp-caption-text\">Sonderausstellung WEGE IN DIE ZUKUNFT (\u00a9 Teresa Zeuner)<\/p><\/div>\n","protected":false},"excerpt":{"rendered":"<p>Ausstellungser\u00f6ffnung der Sonderausstellung &#8222;WEGE IN DIE ZUKUNFT &#8211; F\u00dcR DICH UND DIE WELT&#8220;<\/p>\n","protected":false},"author":83,"featured_media":5634,"comment_status":"open","ping_status":"open","sticky":false,"template":"","format":"standard","meta":[],"categories":[7],"tags":[],"yoast_head":"<!-- This site is optimized with the Yoast SEO plugin v19.10 - https:\/\/yoast.com\/wordpress\/plugins\/seo\/ -->\n<title>Er\u00f6ffnung der Sonderausstellung &quot;WEGE IN DIE ZUKUNFT - F\u00dcR DICH UND DIE WELT&quot; - Naturpark Dahme-Heideseen<\/title>\n<meta name=\"robots\" content=\"index, follow, max-snippet:-1, max-image-preview:large, max-video-preview:-1\" \/>\n<link rel=\"canonical\" href=\"https:\/\/www.naturparkmagazin.de\/dahme-heideseen\/eroeffnung-der-sonderausstellung-wege-in-die-zukunft-fuer-dich-und-die-welt\/\" \/>\n<meta property=\"og:locale\" content=\"de_DE\" \/>\n<meta property=\"og:type\" content=\"article\" \/>\n<meta property=\"og:title\" content=\"Er\u00f6ffnung der Sonderausstellung &quot;WEGE IN DIE ZUKUNFT - F\u00dcR DICH UND DIE WELT&quot; - Naturpark Dahme-Heideseen\" \/>\n<meta property=\"og:description\" content=\"Ausstellungser\u00f6ffnung der Sonderausstellung &quot;WEGE IN DIE ZUKUNFT - F\u00dcR DICH UND DIE WELT&quot;\" \/>\n<meta property=\"og:url\" content=\"https:\/\/www.naturparkmagazin.de\/dahme-heideseen\/eroeffnung-der-sonderausstellung-wege-in-die-zukunft-fuer-dich-und-die-welt\/\" \/>\n<meta property=\"og:site_name\" content=\"Naturpark Dahme-Heideseen\" \/>\n<meta property=\"article:published_time\" content=\"2023-12-21T10:44:05+00:00\" \/>\n<meta property=\"article:modified_time\" content=\"2023-12-21T10:45:44+00:00\" \/>\n<meta property=\"og:image\" content=\"https:\/\/www.naturparkmagazin.de\/dahme-heideseen\/wp-content\/uploads\/sites\/37\/Sonderausstellung-Storkow-1_Teresa-Zeuner.jpg\" \/>\n\t<meta property=\"og:image:width\" content=\"605\" \/>\n\t<meta property=\"og:image:height\" content=\"807\" \/>\n\t<meta property=\"og:image:type\" content=\"image\/jpeg\" \/>\n<meta name=\"author\" content=\"Astrid Osenbr\u00fcck\" \/>\n<meta name=\"twitter:label1\" content=\"Verfasst von\" \/>\n\t<meta name=\"twitter:data1\" content=\"Astrid Osenbr\u00fcck\" \/>\n\t<meta name=\"twitter:label2\" content=\"Gesch\u00e4tzte Lesezeit\" \/>\n\t<meta name=\"twitter:data2\" content=\"4\u00a0Minuten\" \/>\n<script type=\"application\/ld+json\" class=\"yoast-schema-graph\">{\"@context\":\"https:\/\/schema.org\",\"@graph\":[{\"@type\":\"WebPage\",\"@id\":\"https:\/\/www.naturparkmagazin.de\/dahme-heideseen\/eroeffnung-der-sonderausstellung-wege-in-die-zukunft-fuer-dich-und-die-welt\/\",\"url\":\"https:\/\/www.naturparkmagazin.de\/dahme-heideseen\/eroeffnung-der-sonderausstellung-wege-in-die-zukunft-fuer-dich-und-die-welt\/\",\"name\":\"Er\u00f6ffnung der Sonderausstellung \\\"WEGE IN DIE ZUKUNFT - F\u00dcR DICH UND DIE WELT\\\" - Naturpark Dahme-Heideseen\",\"isPartOf\":{\"@id\":\"https:\/\/www.naturparkmagazin.de\/dahme-heideseen\/#website\"},\"datePublished\":\"2023-12-21T10:44:05+00:00\",\"dateModified\":\"2023-12-21T10:45:44+00:00\",\"author\":{\"@id\":\"https:\/\/www.naturparkmagazin.de\/dahme-heideseen\/#\/schema\/person\/a0510aafafdf8183c95fc98faf0c9f21\"},\"breadcrumb\":{\"@id\":\"https:\/\/www.naturparkmagazin.de\/dahme-heideseen\/eroeffnung-der-sonderausstellung-wege-in-die-zukunft-fuer-dich-und-die-welt\/#breadcrumb\"},\"inLanguage\":\"de\",\"potentialAction\":[{\"@type\":\"ReadAction\",\"target\":[\"https:\/\/www.naturparkmagazin.de\/dahme-heideseen\/eroeffnung-der-sonderausstellung-wege-in-die-zukunft-fuer-dich-und-die-welt\/\"]}]},{\"@type\":\"BreadcrumbList\",\"@id\":\"https:\/\/www.naturparkmagazin.de\/dahme-heideseen\/eroeffnung-der-sonderausstellung-wege-in-die-zukunft-fuer-dich-und-die-welt\/#breadcrumb\",\"itemListElement\":[{\"@type\":\"ListItem\",\"position\":1,\"name\":\"Home\",\"item\":\"https:\/\/www.naturparkmagazin.de\/dahme-heideseen\/\"},{\"@type\":\"ListItem\",\"position\":2,\"name\":\"Er\u00f6ffnung der Sonderausstellung &#8222;WEGE IN DIE ZUKUNFT &#8211; F\u00dcR DICH UND DIE WELT&#8220;\"}]},{\"@type\":\"WebSite\",\"@id\":\"https:\/\/www.naturparkmagazin.de\/dahme-heideseen\/#website\",\"url\":\"https:\/\/www.naturparkmagazin.de\/dahme-heideseen\/\",\"name\":\"Naturpark Dahme-Heideseen\",\"description\":\"\",\"potentialAction\":[{\"@type\":\"SearchAction\",\"target\":{\"@type\":\"EntryPoint\",\"urlTemplate\":\"https:\/\/www.naturparkmagazin.de\/dahme-heideseen\/?s={search_term_string}\"},\"query-input\":\"required name=search_term_string\"}],\"inLanguage\":\"de\"},{\"@type\":\"Person\",\"@id\":\"https:\/\/www.naturparkmagazin.de\/dahme-heideseen\/#\/schema\/person\/a0510aafafdf8183c95fc98faf0c9f21\",\"name\":\"Astrid Osenbr\u00fcck\",\"sameAs\":[\"http:\/\/www.dahme-heideseen-naturpark.de\"],\"url\":\"https:\/\/www.naturparkmagazin.de\/dahme-heideseen\/author\/astridosenbrueck\/\"}]}<\/script>\n<!-- \/ Yoast SEO plugin. -->","yoast_head_json":{"title":"Er\u00f6ffnung der Sonderausstellung \"WEGE IN DIE ZUKUNFT - F\u00dcR DICH UND DIE WELT\" - Naturpark Dahme-Heideseen","robots":{"index":"index","follow":"follow","max-snippet":"max-snippet:-1","max-image-preview":"max-image-preview:large","max-video-preview":"max-video-preview:-1"},"canonical":"https:\/\/www.naturparkmagazin.de\/dahme-heideseen\/eroeffnung-der-sonderausstellung-wege-in-die-zukunft-fuer-dich-und-die-welt\/","og_locale":"de_DE","og_type":"article","og_title":"Er\u00f6ffnung der Sonderausstellung \"WEGE IN DIE ZUKUNFT - F\u00dcR DICH UND DIE WELT\" - Naturpark Dahme-Heideseen","og_description":"Ausstellungser\u00f6ffnung der Sonderausstellung \"WEGE IN DIE ZUKUNFT - F\u00dcR DICH UND DIE WELT\"","og_url":"https:\/\/www.naturparkmagazin.de\/dahme-heideseen\/eroeffnung-der-sonderausstellung-wege-in-die-zukunft-fuer-dich-und-die-welt\/","og_site_name":"Naturpark Dahme-Heideseen","article_published_time":"2023-12-21T10:44:05+00:00","article_modified_time":"2023-12-21T10:45:44+00:00","og_image":[{"width":605,"height":807,"url":"https:\/\/www.naturparkmagazin.de\/dahme-heideseen\/wp-content\/uploads\/sites\/37\/Sonderausstellung-Storkow-1_Teresa-Zeuner.jpg","type":"image\/jpeg"}],"author":"Astrid Osenbr\u00fcck","twitter_misc":{"Verfasst von":"Astrid Osenbr\u00fcck","Gesch\u00e4tzte Lesezeit":"4\u00a0Minuten"},"schema":{"@context":"https:\/\/schema.org","@graph":[{"@type":"WebPage","@id":"https:\/\/www.naturparkmagazin.de\/dahme-heideseen\/eroeffnung-der-sonderausstellung-wege-in-die-zukunft-fuer-dich-und-die-welt\/","url":"https:\/\/www.naturparkmagazin.de\/dahme-heideseen\/eroeffnung-der-sonderausstellung-wege-in-die-zukunft-fuer-dich-und-die-welt\/","name":"Er\u00f6ffnung der Sonderausstellung \"WEGE IN DIE ZUKUNFT - F\u00dcR DICH UND DIE WELT\" - Naturpark Dahme-Heideseen","isPartOf":{"@id":"https:\/\/www.naturparkmagazin.de\/dahme-heideseen\/#website"},"datePublished":"2023-12-21T10:44:05+00:00","dateModified":"2023-12-21T10:45:44+00:00","author":{"@id":"https:\/\/www.naturparkmagazin.de\/dahme-heideseen\/#\/schema\/person\/a0510aafafdf8183c95fc98faf0c9f21"},"breadcrumb":{"@id":"https:\/\/www.naturparkmagazin.de\/dahme-heideseen\/eroeffnung-der-sonderausstellung-wege-in-die-zukunft-fuer-dich-und-die-welt\/#breadcrumb"},"inLanguage":"de","potentialAction":[{"@type":"ReadAction","target":["https:\/\/www.naturparkmagazin.de\/dahme-heideseen\/eroeffnung-der-sonderausstellung-wege-in-die-zukunft-fuer-dich-und-die-welt\/"]}]},{"@type":"BreadcrumbList","@id":"https:\/\/www.naturparkmagazin.de\/dahme-heideseen\/eroeffnung-der-sonderausstellung-wege-in-die-zukunft-fuer-dich-und-die-welt\/#breadcrumb","itemListElement":[{"@type":"ListItem","position":1,"name":"Home","item":"https:\/\/www.naturparkmagazin.de\/dahme-heideseen\/"},{"@type":"ListItem","position":2,"name":"Er\u00f6ffnung der Sonderausstellung &#8222;WEGE IN DIE ZUKUNFT &#8211; F\u00dcR DICH UND DIE WELT&#8220;"}]},{"@type":"WebSite","@id":"https:\/\/www.naturparkmagazin.de\/dahme-heideseen\/#website","url":"https:\/\/www.naturparkmagazin.de\/dahme-heideseen\/","name":"Naturpark Dahme-Heideseen","description":"","potentialAction":[{"@type":"SearchAction","target":{"@type":"EntryPoint","urlTemplate":"https:\/\/www.naturparkmagazin.de\/dahme-heideseen\/?s={search_term_string}"},"query-input":"required name=search_term_string"}],"inLanguage":"de"},{"@type":"Person","@id":"https:\/\/www.naturparkmagazin.de\/dahme-heideseen\/#\/schema\/person\/a0510aafafdf8183c95fc98faf0c9f21","name":"Astrid Osenbr\u00fcck","sameAs":["http:\/\/www.dahme-heideseen-naturpark.de"],"url":"https:\/\/www.naturparkmagazin.de\/dahme-heideseen\/author\/astridosenbrueck\/"}]}},"_links":{"self":[{"href":"https:\/\/www.naturparkmagazin.de\/dahme-heideseen\/wp-json\/wp\/v2\/posts\/5638"}],"collection":[{"href":"https:\/\/www.naturparkmagazin.de\/dahme-heideseen\/wp-json\/wp\/v2\/posts"}],"about":[{"href":"https:\/\/www.naturparkmagazin.de\/dahme-heideseen\/wp-json\/wp\/v2\/types\/post"}],"author":[{"embeddable":true,"href":"https:\/\/www.naturparkmagazin.de\/dahme-heideseen\/wp-json\/wp\/v2\/users\/83"}],"replies":[{"embeddable":true,"href":"https:\/\/www.naturparkmagazin.de\/dahme-heideseen\/wp-json\/wp\/v2\/comments?post=5638"}],"version-history":[{"count":3,"href":"https:\/\/www.naturparkmagazin.de\/dahme-heideseen\/wp-json\/wp\/v2\/posts\/5638\/revisions"}],"predecessor-version":[{"id":5647,"href":"https:\/\/www.naturparkmagazin.de\/dahme-heideseen\/wp-json\/wp\/v2\/posts\/5638\/revisions\/5647"}],"wp:featuredmedia":[{"embeddable":true,"href":"https:\/\/www.naturparkmagazin.de\/dahme-heideseen\/wp-json\/wp\/v2\/media\/5634"}],"wp:attachment":[{"href":"https:\/\/www.naturparkmagazin.de\/dahme-heideseen\/wp-json\/wp\/v2\/media?parent=5638"}],"wp:term":[{"taxonomy":"category","embeddable":true,"href":"https:\/\/www.naturparkmagazin.de\/dahme-heideseen\/wp-json\/wp\/v2\/categories?post=5638"},{"taxonomy":"post_tag","embeddable":true,"href":"https:\/\/www.naturparkmagazin.de\/dahme-heideseen\/wp-json\/wp\/v2\/tags?post=5638"}],"curies":[{"name":"wp","href":"https:\/\/api.w.org\/{rel}","templated":true}]}}