{"id":5671,"date":"2024-01-25T11:13:44","date_gmt":"2024-01-25T10:13:44","guid":{"rendered":"https:\/\/www.naturparkmagazin.de\/dahme-heideseen\/?p=5671"},"modified":"2024-01-25T11:13:44","modified_gmt":"2024-01-25T10:13:44","slug":"licht-aus-fuer-die-umwelt-entscheiden-sie-mit","status":"publish","type":"post","link":"https:\/\/www.naturparkmagazin.de\/dahme-heideseen\/licht-aus-fuer-die-umwelt-entscheiden-sie-mit\/","title":{"rendered":"Licht aus f\u00fcr die Umwelt? Entscheiden Sie mit!"},"content":{"rendered":"<p class=\"tiny_p\">Was bedeutet eigentlich Lichtverschmutzung? Sollten wir etwas dagegen tun? Ist Stra\u00dfenbeleuchtung die ganze Nacht \u00fcber sinnvoll oder \u00fcberfl\u00fcssig? Diskutieren Sie mit, ob und in welchem Umfang Storkow die Stra\u00dfenbeleuchtung nachts abschalten sollte.<\/p>\n<p class=\"tiny_p\">Ren\u00e9 Curwy (Paten der Nacht) mit einem Vortrag und Hintergrundinfos \u00fcber Lichtverschmutzung. Moderiert wird von Karolin Ring. Ziel dieses Diskussions-Workshops ist es, eine Empfehlung f\u00fcr die Stadt Storkow zu entwickeln.<\/p>\n<p class=\"tiny_p\">Kostenfrei mit Voranmeldung unter 033678-73108 oder unter\u00a0ausstellungen@storkow.de.<\/p>\n","protected":false},"excerpt":{"rendered":"<p>Diskussions-Workshop, Vortrag und Hintergrundinfos \u00fcber Lichtverschmutzung <\/p>\n","protected":false},"author":83,"featured_media":5672,"comment_status":"open","ping_status":"open","sticky":false,"template":"","format":"standard","meta":[],"categories":[1937],"tags":[],"yoast_head":"<!-- This site is optimized with the Yoast SEO plugin v19.10 - https:\/\/yoast.com\/wordpress\/plugins\/seo\/ -->\n<title>Licht aus f\u00fcr die Umwelt? Entscheiden Sie mit! - Naturpark Dahme-Heideseen<\/title>\n<meta name=\"robots\" content=\"index, follow, max-snippet:-1, max-image-preview:large, max-video-preview:-1\" \/>\n<link rel=\"canonical\" href=\"https:\/\/www.naturparkmagazin.de\/dahme-heideseen\/licht-aus-fuer-die-umwelt-entscheiden-sie-mit\/\" \/>\n<meta property=\"og:locale\" content=\"de_DE\" \/>\n<meta property=\"og:type\" content=\"article\" \/>\n<meta property=\"og:title\" content=\"Licht aus f\u00fcr die Umwelt? Entscheiden Sie mit! - Naturpark Dahme-Heideseen\" \/>\n<meta property=\"og:description\" content=\"Diskussions-Workshop, Vortrag und Hintergrundinfos \u00fcber Lichtverschmutzung\" \/>\n<meta property=\"og:url\" content=\"https:\/\/www.naturparkmagazin.de\/dahme-heideseen\/licht-aus-fuer-die-umwelt-entscheiden-sie-mit\/\" \/>\n<meta property=\"og:site_name\" content=\"Naturpark Dahme-Heideseen\" \/>\n<meta property=\"article:published_time\" content=\"2024-01-25T10:13:44+00:00\" \/>\n<meta property=\"og:image\" content=\"https:\/\/www.naturparkmagazin.de\/dahme-heideseen\/wp-content\/uploads\/sites\/37\/M45_Plejaden.jpg\" \/>\n\t<meta property=\"og:image:width\" content=\"1430\" \/>\n\t<meta property=\"og:image:height\" content=\"1080\" \/>\n\t<meta property=\"og:image:type\" content=\"image\/jpeg\" \/>\n<meta name=\"author\" content=\"Astrid Osenbr\u00fcck\" \/>\n<meta name=\"twitter:label1\" content=\"Verfasst von\" \/>\n\t<meta name=\"twitter:data1\" content=\"Astrid Osenbr\u00fcck\" \/>\n\t<meta name=\"twitter:label2\" content=\"Gesch\u00e4tzte Lesezeit\" \/>\n\t<meta name=\"twitter:data2\" content=\"1\u00a0Minute\" \/>\n<script type=\"application\/ld+json\" class=\"yoast-schema-graph\">{\"@context\":\"https:\/\/schema.org\",\"@graph\":[{\"@type\":\"WebPage\",\"@id\":\"https:\/\/www.naturparkmagazin.de\/dahme-heideseen\/licht-aus-fuer-die-umwelt-entscheiden-sie-mit\/\",\"url\":\"https:\/\/www.naturparkmagazin.de\/dahme-heideseen\/licht-aus-fuer-die-umwelt-entscheiden-sie-mit\/\",\"name\":\"Licht aus f\u00fcr die Umwelt? Entscheiden Sie mit! - Naturpark Dahme-Heideseen\",\"isPartOf\":{\"@id\":\"https:\/\/www.naturparkmagazin.de\/dahme-heideseen\/#website\"},\"datePublished\":\"2024-01-25T10:13:44+00:00\",\"dateModified\":\"2024-01-25T10:13:44+00:00\",\"author\":{\"@id\":\"https:\/\/www.naturparkmagazin.de\/dahme-heideseen\/#\/schema\/person\/a0510aafafdf8183c95fc98faf0c9f21\"},\"breadcrumb\":{\"@id\":\"https:\/\/www.naturparkmagazin.de\/dahme-heideseen\/licht-aus-fuer-die-umwelt-entscheiden-sie-mit\/#breadcrumb\"},\"inLanguage\":\"de\",\"potentialAction\":[{\"@type\":\"ReadAction\",\"target\":[\"https:\/\/www.naturparkmagazin.de\/dahme-heideseen\/licht-aus-fuer-die-umwelt-entscheiden-sie-mit\/\"]}]},{\"@type\":\"BreadcrumbList\",\"@id\":\"https:\/\/www.naturparkmagazin.de\/dahme-heideseen\/licht-aus-fuer-die-umwelt-entscheiden-sie-mit\/#breadcrumb\",\"itemListElement\":[{\"@type\":\"ListItem\",\"position\":1,\"name\":\"Home\",\"item\":\"https:\/\/www.naturparkmagazin.de\/dahme-heideseen\/\"},{\"@type\":\"ListItem\",\"position\":2,\"name\":\"Licht aus f\u00fcr die Umwelt? Entscheiden Sie mit!\"}]},{\"@type\":\"WebSite\",\"@id\":\"https:\/\/www.naturparkmagazin.de\/dahme-heideseen\/#website\",\"url\":\"https:\/\/www.naturparkmagazin.de\/dahme-heideseen\/\",\"name\":\"Naturpark Dahme-Heideseen\",\"description\":\"\",\"potentialAction\":[{\"@type\":\"SearchAction\",\"target\":{\"@type\":\"EntryPoint\",\"urlTemplate\":\"https:\/\/www.naturparkmagazin.de\/dahme-heideseen\/?s={search_term_string}\"},\"query-input\":\"required name=search_term_string\"}],\"inLanguage\":\"de\"},{\"@type\":\"Person\",\"@id\":\"https:\/\/www.naturparkmagazin.de\/dahme-heideseen\/#\/schema\/person\/a0510aafafdf8183c95fc98faf0c9f21\",\"name\":\"Astrid Osenbr\u00fcck\",\"sameAs\":[\"http:\/\/www.dahme-heideseen-naturpark.de\"],\"url\":\"https:\/\/www.naturparkmagazin.de\/dahme-heideseen\/author\/astridosenbrueck\/\"}]}<\/script>\n<!-- \/ Yoast SEO plugin. -->","yoast_head_json":{"title":"Licht aus f\u00fcr die Umwelt? Entscheiden Sie mit! - Naturpark Dahme-Heideseen","robots":{"index":"index","follow":"follow","max-snippet":"max-snippet:-1","max-image-preview":"max-image-preview:large","max-video-preview":"max-video-preview:-1"},"canonical":"https:\/\/www.naturparkmagazin.de\/dahme-heideseen\/licht-aus-fuer-die-umwelt-entscheiden-sie-mit\/","og_locale":"de_DE","og_type":"article","og_title":"Licht aus f\u00fcr die Umwelt? Entscheiden Sie mit! - Naturpark Dahme-Heideseen","og_description":"Diskussions-Workshop, Vortrag und Hintergrundinfos \u00fcber Lichtverschmutzung","og_url":"https:\/\/www.naturparkmagazin.de\/dahme-heideseen\/licht-aus-fuer-die-umwelt-entscheiden-sie-mit\/","og_site_name":"Naturpark Dahme-Heideseen","article_published_time":"2024-01-25T10:13:44+00:00","og_image":[{"width":1430,"height":1080,"url":"https:\/\/www.naturparkmagazin.de\/dahme-heideseen\/wp-content\/uploads\/sites\/37\/M45_Plejaden.jpg","type":"image\/jpeg"}],"author":"Astrid Osenbr\u00fcck","twitter_misc":{"Verfasst von":"Astrid Osenbr\u00fcck","Gesch\u00e4tzte Lesezeit":"1\u00a0Minute"},"schema":{"@context":"https:\/\/schema.org","@graph":[{"@type":"WebPage","@id":"https:\/\/www.naturparkmagazin.de\/dahme-heideseen\/licht-aus-fuer-die-umwelt-entscheiden-sie-mit\/","url":"https:\/\/www.naturparkmagazin.de\/dahme-heideseen\/licht-aus-fuer-die-umwelt-entscheiden-sie-mit\/","name":"Licht aus f\u00fcr die Umwelt? Entscheiden Sie mit! - Naturpark Dahme-Heideseen","isPartOf":{"@id":"https:\/\/www.naturparkmagazin.de\/dahme-heideseen\/#website"},"datePublished":"2024-01-25T10:13:44+00:00","dateModified":"2024-01-25T10:13:44+00:00","author":{"@id":"https:\/\/www.naturparkmagazin.de\/dahme-heideseen\/#\/schema\/person\/a0510aafafdf8183c95fc98faf0c9f21"},"breadcrumb":{"@id":"https:\/\/www.naturparkmagazin.de\/dahme-heideseen\/licht-aus-fuer-die-umwelt-entscheiden-sie-mit\/#breadcrumb"},"inLanguage":"de","potentialAction":[{"@type":"ReadAction","target":["https:\/\/www.naturparkmagazin.de\/dahme-heideseen\/licht-aus-fuer-die-umwelt-entscheiden-sie-mit\/"]}]},{"@type":"BreadcrumbList","@id":"https:\/\/www.naturparkmagazin.de\/dahme-heideseen\/licht-aus-fuer-die-umwelt-entscheiden-sie-mit\/#breadcrumb","itemListElement":[{"@type":"ListItem","position":1,"name":"Home","item":"https:\/\/www.naturparkmagazin.de\/dahme-heideseen\/"},{"@type":"ListItem","position":2,"name":"Licht aus f\u00fcr die Umwelt? Entscheiden Sie mit!"}]},{"@type":"WebSite","@id":"https:\/\/www.naturparkmagazin.de\/dahme-heideseen\/#website","url":"https:\/\/www.naturparkmagazin.de\/dahme-heideseen\/","name":"Naturpark Dahme-Heideseen","description":"","potentialAction":[{"@type":"SearchAction","target":{"@type":"EntryPoint","urlTemplate":"https:\/\/www.naturparkmagazin.de\/dahme-heideseen\/?s={search_term_string}"},"query-input":"required name=search_term_string"}],"inLanguage":"de"},{"@type":"Person","@id":"https:\/\/www.naturparkmagazin.de\/dahme-heideseen\/#\/schema\/person\/a0510aafafdf8183c95fc98faf0c9f21","name":"Astrid Osenbr\u00fcck","sameAs":["http:\/\/www.dahme-heideseen-naturpark.de"],"url":"https:\/\/www.naturparkmagazin.de\/dahme-heideseen\/author\/astridosenbrueck\/"}]}},"_links":{"self":[{"href":"https:\/\/www.naturparkmagazin.de\/dahme-heideseen\/wp-json\/wp\/v2\/posts\/5671"}],"collection":[{"href":"https:\/\/www.naturparkmagazin.de\/dahme-heideseen\/wp-json\/wp\/v2\/posts"}],"about":[{"href":"https:\/\/www.naturparkmagazin.de\/dahme-heideseen\/wp-json\/wp\/v2\/types\/post"}],"author":[{"embeddable":true,"href":"https:\/\/www.naturparkmagazin.de\/dahme-heideseen\/wp-json\/wp\/v2\/users\/83"}],"replies":[{"embeddable":true,"href":"https:\/\/www.naturparkmagazin.de\/dahme-heideseen\/wp-json\/wp\/v2\/comments?post=5671"}],"version-history":[{"count":1,"href":"https:\/\/www.naturparkmagazin.de\/dahme-heideseen\/wp-json\/wp\/v2\/posts\/5671\/revisions"}],"predecessor-version":[{"id":5673,"href":"https:\/\/www.naturparkmagazin.de\/dahme-heideseen\/wp-json\/wp\/v2\/posts\/5671\/revisions\/5673"}],"wp:featuredmedia":[{"embeddable":true,"href":"https:\/\/www.naturparkmagazin.de\/dahme-heideseen\/wp-json\/wp\/v2\/media\/5672"}],"wp:attachment":[{"href":"https:\/\/www.naturparkmagazin.de\/dahme-heideseen\/wp-json\/wp\/v2\/media?parent=5671"}],"wp:term":[{"taxonomy":"category","embeddable":true,"href":"https:\/\/www.naturparkmagazin.de\/dahme-heideseen\/wp-json\/wp\/v2\/categories?post=5671"},{"taxonomy":"post_tag","embeddable":true,"href":"https:\/\/www.naturparkmagazin.de\/dahme-heideseen\/wp-json\/wp\/v2\/tags?post=5671"}],"curies":[{"name":"wp","href":"https:\/\/api.w.org\/{rel}","templated":true}]}}