{"id":5731,"date":"2024-02-15T09:22:09","date_gmt":"2024-02-15T08:22:09","guid":{"rendered":"https:\/\/www.naturparkmagazin.de\/dahme-heideseen\/?p=5731"},"modified":"2024-02-15T09:22:09","modified_gmt":"2024-02-15T08:22:09","slug":"du-und-dein-garten-im-naturpark-gartengestaltung-mit-trockenheitsvertraeglichen-stauden-und-gehoelzen","status":"publish","type":"post","link":"https:\/\/www.naturparkmagazin.de\/dahme-heideseen\/du-und-dein-garten-im-naturpark-gartengestaltung-mit-trockenheitsvertraeglichen-stauden-und-gehoelzen\/","title":{"rendered":"Du und Dein Garten im Naturpark: Gartengestaltung mit trockenheitsvertr\u00e4glichen Stauden und Geh\u00f6lzen"},"content":{"rendered":"<p class=\"tiny_p\">Seminar mit Franz Heitzendorfer<\/p>\n<p class=\"tiny_p\">Bodenverbesserung, Mulch, Bew\u00e4sserung &#8211; die wichtigsten Methoden vom Profi erkl\u00e4rt.<\/p>\n<p class=\"tiny_p\">\n<p class=\"tiny_p\">Kosten: 8 \u20ac \/\u00a0pro Person<\/p>\n<p class=\"tiny_p\">Dauer: 2 h<\/p>\n<p class=\"tiny_p\">\n<p class=\"tiny_p\">Begrenzte Teilnehmerzahl: Tickets k\u00f6nnen in der G\u00e4ste-Info auf der Burg Storkow erworben werden und Infos unter <a href=\"tel:033678 - 73108\">033678 &#8211; 73108<\/a> oder <a href=\"mailto:besucherzentrum@storkow.de\">besucherzentrum(at)storkow.de<\/a><\/p>\n","protected":false},"excerpt":{"rendered":"<p>Seminar mit Franz Heitzendorfer<\/p>\n","protected":false},"author":83,"featured_media":5732,"comment_status":"open","ping_status":"open","sticky":false,"template":"","format":"standard","meta":[],"categories":[11],"tags":[],"yoast_head":"<!-- This site is optimized with the Yoast SEO plugin v19.10 - https:\/\/yoast.com\/wordpress\/plugins\/seo\/ -->\n<title>Du und Dein Garten im Naturpark: Gartengestaltung mit trockenheitsvertr\u00e4glichen Stauden und Geh\u00f6lzen - Naturpark Dahme-Heideseen<\/title>\n<meta name=\"robots\" content=\"index, follow, max-snippet:-1, max-image-preview:large, max-video-preview:-1\" \/>\n<link rel=\"canonical\" href=\"https:\/\/www.naturparkmagazin.de\/dahme-heideseen\/du-und-dein-garten-im-naturpark-gartengestaltung-mit-trockenheitsvertraeglichen-stauden-und-gehoelzen\/\" \/>\n<meta property=\"og:locale\" content=\"de_DE\" \/>\n<meta property=\"og:type\" content=\"article\" \/>\n<meta property=\"og:title\" content=\"Du und Dein Garten im Naturpark: Gartengestaltung mit trockenheitsvertr\u00e4glichen Stauden und Geh\u00f6lzen - Naturpark Dahme-Heideseen\" \/>\n<meta property=\"og:description\" content=\"Seminar mit Franz Heitzendorfer\" \/>\n<meta property=\"og:url\" content=\"https:\/\/www.naturparkmagazin.de\/dahme-heideseen\/du-und-dein-garten-im-naturpark-gartengestaltung-mit-trockenheitsvertraeglichen-stauden-und-gehoelzen\/\" \/>\n<meta property=\"og:site_name\" content=\"Naturpark Dahme-Heideseen\" \/>\n<meta property=\"article:published_time\" content=\"2024-02-15T08:22:09+00:00\" \/>\n<meta property=\"og:image\" content=\"https:\/\/www.naturparkmagazin.de\/dahme-heideseen\/wp-content\/uploads\/sites\/37\/Staudenbeet2-940x705.jpg\" \/>\n\t<meta property=\"og:image:width\" content=\"940\" \/>\n\t<meta property=\"og:image:height\" content=\"705\" \/>\n\t<meta property=\"og:image:type\" content=\"image\/jpeg\" \/>\n<meta name=\"author\" content=\"Astrid Osenbr\u00fcck\" \/>\n<meta name=\"twitter:label1\" content=\"Verfasst von\" \/>\n\t<meta name=\"twitter:data1\" content=\"Astrid Osenbr\u00fcck\" \/>\n\t<meta name=\"twitter:label2\" content=\"Gesch\u00e4tzte Lesezeit\" \/>\n\t<meta name=\"twitter:data2\" content=\"1\u00a0Minute\" \/>\n<script type=\"application\/ld+json\" class=\"yoast-schema-graph\">{\"@context\":\"https:\/\/schema.org\",\"@graph\":[{\"@type\":\"WebPage\",\"@id\":\"https:\/\/www.naturparkmagazin.de\/dahme-heideseen\/du-und-dein-garten-im-naturpark-gartengestaltung-mit-trockenheitsvertraeglichen-stauden-und-gehoelzen\/\",\"url\":\"https:\/\/www.naturparkmagazin.de\/dahme-heideseen\/du-und-dein-garten-im-naturpark-gartengestaltung-mit-trockenheitsvertraeglichen-stauden-und-gehoelzen\/\",\"name\":\"Du und Dein Garten im Naturpark: Gartengestaltung mit trockenheitsvertr\u00e4glichen Stauden und Geh\u00f6lzen - Naturpark Dahme-Heideseen\",\"isPartOf\":{\"@id\":\"https:\/\/www.naturparkmagazin.de\/dahme-heideseen\/#website\"},\"datePublished\":\"2024-02-15T08:22:09+00:00\",\"dateModified\":\"2024-02-15T08:22:09+00:00\",\"author\":{\"@id\":\"https:\/\/www.naturparkmagazin.de\/dahme-heideseen\/#\/schema\/person\/a0510aafafdf8183c95fc98faf0c9f21\"},\"breadcrumb\":{\"@id\":\"https:\/\/www.naturparkmagazin.de\/dahme-heideseen\/du-und-dein-garten-im-naturpark-gartengestaltung-mit-trockenheitsvertraeglichen-stauden-und-gehoelzen\/#breadcrumb\"},\"inLanguage\":\"de\",\"potentialAction\":[{\"@type\":\"ReadAction\",\"target\":[\"https:\/\/www.naturparkmagazin.de\/dahme-heideseen\/du-und-dein-garten-im-naturpark-gartengestaltung-mit-trockenheitsvertraeglichen-stauden-und-gehoelzen\/\"]}]},{\"@type\":\"BreadcrumbList\",\"@id\":\"https:\/\/www.naturparkmagazin.de\/dahme-heideseen\/du-und-dein-garten-im-naturpark-gartengestaltung-mit-trockenheitsvertraeglichen-stauden-und-gehoelzen\/#breadcrumb\",\"itemListElement\":[{\"@type\":\"ListItem\",\"position\":1,\"name\":\"Home\",\"item\":\"https:\/\/www.naturparkmagazin.de\/dahme-heideseen\/\"},{\"@type\":\"ListItem\",\"position\":2,\"name\":\"Du und Dein Garten im Naturpark: Gartengestaltung mit trockenheitsvertr\u00e4glichen Stauden und Geh\u00f6lzen\"}]},{\"@type\":\"WebSite\",\"@id\":\"https:\/\/www.naturparkmagazin.de\/dahme-heideseen\/#website\",\"url\":\"https:\/\/www.naturparkmagazin.de\/dahme-heideseen\/\",\"name\":\"Naturpark Dahme-Heideseen\",\"description\":\"\",\"potentialAction\":[{\"@type\":\"SearchAction\",\"target\":{\"@type\":\"EntryPoint\",\"urlTemplate\":\"https:\/\/www.naturparkmagazin.de\/dahme-heideseen\/?s={search_term_string}\"},\"query-input\":\"required name=search_term_string\"}],\"inLanguage\":\"de\"},{\"@type\":\"Person\",\"@id\":\"https:\/\/www.naturparkmagazin.de\/dahme-heideseen\/#\/schema\/person\/a0510aafafdf8183c95fc98faf0c9f21\",\"name\":\"Astrid Osenbr\u00fcck\",\"sameAs\":[\"http:\/\/www.dahme-heideseen-naturpark.de\"],\"url\":\"https:\/\/www.naturparkmagazin.de\/dahme-heideseen\/author\/astridosenbrueck\/\"}]}<\/script>\n<!-- \/ Yoast SEO plugin. -->","yoast_head_json":{"title":"Du und Dein Garten im Naturpark: Gartengestaltung mit trockenheitsvertr\u00e4glichen Stauden und Geh\u00f6lzen - Naturpark Dahme-Heideseen","robots":{"index":"index","follow":"follow","max-snippet":"max-snippet:-1","max-image-preview":"max-image-preview:large","max-video-preview":"max-video-preview:-1"},"canonical":"https:\/\/www.naturparkmagazin.de\/dahme-heideseen\/du-und-dein-garten-im-naturpark-gartengestaltung-mit-trockenheitsvertraeglichen-stauden-und-gehoelzen\/","og_locale":"de_DE","og_type":"article","og_title":"Du und Dein Garten im Naturpark: Gartengestaltung mit trockenheitsvertr\u00e4glichen Stauden und Geh\u00f6lzen - Naturpark Dahme-Heideseen","og_description":"Seminar mit Franz Heitzendorfer","og_url":"https:\/\/www.naturparkmagazin.de\/dahme-heideseen\/du-und-dein-garten-im-naturpark-gartengestaltung-mit-trockenheitsvertraeglichen-stauden-und-gehoelzen\/","og_site_name":"Naturpark Dahme-Heideseen","article_published_time":"2024-02-15T08:22:09+00:00","og_image":[{"width":940,"height":705,"url":"https:\/\/www.naturparkmagazin.de\/dahme-heideseen\/wp-content\/uploads\/sites\/37\/Staudenbeet2-940x705.jpg","type":"image\/jpeg"}],"author":"Astrid Osenbr\u00fcck","twitter_misc":{"Verfasst von":"Astrid Osenbr\u00fcck","Gesch\u00e4tzte Lesezeit":"1\u00a0Minute"},"schema":{"@context":"https:\/\/schema.org","@graph":[{"@type":"WebPage","@id":"https:\/\/www.naturparkmagazin.de\/dahme-heideseen\/du-und-dein-garten-im-naturpark-gartengestaltung-mit-trockenheitsvertraeglichen-stauden-und-gehoelzen\/","url":"https:\/\/www.naturparkmagazin.de\/dahme-heideseen\/du-und-dein-garten-im-naturpark-gartengestaltung-mit-trockenheitsvertraeglichen-stauden-und-gehoelzen\/","name":"Du und Dein Garten im Naturpark: Gartengestaltung mit trockenheitsvertr\u00e4glichen Stauden und Geh\u00f6lzen - Naturpark Dahme-Heideseen","isPartOf":{"@id":"https:\/\/www.naturparkmagazin.de\/dahme-heideseen\/#website"},"datePublished":"2024-02-15T08:22:09+00:00","dateModified":"2024-02-15T08:22:09+00:00","author":{"@id":"https:\/\/www.naturparkmagazin.de\/dahme-heideseen\/#\/schema\/person\/a0510aafafdf8183c95fc98faf0c9f21"},"breadcrumb":{"@id":"https:\/\/www.naturparkmagazin.de\/dahme-heideseen\/du-und-dein-garten-im-naturpark-gartengestaltung-mit-trockenheitsvertraeglichen-stauden-und-gehoelzen\/#breadcrumb"},"inLanguage":"de","potentialAction":[{"@type":"ReadAction","target":["https:\/\/www.naturparkmagazin.de\/dahme-heideseen\/du-und-dein-garten-im-naturpark-gartengestaltung-mit-trockenheitsvertraeglichen-stauden-und-gehoelzen\/"]}]},{"@type":"BreadcrumbList","@id":"https:\/\/www.naturparkmagazin.de\/dahme-heideseen\/du-und-dein-garten-im-naturpark-gartengestaltung-mit-trockenheitsvertraeglichen-stauden-und-gehoelzen\/#breadcrumb","itemListElement":[{"@type":"ListItem","position":1,"name":"Home","item":"https:\/\/www.naturparkmagazin.de\/dahme-heideseen\/"},{"@type":"ListItem","position":2,"name":"Du und Dein Garten im Naturpark: Gartengestaltung mit trockenheitsvertr\u00e4glichen Stauden und Geh\u00f6lzen"}]},{"@type":"WebSite","@id":"https:\/\/www.naturparkmagazin.de\/dahme-heideseen\/#website","url":"https:\/\/www.naturparkmagazin.de\/dahme-heideseen\/","name":"Naturpark Dahme-Heideseen","description":"","potentialAction":[{"@type":"SearchAction","target":{"@type":"EntryPoint","urlTemplate":"https:\/\/www.naturparkmagazin.de\/dahme-heideseen\/?s={search_term_string}"},"query-input":"required name=search_term_string"}],"inLanguage":"de"},{"@type":"Person","@id":"https:\/\/www.naturparkmagazin.de\/dahme-heideseen\/#\/schema\/person\/a0510aafafdf8183c95fc98faf0c9f21","name":"Astrid Osenbr\u00fcck","sameAs":["http:\/\/www.dahme-heideseen-naturpark.de"],"url":"https:\/\/www.naturparkmagazin.de\/dahme-heideseen\/author\/astridosenbrueck\/"}]}},"_links":{"self":[{"href":"https:\/\/www.naturparkmagazin.de\/dahme-heideseen\/wp-json\/wp\/v2\/posts\/5731"}],"collection":[{"href":"https:\/\/www.naturparkmagazin.de\/dahme-heideseen\/wp-json\/wp\/v2\/posts"}],"about":[{"href":"https:\/\/www.naturparkmagazin.de\/dahme-heideseen\/wp-json\/wp\/v2\/types\/post"}],"author":[{"embeddable":true,"href":"https:\/\/www.naturparkmagazin.de\/dahme-heideseen\/wp-json\/wp\/v2\/users\/83"}],"replies":[{"embeddable":true,"href":"https:\/\/www.naturparkmagazin.de\/dahme-heideseen\/wp-json\/wp\/v2\/comments?post=5731"}],"version-history":[{"count":1,"href":"https:\/\/www.naturparkmagazin.de\/dahme-heideseen\/wp-json\/wp\/v2\/posts\/5731\/revisions"}],"predecessor-version":[{"id":5733,"href":"https:\/\/www.naturparkmagazin.de\/dahme-heideseen\/wp-json\/wp\/v2\/posts\/5731\/revisions\/5733"}],"wp:featuredmedia":[{"embeddable":true,"href":"https:\/\/www.naturparkmagazin.de\/dahme-heideseen\/wp-json\/wp\/v2\/media\/5732"}],"wp:attachment":[{"href":"https:\/\/www.naturparkmagazin.de\/dahme-heideseen\/wp-json\/wp\/v2\/media?parent=5731"}],"wp:term":[{"taxonomy":"category","embeddable":true,"href":"https:\/\/www.naturparkmagazin.de\/dahme-heideseen\/wp-json\/wp\/v2\/categories?post=5731"},{"taxonomy":"post_tag","embeddable":true,"href":"https:\/\/www.naturparkmagazin.de\/dahme-heideseen\/wp-json\/wp\/v2\/tags?post=5731"}],"curies":[{"name":"wp","href":"https:\/\/api.w.org\/{rel}","templated":true}]}}