{"id":5764,"date":"2024-02-15T12:15:51","date_gmt":"2024-02-15T11:15:51","guid":{"rendered":"https:\/\/www.naturparkmagazin.de\/dahme-heideseen\/?p=5764"},"modified":"2024-02-15T12:15:51","modified_gmt":"2024-02-15T11:15:51","slug":"kroetenzaun-am-reichardsluch","status":"publish","type":"post","link":"https:\/\/www.naturparkmagazin.de\/dahme-heideseen\/kroetenzaun-am-reichardsluch\/","title":{"rendered":"Kr\u00f6tenzaun am Reichardsluch"},"content":{"rendered":"<p>Seit 20 Jahren bauen die Mitarbeiterinnen und Mitarbeiter der Naturwacht und der Naturpark-Verwaltung Dahme-Heideseen allj\u00e4hrlich einen Kr\u00f6tenzaun am <a class=\"link-external-blank\" href=\"https:\/\/www.dahme-heideseen-naturpark.de\/themen\/meldungen\/kroeten-froesche-und-molche-gehen-auf-wanderschaft\/\" target=\"_blank\" rel=\"noopener\">Reichardsluch<\/a> an der Stra\u00dfe zwischen Limsdorf und Ahrensdorf auf. Da die Amphibien immer fr\u00fcher wandern, wurde der 110 m lange Zaun in diesem fr\u00fcher als in den vergangenen Jahren aufgestellt.<\/p>\n<p>Ziel ist die gefahrlose Wanderung der Amphibien zu ihrem Laichgew\u00e4sser. Wenn die Kr\u00f6ten und Molche auf ihrer Wanderung auf den Zaun treffen, laufen sie an dem f\u00fcr sie un\u00fcberwindlichen Hindernis entlang und fallen in einen der Eimer, die die Helfer in den Boden eingelassen haben. Bis Anfang Mai wird der Zaun dank ehrenamtlicher Freiwilliger aus Limsdorf t\u00e4glich betreut und kontrolliert. So k\u00f6nnen die Amphibien unbeschadet die Stra\u00dfe zu ihrem Laichgew\u00e4sser \u00fcberqueren.<\/p>\n<p>Der Zaun soll vor allem das Vorkommen der seltenen Kammmolche und der Rotbauchunken sch\u00fctzen. Das hohe Vorkommen an Kammmolchen im Reichardsluch f\u00fchrte im Jahr 2002 zur erstmaligen Errichtung des Kr\u00f6tenzauns. Doch die zuletzt erfassten Zahlen geben Anlass zur Sorge. Wurden im Jahre 2002 noch insgesamt 1.295 Tiere gez\u00e4hlt, konnten Helfer im Jahre 2020 nur noch 246 Tiere \u00fcber die Stra\u00dfe bringen. Noch deutlicher ist der R\u00fcckgang bei den Kammmolchen: W\u00e4hrend im Jahre 2002 insgesamt 642 Kammmolche gez\u00e4hlt wurden, waren es 2020 noch 175 und 2022 nur noch 3.<\/p>\n<p>Einer der Gr\u00fcnde f\u00fcr den R\u00fcckgang der Arten kann das allm\u00e4hliche Verlanden des Laichgew\u00e4ssers darstellen. Im letzten und in diesem Jahr sieht die Wassersituation allerdings deutlich besser aus. Es bleibt abzuwarten, wie sich die guten Bedingungen auf die Population auswirken.<\/p>\n<p>Anwohner:innen des Naturparks k\u00f6nnen die Amphibien unterst\u00fctzen, indem sie den Tieren neue Laichm\u00f6glichkeiten bieten. Da die Tiere auf einen strukturreichen Lebensraum angewiesen sind, bieten ihnen naturnahe G\u00e4rten wertvolle Lebensr\u00e4ume. Der Verzicht auf chemische Pflanzenschutzmittel und das Anlegen von wilden Bereichen und Gartenteichen kann den Tieren helfen. Wichtig ist jedoch, dass die Tiere von alleine in geeignete G\u00e4rten ihrer Umgebung zuwandern.<\/p>\n<p>Kammmolche sind nach der Fauna-Flora-Habitat-Richtlinie (FFH) gesch\u00fctzt und nach dem Bundesnaturschutzgesetz streng gesch\u00fctzt. Auch andere Amphibien-Arten profitieren von dem Kr\u00f6tenzaun, so zum Beispiel Knoblauchkr\u00f6te, Rotbauchunke und Teichmolch. Auch Rotbauchunken sind nach der FFH-Richtlinie und dem Bundesnaturschutzgesetz gesch\u00fctzt.<\/p>\n<div id=\"attachment_5768\" style=\"width: 630px\" class=\"wp-caption alignnone\"><a href=\"https:\/\/www.naturparkmagazin.de\/dahme-heideseen\/wp-content\/uploads\/sites\/37\/20240207_115533_Kroetenzaun.jpg\"><img aria-describedby=\"caption-attachment-5768\" decoding=\"async\" loading=\"lazy\" class=\"size-medium wp-image-5768\" src=\"https:\/\/www.naturparkmagazin.de\/dahme-heideseen\/wp-content\/uploads\/sites\/37\/20240207_115533_Kroetenzaun-620x465.jpg\" alt=\"\" width=\"620\" height=\"465\" srcset=\"https:\/\/www.naturparkmagazin.de\/dahme-heideseen\/wp-content\/uploads\/sites\/37\/20240207_115533_Kroetenzaun-620x465.jpg 620w, https:\/\/www.naturparkmagazin.de\/dahme-heideseen\/wp-content\/uploads\/sites\/37\/20240207_115533_Kroetenzaun-940x705.jpg 940w, https:\/\/www.naturparkmagazin.de\/dahme-heideseen\/wp-content\/uploads\/sites\/37\/20240207_115533_Kroetenzaun-300x225.jpg 300w, https:\/\/www.naturparkmagazin.de\/dahme-heideseen\/wp-content\/uploads\/sites\/37\/20240207_115533_Kroetenzaun-580x435.jpg 580w, https:\/\/www.naturparkmagazin.de\/dahme-heideseen\/wp-content\/uploads\/sites\/37\/20240207_115533_Kroetenzaun-420x315.jpg 420w, https:\/\/www.naturparkmagazin.de\/dahme-heideseen\/wp-content\/uploads\/sites\/37\/20240207_115533_Kroetenzaun-180x135.jpg 180w, https:\/\/www.naturparkmagazin.de\/dahme-heideseen\/wp-content\/uploads\/sites\/37\/20240207_115533_Kroetenzaun-95x71.jpg 95w, https:\/\/www.naturparkmagazin.de\/dahme-heideseen\/wp-content\/uploads\/sites\/37\/20240207_115533_Kroetenzaun-670x503.jpg 670w, https:\/\/www.naturparkmagazin.de\/dahme-heideseen\/wp-content\/uploads\/sites\/37\/20240207_115533_Kroetenzaun-200x150.jpg 200w, https:\/\/www.naturparkmagazin.de\/dahme-heideseen\/wp-content\/uploads\/sites\/37\/20240207_115533_Kroetenzaun.jpg 1210w\" sizes=\"(max-width: 620px) 100vw, 620px\" \/><\/a><p id=\"caption-attachment-5768\" class=\"wp-caption-text\">Naturwacht Dahme-Heideseen beim Aufstellen des Kr\u00f6tenzauns (\u00a9 Carsten Preu\u00df)<\/p><\/div>\n<div id=\"attachment_5766\" style=\"width: 630px\" class=\"wp-caption alignnone\"><a href=\"https:\/\/www.naturparkmagazin.de\/dahme-heideseen\/wp-content\/uploads\/sites\/37\/20240207_104134_Reichardsluch.jpg\"><img aria-describedby=\"caption-attachment-5766\" decoding=\"async\" loading=\"lazy\" class=\"size-medium wp-image-5766\" src=\"https:\/\/www.naturparkmagazin.de\/dahme-heideseen\/wp-content\/uploads\/sites\/37\/20240207_104134_Reichardsluch-620x465.jpg\" alt=\"\" width=\"620\" height=\"465\" srcset=\"https:\/\/www.naturparkmagazin.de\/dahme-heideseen\/wp-content\/uploads\/sites\/37\/20240207_104134_Reichardsluch-620x465.jpg 620w, https:\/\/www.naturparkmagazin.de\/dahme-heideseen\/wp-content\/uploads\/sites\/37\/20240207_104134_Reichardsluch-940x705.jpg 940w, https:\/\/www.naturparkmagazin.de\/dahme-heideseen\/wp-content\/uploads\/sites\/37\/20240207_104134_Reichardsluch-300x225.jpg 300w, https:\/\/www.naturparkmagazin.de\/dahme-heideseen\/wp-content\/uploads\/sites\/37\/20240207_104134_Reichardsluch-580x435.jpg 580w, https:\/\/www.naturparkmagazin.de\/dahme-heideseen\/wp-content\/uploads\/sites\/37\/20240207_104134_Reichardsluch-420x315.jpg 420w, https:\/\/www.naturparkmagazin.de\/dahme-heideseen\/wp-content\/uploads\/sites\/37\/20240207_104134_Reichardsluch-180x135.jpg 180w, https:\/\/www.naturparkmagazin.de\/dahme-heideseen\/wp-content\/uploads\/sites\/37\/20240207_104134_Reichardsluch-95x71.jpg 95w, https:\/\/www.naturparkmagazin.de\/dahme-heideseen\/wp-content\/uploads\/sites\/37\/20240207_104134_Reichardsluch-670x503.jpg 670w, https:\/\/www.naturparkmagazin.de\/dahme-heideseen\/wp-content\/uploads\/sites\/37\/20240207_104134_Reichardsluch-200x150.jpg 200w, https:\/\/www.naturparkmagazin.de\/dahme-heideseen\/wp-content\/uploads\/sites\/37\/20240207_104134_Reichardsluch.jpg 1210w\" sizes=\"(max-width: 620px) 100vw, 620px\" \/><\/a><p id=\"caption-attachment-5766\" class=\"wp-caption-text\">Reichardsluch (\u00a9 Carsten Preu\u00df)<\/p><\/div>\n<div id=\"attachment_5767\" style=\"width: 630px\" class=\"wp-caption alignnone\"><a href=\"https:\/\/www.naturparkmagazin.de\/dahme-heideseen\/wp-content\/uploads\/sites\/37\/20240207_115053_Kroetenzaun.jpg\"><img aria-describedby=\"caption-attachment-5767\" decoding=\"async\" loading=\"lazy\" class=\"size-medium wp-image-5767\" src=\"https:\/\/www.naturparkmagazin.de\/dahme-heideseen\/wp-content\/uploads\/sites\/37\/20240207_115053_Kroetenzaun-620x465.jpg\" alt=\"\" width=\"620\" height=\"465\" srcset=\"https:\/\/www.naturparkmagazin.de\/dahme-heideseen\/wp-content\/uploads\/sites\/37\/20240207_115053_Kroetenzaun-620x465.jpg 620w, https:\/\/www.naturparkmagazin.de\/dahme-heideseen\/wp-content\/uploads\/sites\/37\/20240207_115053_Kroetenzaun-940x705.jpg 940w, https:\/\/www.naturparkmagazin.de\/dahme-heideseen\/wp-content\/uploads\/sites\/37\/20240207_115053_Kroetenzaun-300x225.jpg 300w, https:\/\/www.naturparkmagazin.de\/dahme-heideseen\/wp-content\/uploads\/sites\/37\/20240207_115053_Kroetenzaun-580x435.jpg 580w, https:\/\/www.naturparkmagazin.de\/dahme-heideseen\/wp-content\/uploads\/sites\/37\/20240207_115053_Kroetenzaun-420x315.jpg 420w, https:\/\/www.naturparkmagazin.de\/dahme-heideseen\/wp-content\/uploads\/sites\/37\/20240207_115053_Kroetenzaun-180x135.jpg 180w, https:\/\/www.naturparkmagazin.de\/dahme-heideseen\/wp-content\/uploads\/sites\/37\/20240207_115053_Kroetenzaun-95x71.jpg 95w, https:\/\/www.naturparkmagazin.de\/dahme-heideseen\/wp-content\/uploads\/sites\/37\/20240207_115053_Kroetenzaun-670x503.jpg 670w, https:\/\/www.naturparkmagazin.de\/dahme-heideseen\/wp-content\/uploads\/sites\/37\/20240207_115053_Kroetenzaun-200x150.jpg 200w, https:\/\/www.naturparkmagazin.de\/dahme-heideseen\/wp-content\/uploads\/sites\/37\/20240207_115053_Kroetenzaun.jpg 1210w\" sizes=\"(max-width: 620px) 100vw, 620px\" \/><\/a><p id=\"caption-attachment-5767\" class=\"wp-caption-text\">Amphibien-Modelle der Naturwacht (\u00a9 Carsten Preu\u00df)<\/p><\/div>\n","protected":false},"excerpt":{"rendered":"<p>Mitarbeiterinnen und Mitarbeiter der Naturwacht und der Naturpark-Verwaltung Dahme-Heideseen haben einen Kr\u00f6tenzaun am Reichardsluch bei Limsdorf aufgestellt<\/p>\n","protected":false},"author":83,"featured_media":5768,"comment_status":"open","ping_status":"open","sticky":false,"template":"","format":"standard","meta":[],"categories":[7],"tags":[],"yoast_head":"<!-- This site is optimized with the Yoast SEO plugin v19.10 - https:\/\/yoast.com\/wordpress\/plugins\/seo\/ -->\n<title>Kr\u00f6tenzaun am Reichardsluch - Naturpark Dahme-Heideseen<\/title>\n<meta name=\"robots\" content=\"index, follow, max-snippet:-1, max-image-preview:large, max-video-preview:-1\" \/>\n<link rel=\"canonical\" href=\"https:\/\/www.naturparkmagazin.de\/dahme-heideseen\/kroetenzaun-am-reichardsluch\/\" \/>\n<meta property=\"og:locale\" content=\"de_DE\" \/>\n<meta property=\"og:type\" content=\"article\" \/>\n<meta property=\"og:title\" content=\"Kr\u00f6tenzaun am Reichardsluch - Naturpark Dahme-Heideseen\" \/>\n<meta property=\"og:description\" content=\"Mitarbeiterinnen und Mitarbeiter der Naturwacht und der Naturpark-Verwaltung Dahme-Heideseen haben einen Kr\u00f6tenzaun am Reichardsluch bei Limsdorf aufgestellt\" \/>\n<meta property=\"og:url\" content=\"https:\/\/www.naturparkmagazin.de\/dahme-heideseen\/kroetenzaun-am-reichardsluch\/\" \/>\n<meta property=\"og:site_name\" content=\"Naturpark Dahme-Heideseen\" \/>\n<meta property=\"article:published_time\" content=\"2024-02-15T11:15:51+00:00\" \/>\n<meta property=\"og:image\" content=\"https:\/\/www.naturparkmagazin.de\/dahme-heideseen\/wp-content\/uploads\/sites\/37\/20240207_115533_Kroetenzaun.jpg\" \/>\n\t<meta property=\"og:image:width\" content=\"1210\" \/>\n\t<meta property=\"og:image:height\" content=\"908\" \/>\n\t<meta property=\"og:image:type\" content=\"image\/jpeg\" \/>\n<meta name=\"author\" content=\"Astrid Osenbr\u00fcck\" \/>\n<meta name=\"twitter:label1\" content=\"Verfasst von\" \/>\n\t<meta name=\"twitter:data1\" content=\"Astrid Osenbr\u00fcck\" \/>\n\t<meta name=\"twitter:label2\" content=\"Gesch\u00e4tzte Lesezeit\" \/>\n\t<meta name=\"twitter:data2\" content=\"3\u00a0Minuten\" \/>\n<script type=\"application\/ld+json\" class=\"yoast-schema-graph\">{\"@context\":\"https:\/\/schema.org\",\"@graph\":[{\"@type\":\"WebPage\",\"@id\":\"https:\/\/www.naturparkmagazin.de\/dahme-heideseen\/kroetenzaun-am-reichardsluch\/\",\"url\":\"https:\/\/www.naturparkmagazin.de\/dahme-heideseen\/kroetenzaun-am-reichardsluch\/\",\"name\":\"Kr\u00f6tenzaun am Reichardsluch - Naturpark Dahme-Heideseen\",\"isPartOf\":{\"@id\":\"https:\/\/www.naturparkmagazin.de\/dahme-heideseen\/#website\"},\"datePublished\":\"2024-02-15T11:15:51+00:00\",\"dateModified\":\"2024-02-15T11:15:51+00:00\",\"author\":{\"@id\":\"https:\/\/www.naturparkmagazin.de\/dahme-heideseen\/#\/schema\/person\/a0510aafafdf8183c95fc98faf0c9f21\"},\"breadcrumb\":{\"@id\":\"https:\/\/www.naturparkmagazin.de\/dahme-heideseen\/kroetenzaun-am-reichardsluch\/#breadcrumb\"},\"inLanguage\":\"de\",\"potentialAction\":[{\"@type\":\"ReadAction\",\"target\":[\"https:\/\/www.naturparkmagazin.de\/dahme-heideseen\/kroetenzaun-am-reichardsluch\/\"]}]},{\"@type\":\"BreadcrumbList\",\"@id\":\"https:\/\/www.naturparkmagazin.de\/dahme-heideseen\/kroetenzaun-am-reichardsluch\/#breadcrumb\",\"itemListElement\":[{\"@type\":\"ListItem\",\"position\":1,\"name\":\"Home\",\"item\":\"https:\/\/www.naturparkmagazin.de\/dahme-heideseen\/\"},{\"@type\":\"ListItem\",\"position\":2,\"name\":\"Kr\u00f6tenzaun am Reichardsluch\"}]},{\"@type\":\"WebSite\",\"@id\":\"https:\/\/www.naturparkmagazin.de\/dahme-heideseen\/#website\",\"url\":\"https:\/\/www.naturparkmagazin.de\/dahme-heideseen\/\",\"name\":\"Naturpark Dahme-Heideseen\",\"description\":\"\",\"potentialAction\":[{\"@type\":\"SearchAction\",\"target\":{\"@type\":\"EntryPoint\",\"urlTemplate\":\"https:\/\/www.naturparkmagazin.de\/dahme-heideseen\/?s={search_term_string}\"},\"query-input\":\"required name=search_term_string\"}],\"inLanguage\":\"de\"},{\"@type\":\"Person\",\"@id\":\"https:\/\/www.naturparkmagazin.de\/dahme-heideseen\/#\/schema\/person\/a0510aafafdf8183c95fc98faf0c9f21\",\"name\":\"Astrid Osenbr\u00fcck\",\"sameAs\":[\"http:\/\/www.dahme-heideseen-naturpark.de\"],\"url\":\"https:\/\/www.naturparkmagazin.de\/dahme-heideseen\/author\/astridosenbrueck\/\"}]}<\/script>\n<!-- \/ Yoast SEO plugin. -->","yoast_head_json":{"title":"Kr\u00f6tenzaun am Reichardsluch - Naturpark Dahme-Heideseen","robots":{"index":"index","follow":"follow","max-snippet":"max-snippet:-1","max-image-preview":"max-image-preview:large","max-video-preview":"max-video-preview:-1"},"canonical":"https:\/\/www.naturparkmagazin.de\/dahme-heideseen\/kroetenzaun-am-reichardsluch\/","og_locale":"de_DE","og_type":"article","og_title":"Kr\u00f6tenzaun am Reichardsluch - Naturpark Dahme-Heideseen","og_description":"Mitarbeiterinnen und Mitarbeiter der Naturwacht und der Naturpark-Verwaltung Dahme-Heideseen haben einen Kr\u00f6tenzaun am Reichardsluch bei Limsdorf aufgestellt","og_url":"https:\/\/www.naturparkmagazin.de\/dahme-heideseen\/kroetenzaun-am-reichardsluch\/","og_site_name":"Naturpark Dahme-Heideseen","article_published_time":"2024-02-15T11:15:51+00:00","og_image":[{"width":1210,"height":908,"url":"https:\/\/www.naturparkmagazin.de\/dahme-heideseen\/wp-content\/uploads\/sites\/37\/20240207_115533_Kroetenzaun.jpg","type":"image\/jpeg"}],"author":"Astrid Osenbr\u00fcck","twitter_misc":{"Verfasst von":"Astrid Osenbr\u00fcck","Gesch\u00e4tzte Lesezeit":"3\u00a0Minuten"},"schema":{"@context":"https:\/\/schema.org","@graph":[{"@type":"WebPage","@id":"https:\/\/www.naturparkmagazin.de\/dahme-heideseen\/kroetenzaun-am-reichardsluch\/","url":"https:\/\/www.naturparkmagazin.de\/dahme-heideseen\/kroetenzaun-am-reichardsluch\/","name":"Kr\u00f6tenzaun am Reichardsluch - Naturpark Dahme-Heideseen","isPartOf":{"@id":"https:\/\/www.naturparkmagazin.de\/dahme-heideseen\/#website"},"datePublished":"2024-02-15T11:15:51+00:00","dateModified":"2024-02-15T11:15:51+00:00","author":{"@id":"https:\/\/www.naturparkmagazin.de\/dahme-heideseen\/#\/schema\/person\/a0510aafafdf8183c95fc98faf0c9f21"},"breadcrumb":{"@id":"https:\/\/www.naturparkmagazin.de\/dahme-heideseen\/kroetenzaun-am-reichardsluch\/#breadcrumb"},"inLanguage":"de","potentialAction":[{"@type":"ReadAction","target":["https:\/\/www.naturparkmagazin.de\/dahme-heideseen\/kroetenzaun-am-reichardsluch\/"]}]},{"@type":"BreadcrumbList","@id":"https:\/\/www.naturparkmagazin.de\/dahme-heideseen\/kroetenzaun-am-reichardsluch\/#breadcrumb","itemListElement":[{"@type":"ListItem","position":1,"name":"Home","item":"https:\/\/www.naturparkmagazin.de\/dahme-heideseen\/"},{"@type":"ListItem","position":2,"name":"Kr\u00f6tenzaun am Reichardsluch"}]},{"@type":"WebSite","@id":"https:\/\/www.naturparkmagazin.de\/dahme-heideseen\/#website","url":"https:\/\/www.naturparkmagazin.de\/dahme-heideseen\/","name":"Naturpark Dahme-Heideseen","description":"","potentialAction":[{"@type":"SearchAction","target":{"@type":"EntryPoint","urlTemplate":"https:\/\/www.naturparkmagazin.de\/dahme-heideseen\/?s={search_term_string}"},"query-input":"required name=search_term_string"}],"inLanguage":"de"},{"@type":"Person","@id":"https:\/\/www.naturparkmagazin.de\/dahme-heideseen\/#\/schema\/person\/a0510aafafdf8183c95fc98faf0c9f21","name":"Astrid Osenbr\u00fcck","sameAs":["http:\/\/www.dahme-heideseen-naturpark.de"],"url":"https:\/\/www.naturparkmagazin.de\/dahme-heideseen\/author\/astridosenbrueck\/"}]}},"_links":{"self":[{"href":"https:\/\/www.naturparkmagazin.de\/dahme-heideseen\/wp-json\/wp\/v2\/posts\/5764"}],"collection":[{"href":"https:\/\/www.naturparkmagazin.de\/dahme-heideseen\/wp-json\/wp\/v2\/posts"}],"about":[{"href":"https:\/\/www.naturparkmagazin.de\/dahme-heideseen\/wp-json\/wp\/v2\/types\/post"}],"author":[{"embeddable":true,"href":"https:\/\/www.naturparkmagazin.de\/dahme-heideseen\/wp-json\/wp\/v2\/users\/83"}],"replies":[{"embeddable":true,"href":"https:\/\/www.naturparkmagazin.de\/dahme-heideseen\/wp-json\/wp\/v2\/comments?post=5764"}],"version-history":[{"count":1,"href":"https:\/\/www.naturparkmagazin.de\/dahme-heideseen\/wp-json\/wp\/v2\/posts\/5764\/revisions"}],"predecessor-version":[{"id":5770,"href":"https:\/\/www.naturparkmagazin.de\/dahme-heideseen\/wp-json\/wp\/v2\/posts\/5764\/revisions\/5770"}],"wp:featuredmedia":[{"embeddable":true,"href":"https:\/\/www.naturparkmagazin.de\/dahme-heideseen\/wp-json\/wp\/v2\/media\/5768"}],"wp:attachment":[{"href":"https:\/\/www.naturparkmagazin.de\/dahme-heideseen\/wp-json\/wp\/v2\/media?parent=5764"}],"wp:term":[{"taxonomy":"category","embeddable":true,"href":"https:\/\/www.naturparkmagazin.de\/dahme-heideseen\/wp-json\/wp\/v2\/categories?post=5764"},{"taxonomy":"post_tag","embeddable":true,"href":"https:\/\/www.naturparkmagazin.de\/dahme-heideseen\/wp-json\/wp\/v2\/tags?post=5764"}],"curies":[{"name":"wp","href":"https:\/\/api.w.org\/{rel}","templated":true}]}}