{"id":5771,"date":"2024-02-15T12:17:15","date_gmt":"2024-02-15T11:17:15","guid":{"rendered":"https:\/\/www.naturparkmagazin.de\/dahme-heideseen\/?p=5771"},"modified":"2024-02-15T12:17:15","modified_gmt":"2024-02-15T11:17:15","slug":"foto-des-monats-volle-eimer-am-reichardsluch","status":"publish","type":"post","link":"https:\/\/www.naturparkmagazin.de\/dahme-heideseen\/foto-des-monats-volle-eimer-am-reichardsluch\/","title":{"rendered":"Foto des Monats: Volle Eimer am Reichardsluch"},"content":{"rendered":"<div id=\"attachment_5765\" style=\"width: 630px\" class=\"wp-caption alignnone\"><a href=\"https:\/\/www.naturparkmagazin.de\/dahme-heideseen\/wp-content\/uploads\/sites\/37\/IMG-20240212-WA0000_CN.jpg\"><img aria-describedby=\"caption-attachment-5765\" decoding=\"async\" loading=\"lazy\" class=\"size-medium wp-image-5765\" src=\"https:\/\/www.naturparkmagazin.de\/dahme-heideseen\/wp-content\/uploads\/sites\/37\/IMG-20240212-WA0000_CN-620x518.jpg\" alt=\"\" width=\"620\" height=\"518\" srcset=\"https:\/\/www.naturparkmagazin.de\/dahme-heideseen\/wp-content\/uploads\/sites\/37\/IMG-20240212-WA0000_CN-620x518.jpg 620w, https:\/\/www.naturparkmagazin.de\/dahme-heideseen\/wp-content\/uploads\/sites\/37\/IMG-20240212-WA0000_CN-940x785.jpg 940w, https:\/\/www.naturparkmagazin.de\/dahme-heideseen\/wp-content\/uploads\/sites\/37\/IMG-20240212-WA0000_CN-300x251.jpg 300w, https:\/\/www.naturparkmagazin.de\/dahme-heideseen\/wp-content\/uploads\/sites\/37\/IMG-20240212-WA0000_CN-670x559.jpg 670w, https:\/\/www.naturparkmagazin.de\/dahme-heideseen\/wp-content\/uploads\/sites\/37\/IMG-20240212-WA0000_CN-200x167.jpg 200w, https:\/\/www.naturparkmagazin.de\/dahme-heideseen\/wp-content\/uploads\/sites\/37\/IMG-20240212-WA0000_CN.jpg 1188w\" sizes=\"(max-width: 620px) 100vw, 620px\" \/><\/a><p id=\"caption-attachment-5765\" class=\"wp-caption-text\">\u00a9 Carmen Nischan<\/p><\/div>\n<p>&#8222;Am Reichardsluch bei Limsdorf (Storkow) werden seit 22 Jahren im Fr\u00fchling Amphibien entlang eines tempor\u00e4r aufgestellten Zaunes an der L42 eingesammelt. Seit \u00fcber zehn Jahren k\u00fcmmert sich die Ehrenamtliche Carmen Nischan aus Limsdorf um die t\u00e4gliche Kontrolle. Denn damit die Kr\u00f6ten, Unken, Fr\u00f6sche und Molche nicht erfrieren oder von Fra\u00dffeinden erbeutet werden, m\u00fcssen sie t\u00e4glich aus den Eimern, in die sie fallen, herausgeholt und \u00fcber die Stra\u00dfe getragen werden. Carmen Nischan ist Freiwillige der Naturwacht im Naturpark Dahme-Heideseen, welche den Zaun j\u00e4hrlich aufstellt. Nat\u00fcrlich werden die Tiere dabei gez\u00e4hlt.<\/p>\n<p>Seit Jahren sind die Zahlen r\u00fcckl\u00e4ufig. Die Amphibien verschwinden aufgrund des Verlustes ihrer Laichhabitate. Es ist schlichtweg zu trocken. Dar\u00fcber hinaus werden sie verst\u00e4rkt von Pilzen und Viren befallen. Waschb\u00e4ren sind auf den Geschmack gekommen. Da das Reichardsluch w\u00e4hrend der Laichzeit seit zwei Jahren wieder mit Wasser gef\u00fcllt ist, fragten wir uns, ob sich die Tiere wieder vermehren.<\/p>\n<p>Wir stellten uns auch folgende Frage: Finden wir in den Eimern auch deswegen schlichtweg weniger Tiere, weil sie mittlerweile viel fr\u00fcher wandern? F\u00fchren die warmen Winter zu Wanderungsphasen im Januar und im Februar? Normalerweise wandern die Tiere erst ab M\u00e4rz.<\/p>\n<p>So stellten wir den Zaun dieses Jahr am 07.02. auf und siehe da: Volle Eimer am 12.02.2024. Mehr als 30 Kammmolche! Zum Vergleich: 2022 konnten wir am Zaun insgesamt nur 3 und 2023 insgesamt nur 8 Kammmolche z\u00e4hlen! In beiden Jahren wurde der Zaun am 15.03. aufgestellt. Was f\u00fcr ein Erfolg und was f\u00fcr ein Start in die Saison!&#8220; Hannes Hause &#8211; Ranger der Naturwacht Dahme-Heideseen<\/p>\n","protected":false},"excerpt":{"rendered":"<p>Ein Foto des Monats mit einer besonders erfreulichen Botschaft!<\/p>\n","protected":false},"author":83,"featured_media":5765,"comment_status":"open","ping_status":"open","sticky":false,"template":"","format":"standard","meta":[],"categories":[10],"tags":[],"yoast_head":"<!-- This site is optimized with the Yoast SEO plugin v19.10 - https:\/\/yoast.com\/wordpress\/plugins\/seo\/ -->\n<title>Foto des Monats: Volle Eimer am Reichardsluch - Naturpark Dahme-Heideseen<\/title>\n<meta name=\"robots\" content=\"index, follow, max-snippet:-1, max-image-preview:large, max-video-preview:-1\" \/>\n<link rel=\"canonical\" href=\"https:\/\/www.naturparkmagazin.de\/dahme-heideseen\/foto-des-monats-volle-eimer-am-reichardsluch\/\" \/>\n<meta property=\"og:locale\" content=\"de_DE\" \/>\n<meta property=\"og:type\" content=\"article\" \/>\n<meta property=\"og:title\" content=\"Foto des Monats: Volle Eimer am Reichardsluch - Naturpark Dahme-Heideseen\" \/>\n<meta property=\"og:description\" content=\"Ein Foto des Monats mit einer besonders erfreulichen Botschaft!\" \/>\n<meta property=\"og:url\" content=\"https:\/\/www.naturparkmagazin.de\/dahme-heideseen\/foto-des-monats-volle-eimer-am-reichardsluch\/\" \/>\n<meta property=\"og:site_name\" content=\"Naturpark Dahme-Heideseen\" \/>\n<meta property=\"article:published_time\" content=\"2024-02-15T11:17:15+00:00\" \/>\n<meta property=\"og:image\" content=\"https:\/\/www.naturparkmagazin.de\/dahme-heideseen\/wp-content\/uploads\/sites\/37\/IMG-20240212-WA0000_CN.jpg\" \/>\n\t<meta property=\"og:image:width\" content=\"1188\" \/>\n\t<meta property=\"og:image:height\" content=\"992\" \/>\n\t<meta property=\"og:image:type\" content=\"image\/jpeg\" \/>\n<meta name=\"author\" content=\"Astrid Osenbr\u00fcck\" \/>\n<meta name=\"twitter:label1\" content=\"Verfasst von\" \/>\n\t<meta name=\"twitter:data1\" content=\"Astrid Osenbr\u00fcck\" \/>\n\t<meta name=\"twitter:label2\" content=\"Gesch\u00e4tzte Lesezeit\" \/>\n\t<meta name=\"twitter:data2\" content=\"2\u00a0Minuten\" \/>\n<script type=\"application\/ld+json\" class=\"yoast-schema-graph\">{\"@context\":\"https:\/\/schema.org\",\"@graph\":[{\"@type\":\"WebPage\",\"@id\":\"https:\/\/www.naturparkmagazin.de\/dahme-heideseen\/foto-des-monats-volle-eimer-am-reichardsluch\/\",\"url\":\"https:\/\/www.naturparkmagazin.de\/dahme-heideseen\/foto-des-monats-volle-eimer-am-reichardsluch\/\",\"name\":\"Foto des Monats: Volle Eimer am Reichardsluch - Naturpark Dahme-Heideseen\",\"isPartOf\":{\"@id\":\"https:\/\/www.naturparkmagazin.de\/dahme-heideseen\/#website\"},\"datePublished\":\"2024-02-15T11:17:15+00:00\",\"dateModified\":\"2024-02-15T11:17:15+00:00\",\"author\":{\"@id\":\"https:\/\/www.naturparkmagazin.de\/dahme-heideseen\/#\/schema\/person\/a0510aafafdf8183c95fc98faf0c9f21\"},\"breadcrumb\":{\"@id\":\"https:\/\/www.naturparkmagazin.de\/dahme-heideseen\/foto-des-monats-volle-eimer-am-reichardsluch\/#breadcrumb\"},\"inLanguage\":\"de\",\"potentialAction\":[{\"@type\":\"ReadAction\",\"target\":[\"https:\/\/www.naturparkmagazin.de\/dahme-heideseen\/foto-des-monats-volle-eimer-am-reichardsluch\/\"]}]},{\"@type\":\"BreadcrumbList\",\"@id\":\"https:\/\/www.naturparkmagazin.de\/dahme-heideseen\/foto-des-monats-volle-eimer-am-reichardsluch\/#breadcrumb\",\"itemListElement\":[{\"@type\":\"ListItem\",\"position\":1,\"name\":\"Home\",\"item\":\"https:\/\/www.naturparkmagazin.de\/dahme-heideseen\/\"},{\"@type\":\"ListItem\",\"position\":2,\"name\":\"Foto des Monats: Volle Eimer am Reichardsluch\"}]},{\"@type\":\"WebSite\",\"@id\":\"https:\/\/www.naturparkmagazin.de\/dahme-heideseen\/#website\",\"url\":\"https:\/\/www.naturparkmagazin.de\/dahme-heideseen\/\",\"name\":\"Naturpark Dahme-Heideseen\",\"description\":\"\",\"potentialAction\":[{\"@type\":\"SearchAction\",\"target\":{\"@type\":\"EntryPoint\",\"urlTemplate\":\"https:\/\/www.naturparkmagazin.de\/dahme-heideseen\/?s={search_term_string}\"},\"query-input\":\"required name=search_term_string\"}],\"inLanguage\":\"de\"},{\"@type\":\"Person\",\"@id\":\"https:\/\/www.naturparkmagazin.de\/dahme-heideseen\/#\/schema\/person\/a0510aafafdf8183c95fc98faf0c9f21\",\"name\":\"Astrid Osenbr\u00fcck\",\"sameAs\":[\"http:\/\/www.dahme-heideseen-naturpark.de\"],\"url\":\"https:\/\/www.naturparkmagazin.de\/dahme-heideseen\/author\/astridosenbrueck\/\"}]}<\/script>\n<!-- \/ Yoast SEO plugin. -->","yoast_head_json":{"title":"Foto des Monats: Volle Eimer am Reichardsluch - Naturpark Dahme-Heideseen","robots":{"index":"index","follow":"follow","max-snippet":"max-snippet:-1","max-image-preview":"max-image-preview:large","max-video-preview":"max-video-preview:-1"},"canonical":"https:\/\/www.naturparkmagazin.de\/dahme-heideseen\/foto-des-monats-volle-eimer-am-reichardsluch\/","og_locale":"de_DE","og_type":"article","og_title":"Foto des Monats: Volle Eimer am Reichardsluch - Naturpark Dahme-Heideseen","og_description":"Ein Foto des Monats mit einer besonders erfreulichen Botschaft!","og_url":"https:\/\/www.naturparkmagazin.de\/dahme-heideseen\/foto-des-monats-volle-eimer-am-reichardsluch\/","og_site_name":"Naturpark Dahme-Heideseen","article_published_time":"2024-02-15T11:17:15+00:00","og_image":[{"width":1188,"height":992,"url":"https:\/\/www.naturparkmagazin.de\/dahme-heideseen\/wp-content\/uploads\/sites\/37\/IMG-20240212-WA0000_CN.jpg","type":"image\/jpeg"}],"author":"Astrid Osenbr\u00fcck","twitter_misc":{"Verfasst von":"Astrid Osenbr\u00fcck","Gesch\u00e4tzte Lesezeit":"2\u00a0Minuten"},"schema":{"@context":"https:\/\/schema.org","@graph":[{"@type":"WebPage","@id":"https:\/\/www.naturparkmagazin.de\/dahme-heideseen\/foto-des-monats-volle-eimer-am-reichardsluch\/","url":"https:\/\/www.naturparkmagazin.de\/dahme-heideseen\/foto-des-monats-volle-eimer-am-reichardsluch\/","name":"Foto des Monats: Volle Eimer am Reichardsluch - Naturpark Dahme-Heideseen","isPartOf":{"@id":"https:\/\/www.naturparkmagazin.de\/dahme-heideseen\/#website"},"datePublished":"2024-02-15T11:17:15+00:00","dateModified":"2024-02-15T11:17:15+00:00","author":{"@id":"https:\/\/www.naturparkmagazin.de\/dahme-heideseen\/#\/schema\/person\/a0510aafafdf8183c95fc98faf0c9f21"},"breadcrumb":{"@id":"https:\/\/www.naturparkmagazin.de\/dahme-heideseen\/foto-des-monats-volle-eimer-am-reichardsluch\/#breadcrumb"},"inLanguage":"de","potentialAction":[{"@type":"ReadAction","target":["https:\/\/www.naturparkmagazin.de\/dahme-heideseen\/foto-des-monats-volle-eimer-am-reichardsluch\/"]}]},{"@type":"BreadcrumbList","@id":"https:\/\/www.naturparkmagazin.de\/dahme-heideseen\/foto-des-monats-volle-eimer-am-reichardsluch\/#breadcrumb","itemListElement":[{"@type":"ListItem","position":1,"name":"Home","item":"https:\/\/www.naturparkmagazin.de\/dahme-heideseen\/"},{"@type":"ListItem","position":2,"name":"Foto des Monats: Volle Eimer am Reichardsluch"}]},{"@type":"WebSite","@id":"https:\/\/www.naturparkmagazin.de\/dahme-heideseen\/#website","url":"https:\/\/www.naturparkmagazin.de\/dahme-heideseen\/","name":"Naturpark Dahme-Heideseen","description":"","potentialAction":[{"@type":"SearchAction","target":{"@type":"EntryPoint","urlTemplate":"https:\/\/www.naturparkmagazin.de\/dahme-heideseen\/?s={search_term_string}"},"query-input":"required name=search_term_string"}],"inLanguage":"de"},{"@type":"Person","@id":"https:\/\/www.naturparkmagazin.de\/dahme-heideseen\/#\/schema\/person\/a0510aafafdf8183c95fc98faf0c9f21","name":"Astrid Osenbr\u00fcck","sameAs":["http:\/\/www.dahme-heideseen-naturpark.de"],"url":"https:\/\/www.naturparkmagazin.de\/dahme-heideseen\/author\/astridosenbrueck\/"}]}},"_links":{"self":[{"href":"https:\/\/www.naturparkmagazin.de\/dahme-heideseen\/wp-json\/wp\/v2\/posts\/5771"}],"collection":[{"href":"https:\/\/www.naturparkmagazin.de\/dahme-heideseen\/wp-json\/wp\/v2\/posts"}],"about":[{"href":"https:\/\/www.naturparkmagazin.de\/dahme-heideseen\/wp-json\/wp\/v2\/types\/post"}],"author":[{"embeddable":true,"href":"https:\/\/www.naturparkmagazin.de\/dahme-heideseen\/wp-json\/wp\/v2\/users\/83"}],"replies":[{"embeddable":true,"href":"https:\/\/www.naturparkmagazin.de\/dahme-heideseen\/wp-json\/wp\/v2\/comments?post=5771"}],"version-history":[{"count":1,"href":"https:\/\/www.naturparkmagazin.de\/dahme-heideseen\/wp-json\/wp\/v2\/posts\/5771\/revisions"}],"predecessor-version":[{"id":5772,"href":"https:\/\/www.naturparkmagazin.de\/dahme-heideseen\/wp-json\/wp\/v2\/posts\/5771\/revisions\/5772"}],"wp:featuredmedia":[{"embeddable":true,"href":"https:\/\/www.naturparkmagazin.de\/dahme-heideseen\/wp-json\/wp\/v2\/media\/5765"}],"wp:attachment":[{"href":"https:\/\/www.naturparkmagazin.de\/dahme-heideseen\/wp-json\/wp\/v2\/media?parent=5771"}],"wp:term":[{"taxonomy":"category","embeddable":true,"href":"https:\/\/www.naturparkmagazin.de\/dahme-heideseen\/wp-json\/wp\/v2\/categories?post=5771"},{"taxonomy":"post_tag","embeddable":true,"href":"https:\/\/www.naturparkmagazin.de\/dahme-heideseen\/wp-json\/wp\/v2\/tags?post=5771"}],"curies":[{"name":"wp","href":"https:\/\/api.w.org\/{rel}","templated":true}]}}