{"id":5884,"date":"2024-03-20T20:49:44","date_gmt":"2024-03-20T19:49:44","guid":{"rendered":"https:\/\/www.naturparkmagazin.de\/dahme-heideseen\/?p=5884"},"modified":"2024-03-25T20:55:16","modified_gmt":"2024-03-25T19:55:16","slug":"foto-des-monats-die-waldeidechse","status":"publish","type":"post","link":"https:\/\/www.naturparkmagazin.de\/dahme-heideseen\/foto-des-monats-die-waldeidechse\/","title":{"rendered":"Foto des Monats: die Waldeidechse"},"content":{"rendered":"<p>Wer sonnt sich denn da? An einem Sonntagmorgen Anfang M\u00e4rz machten Junior Ranger Adam und Gregor eine spannende Entdeckung. In der N\u00e4he eines Strohballens auf dem P\u00e4tzer Plan sonnte sich eine Waldeidechse und lie\u00df sich entspannt beoachten und fotografieren:<\/p>\n<div id=\"attachment_5885\" style=\"width: 630px\" class=\"wp-caption alignnone\"><a href=\"https:\/\/www.naturparkmagazin.de\/dahme-heideseen\/wp-content\/uploads\/sites\/37\/Eidechse-Paetzer-Plan_Adam-Zeuner.jpg\"><img aria-describedby=\"caption-attachment-5885\" decoding=\"async\" loading=\"lazy\" class=\"size-medium wp-image-5885\" src=\"https:\/\/www.naturparkmagazin.de\/dahme-heideseen\/wp-content\/uploads\/sites\/37\/Eidechse-Paetzer-Plan_Adam-Zeuner-620x465.jpg\" alt=\"\" width=\"620\" height=\"465\" srcset=\"https:\/\/www.naturparkmagazin.de\/dahme-heideseen\/wp-content\/uploads\/sites\/37\/Eidechse-Paetzer-Plan_Adam-Zeuner-620x465.jpg 620w, https:\/\/www.naturparkmagazin.de\/dahme-heideseen\/wp-content\/uploads\/sites\/37\/Eidechse-Paetzer-Plan_Adam-Zeuner-940x705.jpg 940w, https:\/\/www.naturparkmagazin.de\/dahme-heideseen\/wp-content\/uploads\/sites\/37\/Eidechse-Paetzer-Plan_Adam-Zeuner-300x225.jpg 300w, https:\/\/www.naturparkmagazin.de\/dahme-heideseen\/wp-content\/uploads\/sites\/37\/Eidechse-Paetzer-Plan_Adam-Zeuner-580x435.jpg 580w, https:\/\/www.naturparkmagazin.de\/dahme-heideseen\/wp-content\/uploads\/sites\/37\/Eidechse-Paetzer-Plan_Adam-Zeuner-420x315.jpg 420w, https:\/\/www.naturparkmagazin.de\/dahme-heideseen\/wp-content\/uploads\/sites\/37\/Eidechse-Paetzer-Plan_Adam-Zeuner-180x135.jpg 180w, https:\/\/www.naturparkmagazin.de\/dahme-heideseen\/wp-content\/uploads\/sites\/37\/Eidechse-Paetzer-Plan_Adam-Zeuner-95x71.jpg 95w, https:\/\/www.naturparkmagazin.de\/dahme-heideseen\/wp-content\/uploads\/sites\/37\/Eidechse-Paetzer-Plan_Adam-Zeuner-670x503.jpg 670w, https:\/\/www.naturparkmagazin.de\/dahme-heideseen\/wp-content\/uploads\/sites\/37\/Eidechse-Paetzer-Plan_Adam-Zeuner-200x150.jpg 200w, https:\/\/www.naturparkmagazin.de\/dahme-heideseen\/wp-content\/uploads\/sites\/37\/Eidechse-Paetzer-Plan_Adam-Zeuner.jpg 1210w\" sizes=\"(max-width: 620px) 100vw, 620px\" \/><\/a><p id=\"caption-attachment-5885\" class=\"wp-caption-text\">Waldeidechse (\u00a9 Adam Zeuner)<\/p><\/div>\n<p>Die Waldeidechse geh\u00f6rt zu den weniger gef\u00e4hrdeten einheimischen Reptilien, doch ist insgesamt relativ wenig \u00fcber die H\u00e4ufigkeit der Vorkommen und Bestandsentwicklung der Art bekannt. Zumindest regional ger\u00e4t sie offenbar zunehmend in Gefahr &#8211; dies vor allem durch Zerst\u00f6rung ihrer Lebensr\u00e4ume, etwa von Mooren und Heiden, Brachen, Feldhecken oder Wegr\u00e4ndern.<\/p>\n<div id=\"attachment_5888\" style=\"width: 630px\" class=\"wp-caption alignnone\"><a href=\"https:\/\/www.naturparkmagazin.de\/dahme-heideseen\/wp-content\/uploads\/sites\/37\/Eidechse2-Paetzer-Plan_Adam-Zeuner.jpg\"><img aria-describedby=\"caption-attachment-5888\" decoding=\"async\" loading=\"lazy\" class=\"size-medium wp-image-5888\" src=\"https:\/\/www.naturparkmagazin.de\/dahme-heideseen\/wp-content\/uploads\/sites\/37\/Eidechse2-Paetzer-Plan_Adam-Zeuner-620x465.jpg\" alt=\"\" width=\"620\" height=\"465\" srcset=\"https:\/\/www.naturparkmagazin.de\/dahme-heideseen\/wp-content\/uploads\/sites\/37\/Eidechse2-Paetzer-Plan_Adam-Zeuner-620x465.jpg 620w, https:\/\/www.naturparkmagazin.de\/dahme-heideseen\/wp-content\/uploads\/sites\/37\/Eidechse2-Paetzer-Plan_Adam-Zeuner-940x705.jpg 940w, https:\/\/www.naturparkmagazin.de\/dahme-heideseen\/wp-content\/uploads\/sites\/37\/Eidechse2-Paetzer-Plan_Adam-Zeuner-300x225.jpg 300w, https:\/\/www.naturparkmagazin.de\/dahme-heideseen\/wp-content\/uploads\/sites\/37\/Eidechse2-Paetzer-Plan_Adam-Zeuner-580x435.jpg 580w, https:\/\/www.naturparkmagazin.de\/dahme-heideseen\/wp-content\/uploads\/sites\/37\/Eidechse2-Paetzer-Plan_Adam-Zeuner-420x315.jpg 420w, https:\/\/www.naturparkmagazin.de\/dahme-heideseen\/wp-content\/uploads\/sites\/37\/Eidechse2-Paetzer-Plan_Adam-Zeuner-180x135.jpg 180w, https:\/\/www.naturparkmagazin.de\/dahme-heideseen\/wp-content\/uploads\/sites\/37\/Eidechse2-Paetzer-Plan_Adam-Zeuner-95x71.jpg 95w, https:\/\/www.naturparkmagazin.de\/dahme-heideseen\/wp-content\/uploads\/sites\/37\/Eidechse2-Paetzer-Plan_Adam-Zeuner-670x503.jpg 670w, https:\/\/www.naturparkmagazin.de\/dahme-heideseen\/wp-content\/uploads\/sites\/37\/Eidechse2-Paetzer-Plan_Adam-Zeuner-200x150.jpg 200w, https:\/\/www.naturparkmagazin.de\/dahme-heideseen\/wp-content\/uploads\/sites\/37\/Eidechse2-Paetzer-Plan_Adam-Zeuner.jpg 1210w\" sizes=\"(max-width: 620px) 100vw, 620px\" \/><\/a><p id=\"caption-attachment-5888\" class=\"wp-caption-text\">Waldeidechse (\u00a9 Adam Zeuner)<\/p><\/div>\n<p>Auch wenn Kleinstrukturen, wie zum Beispiel liegendes Totholz oder Steinhaufen wegger\u00e4umt werden, gehen wichtige Bestandteile des Lebensraumes f\u00fcr die Art verloren.\nGef\u00e4hrlich f\u00fcr die Waldeidechse ist auch die regelm\u00e4\u00dfige Mahd von B\u00f6schungen und das Auff\u00fcllen \u00e4lterer Kiesgruben mit Erde. Lebensraum geht ebenfalls verloren, wenn Ruderalfl\u00e4chen, also brach liegende Gebiete, wieder landwirtschaftlich genutzt oder bebaut werden.<\/p>\n<p>Der Waldeidechse ist geholfen, wenn ihr Lebensraum nicht mehr eingeschr\u00e4nkt wird: Wenn Moore und Feuchtgebiete nicht trocken gelegt werden, wenn Heidegebiete und die Ruderalfl\u00e4chen das bleiben, was sie sind, wenn der Mensch nicht anf\u00e4ngt im Wald aufzur\u00e4umen, sondern Totholz und Baumst\u00fcmpfe verrotten l\u00e4sst. Vor allem sollten Lichtungen als Sonneninseln im Wald erhalten bleiben, damit das Reptil sich dort aufw\u00e4rmen kann.<\/p>\n<p>Aktiv kann man der Waldeidechse helfen, indem man Biotope vernetzt, Totholz aufstapelt oder Steinhaufen anlegt. Sonnenexponierte Wegraine, Hecken, Waldr\u00e4nder oder alte Bahnstrecken sollten behutsam gepflegt werden und nicht blind abgem\u00e4ht. Denn auch an H\u00e4usern und in Kleing\u00e4rten kann diese Eidechse gut leben, wenn entsprechende Strukturen verf\u00fcgbar sind und nicht zu viele Katzen herumlaufen.<\/p>\n<p><a href=\"https:\/\/www.nabu.de\/tiere-und-pflanzen\/amphibien-und-reptilien\/reptilien\/04732.html\">Mehr Informationen hier..<\/a><\/p>\n","protected":false},"excerpt":{"rendered":"<p>Wer sonnt sich denn da? An einem Sonntagmorgen Anfang M\u00e4rz machten Junior Ranger Adam und Gregor eine spannende Entdeckung. In der N\u00e4he eines Strohballens auf dem P\u00e4tzer Plan sonnte sich eine Waldeidechse und lie\u00df sich entspannt beoachten und fotografieren: Die Waldeidechse geh\u00f6rt zu den weniger gef\u00e4hrdeten einheimischen Reptilien, doch ist insgesamt relativ wenig \u00fcber die<\/p>\n","protected":false},"author":83,"featured_media":5885,"comment_status":"open","ping_status":"open","sticky":false,"template":"","format":"standard","meta":[],"categories":[10],"tags":[],"yoast_head":"<!-- This site is optimized with the Yoast SEO plugin v19.10 - https:\/\/yoast.com\/wordpress\/plugins\/seo\/ -->\n<title>Foto des Monats: die Waldeidechse - Naturpark Dahme-Heideseen<\/title>\n<meta name=\"robots\" content=\"index, follow, max-snippet:-1, max-image-preview:large, max-video-preview:-1\" \/>\n<link rel=\"canonical\" href=\"https:\/\/www.naturparkmagazin.de\/dahme-heideseen\/foto-des-monats-die-waldeidechse\/\" \/>\n<meta property=\"og:locale\" content=\"de_DE\" \/>\n<meta property=\"og:type\" content=\"article\" \/>\n<meta property=\"og:title\" content=\"Foto des Monats: die Waldeidechse - Naturpark Dahme-Heideseen\" \/>\n<meta property=\"og:description\" content=\"Wer sonnt sich denn da? An einem Sonntagmorgen Anfang M\u00e4rz machten Junior Ranger Adam und Gregor eine spannende Entdeckung. In der N\u00e4he eines Strohballens auf dem P\u00e4tzer Plan sonnte sich eine Waldeidechse und lie\u00df sich entspannt beoachten und fotografieren: Die Waldeidechse geh\u00f6rt zu den weniger gef\u00e4hrdeten einheimischen Reptilien, doch ist insgesamt relativ wenig \u00fcber die\" \/>\n<meta property=\"og:url\" content=\"https:\/\/www.naturparkmagazin.de\/dahme-heideseen\/foto-des-monats-die-waldeidechse\/\" \/>\n<meta property=\"og:site_name\" content=\"Naturpark Dahme-Heideseen\" \/>\n<meta property=\"article:published_time\" content=\"2024-03-20T19:49:44+00:00\" \/>\n<meta property=\"article:modified_time\" content=\"2024-03-25T19:55:16+00:00\" \/>\n<meta property=\"og:image\" content=\"https:\/\/www.naturparkmagazin.de\/dahme-heideseen\/wp-content\/uploads\/sites\/37\/Eidechse-Paetzer-Plan_Adam-Zeuner.jpg\" \/>\n\t<meta property=\"og:image:width\" content=\"1210\" \/>\n\t<meta property=\"og:image:height\" content=\"908\" \/>\n\t<meta property=\"og:image:type\" content=\"image\/jpeg\" \/>\n<meta name=\"author\" content=\"Astrid Osenbr\u00fcck\" \/>\n<meta name=\"twitter:label1\" content=\"Verfasst von\" \/>\n\t<meta name=\"twitter:data1\" content=\"Astrid Osenbr\u00fcck\" \/>\n\t<meta name=\"twitter:label2\" content=\"Gesch\u00e4tzte Lesezeit\" \/>\n\t<meta name=\"twitter:data2\" content=\"2\u00a0Minuten\" \/>\n<script type=\"application\/ld+json\" class=\"yoast-schema-graph\">{\"@context\":\"https:\/\/schema.org\",\"@graph\":[{\"@type\":\"WebPage\",\"@id\":\"https:\/\/www.naturparkmagazin.de\/dahme-heideseen\/foto-des-monats-die-waldeidechse\/\",\"url\":\"https:\/\/www.naturparkmagazin.de\/dahme-heideseen\/foto-des-monats-die-waldeidechse\/\",\"name\":\"Foto des Monats: die Waldeidechse - Naturpark Dahme-Heideseen\",\"isPartOf\":{\"@id\":\"https:\/\/www.naturparkmagazin.de\/dahme-heideseen\/#website\"},\"datePublished\":\"2024-03-20T19:49:44+00:00\",\"dateModified\":\"2024-03-25T19:55:16+00:00\",\"author\":{\"@id\":\"https:\/\/www.naturparkmagazin.de\/dahme-heideseen\/#\/schema\/person\/a0510aafafdf8183c95fc98faf0c9f21\"},\"breadcrumb\":{\"@id\":\"https:\/\/www.naturparkmagazin.de\/dahme-heideseen\/foto-des-monats-die-waldeidechse\/#breadcrumb\"},\"inLanguage\":\"de\",\"potentialAction\":[{\"@type\":\"ReadAction\",\"target\":[\"https:\/\/www.naturparkmagazin.de\/dahme-heideseen\/foto-des-monats-die-waldeidechse\/\"]}]},{\"@type\":\"BreadcrumbList\",\"@id\":\"https:\/\/www.naturparkmagazin.de\/dahme-heideseen\/foto-des-monats-die-waldeidechse\/#breadcrumb\",\"itemListElement\":[{\"@type\":\"ListItem\",\"position\":1,\"name\":\"Home\",\"item\":\"https:\/\/www.naturparkmagazin.de\/dahme-heideseen\/\"},{\"@type\":\"ListItem\",\"position\":2,\"name\":\"Foto des Monats: die Waldeidechse\"}]},{\"@type\":\"WebSite\",\"@id\":\"https:\/\/www.naturparkmagazin.de\/dahme-heideseen\/#website\",\"url\":\"https:\/\/www.naturparkmagazin.de\/dahme-heideseen\/\",\"name\":\"Naturpark Dahme-Heideseen\",\"description\":\"\",\"potentialAction\":[{\"@type\":\"SearchAction\",\"target\":{\"@type\":\"EntryPoint\",\"urlTemplate\":\"https:\/\/www.naturparkmagazin.de\/dahme-heideseen\/?s={search_term_string}\"},\"query-input\":\"required name=search_term_string\"}],\"inLanguage\":\"de\"},{\"@type\":\"Person\",\"@id\":\"https:\/\/www.naturparkmagazin.de\/dahme-heideseen\/#\/schema\/person\/a0510aafafdf8183c95fc98faf0c9f21\",\"name\":\"Astrid Osenbr\u00fcck\",\"sameAs\":[\"http:\/\/www.dahme-heideseen-naturpark.de\"],\"url\":\"https:\/\/www.naturparkmagazin.de\/dahme-heideseen\/author\/astridosenbrueck\/\"}]}<\/script>\n<!-- \/ Yoast SEO plugin. -->","yoast_head_json":{"title":"Foto des Monats: die Waldeidechse - Naturpark Dahme-Heideseen","robots":{"index":"index","follow":"follow","max-snippet":"max-snippet:-1","max-image-preview":"max-image-preview:large","max-video-preview":"max-video-preview:-1"},"canonical":"https:\/\/www.naturparkmagazin.de\/dahme-heideseen\/foto-des-monats-die-waldeidechse\/","og_locale":"de_DE","og_type":"article","og_title":"Foto des Monats: die Waldeidechse - Naturpark Dahme-Heideseen","og_description":"Wer sonnt sich denn da? An einem Sonntagmorgen Anfang M\u00e4rz machten Junior Ranger Adam und Gregor eine spannende Entdeckung. In der N\u00e4he eines Strohballens auf dem P\u00e4tzer Plan sonnte sich eine Waldeidechse und lie\u00df sich entspannt beoachten und fotografieren: Die Waldeidechse geh\u00f6rt zu den weniger gef\u00e4hrdeten einheimischen Reptilien, doch ist insgesamt relativ wenig \u00fcber die","og_url":"https:\/\/www.naturparkmagazin.de\/dahme-heideseen\/foto-des-monats-die-waldeidechse\/","og_site_name":"Naturpark Dahme-Heideseen","article_published_time":"2024-03-20T19:49:44+00:00","article_modified_time":"2024-03-25T19:55:16+00:00","og_image":[{"width":1210,"height":908,"url":"https:\/\/www.naturparkmagazin.de\/dahme-heideseen\/wp-content\/uploads\/sites\/37\/Eidechse-Paetzer-Plan_Adam-Zeuner.jpg","type":"image\/jpeg"}],"author":"Astrid Osenbr\u00fcck","twitter_misc":{"Verfasst von":"Astrid Osenbr\u00fcck","Gesch\u00e4tzte Lesezeit":"2\u00a0Minuten"},"schema":{"@context":"https:\/\/schema.org","@graph":[{"@type":"WebPage","@id":"https:\/\/www.naturparkmagazin.de\/dahme-heideseen\/foto-des-monats-die-waldeidechse\/","url":"https:\/\/www.naturparkmagazin.de\/dahme-heideseen\/foto-des-monats-die-waldeidechse\/","name":"Foto des Monats: die Waldeidechse - Naturpark Dahme-Heideseen","isPartOf":{"@id":"https:\/\/www.naturparkmagazin.de\/dahme-heideseen\/#website"},"datePublished":"2024-03-20T19:49:44+00:00","dateModified":"2024-03-25T19:55:16+00:00","author":{"@id":"https:\/\/www.naturparkmagazin.de\/dahme-heideseen\/#\/schema\/person\/a0510aafafdf8183c95fc98faf0c9f21"},"breadcrumb":{"@id":"https:\/\/www.naturparkmagazin.de\/dahme-heideseen\/foto-des-monats-die-waldeidechse\/#breadcrumb"},"inLanguage":"de","potentialAction":[{"@type":"ReadAction","target":["https:\/\/www.naturparkmagazin.de\/dahme-heideseen\/foto-des-monats-die-waldeidechse\/"]}]},{"@type":"BreadcrumbList","@id":"https:\/\/www.naturparkmagazin.de\/dahme-heideseen\/foto-des-monats-die-waldeidechse\/#breadcrumb","itemListElement":[{"@type":"ListItem","position":1,"name":"Home","item":"https:\/\/www.naturparkmagazin.de\/dahme-heideseen\/"},{"@type":"ListItem","position":2,"name":"Foto des Monats: die Waldeidechse"}]},{"@type":"WebSite","@id":"https:\/\/www.naturparkmagazin.de\/dahme-heideseen\/#website","url":"https:\/\/www.naturparkmagazin.de\/dahme-heideseen\/","name":"Naturpark Dahme-Heideseen","description":"","potentialAction":[{"@type":"SearchAction","target":{"@type":"EntryPoint","urlTemplate":"https:\/\/www.naturparkmagazin.de\/dahme-heideseen\/?s={search_term_string}"},"query-input":"required name=search_term_string"}],"inLanguage":"de"},{"@type":"Person","@id":"https:\/\/www.naturparkmagazin.de\/dahme-heideseen\/#\/schema\/person\/a0510aafafdf8183c95fc98faf0c9f21","name":"Astrid Osenbr\u00fcck","sameAs":["http:\/\/www.dahme-heideseen-naturpark.de"],"url":"https:\/\/www.naturparkmagazin.de\/dahme-heideseen\/author\/astridosenbrueck\/"}]}},"_links":{"self":[{"href":"https:\/\/www.naturparkmagazin.de\/dahme-heideseen\/wp-json\/wp\/v2\/posts\/5884"}],"collection":[{"href":"https:\/\/www.naturparkmagazin.de\/dahme-heideseen\/wp-json\/wp\/v2\/posts"}],"about":[{"href":"https:\/\/www.naturparkmagazin.de\/dahme-heideseen\/wp-json\/wp\/v2\/types\/post"}],"author":[{"embeddable":true,"href":"https:\/\/www.naturparkmagazin.de\/dahme-heideseen\/wp-json\/wp\/v2\/users\/83"}],"replies":[{"embeddable":true,"href":"https:\/\/www.naturparkmagazin.de\/dahme-heideseen\/wp-json\/wp\/v2\/comments?post=5884"}],"version-history":[{"count":3,"href":"https:\/\/www.naturparkmagazin.de\/dahme-heideseen\/wp-json\/wp\/v2\/posts\/5884\/revisions"}],"predecessor-version":[{"id":5889,"href":"https:\/\/www.naturparkmagazin.de\/dahme-heideseen\/wp-json\/wp\/v2\/posts\/5884\/revisions\/5889"}],"wp:featuredmedia":[{"embeddable":true,"href":"https:\/\/www.naturparkmagazin.de\/dahme-heideseen\/wp-json\/wp\/v2\/media\/5885"}],"wp:attachment":[{"href":"https:\/\/www.naturparkmagazin.de\/dahme-heideseen\/wp-json\/wp\/v2\/media?parent=5884"}],"wp:term":[{"taxonomy":"category","embeddable":true,"href":"https:\/\/www.naturparkmagazin.de\/dahme-heideseen\/wp-json\/wp\/v2\/categories?post=5884"},{"taxonomy":"post_tag","embeddable":true,"href":"https:\/\/www.naturparkmagazin.de\/dahme-heideseen\/wp-json\/wp\/v2\/tags?post=5884"}],"curies":[{"name":"wp","href":"https:\/\/api.w.org\/{rel}","templated":true}]}}