{"id":5940,"date":"2024-04-18T15:27:34","date_gmt":"2024-04-18T13:27:34","guid":{"rendered":"https:\/\/www.naturparkmagazin.de\/dahme-heideseen\/?p=5940"},"modified":"2024-04-18T15:27:34","modified_gmt":"2024-04-18T13:27:34","slug":"foto-des-monats-die-rohrdommel","status":"publish","type":"post","link":"https:\/\/www.naturparkmagazin.de\/dahme-heideseen\/foto-des-monats-die-rohrdommel\/","title":{"rendered":"Foto des Monats: Die Rohrdommel"},"content":{"rendered":"<p>Die Rangerin Theresa Schwalbe machte am 12. April eine seltene Entdeckung. Sie stand auf dem <a href=\"https:\/\/www.dahme-heideseen-naturpark.de\/?tx_snmlugv_pi101%5Baction%5D=show&amp;tx_snmlugv_pi101%5Bcontroller%5D=List&amp;tx_snmlugv_pi101%5Bdata%5D=702&amp;tx_snmlugv_pi101%5Bpid%5D=667&amp;cHash=e76e9f2b5277a9e436ec62dbd2b35589\">Sielmann-Beobachtungsturm<\/a> an den Gro\u00df Schauener Seen und h\u00f6rte vertraute Rufe.<\/p>\n<p>Im alten R\u00f6hricht entdeckte sie die Silhouette eines seltenen Vogels. Geh\u00f6rt hatte sie ihn schon oft. Gesehen, jedoch nicht.<\/p>\n<div id=\"attachment_5941\" style=\"width: 630px\" class=\"wp-caption alignnone\"><a href=\"https:\/\/www.naturparkmagazin.de\/dahme-heideseen\/wp-content\/uploads\/sites\/37\/Rohrdommel_Theresa-Schwalbe.jpg\"><img aria-describedby=\"caption-attachment-5941\" decoding=\"async\" loading=\"lazy\" class=\"size-medium wp-image-5941\" src=\"https:\/\/www.naturparkmagazin.de\/dahme-heideseen\/wp-content\/uploads\/sites\/37\/Rohrdommel_Theresa-Schwalbe-620x465.jpg\" alt=\"\" width=\"620\" height=\"465\" srcset=\"https:\/\/www.naturparkmagazin.de\/dahme-heideseen\/wp-content\/uploads\/sites\/37\/Rohrdommel_Theresa-Schwalbe-620x465.jpg 620w, https:\/\/www.naturparkmagazin.de\/dahme-heideseen\/wp-content\/uploads\/sites\/37\/Rohrdommel_Theresa-Schwalbe-940x705.jpg 940w, https:\/\/www.naturparkmagazin.de\/dahme-heideseen\/wp-content\/uploads\/sites\/37\/Rohrdommel_Theresa-Schwalbe-300x225.jpg 300w, https:\/\/www.naturparkmagazin.de\/dahme-heideseen\/wp-content\/uploads\/sites\/37\/Rohrdommel_Theresa-Schwalbe-580x435.jpg 580w, https:\/\/www.naturparkmagazin.de\/dahme-heideseen\/wp-content\/uploads\/sites\/37\/Rohrdommel_Theresa-Schwalbe-420x315.jpg 420w, https:\/\/www.naturparkmagazin.de\/dahme-heideseen\/wp-content\/uploads\/sites\/37\/Rohrdommel_Theresa-Schwalbe-180x135.jpg 180w, https:\/\/www.naturparkmagazin.de\/dahme-heideseen\/wp-content\/uploads\/sites\/37\/Rohrdommel_Theresa-Schwalbe-95x71.jpg 95w, https:\/\/www.naturparkmagazin.de\/dahme-heideseen\/wp-content\/uploads\/sites\/37\/Rohrdommel_Theresa-Schwalbe-670x503.jpg 670w, https:\/\/www.naturparkmagazin.de\/dahme-heideseen\/wp-content\/uploads\/sites\/37\/Rohrdommel_Theresa-Schwalbe-200x150.jpg 200w, https:\/\/www.naturparkmagazin.de\/dahme-heideseen\/wp-content\/uploads\/sites\/37\/Rohrdommel_Theresa-Schwalbe.jpg 1152w\" sizes=\"(max-width: 620px) 100vw, 620px\" \/><\/a><p id=\"caption-attachment-5941\" class=\"wp-caption-text\">Rohrdommel (\u00a9 Theresa Schwalbe)<\/p><\/div>\n<p>Die fotografierte Rohrdommel befand sich direkt im R\u00f6hricht vor dem Turm und war daher sehr gut zu beobachten. Es war eine Zufallsbeobachtung, die Silhouette war gut zu erkennen, die Tarnung des Gefieders jedoch perfekt, vor allem, wenn sich die Dommel lang machte, also den Hals streckte und die sogenannte \u201ePfahlstellung\u201c einnahm, wie auf dem Foto angedeutet.<\/p>\n<p>Die Rohrdommel sonnte sich und putze ihr Gefieder. Somit konnte sie mindestens 20 min lang so zu beobachtet werden.<\/p>\n<p>G\u00e4ste aus Sachsen, die mit Fahrrad und Spektiv zur Vogelbeobachtung auf den Turm kamen, waren hin und weg. \u201eWir haben noch nie eine Rohrdommel gesehen, das ist das erste Mal, klasse, vielen Dank f\u00fcrs Zeigen!\u201c<\/p>\n<p>Die Rangerin h\u00f6rte au\u00dferdem mindestens f\u00fcnf weitere, rufende Rohrdommeln auf der gesamten Gro\u00df Schauener Seenkette.<\/p>\n<p>Dieses Naturschutzgebiet ist mit seinem beinahe durchgehenden R\u00f6hrichtsaum ein optimaler Lebensraum f\u00fcr die <a href=\"https:\/\/www.dahme-heideseen-naturpark.de\/?tx_snmlugv_pi101%5Baction%5D=show&amp;tx_snmlugv_pi101%5Bcontroller%5D=List&amp;tx_snmlugv_pi101%5Bdata%5D=67&amp;tx_snmlugv_pi101%5Bpid%5D=661&amp;cHash=8ed726662018040397d6e1b84990ad1e\">Gro\u00dfe Rohrdommel <\/a><em>(Botaurus stellaris). <\/em><\/p>\n<p>Die <a href=\"https:\/\/www.dahme-heideseen-naturpark.de\/?tx_snmlugv_pi101%5Baction%5D=show&amp;tx_snmlugv_pi101%5Bcontroller%5D=List&amp;tx_snmlugv_pi101%5Bdata%5D=1240&amp;tx_snmlugv_pi101%5Bpid%5D=1657&amp;cHash=c5ad9561dfcaa5def4d76c21816f146c\">Gro\u00df Schauener Seenkette<\/a> geh\u00f6rt zum Vogelschutzgebiet SPA \u201eSpreewald und Lieberoser Endmor\u00e4ne\u201c.<\/p>\n","protected":false},"excerpt":{"rendered":"<p>Seltenes Gl\u00fcck! Zufallsbeobachtung einer Rohrdommel<\/p>\n","protected":false},"author":83,"featured_media":5941,"comment_status":"open","ping_status":"open","sticky":false,"template":"","format":"standard","meta":[],"categories":[10],"tags":[],"yoast_head":"<!-- This site is optimized with the Yoast SEO plugin v19.10 - https:\/\/yoast.com\/wordpress\/plugins\/seo\/ -->\n<title>Foto des Monats: Die Rohrdommel - Naturpark Dahme-Heideseen<\/title>\n<meta name=\"robots\" content=\"index, follow, max-snippet:-1, max-image-preview:large, max-video-preview:-1\" \/>\n<link rel=\"canonical\" href=\"https:\/\/www.naturparkmagazin.de\/dahme-heideseen\/foto-des-monats-die-rohrdommel\/\" \/>\n<meta property=\"og:locale\" content=\"de_DE\" \/>\n<meta property=\"og:type\" content=\"article\" \/>\n<meta property=\"og:title\" content=\"Foto des Monats: Die Rohrdommel - Naturpark Dahme-Heideseen\" \/>\n<meta property=\"og:description\" content=\"Seltenes Gl\u00fcck! Zufallsbeobachtung einer Rohrdommel\" \/>\n<meta property=\"og:url\" content=\"https:\/\/www.naturparkmagazin.de\/dahme-heideseen\/foto-des-monats-die-rohrdommel\/\" \/>\n<meta property=\"og:site_name\" content=\"Naturpark Dahme-Heideseen\" \/>\n<meta property=\"article:published_time\" content=\"2024-04-18T13:27:34+00:00\" \/>\n<meta property=\"og:image\" content=\"https:\/\/www.naturparkmagazin.de\/dahme-heideseen\/wp-content\/uploads\/sites\/37\/Rohrdommel_Theresa-Schwalbe.jpg\" \/>\n\t<meta property=\"og:image:width\" content=\"1152\" \/>\n\t<meta property=\"og:image:height\" content=\"864\" \/>\n\t<meta property=\"og:image:type\" content=\"image\/jpeg\" \/>\n<meta name=\"author\" content=\"Astrid Osenbr\u00fcck\" \/>\n<meta name=\"twitter:label1\" content=\"Verfasst von\" \/>\n\t<meta name=\"twitter:data1\" content=\"Astrid Osenbr\u00fcck\" \/>\n\t<meta name=\"twitter:label2\" content=\"Gesch\u00e4tzte Lesezeit\" \/>\n\t<meta name=\"twitter:data2\" content=\"2\u00a0Minuten\" \/>\n<script type=\"application\/ld+json\" class=\"yoast-schema-graph\">{\"@context\":\"https:\/\/schema.org\",\"@graph\":[{\"@type\":\"WebPage\",\"@id\":\"https:\/\/www.naturparkmagazin.de\/dahme-heideseen\/foto-des-monats-die-rohrdommel\/\",\"url\":\"https:\/\/www.naturparkmagazin.de\/dahme-heideseen\/foto-des-monats-die-rohrdommel\/\",\"name\":\"Foto des Monats: Die Rohrdommel - Naturpark Dahme-Heideseen\",\"isPartOf\":{\"@id\":\"https:\/\/www.naturparkmagazin.de\/dahme-heideseen\/#website\"},\"datePublished\":\"2024-04-18T13:27:34+00:00\",\"dateModified\":\"2024-04-18T13:27:34+00:00\",\"author\":{\"@id\":\"https:\/\/www.naturparkmagazin.de\/dahme-heideseen\/#\/schema\/person\/a0510aafafdf8183c95fc98faf0c9f21\"},\"breadcrumb\":{\"@id\":\"https:\/\/www.naturparkmagazin.de\/dahme-heideseen\/foto-des-monats-die-rohrdommel\/#breadcrumb\"},\"inLanguage\":\"de\",\"potentialAction\":[{\"@type\":\"ReadAction\",\"target\":[\"https:\/\/www.naturparkmagazin.de\/dahme-heideseen\/foto-des-monats-die-rohrdommel\/\"]}]},{\"@type\":\"BreadcrumbList\",\"@id\":\"https:\/\/www.naturparkmagazin.de\/dahme-heideseen\/foto-des-monats-die-rohrdommel\/#breadcrumb\",\"itemListElement\":[{\"@type\":\"ListItem\",\"position\":1,\"name\":\"Home\",\"item\":\"https:\/\/www.naturparkmagazin.de\/dahme-heideseen\/\"},{\"@type\":\"ListItem\",\"position\":2,\"name\":\"Foto des Monats: Die Rohrdommel\"}]},{\"@type\":\"WebSite\",\"@id\":\"https:\/\/www.naturparkmagazin.de\/dahme-heideseen\/#website\",\"url\":\"https:\/\/www.naturparkmagazin.de\/dahme-heideseen\/\",\"name\":\"Naturpark Dahme-Heideseen\",\"description\":\"\",\"potentialAction\":[{\"@type\":\"SearchAction\",\"target\":{\"@type\":\"EntryPoint\",\"urlTemplate\":\"https:\/\/www.naturparkmagazin.de\/dahme-heideseen\/?s={search_term_string}\"},\"query-input\":\"required name=search_term_string\"}],\"inLanguage\":\"de\"},{\"@type\":\"Person\",\"@id\":\"https:\/\/www.naturparkmagazin.de\/dahme-heideseen\/#\/schema\/person\/a0510aafafdf8183c95fc98faf0c9f21\",\"name\":\"Astrid Osenbr\u00fcck\",\"sameAs\":[\"http:\/\/www.dahme-heideseen-naturpark.de\"],\"url\":\"https:\/\/www.naturparkmagazin.de\/dahme-heideseen\/author\/astridosenbrueck\/\"}]}<\/script>\n<!-- \/ Yoast SEO plugin. -->","yoast_head_json":{"title":"Foto des Monats: Die Rohrdommel - Naturpark Dahme-Heideseen","robots":{"index":"index","follow":"follow","max-snippet":"max-snippet:-1","max-image-preview":"max-image-preview:large","max-video-preview":"max-video-preview:-1"},"canonical":"https:\/\/www.naturparkmagazin.de\/dahme-heideseen\/foto-des-monats-die-rohrdommel\/","og_locale":"de_DE","og_type":"article","og_title":"Foto des Monats: Die Rohrdommel - Naturpark Dahme-Heideseen","og_description":"Seltenes Gl\u00fcck! Zufallsbeobachtung einer Rohrdommel","og_url":"https:\/\/www.naturparkmagazin.de\/dahme-heideseen\/foto-des-monats-die-rohrdommel\/","og_site_name":"Naturpark Dahme-Heideseen","article_published_time":"2024-04-18T13:27:34+00:00","og_image":[{"width":1152,"height":864,"url":"https:\/\/www.naturparkmagazin.de\/dahme-heideseen\/wp-content\/uploads\/sites\/37\/Rohrdommel_Theresa-Schwalbe.jpg","type":"image\/jpeg"}],"author":"Astrid Osenbr\u00fcck","twitter_misc":{"Verfasst von":"Astrid Osenbr\u00fcck","Gesch\u00e4tzte Lesezeit":"2\u00a0Minuten"},"schema":{"@context":"https:\/\/schema.org","@graph":[{"@type":"WebPage","@id":"https:\/\/www.naturparkmagazin.de\/dahme-heideseen\/foto-des-monats-die-rohrdommel\/","url":"https:\/\/www.naturparkmagazin.de\/dahme-heideseen\/foto-des-monats-die-rohrdommel\/","name":"Foto des Monats: Die Rohrdommel - Naturpark Dahme-Heideseen","isPartOf":{"@id":"https:\/\/www.naturparkmagazin.de\/dahme-heideseen\/#website"},"datePublished":"2024-04-18T13:27:34+00:00","dateModified":"2024-04-18T13:27:34+00:00","author":{"@id":"https:\/\/www.naturparkmagazin.de\/dahme-heideseen\/#\/schema\/person\/a0510aafafdf8183c95fc98faf0c9f21"},"breadcrumb":{"@id":"https:\/\/www.naturparkmagazin.de\/dahme-heideseen\/foto-des-monats-die-rohrdommel\/#breadcrumb"},"inLanguage":"de","potentialAction":[{"@type":"ReadAction","target":["https:\/\/www.naturparkmagazin.de\/dahme-heideseen\/foto-des-monats-die-rohrdommel\/"]}]},{"@type":"BreadcrumbList","@id":"https:\/\/www.naturparkmagazin.de\/dahme-heideseen\/foto-des-monats-die-rohrdommel\/#breadcrumb","itemListElement":[{"@type":"ListItem","position":1,"name":"Home","item":"https:\/\/www.naturparkmagazin.de\/dahme-heideseen\/"},{"@type":"ListItem","position":2,"name":"Foto des Monats: Die Rohrdommel"}]},{"@type":"WebSite","@id":"https:\/\/www.naturparkmagazin.de\/dahme-heideseen\/#website","url":"https:\/\/www.naturparkmagazin.de\/dahme-heideseen\/","name":"Naturpark Dahme-Heideseen","description":"","potentialAction":[{"@type":"SearchAction","target":{"@type":"EntryPoint","urlTemplate":"https:\/\/www.naturparkmagazin.de\/dahme-heideseen\/?s={search_term_string}"},"query-input":"required name=search_term_string"}],"inLanguage":"de"},{"@type":"Person","@id":"https:\/\/www.naturparkmagazin.de\/dahme-heideseen\/#\/schema\/person\/a0510aafafdf8183c95fc98faf0c9f21","name":"Astrid Osenbr\u00fcck","sameAs":["http:\/\/www.dahme-heideseen-naturpark.de"],"url":"https:\/\/www.naturparkmagazin.de\/dahme-heideseen\/author\/astridosenbrueck\/"}]}},"_links":{"self":[{"href":"https:\/\/www.naturparkmagazin.de\/dahme-heideseen\/wp-json\/wp\/v2\/posts\/5940"}],"collection":[{"href":"https:\/\/www.naturparkmagazin.de\/dahme-heideseen\/wp-json\/wp\/v2\/posts"}],"about":[{"href":"https:\/\/www.naturparkmagazin.de\/dahme-heideseen\/wp-json\/wp\/v2\/types\/post"}],"author":[{"embeddable":true,"href":"https:\/\/www.naturparkmagazin.de\/dahme-heideseen\/wp-json\/wp\/v2\/users\/83"}],"replies":[{"embeddable":true,"href":"https:\/\/www.naturparkmagazin.de\/dahme-heideseen\/wp-json\/wp\/v2\/comments?post=5940"}],"version-history":[{"count":1,"href":"https:\/\/www.naturparkmagazin.de\/dahme-heideseen\/wp-json\/wp\/v2\/posts\/5940\/revisions"}],"predecessor-version":[{"id":5942,"href":"https:\/\/www.naturparkmagazin.de\/dahme-heideseen\/wp-json\/wp\/v2\/posts\/5940\/revisions\/5942"}],"wp:featuredmedia":[{"embeddable":true,"href":"https:\/\/www.naturparkmagazin.de\/dahme-heideseen\/wp-json\/wp\/v2\/media\/5941"}],"wp:attachment":[{"href":"https:\/\/www.naturparkmagazin.de\/dahme-heideseen\/wp-json\/wp\/v2\/media?parent=5940"}],"wp:term":[{"taxonomy":"category","embeddable":true,"href":"https:\/\/www.naturparkmagazin.de\/dahme-heideseen\/wp-json\/wp\/v2\/categories?post=5940"},{"taxonomy":"post_tag","embeddable":true,"href":"https:\/\/www.naturparkmagazin.de\/dahme-heideseen\/wp-json\/wp\/v2\/tags?post=5940"}],"curies":[{"name":"wp","href":"https:\/\/api.w.org\/{rel}","templated":true}]}}