{"id":5958,"date":"2024-04-18T15:48:05","date_gmt":"2024-04-18T13:48:05","guid":{"rendered":"https:\/\/www.naturparkmagazin.de\/dahme-heideseen\/?p=5958"},"modified":"2024-04-18T15:48:05","modified_gmt":"2024-04-18T13:48:05","slug":"hilfe-fuer-seltene-flechten-und-urige-waldkiefern","status":"publish","type":"post","link":"https:\/\/www.naturparkmagazin.de\/dahme-heideseen\/hilfe-fuer-seltene-flechten-und-urige-waldkiefern\/","title":{"rendered":"Hilfe f\u00fcr seltene Flechten und urige Waldkiefern"},"content":{"rendered":"<p>Im Naturschutzgebiet \u201eKiebnheide\u201c bei Bugk gibt es noch naturnahe flechtenreiche Kiefernw\u00e4lder. Allerdings sind diese in Brandenburg stark im R\u00fcckgang, weil N\u00e4hrstoffeintr\u00e4ge aus der Luft und Aufforstungen die Flechten bedrohen.<\/p>\n<p>Die Pflege dieser Flechten-Kiefernw\u00e4lder, die \u00fcberwiegend sekund\u00e4r durch ehemalige Streunutzung mit Streurechen, Plaggenhieb und durch Beweidung entstanden sind, ist notwendig. F\u00fcr eine aktive Erhaltung ist durch Oberbodenabtrag mit Ausbringung von zerkleinerten Flechtenthalli gegebenenfalls in Kombination mit der Auflichtung des Kronendachs m\u00f6glich. Dabei anfallende organische Substanz muss entfernt werden.<\/p>\n<p>Angrenzend an die \u201eBugker Sahara\u201c bei Storkow\/Mark im nordwestlichen Randbereich des FFH-Gebietes Kienheide wurde jetzt ein Flechten-Kiefernwald aufgewertet. Die Pflegearbeiten hierzu begannen 2023 und wurden mittlerweile abgeschlossen.<\/p>\n<div id=\"attachment_5959\" style=\"width: 630px\" class=\"wp-caption alignnone\"><a href=\"https:\/\/www.naturparkmagazin.de\/dahme-heideseen\/wp-content\/uploads\/sites\/37\/Kienheide2_Carsten-Preuss.jpg\"><img aria-describedby=\"caption-attachment-5959\" decoding=\"async\" loading=\"lazy\" class=\"size-medium wp-image-5959\" src=\"https:\/\/www.naturparkmagazin.de\/dahme-heideseen\/wp-content\/uploads\/sites\/37\/Kienheide2_Carsten-Preuss-620x465.jpg\" alt=\"\" width=\"620\" height=\"465\" srcset=\"https:\/\/www.naturparkmagazin.de\/dahme-heideseen\/wp-content\/uploads\/sites\/37\/Kienheide2_Carsten-Preuss-620x465.jpg 620w, https:\/\/www.naturparkmagazin.de\/dahme-heideseen\/wp-content\/uploads\/sites\/37\/Kienheide2_Carsten-Preuss-940x705.jpg 940w, https:\/\/www.naturparkmagazin.de\/dahme-heideseen\/wp-content\/uploads\/sites\/37\/Kienheide2_Carsten-Preuss-300x225.jpg 300w, https:\/\/www.naturparkmagazin.de\/dahme-heideseen\/wp-content\/uploads\/sites\/37\/Kienheide2_Carsten-Preuss-580x435.jpg 580w, https:\/\/www.naturparkmagazin.de\/dahme-heideseen\/wp-content\/uploads\/sites\/37\/Kienheide2_Carsten-Preuss-420x315.jpg 420w, https:\/\/www.naturparkmagazin.de\/dahme-heideseen\/wp-content\/uploads\/sites\/37\/Kienheide2_Carsten-Preuss-180x135.jpg 180w, https:\/\/www.naturparkmagazin.de\/dahme-heideseen\/wp-content\/uploads\/sites\/37\/Kienheide2_Carsten-Preuss-95x71.jpg 95w, https:\/\/www.naturparkmagazin.de\/dahme-heideseen\/wp-content\/uploads\/sites\/37\/Kienheide2_Carsten-Preuss-670x503.jpg 670w, https:\/\/www.naturparkmagazin.de\/dahme-heideseen\/wp-content\/uploads\/sites\/37\/Kienheide2_Carsten-Preuss-200x150.jpg 200w, https:\/\/www.naturparkmagazin.de\/dahme-heideseen\/wp-content\/uploads\/sites\/37\/Kienheide2_Carsten-Preuss.jpg 1200w\" sizes=\"(max-width: 620px) 100vw, 620px\" \/><\/a><p id=\"caption-attachment-5959\" class=\"wp-caption-text\">(\u00a9 Carsten Preu\u00df)<\/p><\/div>\n<p>Im Flechten-Kiefernwald der Bugker Sahara werden offene, nicht mit B\u00e4umen bestockte Bereiche vom Silbergrasrasen eingenommen. Lockere, mit solit\u00e4ren Kiefern bzw. Kieferngruppen bestockte Bereiche bilden ein Silbergras-Kieferngeh\u00f6lz. Die B\u00e4ume stehen hier ohne ein geschlossenes Kronendach weit auseinander. Fast jeder Baum hat ein charakteristisches Erscheinungsbild mit niedrigem Kronenansatz und weit ausladenden \u00c4sten &#8211; ein M\u00e4rchenwald voller Flechten und knorrigen Kiefern. Charakteristisch f\u00fcr die Bugker Sahara ist der gro\u00dfe Moos- und Flechtenreichtum, nachgewiesen sind bisher 13 Moos- und 25 Flechtensippen.<\/p>\n<p>&nbsp;<\/p>\n<p>Allerdings zeigte sich durch die Zunahme von Kiefernjungwuchs in den lichten Zwischenbereichen das die Sukzession vorangeschritten war. Das f\u00fchrte zu einer erkennbaren Ausdunkelung der einst gut besonnten Flechtenrasen. In Kombination mit der zunehmenden Vermoosung bzw. Akkumulation von Nadelstreu trat ein R\u00fcckgang der Flechtenvegetation ein.<\/p>\n<p>Das h\u00e4tte eine allm\u00e4hliche Verschlechterung des Erhaltungszustandes, bis hin zum drohenden Verlust des Lebensraumtyps zur Folge. Zur Wiederherstellung des n\u00e4hrstoffarmen Charakters wurden in den vergangenen Monaten einzelne B\u00e4ume bzw. Baumgruppen entnommen. Auf den lichtbeg\u00fcnstigten Freifl\u00e4chen der bestehenden bzw. potentiellen Flechtenvorkommen wurde die Nadelstreu entfernt. Weiterhin konnten kleinfl\u00e4chig Rohbodenverh\u00e4ltnisse hergestellt werden, wobei v.a. dicke Moospolster und Bereiche mit m\u00e4chtiger Humusauflage entfernt werden. Da die Streu teilweise direkt auf den empfindlichen Flechtenteppichen entnommen wurden, kamen in diesen Bereichen schonende (manuelle) Verfahren, gegen\u00fcber dem Einsatz gro\u00dfer Maschinen zur Anwendung. Um die Etablierung der Flechten auf dem geschaffenen Rohboden aktiv zu f\u00f6rdern, wurden zudem auf diesen Bereichen zus\u00e4tzlich Flechtenteile ausgebracht.<\/p>\n<p>So kann der Flechten-Kiefernwald mit seinem hohen naturschutzfachlichen Wert erhalten werden. Fl\u00e4cheneigent\u00fcmer ist die Stiftung EURONATUR.<\/p>\n<div id=\"attachment_5960\" style=\"width: 630px\" class=\"wp-caption alignnone\"><a href=\"https:\/\/www.naturparkmagazin.de\/dahme-heideseen\/wp-content\/uploads\/sites\/37\/Kienheide_Carsten-Preuss.jpg\"><img aria-describedby=\"caption-attachment-5960\" decoding=\"async\" loading=\"lazy\" class=\"size-medium wp-image-5960\" src=\"https:\/\/www.naturparkmagazin.de\/dahme-heideseen\/wp-content\/uploads\/sites\/37\/Kienheide_Carsten-Preuss-620x465.jpg\" alt=\"\" width=\"620\" height=\"465\" srcset=\"https:\/\/www.naturparkmagazin.de\/dahme-heideseen\/wp-content\/uploads\/sites\/37\/Kienheide_Carsten-Preuss-620x465.jpg 620w, https:\/\/www.naturparkmagazin.de\/dahme-heideseen\/wp-content\/uploads\/sites\/37\/Kienheide_Carsten-Preuss-940x705.jpg 940w, https:\/\/www.naturparkmagazin.de\/dahme-heideseen\/wp-content\/uploads\/sites\/37\/Kienheide_Carsten-Preuss-300x225.jpg 300w, https:\/\/www.naturparkmagazin.de\/dahme-heideseen\/wp-content\/uploads\/sites\/37\/Kienheide_Carsten-Preuss-580x435.jpg 580w, https:\/\/www.naturparkmagazin.de\/dahme-heideseen\/wp-content\/uploads\/sites\/37\/Kienheide_Carsten-Preuss-420x315.jpg 420w, https:\/\/www.naturparkmagazin.de\/dahme-heideseen\/wp-content\/uploads\/sites\/37\/Kienheide_Carsten-Preuss-180x135.jpg 180w, https:\/\/www.naturparkmagazin.de\/dahme-heideseen\/wp-content\/uploads\/sites\/37\/Kienheide_Carsten-Preuss-95x71.jpg 95w, https:\/\/www.naturparkmagazin.de\/dahme-heideseen\/wp-content\/uploads\/sites\/37\/Kienheide_Carsten-Preuss-670x503.jpg 670w, https:\/\/www.naturparkmagazin.de\/dahme-heideseen\/wp-content\/uploads\/sites\/37\/Kienheide_Carsten-Preuss-200x150.jpg 200w, https:\/\/www.naturparkmagazin.de\/dahme-heideseen\/wp-content\/uploads\/sites\/37\/Kienheide_Carsten-Preuss.jpg 1200w\" sizes=\"(max-width: 620px) 100vw, 620px\" \/><\/a><p id=\"caption-attachment-5960\" class=\"wp-caption-text\">(\u00a9 Carsten Preu\u00df)<\/p><\/div>\n<p>Der NaturSchutzFonds Brandenburg hat im Projekt LIFE Sandrasen eine Teilfl\u00e4che der Bugker Sahara im Rahmen des Life-Projekts \u201eSandrasen im Dahme-Seengebiet\u201c (Laufzeit: 2013 bis 2019) wieder aktiviert. Im Rahmen dieses Projekts wurden Ma\u00dfnahmen zur Wiederherstellung von Sandrasen umgesetzt. Bestandteil des Projektes war auch die Beschilderung eines 4 Kilometer langen Rundwanderweges. Bei der Wanderung gibt es viel zu entdecken: Sie durchwandern einen M\u00e4rchenwald, entdecken eine Sahara mitten in Brandenburg und besteigen einen Berg, der schon vor Jahrzehnten ausgeh\u00f6hlt wurde.<\/p>\n<p>Hier geht\u2019s zur Wegbeschreibung:<\/p>\n<p><a href=\"https:\/\/www.dahme-heideseen-naturpark.de\/themen\/routen-touren\/rundwanderweg-bugker-sahara\/?fbclid=IwAR2G2A9LsGPxLkjZkkgcUfubtwzRyq29GuekX2BygxS-5vBcgQPCytHdijI\">https:\/\/www.dahme-heideseen-naturpark.de\/&#8230;\/rundwanderw&#8230;\/<\/a><\/p>\n","protected":false},"excerpt":{"rendered":"<p>Im Naturschutzgebiet \u201eKiebnheide\u201c bei Bugk gibt es noch naturnahe flechtenreiche Kiefernw\u00e4lder. Allerdings sind diese in Brandenburg stark im R\u00fcckgang, weil N\u00e4hrstoffeintr\u00e4ge aus der Luft und Aufforstungen die Flechten bedrohen.<\/p>\n","protected":false},"author":83,"featured_media":5959,"comment_status":"open","ping_status":"open","sticky":false,"template":"","format":"standard","meta":[],"categories":[7],"tags":[],"yoast_head":"<!-- This site is optimized with the Yoast SEO plugin v19.10 - https:\/\/yoast.com\/wordpress\/plugins\/seo\/ -->\n<title>Hilfe f\u00fcr seltene Flechten und urige Waldkiefern - Naturpark Dahme-Heideseen<\/title>\n<meta name=\"robots\" content=\"index, follow, max-snippet:-1, max-image-preview:large, max-video-preview:-1\" \/>\n<link rel=\"canonical\" href=\"https:\/\/www.naturparkmagazin.de\/dahme-heideseen\/hilfe-fuer-seltene-flechten-und-urige-waldkiefern\/\" \/>\n<meta property=\"og:locale\" content=\"de_DE\" \/>\n<meta property=\"og:type\" content=\"article\" \/>\n<meta property=\"og:title\" content=\"Hilfe f\u00fcr seltene Flechten und urige Waldkiefern - Naturpark Dahme-Heideseen\" \/>\n<meta property=\"og:description\" content=\"Im Naturschutzgebiet \u201eKiebnheide\u201c bei Bugk gibt es noch naturnahe flechtenreiche Kiefernw\u00e4lder. Allerdings sind diese in Brandenburg stark im R\u00fcckgang, weil N\u00e4hrstoffeintr\u00e4ge aus der Luft und Aufforstungen die Flechten bedrohen.\" \/>\n<meta property=\"og:url\" content=\"https:\/\/www.naturparkmagazin.de\/dahme-heideseen\/hilfe-fuer-seltene-flechten-und-urige-waldkiefern\/\" \/>\n<meta property=\"og:site_name\" content=\"Naturpark Dahme-Heideseen\" \/>\n<meta property=\"article:published_time\" content=\"2024-04-18T13:48:05+00:00\" \/>\n<meta property=\"og:image\" content=\"https:\/\/www.naturparkmagazin.de\/dahme-heideseen\/wp-content\/uploads\/sites\/37\/Kienheide2_Carsten-Preuss.jpg\" \/>\n\t<meta property=\"og:image:width\" content=\"1200\" \/>\n\t<meta property=\"og:image:height\" content=\"900\" \/>\n\t<meta property=\"og:image:type\" content=\"image\/jpeg\" \/>\n<meta name=\"author\" content=\"Astrid Osenbr\u00fcck\" \/>\n<meta name=\"twitter:label1\" content=\"Verfasst von\" \/>\n\t<meta name=\"twitter:data1\" content=\"Astrid Osenbr\u00fcck\" \/>\n\t<meta name=\"twitter:label2\" content=\"Gesch\u00e4tzte Lesezeit\" \/>\n\t<meta name=\"twitter:data2\" content=\"3\u00a0Minuten\" \/>\n<script type=\"application\/ld+json\" class=\"yoast-schema-graph\">{\"@context\":\"https:\/\/schema.org\",\"@graph\":[{\"@type\":\"WebPage\",\"@id\":\"https:\/\/www.naturparkmagazin.de\/dahme-heideseen\/hilfe-fuer-seltene-flechten-und-urige-waldkiefern\/\",\"url\":\"https:\/\/www.naturparkmagazin.de\/dahme-heideseen\/hilfe-fuer-seltene-flechten-und-urige-waldkiefern\/\",\"name\":\"Hilfe f\u00fcr seltene Flechten und urige Waldkiefern - Naturpark Dahme-Heideseen\",\"isPartOf\":{\"@id\":\"https:\/\/www.naturparkmagazin.de\/dahme-heideseen\/#website\"},\"datePublished\":\"2024-04-18T13:48:05+00:00\",\"dateModified\":\"2024-04-18T13:48:05+00:00\",\"author\":{\"@id\":\"https:\/\/www.naturparkmagazin.de\/dahme-heideseen\/#\/schema\/person\/a0510aafafdf8183c95fc98faf0c9f21\"},\"breadcrumb\":{\"@id\":\"https:\/\/www.naturparkmagazin.de\/dahme-heideseen\/hilfe-fuer-seltene-flechten-und-urige-waldkiefern\/#breadcrumb\"},\"inLanguage\":\"de\",\"potentialAction\":[{\"@type\":\"ReadAction\",\"target\":[\"https:\/\/www.naturparkmagazin.de\/dahme-heideseen\/hilfe-fuer-seltene-flechten-und-urige-waldkiefern\/\"]}]},{\"@type\":\"BreadcrumbList\",\"@id\":\"https:\/\/www.naturparkmagazin.de\/dahme-heideseen\/hilfe-fuer-seltene-flechten-und-urige-waldkiefern\/#breadcrumb\",\"itemListElement\":[{\"@type\":\"ListItem\",\"position\":1,\"name\":\"Home\",\"item\":\"https:\/\/www.naturparkmagazin.de\/dahme-heideseen\/\"},{\"@type\":\"ListItem\",\"position\":2,\"name\":\"Hilfe f\u00fcr seltene Flechten und urige Waldkiefern\"}]},{\"@type\":\"WebSite\",\"@id\":\"https:\/\/www.naturparkmagazin.de\/dahme-heideseen\/#website\",\"url\":\"https:\/\/www.naturparkmagazin.de\/dahme-heideseen\/\",\"name\":\"Naturpark Dahme-Heideseen\",\"description\":\"\",\"potentialAction\":[{\"@type\":\"SearchAction\",\"target\":{\"@type\":\"EntryPoint\",\"urlTemplate\":\"https:\/\/www.naturparkmagazin.de\/dahme-heideseen\/?s={search_term_string}\"},\"query-input\":\"required name=search_term_string\"}],\"inLanguage\":\"de\"},{\"@type\":\"Person\",\"@id\":\"https:\/\/www.naturparkmagazin.de\/dahme-heideseen\/#\/schema\/person\/a0510aafafdf8183c95fc98faf0c9f21\",\"name\":\"Astrid Osenbr\u00fcck\",\"sameAs\":[\"http:\/\/www.dahme-heideseen-naturpark.de\"],\"url\":\"https:\/\/www.naturparkmagazin.de\/dahme-heideseen\/author\/astridosenbrueck\/\"}]}<\/script>\n<!-- \/ Yoast SEO plugin. -->","yoast_head_json":{"title":"Hilfe f\u00fcr seltene Flechten und urige Waldkiefern - Naturpark Dahme-Heideseen","robots":{"index":"index","follow":"follow","max-snippet":"max-snippet:-1","max-image-preview":"max-image-preview:large","max-video-preview":"max-video-preview:-1"},"canonical":"https:\/\/www.naturparkmagazin.de\/dahme-heideseen\/hilfe-fuer-seltene-flechten-und-urige-waldkiefern\/","og_locale":"de_DE","og_type":"article","og_title":"Hilfe f\u00fcr seltene Flechten und urige Waldkiefern - Naturpark Dahme-Heideseen","og_description":"Im Naturschutzgebiet \u201eKiebnheide\u201c bei Bugk gibt es noch naturnahe flechtenreiche Kiefernw\u00e4lder. Allerdings sind diese in Brandenburg stark im R\u00fcckgang, weil N\u00e4hrstoffeintr\u00e4ge aus der Luft und Aufforstungen die Flechten bedrohen.","og_url":"https:\/\/www.naturparkmagazin.de\/dahme-heideseen\/hilfe-fuer-seltene-flechten-und-urige-waldkiefern\/","og_site_name":"Naturpark Dahme-Heideseen","article_published_time":"2024-04-18T13:48:05+00:00","og_image":[{"width":1200,"height":900,"url":"https:\/\/www.naturparkmagazin.de\/dahme-heideseen\/wp-content\/uploads\/sites\/37\/Kienheide2_Carsten-Preuss.jpg","type":"image\/jpeg"}],"author":"Astrid Osenbr\u00fcck","twitter_misc":{"Verfasst von":"Astrid Osenbr\u00fcck","Gesch\u00e4tzte Lesezeit":"3\u00a0Minuten"},"schema":{"@context":"https:\/\/schema.org","@graph":[{"@type":"WebPage","@id":"https:\/\/www.naturparkmagazin.de\/dahme-heideseen\/hilfe-fuer-seltene-flechten-und-urige-waldkiefern\/","url":"https:\/\/www.naturparkmagazin.de\/dahme-heideseen\/hilfe-fuer-seltene-flechten-und-urige-waldkiefern\/","name":"Hilfe f\u00fcr seltene Flechten und urige Waldkiefern - Naturpark Dahme-Heideseen","isPartOf":{"@id":"https:\/\/www.naturparkmagazin.de\/dahme-heideseen\/#website"},"datePublished":"2024-04-18T13:48:05+00:00","dateModified":"2024-04-18T13:48:05+00:00","author":{"@id":"https:\/\/www.naturparkmagazin.de\/dahme-heideseen\/#\/schema\/person\/a0510aafafdf8183c95fc98faf0c9f21"},"breadcrumb":{"@id":"https:\/\/www.naturparkmagazin.de\/dahme-heideseen\/hilfe-fuer-seltene-flechten-und-urige-waldkiefern\/#breadcrumb"},"inLanguage":"de","potentialAction":[{"@type":"ReadAction","target":["https:\/\/www.naturparkmagazin.de\/dahme-heideseen\/hilfe-fuer-seltene-flechten-und-urige-waldkiefern\/"]}]},{"@type":"BreadcrumbList","@id":"https:\/\/www.naturparkmagazin.de\/dahme-heideseen\/hilfe-fuer-seltene-flechten-und-urige-waldkiefern\/#breadcrumb","itemListElement":[{"@type":"ListItem","position":1,"name":"Home","item":"https:\/\/www.naturparkmagazin.de\/dahme-heideseen\/"},{"@type":"ListItem","position":2,"name":"Hilfe f\u00fcr seltene Flechten und urige Waldkiefern"}]},{"@type":"WebSite","@id":"https:\/\/www.naturparkmagazin.de\/dahme-heideseen\/#website","url":"https:\/\/www.naturparkmagazin.de\/dahme-heideseen\/","name":"Naturpark Dahme-Heideseen","description":"","potentialAction":[{"@type":"SearchAction","target":{"@type":"EntryPoint","urlTemplate":"https:\/\/www.naturparkmagazin.de\/dahme-heideseen\/?s={search_term_string}"},"query-input":"required name=search_term_string"}],"inLanguage":"de"},{"@type":"Person","@id":"https:\/\/www.naturparkmagazin.de\/dahme-heideseen\/#\/schema\/person\/a0510aafafdf8183c95fc98faf0c9f21","name":"Astrid Osenbr\u00fcck","sameAs":["http:\/\/www.dahme-heideseen-naturpark.de"],"url":"https:\/\/www.naturparkmagazin.de\/dahme-heideseen\/author\/astridosenbrueck\/"}]}},"_links":{"self":[{"href":"https:\/\/www.naturparkmagazin.de\/dahme-heideseen\/wp-json\/wp\/v2\/posts\/5958"}],"collection":[{"href":"https:\/\/www.naturparkmagazin.de\/dahme-heideseen\/wp-json\/wp\/v2\/posts"}],"about":[{"href":"https:\/\/www.naturparkmagazin.de\/dahme-heideseen\/wp-json\/wp\/v2\/types\/post"}],"author":[{"embeddable":true,"href":"https:\/\/www.naturparkmagazin.de\/dahme-heideseen\/wp-json\/wp\/v2\/users\/83"}],"replies":[{"embeddable":true,"href":"https:\/\/www.naturparkmagazin.de\/dahme-heideseen\/wp-json\/wp\/v2\/comments?post=5958"}],"version-history":[{"count":1,"href":"https:\/\/www.naturparkmagazin.de\/dahme-heideseen\/wp-json\/wp\/v2\/posts\/5958\/revisions"}],"predecessor-version":[{"id":5961,"href":"https:\/\/www.naturparkmagazin.de\/dahme-heideseen\/wp-json\/wp\/v2\/posts\/5958\/revisions\/5961"}],"wp:featuredmedia":[{"embeddable":true,"href":"https:\/\/www.naturparkmagazin.de\/dahme-heideseen\/wp-json\/wp\/v2\/media\/5959"}],"wp:attachment":[{"href":"https:\/\/www.naturparkmagazin.de\/dahme-heideseen\/wp-json\/wp\/v2\/media?parent=5958"}],"wp:term":[{"taxonomy":"category","embeddable":true,"href":"https:\/\/www.naturparkmagazin.de\/dahme-heideseen\/wp-json\/wp\/v2\/categories?post=5958"},{"taxonomy":"post_tag","embeddable":true,"href":"https:\/\/www.naturparkmagazin.de\/dahme-heideseen\/wp-json\/wp\/v2\/tags?post=5958"}],"curies":[{"name":"wp","href":"https:\/\/api.w.org\/{rel}","templated":true}]}}