{"id":5973,"date":"2024-04-24T08:52:12","date_gmt":"2024-04-24T06:52:12","guid":{"rendered":"https:\/\/www.naturparkmagazin.de\/dahme-heideseen\/?p=5973"},"modified":"2024-04-24T08:52:12","modified_gmt":"2024-04-24T06:52:12","slug":"wanderungen-rund-um-den-europaeischen-tag-der-parke-in-brandenburgs-naturlandschaften","status":"publish","type":"post","link":"https:\/\/www.naturparkmagazin.de\/dahme-heideseen\/wanderungen-rund-um-den-europaeischen-tag-der-parke-in-brandenburgs-naturlandschaften\/","title":{"rendered":"Wanderungen rund um den Europ\u00e4ischen Tag der Parke in Brandenburgs Naturlandschaften"},"content":{"rendered":"<p>Der Tag der Parke erinnert an die Gr\u00fcndung des ersten Nationalparks in Europa vor \u00fcber 100 Jahren und w\u00fcrdigt die gesetzliche Unterst\u00fctzung zahlreicher weiterer Landschaften, die seitdem unter Schutz gestellt wurden. In Brandenburg sind mittlerweile 11 Naturparke, drei Biosph\u00e4renreservate und ein Nationalpark zu finden, die eine reiche Vielfalt an \u00f6kologischen und kulturellen Besonderheiten bieten.<\/p>\n<p>&nbsp;<\/p>\n<p>Vom 21. Mai bis Mitte Juni bieten die Brandenburger Naturparke gef\u00fchrte Wanderungen durch ihre sch\u00f6nsten Gebiete an. Ziel des Wandertages und des Europ\u00e4ischen Tags der Parke ist es, den Menschen Erlebnisse in der Natur zu erm\u00f6glichen und den Wert intakter Natur erlebbar zu machen.<\/p>\n<p>&nbsp;<\/p>\n<p>Begleitet werden die Touren durch fachkundige Wanderleiterinnen und Wanderleiter des Berliner Wanderverbandes und Fachexperten aus den Naturlandschaften. Somit ist nicht nur Naturgenuss garantiert, sondern auch Lernerlebnisse und Spa\u00df.<\/p>\n<p>&nbsp;<\/p>\n<p>Die Wanderungen f\u00fchren durch abwechslungsreiche Landschaften, entlang idyllischer Seen, malerischer Flusslandschaften und durch weitl\u00e4ufige W\u00e4lder. Von gem\u00fctlichen Spazierg\u00e4ngen bis hin zu anspruchsvollen Touren ist f\u00fcr jeden Wandernden etwas dabei. Dabei sind die Wanderungen so geplant, dass sie problemlos mit den \u00f6ffentlichen Verkehrsmitteln erreichbar sind.<\/p>\n<p>&nbsp;<\/p>\n<ul>\n<li>09. Mai: Himmlische Grenzerfahrung am Wummsee im Naturpark Stechlin-Ruppiner Land<\/li>\n<li>11. Mai: Die Pritzerber Laake im Natur- und Sternenpark Westhavelland<\/li>\n<li>18. Mai: Rund um den Werbellinsee im Biosph\u00e4renreservat Schorfheide-Chorin<\/li>\n<li>18. Mai: Wandern im Nationalpark Unteres Odertal<\/li>\n<li><strong>18. Mai: Heideseen im Naturpark Dahme-Heideseen<\/strong><\/li>\n<li>20. Mai: V\u00f6gel am Blankensee im Naturpark Nuthe-Nieplitz<\/li>\n<li>20. Mai: Innerer Unterspreewald im Biosph\u00e4renreservat Spreewald<\/li>\n<li><strong>22. Mai: Durch die Dubrow im Naturpark Dahme-Heideseen<\/strong><\/li>\n<li>25. Mai: Zwischen Oelse und Schlaube im Naturpark Schlaubetal<\/li>\n<li>25. Mai: Finowtal und Pregnitzflie\u00df im Naturpark Barnim<\/li>\n<li>25. Mai: Zweiseitenweg in einem Ritt im Biosph\u00e4renreservat Flusslandschaft Elbe-Brandenburg<\/li>\n<li>26. Mai: Zu den Streuobstwiesen im Naturpark Niederlausitzer Heidelandschaft<\/li>\n<li>26. Mai: Da, wo die Havel nach Norden flie\u00dft! Im Natur- und Sternenpark Westhavelland<\/li>\n<li>29. Mai: NSG Gumnitz und Gro\u00dfer Schlagenthinsee im Naturpark M\u00e4rkische Schweiz<\/li>\n<li>29. Mai: Die Vogelwelt zwischen Belzig und Hagelberg im Naturpark Hoher Fl\u00e4ming<\/li>\n<li>02. Juni: Heedekornweg im Naturpark Niederlausitzer Landr\u00fccken<\/li>\n<li>02. Juni: Der Fischer und seine Frau im Naturpark Uckerm\u00e4rkische Seen<\/li>\n<\/ul>\n<p>&nbsp;<\/p>\n<p>Die Teilnahme an den gef\u00fchrten Wanderungen bietet eine einzigartige M\u00f6glichkeit, die Natursch\u00f6nheiten Brandenburgs hautnah zu erleben und sich mit der Bedeutung und den Zielen der Naturschutzgebiete vertraut zu machen.<\/p>\n<p>&nbsp;<\/p>\n<p>Weitere Informationen zu den einzelnen Veranstaltungen sind auf <a href=\"http:\/\/www.natur-brandenburg.de\">www.natur-brandenburg.de<\/a> und im Berlin-Brandenburger Wanderplan (Schutzgeb\u00fchr 3 Euro) zu finden.<\/p>\n<p>&nbsp;<\/p>\n<p><u>Hintergrund Naturparke in Brandenburg<\/u><\/p>\n<p>Die 15 Brandenburger Nationalen Naturlandschaften sch\u00fctzen herausragende Landschaften und Lebensr\u00e4ume Brandenburgs. Der Nationalpark, drei Biosph\u00e4renreservate und elf Naturparke sind \u00fcber ganz Brandenburg verteilt und bieten einen idealen Schutzverbund f\u00fcr die hier vorkommenden Arten.<\/p>\n<p>&nbsp;<\/p>\n<p>Die Brandenburger Naturparke erstrecken sich auf einer Fl\u00e4che von 7.200 Quadratkilometern und nehmen damit fast ein Viertel der Landesfl\u00e4che ein. Gr\u00f6\u00dftenteils sind sie Landschaftsschutzgebiete oder Naturschutzgebiete. Zu ihren Aufgaben geh\u00f6ren die F\u00f6rderung eines naturvertr\u00e4glichen Tourismus, einer Bildung f\u00fcr nachhaltige Entwicklung und einer nachhaltigen Regionalentwicklung. Eine dauerhaft umweltgerechte Landnutzung ist angestrebt. Ihr Ziel ist es, diverse Landnutzungsformen in Einklang mit naturschutzfachlichen Belangen zu bringen. Naturparke k\u00f6nnen somit als Modellregionen f\u00fcr eine nachhaltige Entwicklung dienen. Alle Brandenburger Naturparke sind im Verband Deutscher Naturparke organisiert.<\/p>\n<p>&nbsp;<\/p>\n<p><u>Hintergrund Tag der Parke<\/u><\/p>\n<p>Die Veranstaltungen in den Brandenburger Naturparken sind Teil des bundesweiten Naturpark-Wandertages der deutschen Naturparke, der in diesem Jahr zum achten Mal zeitgleich \u00fcberall in Deutschland stattfindet.<\/p>\n<p>&nbsp;<\/p>\n<p>Seit 2014 wird er immer am letzten Maiwochenende begangen. Anlass ist der Europ\u00e4ische Tag der Parke\/European Day of Parks am 24. Mai, der j\u00e4hrlich vom europ\u00e4ischen Dachverband der Schutzgebiete, der EUROPARC Federation, organisiert wird. Die Brandenburger Naturparke sind Teil der Nationalen Naturlandschaften \u2013 in diesem B\u00fcndnis bewahren die deutschen Nationalparke, Naturparke, Biosph\u00e4renreservate und Wildnisgebiete gemeinsam mit den Menschen auf rund einem Drittel der Fl\u00e4che Deutschlands faszinierende Natur, vermitteln Freude beim Erleben der Natur und gestalten die Zukunft mit Zuversicht nachhaltig.<\/p>\n<p>&nbsp;<\/p>\n<p><u>Berliner Wanderverband e. V.<\/u><\/p>\n<p>Der Berliner Wanderverband e.\u2009V. (BWV) ist der Fachverband f\u00fcr das sportliche Wandern in Berlin und Mitglied im Landessportbund Berlin. Seine 16 Mitgliedsvereine mit knapp 2.000 Wanderinnen und Wanderern bieten vielf\u00e4ltige Wanderungen mit unterschiedlichen Streckenl\u00e4ngen und breit gef\u00e4cherter Thematik \u2013 Natur, Kultur, Geschichte \u2013 an. F\u00fcr alle Altersgruppen gibt es Angebote: kurze Strecken bis 10 Kilometer L\u00e4nge, Halbtageswanderungen bis 15 Kilometer L\u00e4nge und Tageswanderungen zwischen 20 und \u00fcber 30 Kilometer. F\u00fcr ganz sportliche Wanderer sind Strecken bis 100 Kilometer im Angebot. Die Wanderungen finden sowohl an den Wochenenden als auch an Wochentagen statt. Start und Ziel sind Haltepunkte des \u00f6ffentlichen Nahverkehrs; die Wanderziele liegen vorrangig in Berlin, Brandenburg und den angrenzenden Bundesl\u00e4ndern. Die Wege und Sehensw\u00fcrdigkeiten in den Brandenburger Nationalen Naturlandschaften geh\u00f6ren seit vielen Jahren zu den bevorzugten Zielen der von den Vereinen des Berliner Wanderverbandes angebotenen Vorschl\u00e4ge zum Mitwandern. Eine Auswahl findet sich in dem j\u00e4hrlich erscheinenden Berlin-Brandenburger Wanderplan.<\/p>\n","protected":false},"excerpt":{"rendered":"<p>Die Brandenburger Naturlandschaften laden dazu ein, die Vielfalt der Natur zu ent-decken und zu erleben. Der Europ\u00e4ische Tag der Parke am 24. Mai bietet hierzu eine besondere Gelegenheit, um gemeinsam mit Wanderleitern und Wanderleite-rinnen des Berliner Wanderverbandes die Sch\u00f6nheit der Naturschutzgebiete zu erkunden.<\/p>\n","protected":false},"author":83,"featured_media":5307,"comment_status":"open","ping_status":"open","sticky":false,"template":"","format":"standard","meta":[],"categories":[617],"tags":[],"yoast_head":"<!-- This site is optimized with the Yoast SEO plugin v19.10 - https:\/\/yoast.com\/wordpress\/plugins\/seo\/ -->\n<title>Wanderungen rund um den Europ\u00e4ischen Tag der Parke in Brandenburgs Naturlandschaften - Naturpark Dahme-Heideseen<\/title>\n<meta name=\"robots\" content=\"index, follow, max-snippet:-1, max-image-preview:large, max-video-preview:-1\" \/>\n<link rel=\"canonical\" href=\"https:\/\/www.naturparkmagazin.de\/dahme-heideseen\/wanderungen-rund-um-den-europaeischen-tag-der-parke-in-brandenburgs-naturlandschaften\/\" \/>\n<meta property=\"og:locale\" content=\"de_DE\" \/>\n<meta property=\"og:type\" content=\"article\" \/>\n<meta property=\"og:title\" content=\"Wanderungen rund um den Europ\u00e4ischen Tag der Parke in Brandenburgs Naturlandschaften - Naturpark Dahme-Heideseen\" \/>\n<meta property=\"og:description\" content=\"Die Brandenburger Naturlandschaften laden dazu ein, die Vielfalt der Natur zu ent-decken und zu erleben. Der Europ\u00e4ische Tag der Parke am 24. Mai bietet hierzu eine besondere Gelegenheit, um gemeinsam mit Wanderleitern und Wanderleite-rinnen des Berliner Wanderverbandes die Sch\u00f6nheit der Naturschutzgebiete zu erkunden.\" \/>\n<meta property=\"og:url\" content=\"https:\/\/www.naturparkmagazin.de\/dahme-heideseen\/wanderungen-rund-um-den-europaeischen-tag-der-parke-in-brandenburgs-naturlandschaften\/\" \/>\n<meta property=\"og:site_name\" content=\"Naturpark Dahme-Heideseen\" \/>\n<meta property=\"article:published_time\" content=\"2024-04-24T06:52:12+00:00\" \/>\n<meta property=\"og:image\" content=\"https:\/\/www.naturparkmagazin.de\/dahme-heideseen\/wp-content\/uploads\/sites\/37\/hiking-1232453_1280.jpg\" \/>\n\t<meta property=\"og:image:width\" content=\"1280\" \/>\n\t<meta property=\"og:image:height\" content=\"850\" \/>\n\t<meta property=\"og:image:type\" content=\"image\/jpeg\" \/>\n<meta name=\"author\" content=\"Astrid Osenbr\u00fcck\" \/>\n<meta name=\"twitter:label1\" content=\"Verfasst von\" \/>\n\t<meta name=\"twitter:data1\" content=\"Astrid Osenbr\u00fcck\" \/>\n\t<meta name=\"twitter:label2\" content=\"Gesch\u00e4tzte Lesezeit\" \/>\n\t<meta name=\"twitter:data2\" content=\"5\u00a0Minuten\" \/>\n<script type=\"application\/ld+json\" class=\"yoast-schema-graph\">{\"@context\":\"https:\/\/schema.org\",\"@graph\":[{\"@type\":\"WebPage\",\"@id\":\"https:\/\/www.naturparkmagazin.de\/dahme-heideseen\/wanderungen-rund-um-den-europaeischen-tag-der-parke-in-brandenburgs-naturlandschaften\/\",\"url\":\"https:\/\/www.naturparkmagazin.de\/dahme-heideseen\/wanderungen-rund-um-den-europaeischen-tag-der-parke-in-brandenburgs-naturlandschaften\/\",\"name\":\"Wanderungen rund um den Europ\u00e4ischen Tag der Parke in Brandenburgs Naturlandschaften - Naturpark Dahme-Heideseen\",\"isPartOf\":{\"@id\":\"https:\/\/www.naturparkmagazin.de\/dahme-heideseen\/#website\"},\"datePublished\":\"2024-04-24T06:52:12+00:00\",\"dateModified\":\"2024-04-24T06:52:12+00:00\",\"author\":{\"@id\":\"https:\/\/www.naturparkmagazin.de\/dahme-heideseen\/#\/schema\/person\/a0510aafafdf8183c95fc98faf0c9f21\"},\"breadcrumb\":{\"@id\":\"https:\/\/www.naturparkmagazin.de\/dahme-heideseen\/wanderungen-rund-um-den-europaeischen-tag-der-parke-in-brandenburgs-naturlandschaften\/#breadcrumb\"},\"inLanguage\":\"de\",\"potentialAction\":[{\"@type\":\"ReadAction\",\"target\":[\"https:\/\/www.naturparkmagazin.de\/dahme-heideseen\/wanderungen-rund-um-den-europaeischen-tag-der-parke-in-brandenburgs-naturlandschaften\/\"]}]},{\"@type\":\"BreadcrumbList\",\"@id\":\"https:\/\/www.naturparkmagazin.de\/dahme-heideseen\/wanderungen-rund-um-den-europaeischen-tag-der-parke-in-brandenburgs-naturlandschaften\/#breadcrumb\",\"itemListElement\":[{\"@type\":\"ListItem\",\"position\":1,\"name\":\"Home\",\"item\":\"https:\/\/www.naturparkmagazin.de\/dahme-heideseen\/\"},{\"@type\":\"ListItem\",\"position\":2,\"name\":\"Wanderungen rund um den Europ\u00e4ischen Tag der Parke in Brandenburgs Naturlandschaften\"}]},{\"@type\":\"WebSite\",\"@id\":\"https:\/\/www.naturparkmagazin.de\/dahme-heideseen\/#website\",\"url\":\"https:\/\/www.naturparkmagazin.de\/dahme-heideseen\/\",\"name\":\"Naturpark Dahme-Heideseen\",\"description\":\"\",\"potentialAction\":[{\"@type\":\"SearchAction\",\"target\":{\"@type\":\"EntryPoint\",\"urlTemplate\":\"https:\/\/www.naturparkmagazin.de\/dahme-heideseen\/?s={search_term_string}\"},\"query-input\":\"required name=search_term_string\"}],\"inLanguage\":\"de\"},{\"@type\":\"Person\",\"@id\":\"https:\/\/www.naturparkmagazin.de\/dahme-heideseen\/#\/schema\/person\/a0510aafafdf8183c95fc98faf0c9f21\",\"name\":\"Astrid Osenbr\u00fcck\",\"sameAs\":[\"http:\/\/www.dahme-heideseen-naturpark.de\"],\"url\":\"https:\/\/www.naturparkmagazin.de\/dahme-heideseen\/author\/astridosenbrueck\/\"}]}<\/script>\n<!-- \/ Yoast SEO plugin. -->","yoast_head_json":{"title":"Wanderungen rund um den Europ\u00e4ischen Tag der Parke in Brandenburgs Naturlandschaften - Naturpark Dahme-Heideseen","robots":{"index":"index","follow":"follow","max-snippet":"max-snippet:-1","max-image-preview":"max-image-preview:large","max-video-preview":"max-video-preview:-1"},"canonical":"https:\/\/www.naturparkmagazin.de\/dahme-heideseen\/wanderungen-rund-um-den-europaeischen-tag-der-parke-in-brandenburgs-naturlandschaften\/","og_locale":"de_DE","og_type":"article","og_title":"Wanderungen rund um den Europ\u00e4ischen Tag der Parke in Brandenburgs Naturlandschaften - Naturpark Dahme-Heideseen","og_description":"Die Brandenburger Naturlandschaften laden dazu ein, die Vielfalt der Natur zu ent-decken und zu erleben. Der Europ\u00e4ische Tag der Parke am 24. Mai bietet hierzu eine besondere Gelegenheit, um gemeinsam mit Wanderleitern und Wanderleite-rinnen des Berliner Wanderverbandes die Sch\u00f6nheit der Naturschutzgebiete zu erkunden.","og_url":"https:\/\/www.naturparkmagazin.de\/dahme-heideseen\/wanderungen-rund-um-den-europaeischen-tag-der-parke-in-brandenburgs-naturlandschaften\/","og_site_name":"Naturpark Dahme-Heideseen","article_published_time":"2024-04-24T06:52:12+00:00","og_image":[{"width":1280,"height":850,"url":"https:\/\/www.naturparkmagazin.de\/dahme-heideseen\/wp-content\/uploads\/sites\/37\/hiking-1232453_1280.jpg","type":"image\/jpeg"}],"author":"Astrid Osenbr\u00fcck","twitter_misc":{"Verfasst von":"Astrid Osenbr\u00fcck","Gesch\u00e4tzte Lesezeit":"5\u00a0Minuten"},"schema":{"@context":"https:\/\/schema.org","@graph":[{"@type":"WebPage","@id":"https:\/\/www.naturparkmagazin.de\/dahme-heideseen\/wanderungen-rund-um-den-europaeischen-tag-der-parke-in-brandenburgs-naturlandschaften\/","url":"https:\/\/www.naturparkmagazin.de\/dahme-heideseen\/wanderungen-rund-um-den-europaeischen-tag-der-parke-in-brandenburgs-naturlandschaften\/","name":"Wanderungen rund um den Europ\u00e4ischen Tag der Parke in Brandenburgs Naturlandschaften - Naturpark Dahme-Heideseen","isPartOf":{"@id":"https:\/\/www.naturparkmagazin.de\/dahme-heideseen\/#website"},"datePublished":"2024-04-24T06:52:12+00:00","dateModified":"2024-04-24T06:52:12+00:00","author":{"@id":"https:\/\/www.naturparkmagazin.de\/dahme-heideseen\/#\/schema\/person\/a0510aafafdf8183c95fc98faf0c9f21"},"breadcrumb":{"@id":"https:\/\/www.naturparkmagazin.de\/dahme-heideseen\/wanderungen-rund-um-den-europaeischen-tag-der-parke-in-brandenburgs-naturlandschaften\/#breadcrumb"},"inLanguage":"de","potentialAction":[{"@type":"ReadAction","target":["https:\/\/www.naturparkmagazin.de\/dahme-heideseen\/wanderungen-rund-um-den-europaeischen-tag-der-parke-in-brandenburgs-naturlandschaften\/"]}]},{"@type":"BreadcrumbList","@id":"https:\/\/www.naturparkmagazin.de\/dahme-heideseen\/wanderungen-rund-um-den-europaeischen-tag-der-parke-in-brandenburgs-naturlandschaften\/#breadcrumb","itemListElement":[{"@type":"ListItem","position":1,"name":"Home","item":"https:\/\/www.naturparkmagazin.de\/dahme-heideseen\/"},{"@type":"ListItem","position":2,"name":"Wanderungen rund um den Europ\u00e4ischen Tag der Parke in Brandenburgs Naturlandschaften"}]},{"@type":"WebSite","@id":"https:\/\/www.naturparkmagazin.de\/dahme-heideseen\/#website","url":"https:\/\/www.naturparkmagazin.de\/dahme-heideseen\/","name":"Naturpark Dahme-Heideseen","description":"","potentialAction":[{"@type":"SearchAction","target":{"@type":"EntryPoint","urlTemplate":"https:\/\/www.naturparkmagazin.de\/dahme-heideseen\/?s={search_term_string}"},"query-input":"required name=search_term_string"}],"inLanguage":"de"},{"@type":"Person","@id":"https:\/\/www.naturparkmagazin.de\/dahme-heideseen\/#\/schema\/person\/a0510aafafdf8183c95fc98faf0c9f21","name":"Astrid Osenbr\u00fcck","sameAs":["http:\/\/www.dahme-heideseen-naturpark.de"],"url":"https:\/\/www.naturparkmagazin.de\/dahme-heideseen\/author\/astridosenbrueck\/"}]}},"_links":{"self":[{"href":"https:\/\/www.naturparkmagazin.de\/dahme-heideseen\/wp-json\/wp\/v2\/posts\/5973"}],"collection":[{"href":"https:\/\/www.naturparkmagazin.de\/dahme-heideseen\/wp-json\/wp\/v2\/posts"}],"about":[{"href":"https:\/\/www.naturparkmagazin.de\/dahme-heideseen\/wp-json\/wp\/v2\/types\/post"}],"author":[{"embeddable":true,"href":"https:\/\/www.naturparkmagazin.de\/dahme-heideseen\/wp-json\/wp\/v2\/users\/83"}],"replies":[{"embeddable":true,"href":"https:\/\/www.naturparkmagazin.de\/dahme-heideseen\/wp-json\/wp\/v2\/comments?post=5973"}],"version-history":[{"count":1,"href":"https:\/\/www.naturparkmagazin.de\/dahme-heideseen\/wp-json\/wp\/v2\/posts\/5973\/revisions"}],"predecessor-version":[{"id":5974,"href":"https:\/\/www.naturparkmagazin.de\/dahme-heideseen\/wp-json\/wp\/v2\/posts\/5973\/revisions\/5974"}],"wp:featuredmedia":[{"embeddable":true,"href":"https:\/\/www.naturparkmagazin.de\/dahme-heideseen\/wp-json\/wp\/v2\/media\/5307"}],"wp:attachment":[{"href":"https:\/\/www.naturparkmagazin.de\/dahme-heideseen\/wp-json\/wp\/v2\/media?parent=5973"}],"wp:term":[{"taxonomy":"category","embeddable":true,"href":"https:\/\/www.naturparkmagazin.de\/dahme-heideseen\/wp-json\/wp\/v2\/categories?post=5973"},{"taxonomy":"post_tag","embeddable":true,"href":"https:\/\/www.naturparkmagazin.de\/dahme-heideseen\/wp-json\/wp\/v2\/tags?post=5973"}],"curies":[{"name":"wp","href":"https:\/\/api.w.org\/{rel}","templated":true}]}}