{"id":5983,"date":"2024-04-20T14:02:42","date_gmt":"2024-04-20T12:02:42","guid":{"rendered":"https:\/\/www.naturparkmagazin.de\/dahme-heideseen\/?p=5983"},"modified":"2024-04-24T14:02:59","modified_gmt":"2024-04-24T12:02:59","slug":"nominiert-fuer-den-titel-deutschlands-schoenster-wanderweg-2024","status":"publish","type":"post","link":"https:\/\/www.naturparkmagazin.de\/dahme-heideseen\/nominiert-fuer-den-titel-deutschlands-schoenster-wanderweg-2024\/","title":{"rendered":"Nominiert f\u00fcr den Titel &#8222;Deutschlands Sch\u00f6nster Wanderweg 2024&#8220;"},"content":{"rendered":"<p>Der 140 Km lange <strong>Paul-Gerhardt-Weg<\/strong> ist f\u00fcr den Titel &#8222;Deutschlands Sch\u00f6nster Wanderweg 2024&#8220; nominiert.<\/p>\n<p>Der Weg f\u00fchrt auf den Spuren des gro\u00dfen Kirchenlieddichters von Berlin-Mitte, \u00fcber Mittenwalde bis nach L\u00fcbben im Spreewald.\nAlle Infos zum Weg: <a href=\"https:\/\/www.dahme-seenland.de\/erlebnisse\/wandern\/paul-gerhardt-weg\/\" target=\"_blank\" rel=\"noopener noreferrer\">Paul-Gerhardt-Weg<\/a><\/p>\n<p><strong>Jede Stimme z\u00e4hlt!<\/strong> Alle Natur- und Kulturliebhaber der Region sind aufgerufen ihre Stimme f\u00fcr den Paul-Gerhardt-Weg abzugeben. Es kann ab sofort online im <a title=\"Paul-Gerhardt-Weg\" href=\"http:\/\/www.wandermagazin.de\/wahlstudio\" target=\"_blank\" rel=\"noopener noreferrer\">Wahlstudio des Wandermagazins<\/a> gew\u00e4hlt werden. Die Abstimmung l\u00e4uft bis zum 30. Juni 2024. Jede Stimme hilft nicht nur den Paul-Gerhardt-Weg zum Sieger-Weg zu k\u00fcren, sondern unterst\u00fctzt auch die Anerkennung und F\u00f6rderung regionaler Wandererlebnisse und zeigt, dass die Sch\u00f6nheit unserer Region einen Platz im Herzen aller deutschen Wanderfreunde wert ist.<\/p>\n<p><a class=\"link-external-blank\" href=\"https:\/\/wandermagazin.de\/wahlstudio\" target=\"_blank\" rel=\"noopener noreferrer\">Hier abstimmen!<\/a><\/p>\n<div id=\"attachment_5984\" style=\"width: 630px\" class=\"wp-caption alignnone\"><a href=\"https:\/\/www.naturparkmagazin.de\/dahme-heideseen\/wp-content\/uploads\/sites\/37\/csm_707443bd-27b4-419f-bfa9-6968f9d6c4f2_9956ca5023.jpg\"><img aria-describedby=\"caption-attachment-5984\" decoding=\"async\" loading=\"lazy\" class=\"size-medium wp-image-5984\" src=\"https:\/\/www.naturparkmagazin.de\/dahme-heideseen\/wp-content\/uploads\/sites\/37\/csm_707443bd-27b4-419f-bfa9-6968f9d6c4f2_9956ca5023-620x388.jpg\" alt=\"\" width=\"620\" height=\"388\" \/><\/a><p id=\"caption-attachment-5984\" class=\"wp-caption-text\">Paul-Gerhardt-Weg (\u00a9 Tourismusverband Dahme-Seenland)<\/p><\/div>\n","protected":false},"excerpt":{"rendered":"<p>Jede Stimme z\u00e4hlt! Alle Natur- und Kulturliebhaber der Region sind aufgerufen ihre Stimme f\u00fcr den Paul-Gerhardt-Weg abzugeben.<\/p>\n","protected":false},"author":83,"featured_media":5984,"comment_status":"open","ping_status":"open","sticky":false,"template":"","format":"standard","meta":[],"categories":[7],"tags":[],"yoast_head":"<!-- This site is optimized with the Yoast SEO plugin v19.10 - https:\/\/yoast.com\/wordpress\/plugins\/seo\/ -->\n<title>Nominiert f\u00fcr den Titel &quot;Deutschlands Sch\u00f6nster Wanderweg 2024&quot; - Naturpark Dahme-Heideseen<\/title>\n<meta name=\"robots\" content=\"index, follow, max-snippet:-1, max-image-preview:large, max-video-preview:-1\" \/>\n<link rel=\"canonical\" href=\"https:\/\/www.naturparkmagazin.de\/dahme-heideseen\/nominiert-fuer-den-titel-deutschlands-schoenster-wanderweg-2024\/\" \/>\n<meta property=\"og:locale\" content=\"de_DE\" \/>\n<meta property=\"og:type\" content=\"article\" \/>\n<meta property=\"og:title\" content=\"Nominiert f\u00fcr den Titel &quot;Deutschlands Sch\u00f6nster Wanderweg 2024&quot; - Naturpark Dahme-Heideseen\" \/>\n<meta property=\"og:description\" content=\"Jede Stimme z\u00e4hlt! Alle Natur- und Kulturliebhaber der Region sind aufgerufen ihre Stimme f\u00fcr den Paul-Gerhardt-Weg abzugeben.\" \/>\n<meta property=\"og:url\" content=\"https:\/\/www.naturparkmagazin.de\/dahme-heideseen\/nominiert-fuer-den-titel-deutschlands-schoenster-wanderweg-2024\/\" \/>\n<meta property=\"og:site_name\" content=\"Naturpark Dahme-Heideseen\" \/>\n<meta property=\"article:published_time\" content=\"2024-04-20T12:02:42+00:00\" \/>\n<meta property=\"article:modified_time\" content=\"2024-04-24T12:02:59+00:00\" \/>\n<meta property=\"og:image\" content=\"https:\/\/www.naturparkmagazin.de\/dahme-heideseen\/wp-content\/uploads\/sites\/37\/csm_707443bd-27b4-419f-bfa9-6968f9d6c4f2_9956ca5023-e1713960154811.jpg\" \/>\n\t<meta property=\"og:image:width\" content=\"625\" \/>\n\t<meta property=\"og:image:height\" content=\"625\" \/>\n\t<meta property=\"og:image:type\" content=\"image\/jpeg\" \/>\n<meta name=\"author\" content=\"Astrid Osenbr\u00fcck\" \/>\n<meta name=\"twitter:label1\" content=\"Verfasst von\" \/>\n\t<meta name=\"twitter:data1\" content=\"Astrid Osenbr\u00fcck\" \/>\n\t<meta name=\"twitter:label2\" content=\"Gesch\u00e4tzte Lesezeit\" \/>\n\t<meta name=\"twitter:data2\" content=\"1\u00a0Minute\" \/>\n<script type=\"application\/ld+json\" class=\"yoast-schema-graph\">{\"@context\":\"https:\/\/schema.org\",\"@graph\":[{\"@type\":\"WebPage\",\"@id\":\"https:\/\/www.naturparkmagazin.de\/dahme-heideseen\/nominiert-fuer-den-titel-deutschlands-schoenster-wanderweg-2024\/\",\"url\":\"https:\/\/www.naturparkmagazin.de\/dahme-heideseen\/nominiert-fuer-den-titel-deutschlands-schoenster-wanderweg-2024\/\",\"name\":\"Nominiert f\u00fcr den Titel \\\"Deutschlands Sch\u00f6nster Wanderweg 2024\\\" - Naturpark Dahme-Heideseen\",\"isPartOf\":{\"@id\":\"https:\/\/www.naturparkmagazin.de\/dahme-heideseen\/#website\"},\"datePublished\":\"2024-04-20T12:02:42+00:00\",\"dateModified\":\"2024-04-24T12:02:59+00:00\",\"author\":{\"@id\":\"https:\/\/www.naturparkmagazin.de\/dahme-heideseen\/#\/schema\/person\/a0510aafafdf8183c95fc98faf0c9f21\"},\"breadcrumb\":{\"@id\":\"https:\/\/www.naturparkmagazin.de\/dahme-heideseen\/nominiert-fuer-den-titel-deutschlands-schoenster-wanderweg-2024\/#breadcrumb\"},\"inLanguage\":\"de\",\"potentialAction\":[{\"@type\":\"ReadAction\",\"target\":[\"https:\/\/www.naturparkmagazin.de\/dahme-heideseen\/nominiert-fuer-den-titel-deutschlands-schoenster-wanderweg-2024\/\"]}]},{\"@type\":\"BreadcrumbList\",\"@id\":\"https:\/\/www.naturparkmagazin.de\/dahme-heideseen\/nominiert-fuer-den-titel-deutschlands-schoenster-wanderweg-2024\/#breadcrumb\",\"itemListElement\":[{\"@type\":\"ListItem\",\"position\":1,\"name\":\"Home\",\"item\":\"https:\/\/www.naturparkmagazin.de\/dahme-heideseen\/\"},{\"@type\":\"ListItem\",\"position\":2,\"name\":\"Nominiert f\u00fcr den Titel &#8222;Deutschlands Sch\u00f6nster Wanderweg 2024&#8220;\"}]},{\"@type\":\"WebSite\",\"@id\":\"https:\/\/www.naturparkmagazin.de\/dahme-heideseen\/#website\",\"url\":\"https:\/\/www.naturparkmagazin.de\/dahme-heideseen\/\",\"name\":\"Naturpark Dahme-Heideseen\",\"description\":\"\",\"potentialAction\":[{\"@type\":\"SearchAction\",\"target\":{\"@type\":\"EntryPoint\",\"urlTemplate\":\"https:\/\/www.naturparkmagazin.de\/dahme-heideseen\/?s={search_term_string}\"},\"query-input\":\"required name=search_term_string\"}],\"inLanguage\":\"de\"},{\"@type\":\"Person\",\"@id\":\"https:\/\/www.naturparkmagazin.de\/dahme-heideseen\/#\/schema\/person\/a0510aafafdf8183c95fc98faf0c9f21\",\"name\":\"Astrid Osenbr\u00fcck\",\"sameAs\":[\"http:\/\/www.dahme-heideseen-naturpark.de\"],\"url\":\"https:\/\/www.naturparkmagazin.de\/dahme-heideseen\/author\/astridosenbrueck\/\"}]}<\/script>\n<!-- \/ Yoast SEO plugin. -->","yoast_head_json":{"title":"Nominiert f\u00fcr den Titel \"Deutschlands Sch\u00f6nster Wanderweg 2024\" - Naturpark Dahme-Heideseen","robots":{"index":"index","follow":"follow","max-snippet":"max-snippet:-1","max-image-preview":"max-image-preview:large","max-video-preview":"max-video-preview:-1"},"canonical":"https:\/\/www.naturparkmagazin.de\/dahme-heideseen\/nominiert-fuer-den-titel-deutschlands-schoenster-wanderweg-2024\/","og_locale":"de_DE","og_type":"article","og_title":"Nominiert f\u00fcr den Titel \"Deutschlands Sch\u00f6nster Wanderweg 2024\" - Naturpark Dahme-Heideseen","og_description":"Jede Stimme z\u00e4hlt! Alle Natur- und Kulturliebhaber der Region sind aufgerufen ihre Stimme f\u00fcr den Paul-Gerhardt-Weg abzugeben.","og_url":"https:\/\/www.naturparkmagazin.de\/dahme-heideseen\/nominiert-fuer-den-titel-deutschlands-schoenster-wanderweg-2024\/","og_site_name":"Naturpark Dahme-Heideseen","article_published_time":"2024-04-20T12:02:42+00:00","article_modified_time":"2024-04-24T12:02:59+00:00","og_image":[{"width":625,"height":625,"url":"https:\/\/www.naturparkmagazin.de\/dahme-heideseen\/wp-content\/uploads\/sites\/37\/csm_707443bd-27b4-419f-bfa9-6968f9d6c4f2_9956ca5023-e1713960154811.jpg","type":"image\/jpeg"}],"author":"Astrid Osenbr\u00fcck","twitter_misc":{"Verfasst von":"Astrid Osenbr\u00fcck","Gesch\u00e4tzte Lesezeit":"1\u00a0Minute"},"schema":{"@context":"https:\/\/schema.org","@graph":[{"@type":"WebPage","@id":"https:\/\/www.naturparkmagazin.de\/dahme-heideseen\/nominiert-fuer-den-titel-deutschlands-schoenster-wanderweg-2024\/","url":"https:\/\/www.naturparkmagazin.de\/dahme-heideseen\/nominiert-fuer-den-titel-deutschlands-schoenster-wanderweg-2024\/","name":"Nominiert f\u00fcr den Titel \"Deutschlands Sch\u00f6nster Wanderweg 2024\" - Naturpark Dahme-Heideseen","isPartOf":{"@id":"https:\/\/www.naturparkmagazin.de\/dahme-heideseen\/#website"},"datePublished":"2024-04-20T12:02:42+00:00","dateModified":"2024-04-24T12:02:59+00:00","author":{"@id":"https:\/\/www.naturparkmagazin.de\/dahme-heideseen\/#\/schema\/person\/a0510aafafdf8183c95fc98faf0c9f21"},"breadcrumb":{"@id":"https:\/\/www.naturparkmagazin.de\/dahme-heideseen\/nominiert-fuer-den-titel-deutschlands-schoenster-wanderweg-2024\/#breadcrumb"},"inLanguage":"de","potentialAction":[{"@type":"ReadAction","target":["https:\/\/www.naturparkmagazin.de\/dahme-heideseen\/nominiert-fuer-den-titel-deutschlands-schoenster-wanderweg-2024\/"]}]},{"@type":"BreadcrumbList","@id":"https:\/\/www.naturparkmagazin.de\/dahme-heideseen\/nominiert-fuer-den-titel-deutschlands-schoenster-wanderweg-2024\/#breadcrumb","itemListElement":[{"@type":"ListItem","position":1,"name":"Home","item":"https:\/\/www.naturparkmagazin.de\/dahme-heideseen\/"},{"@type":"ListItem","position":2,"name":"Nominiert f\u00fcr den Titel &#8222;Deutschlands Sch\u00f6nster Wanderweg 2024&#8220;"}]},{"@type":"WebSite","@id":"https:\/\/www.naturparkmagazin.de\/dahme-heideseen\/#website","url":"https:\/\/www.naturparkmagazin.de\/dahme-heideseen\/","name":"Naturpark Dahme-Heideseen","description":"","potentialAction":[{"@type":"SearchAction","target":{"@type":"EntryPoint","urlTemplate":"https:\/\/www.naturparkmagazin.de\/dahme-heideseen\/?s={search_term_string}"},"query-input":"required name=search_term_string"}],"inLanguage":"de"},{"@type":"Person","@id":"https:\/\/www.naturparkmagazin.de\/dahme-heideseen\/#\/schema\/person\/a0510aafafdf8183c95fc98faf0c9f21","name":"Astrid Osenbr\u00fcck","sameAs":["http:\/\/www.dahme-heideseen-naturpark.de"],"url":"https:\/\/www.naturparkmagazin.de\/dahme-heideseen\/author\/astridosenbrueck\/"}]}},"_links":{"self":[{"href":"https:\/\/www.naturparkmagazin.de\/dahme-heideseen\/wp-json\/wp\/v2\/posts\/5983"}],"collection":[{"href":"https:\/\/www.naturparkmagazin.de\/dahme-heideseen\/wp-json\/wp\/v2\/posts"}],"about":[{"href":"https:\/\/www.naturparkmagazin.de\/dahme-heideseen\/wp-json\/wp\/v2\/types\/post"}],"author":[{"embeddable":true,"href":"https:\/\/www.naturparkmagazin.de\/dahme-heideseen\/wp-json\/wp\/v2\/users\/83"}],"replies":[{"embeddable":true,"href":"https:\/\/www.naturparkmagazin.de\/dahme-heideseen\/wp-json\/wp\/v2\/comments?post=5983"}],"version-history":[{"count":1,"href":"https:\/\/www.naturparkmagazin.de\/dahme-heideseen\/wp-json\/wp\/v2\/posts\/5983\/revisions"}],"predecessor-version":[{"id":5985,"href":"https:\/\/www.naturparkmagazin.de\/dahme-heideseen\/wp-json\/wp\/v2\/posts\/5983\/revisions\/5985"}],"wp:featuredmedia":[{"embeddable":true,"href":"https:\/\/www.naturparkmagazin.de\/dahme-heideseen\/wp-json\/wp\/v2\/media\/5984"}],"wp:attachment":[{"href":"https:\/\/www.naturparkmagazin.de\/dahme-heideseen\/wp-json\/wp\/v2\/media?parent=5983"}],"wp:term":[{"taxonomy":"category","embeddable":true,"href":"https:\/\/www.naturparkmagazin.de\/dahme-heideseen\/wp-json\/wp\/v2\/categories?post=5983"},{"taxonomy":"post_tag","embeddable":true,"href":"https:\/\/www.naturparkmagazin.de\/dahme-heideseen\/wp-json\/wp\/v2\/tags?post=5983"}],"curies":[{"name":"wp","href":"https:\/\/api.w.org\/{rel}","templated":true}]}}