{"id":5992,"date":"2024-04-20T13:34:15","date_gmt":"2024-04-20T11:34:15","guid":{"rendered":"https:\/\/www.naturparkmagazin.de\/dahme-heideseen\/?p=5992"},"modified":"2024-04-26T13:35:08","modified_gmt":"2024-04-26T11:35:08","slug":"mehlbeere-baum-der-zukunft-auf-dem-truppenuebungsplatz-storkow-gepflanzt","status":"publish","type":"post","link":"https:\/\/www.naturparkmagazin.de\/dahme-heideseen\/mehlbeere-baum-der-zukunft-auf-dem-truppenuebungsplatz-storkow-gepflanzt\/","title":{"rendered":"Mehlbeere, Baum der Zukunft, auf dem Truppen\u00fcbungsplatz Storkow gepflanzt!"},"content":{"rendered":"<p>Anl\u00e4sslich des bundesweiten Tag des Baumes wurden auf dem Truppen\u00fcbungsplatz in Storkow drei Mehlbeeren gepflanzt. Die Echte Mehlbeere ist Baum des Jahres 2024.<\/p>\n<p>Bislang pflanzte die Bundeswehr am Standort Storkow allj\u00e4hrlich den Baum des Jahres im Eingangsbereich der Kaserne. Bereits im letzten Jahr war es anders, denn die Moorbirke war \u201eBaum des Jahres 2023\u201c. Wie der Name es schon verr\u00e4t, liebt es die Moorbirke sumpfig. Daher wurde sie an einem Moor am Kleinen Griesensee gepflanzt. Auch diesmal wurden die B\u00e4ume auf dem \u00dcbungsplatz der Bundeswehr an einem lichten Standort gepflanzt.<\/p>\n<p>Die Pflanzung war verbunden mit einer Informationsveranstaltung in der Kurmark-Kaserne Storkow zum Thema Naturschutz und Milit\u00e4r. Mit der Ehrung \u201eBaum des Jahres 2024\u201c ist ein Baum auserkoren worden, der erwarten l\u00e4sst, dass er auch mit den zunehmenden Trockenperioden gut zurechtkommen wird. Daher wird sie zuk\u00fcnftig eine bedeutende Rolle gerade in der Begr\u00fcnung der St\u00e4dte spielen.<\/p>\n<div id=\"attachment_5993\" style=\"width: 630px\" class=\"wp-caption alignnone\"><a href=\"https:\/\/www.naturparkmagazin.de\/dahme-heideseen\/wp-content\/uploads\/sites\/37\/baumPflanzung-BaumdesJahres2024-f.jpg\"><img aria-describedby=\"caption-attachment-5993\" decoding=\"async\" loading=\"lazy\" class=\"size-medium wp-image-5993\" src=\"https:\/\/www.naturparkmagazin.de\/dahme-heideseen\/wp-content\/uploads\/sites\/37\/baumPflanzung-BaumdesJahres2024-f-620x465.jpg\" alt=\"\" width=\"620\" height=\"465\" srcset=\"https:\/\/www.naturparkmagazin.de\/dahme-heideseen\/wp-content\/uploads\/sites\/37\/baumPflanzung-BaumdesJahres2024-f-620x465.jpg 620w, https:\/\/www.naturparkmagazin.de\/dahme-heideseen\/wp-content\/uploads\/sites\/37\/baumPflanzung-BaumdesJahres2024-f-940x705.jpg 940w, https:\/\/www.naturparkmagazin.de\/dahme-heideseen\/wp-content\/uploads\/sites\/37\/baumPflanzung-BaumdesJahres2024-f-300x225.jpg 300w, https:\/\/www.naturparkmagazin.de\/dahme-heideseen\/wp-content\/uploads\/sites\/37\/baumPflanzung-BaumdesJahres2024-f-580x435.jpg 580w, https:\/\/www.naturparkmagazin.de\/dahme-heideseen\/wp-content\/uploads\/sites\/37\/baumPflanzung-BaumdesJahres2024-f-420x315.jpg 420w, https:\/\/www.naturparkmagazin.de\/dahme-heideseen\/wp-content\/uploads\/sites\/37\/baumPflanzung-BaumdesJahres2024-f-180x135.jpg 180w, https:\/\/www.naturparkmagazin.de\/dahme-heideseen\/wp-content\/uploads\/sites\/37\/baumPflanzung-BaumdesJahres2024-f-95x71.jpg 95w, https:\/\/www.naturparkmagazin.de\/dahme-heideseen\/wp-content\/uploads\/sites\/37\/baumPflanzung-BaumdesJahres2024-f-670x502.jpg 670w, https:\/\/www.naturparkmagazin.de\/dahme-heideseen\/wp-content\/uploads\/sites\/37\/baumPflanzung-BaumdesJahres2024-f-200x150.jpg 200w, https:\/\/www.naturparkmagazin.de\/dahme-heideseen\/wp-content\/uploads\/sites\/37\/baumPflanzung-BaumdesJahres2024-f.jpg 970w\" sizes=\"(max-width: 620px) 100vw, 620px\" \/><\/a><p id=\"caption-attachment-5993\" class=\"wp-caption-text\">Pflanzung der Mehlbeere-B\u00e4ume (\u00a9 Carsten Preu\u00df)<\/p><\/div>\n<p>&nbsp;<\/p>\n<div id=\"attachment_5994\" style=\"width: 630px\" class=\"wp-caption alignnone\"><a href=\"https:\/\/www.naturparkmagazin.de\/dahme-heideseen\/wp-content\/uploads\/sites\/37\/baumPflanzung-BaumdesJahres2024-d.jpg\"><img aria-describedby=\"caption-attachment-5994\" decoding=\"async\" loading=\"lazy\" class=\"wp-image-5994 size-medium\" src=\"https:\/\/www.naturparkmagazin.de\/dahme-heideseen\/wp-content\/uploads\/sites\/37\/baumPflanzung-BaumdesJahres2024-d-620x465.jpg\" alt=\"\" width=\"620\" height=\"465\" srcset=\"https:\/\/www.naturparkmagazin.de\/dahme-heideseen\/wp-content\/uploads\/sites\/37\/baumPflanzung-BaumdesJahres2024-d-620x465.jpg 620w, https:\/\/www.naturparkmagazin.de\/dahme-heideseen\/wp-content\/uploads\/sites\/37\/baumPflanzung-BaumdesJahres2024-d-300x225.jpg 300w, https:\/\/www.naturparkmagazin.de\/dahme-heideseen\/wp-content\/uploads\/sites\/37\/baumPflanzung-BaumdesJahres2024-d-580x435.jpg 580w, https:\/\/www.naturparkmagazin.de\/dahme-heideseen\/wp-content\/uploads\/sites\/37\/baumPflanzung-BaumdesJahres2024-d-420x315.jpg 420w, https:\/\/www.naturparkmagazin.de\/dahme-heideseen\/wp-content\/uploads\/sites\/37\/baumPflanzung-BaumdesJahres2024-d-180x135.jpg 180w, https:\/\/www.naturparkmagazin.de\/dahme-heideseen\/wp-content\/uploads\/sites\/37\/baumPflanzung-BaumdesJahres2024-d-95x71.jpg 95w, https:\/\/www.naturparkmagazin.de\/dahme-heideseen\/wp-content\/uploads\/sites\/37\/baumPflanzung-BaumdesJahres2024-d-670x503.jpg 670w, https:\/\/www.naturparkmagazin.de\/dahme-heideseen\/wp-content\/uploads\/sites\/37\/baumPflanzung-BaumdesJahres2024-d-200x150.jpg 200w, https:\/\/www.naturparkmagazin.de\/dahme-heideseen\/wp-content\/uploads\/sites\/37\/baumPflanzung-BaumdesJahres2024-d.jpg 934w\" sizes=\"(max-width: 620px) 100vw, 620px\" \/><\/a><p id=\"caption-attachment-5994\" class=\"wp-caption-text\">Pflanzung der Mehlbeere-B\u00e4ume (\u00a9 Carsten Preu\u00df)<\/p><\/div>\n<p>Mit der Echten Mehlbeere (Sorbus aria) wurde ein heimischer Laubbaum zum Baum des Jahres gew\u00e4hlt, den viele Menschen vermutlich noch gar nicht kennen. Auch f\u00fcr die Holzverwertung spielt diese Baumart gegen\u00fcber anderen Laubb\u00e4umen wie Eiche, Buche, Ahorn, Esche oder Linde eine Nebenrolle. Und mit Baumh\u00f6hen von maximal 15 \u2013 20 Metern ist die Mehlbeere vergleichsweise eher ein Zwerg \u2013 wald\u00f6kologisch hingegen ist sie ein wahrer Riese! Denn insbesondere f\u00fcr den Waldnaturschutz ist die Mehlbeere extrem wertvoll. Sie kann ein Alter von 150 \u2013 200 Jahren erreichen.<\/p>\n<p>&nbsp;<\/p>\n<p>Die lichtliebende Mehlbeere ist nach der letzten Eiszeit \u00fcber das s\u00fcd\u00f6stliche Europa eingewandert. Die Verbreitung ihrer Fr\u00fcchte durch V\u00f6gel und ihre Vorliebe f\u00fcr lichte und sonnige Standorte macht sie zu einem Pionierbaum.<\/p>\n<p>Die Fr\u00fcchte der Mehlbeere werden gewohnheitsm\u00e4\u00dfig Beeren genannt. Klein wie Beeren sind sie auch, und au\u00dferdem f\u00fchrt auch nicht nur die Mehlbeere selbst, sondern auch einige weitere nahverwandte Baumarten die \u201aBeere\u2019 in ihrem Namen: Elsbeere oder Vogelbeere. Doch botanisch korrekt w\u00e4re es, die Fr\u00fcchte als Apfelfr\u00fcchte zu bezeichnen. Denn wie beim Apfel, der ebenfalls zur n\u00e4heren Verwandtschaft der Mehlbeere geh\u00f6rt, ist die eigentliche Frucht lediglich das sogenannte Kerngeh\u00e4use.<\/p>\n<p>&nbsp;<\/p>\n<p>Die Entstehung des Namens Mehlbeere ist nicht eindeutig belegt. Neben dem mehligen Geschmack der Fr\u00fcchte sollen auch die bemehlt aussehenden jungen Triebe und Blattunterseiten oder auch die Beimischung getrockneter Mehlbeerenfr\u00fcchte zur Streckung von Mehl in Notzeiten zur Namensgebung beigetragen haben.<\/p>\n<p>&nbsp;<\/p>\n<p>Der Tag des Baumes wird in Deutschland immer am 25. April begangen. Zum ersten Mal fand der Gedenktag 1952 statt. In Deutschland bestimmt die Baumsorte seit 1989 die \u201eBaum des Jahres \u2013 Dr. Silvius Wodarz Stiftung\u201c mit ihrem Fachbeirat, dem \u201eKuratorium Baum des Jahres\u201c, im Oktober f\u00fcr das darauffolgende Jahr.<\/p>\n<p>&nbsp;<\/p>\n","protected":false},"excerpt":{"rendered":"<p>Anl\u00e4sslich des bundesweiten Tag des Baumes wurden auf dem Truppen\u00fcbungsplatz in Storkow drei Mehlbeeren gepflanzt. Die Echte Mehlbeere ist Baum des Jahres 2024.<\/p>\n","protected":false},"author":83,"featured_media":5994,"comment_status":"open","ping_status":"open","sticky":false,"template":"","format":"standard","meta":[],"categories":[7],"tags":[],"yoast_head":"<!-- This site is optimized with the Yoast SEO plugin v19.10 - https:\/\/yoast.com\/wordpress\/plugins\/seo\/ -->\n<title>Mehlbeere, Baum der Zukunft, auf dem Truppen\u00fcbungsplatz Storkow gepflanzt! - Naturpark Dahme-Heideseen<\/title>\n<meta name=\"robots\" content=\"index, follow, max-snippet:-1, max-image-preview:large, max-video-preview:-1\" \/>\n<link rel=\"canonical\" href=\"https:\/\/www.naturparkmagazin.de\/dahme-heideseen\/mehlbeere-baum-der-zukunft-auf-dem-truppenuebungsplatz-storkow-gepflanzt\/\" \/>\n<meta property=\"og:locale\" content=\"de_DE\" \/>\n<meta property=\"og:type\" content=\"article\" \/>\n<meta property=\"og:title\" content=\"Mehlbeere, Baum der Zukunft, auf dem Truppen\u00fcbungsplatz Storkow gepflanzt! - Naturpark Dahme-Heideseen\" \/>\n<meta property=\"og:description\" content=\"Anl\u00e4sslich des bundesweiten Tag des Baumes wurden auf dem Truppen\u00fcbungsplatz in Storkow drei Mehlbeeren gepflanzt. Die Echte Mehlbeere ist Baum des Jahres 2024.\" \/>\n<meta property=\"og:url\" content=\"https:\/\/www.naturparkmagazin.de\/dahme-heideseen\/mehlbeere-baum-der-zukunft-auf-dem-truppenuebungsplatz-storkow-gepflanzt\/\" \/>\n<meta property=\"og:site_name\" content=\"Naturpark Dahme-Heideseen\" \/>\n<meta property=\"article:published_time\" content=\"2024-04-20T11:34:15+00:00\" \/>\n<meta property=\"article:modified_time\" content=\"2024-04-26T11:35:08+00:00\" \/>\n<meta property=\"og:image\" content=\"https:\/\/www.naturparkmagazin.de\/dahme-heideseen\/wp-content\/uploads\/sites\/37\/baumPflanzung-BaumdesJahres2024-d.jpg\" \/>\n\t<meta property=\"og:image:width\" content=\"934\" \/>\n\t<meta property=\"og:image:height\" content=\"701\" \/>\n\t<meta property=\"og:image:type\" content=\"image\/jpeg\" \/>\n<meta name=\"author\" content=\"Astrid Osenbr\u00fcck\" \/>\n<meta name=\"twitter:label1\" content=\"Verfasst von\" \/>\n\t<meta name=\"twitter:data1\" content=\"Astrid Osenbr\u00fcck\" \/>\n\t<meta name=\"twitter:label2\" content=\"Gesch\u00e4tzte Lesezeit\" \/>\n\t<meta name=\"twitter:data2\" content=\"3\u00a0Minuten\" \/>\n<script type=\"application\/ld+json\" class=\"yoast-schema-graph\">{\"@context\":\"https:\/\/schema.org\",\"@graph\":[{\"@type\":\"WebPage\",\"@id\":\"https:\/\/www.naturparkmagazin.de\/dahme-heideseen\/mehlbeere-baum-der-zukunft-auf-dem-truppenuebungsplatz-storkow-gepflanzt\/\",\"url\":\"https:\/\/www.naturparkmagazin.de\/dahme-heideseen\/mehlbeere-baum-der-zukunft-auf-dem-truppenuebungsplatz-storkow-gepflanzt\/\",\"name\":\"Mehlbeere, Baum der Zukunft, auf dem Truppen\u00fcbungsplatz Storkow gepflanzt! - Naturpark Dahme-Heideseen\",\"isPartOf\":{\"@id\":\"https:\/\/www.naturparkmagazin.de\/dahme-heideseen\/#website\"},\"datePublished\":\"2024-04-20T11:34:15+00:00\",\"dateModified\":\"2024-04-26T11:35:08+00:00\",\"author\":{\"@id\":\"https:\/\/www.naturparkmagazin.de\/dahme-heideseen\/#\/schema\/person\/a0510aafafdf8183c95fc98faf0c9f21\"},\"breadcrumb\":{\"@id\":\"https:\/\/www.naturparkmagazin.de\/dahme-heideseen\/mehlbeere-baum-der-zukunft-auf-dem-truppenuebungsplatz-storkow-gepflanzt\/#breadcrumb\"},\"inLanguage\":\"de\",\"potentialAction\":[{\"@type\":\"ReadAction\",\"target\":[\"https:\/\/www.naturparkmagazin.de\/dahme-heideseen\/mehlbeere-baum-der-zukunft-auf-dem-truppenuebungsplatz-storkow-gepflanzt\/\"]}]},{\"@type\":\"BreadcrumbList\",\"@id\":\"https:\/\/www.naturparkmagazin.de\/dahme-heideseen\/mehlbeere-baum-der-zukunft-auf-dem-truppenuebungsplatz-storkow-gepflanzt\/#breadcrumb\",\"itemListElement\":[{\"@type\":\"ListItem\",\"position\":1,\"name\":\"Home\",\"item\":\"https:\/\/www.naturparkmagazin.de\/dahme-heideseen\/\"},{\"@type\":\"ListItem\",\"position\":2,\"name\":\"Mehlbeere, Baum der Zukunft, auf dem Truppen\u00fcbungsplatz Storkow gepflanzt!\"}]},{\"@type\":\"WebSite\",\"@id\":\"https:\/\/www.naturparkmagazin.de\/dahme-heideseen\/#website\",\"url\":\"https:\/\/www.naturparkmagazin.de\/dahme-heideseen\/\",\"name\":\"Naturpark Dahme-Heideseen\",\"description\":\"\",\"potentialAction\":[{\"@type\":\"SearchAction\",\"target\":{\"@type\":\"EntryPoint\",\"urlTemplate\":\"https:\/\/www.naturparkmagazin.de\/dahme-heideseen\/?s={search_term_string}\"},\"query-input\":\"required name=search_term_string\"}],\"inLanguage\":\"de\"},{\"@type\":\"Person\",\"@id\":\"https:\/\/www.naturparkmagazin.de\/dahme-heideseen\/#\/schema\/person\/a0510aafafdf8183c95fc98faf0c9f21\",\"name\":\"Astrid Osenbr\u00fcck\",\"sameAs\":[\"http:\/\/www.dahme-heideseen-naturpark.de\"],\"url\":\"https:\/\/www.naturparkmagazin.de\/dahme-heideseen\/author\/astridosenbrueck\/\"}]}<\/script>\n<!-- \/ Yoast SEO plugin. -->","yoast_head_json":{"title":"Mehlbeere, Baum der Zukunft, auf dem Truppen\u00fcbungsplatz Storkow gepflanzt! - Naturpark Dahme-Heideseen","robots":{"index":"index","follow":"follow","max-snippet":"max-snippet:-1","max-image-preview":"max-image-preview:large","max-video-preview":"max-video-preview:-1"},"canonical":"https:\/\/www.naturparkmagazin.de\/dahme-heideseen\/mehlbeere-baum-der-zukunft-auf-dem-truppenuebungsplatz-storkow-gepflanzt\/","og_locale":"de_DE","og_type":"article","og_title":"Mehlbeere, Baum der Zukunft, auf dem Truppen\u00fcbungsplatz Storkow gepflanzt! - Naturpark Dahme-Heideseen","og_description":"Anl\u00e4sslich des bundesweiten Tag des Baumes wurden auf dem Truppen\u00fcbungsplatz in Storkow drei Mehlbeeren gepflanzt. Die Echte Mehlbeere ist Baum des Jahres 2024.","og_url":"https:\/\/www.naturparkmagazin.de\/dahme-heideseen\/mehlbeere-baum-der-zukunft-auf-dem-truppenuebungsplatz-storkow-gepflanzt\/","og_site_name":"Naturpark Dahme-Heideseen","article_published_time":"2024-04-20T11:34:15+00:00","article_modified_time":"2024-04-26T11:35:08+00:00","og_image":[{"width":934,"height":701,"url":"https:\/\/www.naturparkmagazin.de\/dahme-heideseen\/wp-content\/uploads\/sites\/37\/baumPflanzung-BaumdesJahres2024-d.jpg","type":"image\/jpeg"}],"author":"Astrid Osenbr\u00fcck","twitter_misc":{"Verfasst von":"Astrid Osenbr\u00fcck","Gesch\u00e4tzte Lesezeit":"3\u00a0Minuten"},"schema":{"@context":"https:\/\/schema.org","@graph":[{"@type":"WebPage","@id":"https:\/\/www.naturparkmagazin.de\/dahme-heideseen\/mehlbeere-baum-der-zukunft-auf-dem-truppenuebungsplatz-storkow-gepflanzt\/","url":"https:\/\/www.naturparkmagazin.de\/dahme-heideseen\/mehlbeere-baum-der-zukunft-auf-dem-truppenuebungsplatz-storkow-gepflanzt\/","name":"Mehlbeere, Baum der Zukunft, auf dem Truppen\u00fcbungsplatz Storkow gepflanzt! - Naturpark Dahme-Heideseen","isPartOf":{"@id":"https:\/\/www.naturparkmagazin.de\/dahme-heideseen\/#website"},"datePublished":"2024-04-20T11:34:15+00:00","dateModified":"2024-04-26T11:35:08+00:00","author":{"@id":"https:\/\/www.naturparkmagazin.de\/dahme-heideseen\/#\/schema\/person\/a0510aafafdf8183c95fc98faf0c9f21"},"breadcrumb":{"@id":"https:\/\/www.naturparkmagazin.de\/dahme-heideseen\/mehlbeere-baum-der-zukunft-auf-dem-truppenuebungsplatz-storkow-gepflanzt\/#breadcrumb"},"inLanguage":"de","potentialAction":[{"@type":"ReadAction","target":["https:\/\/www.naturparkmagazin.de\/dahme-heideseen\/mehlbeere-baum-der-zukunft-auf-dem-truppenuebungsplatz-storkow-gepflanzt\/"]}]},{"@type":"BreadcrumbList","@id":"https:\/\/www.naturparkmagazin.de\/dahme-heideseen\/mehlbeere-baum-der-zukunft-auf-dem-truppenuebungsplatz-storkow-gepflanzt\/#breadcrumb","itemListElement":[{"@type":"ListItem","position":1,"name":"Home","item":"https:\/\/www.naturparkmagazin.de\/dahme-heideseen\/"},{"@type":"ListItem","position":2,"name":"Mehlbeere, Baum der Zukunft, auf dem Truppen\u00fcbungsplatz Storkow gepflanzt!"}]},{"@type":"WebSite","@id":"https:\/\/www.naturparkmagazin.de\/dahme-heideseen\/#website","url":"https:\/\/www.naturparkmagazin.de\/dahme-heideseen\/","name":"Naturpark Dahme-Heideseen","description":"","potentialAction":[{"@type":"SearchAction","target":{"@type":"EntryPoint","urlTemplate":"https:\/\/www.naturparkmagazin.de\/dahme-heideseen\/?s={search_term_string}"},"query-input":"required name=search_term_string"}],"inLanguage":"de"},{"@type":"Person","@id":"https:\/\/www.naturparkmagazin.de\/dahme-heideseen\/#\/schema\/person\/a0510aafafdf8183c95fc98faf0c9f21","name":"Astrid Osenbr\u00fcck","sameAs":["http:\/\/www.dahme-heideseen-naturpark.de"],"url":"https:\/\/www.naturparkmagazin.de\/dahme-heideseen\/author\/astridosenbrueck\/"}]}},"_links":{"self":[{"href":"https:\/\/www.naturparkmagazin.de\/dahme-heideseen\/wp-json\/wp\/v2\/posts\/5992"}],"collection":[{"href":"https:\/\/www.naturparkmagazin.de\/dahme-heideseen\/wp-json\/wp\/v2\/posts"}],"about":[{"href":"https:\/\/www.naturparkmagazin.de\/dahme-heideseen\/wp-json\/wp\/v2\/types\/post"}],"author":[{"embeddable":true,"href":"https:\/\/www.naturparkmagazin.de\/dahme-heideseen\/wp-json\/wp\/v2\/users\/83"}],"replies":[{"embeddable":true,"href":"https:\/\/www.naturparkmagazin.de\/dahme-heideseen\/wp-json\/wp\/v2\/comments?post=5992"}],"version-history":[{"count":1,"href":"https:\/\/www.naturparkmagazin.de\/dahme-heideseen\/wp-json\/wp\/v2\/posts\/5992\/revisions"}],"predecessor-version":[{"id":5995,"href":"https:\/\/www.naturparkmagazin.de\/dahme-heideseen\/wp-json\/wp\/v2\/posts\/5992\/revisions\/5995"}],"wp:featuredmedia":[{"embeddable":true,"href":"https:\/\/www.naturparkmagazin.de\/dahme-heideseen\/wp-json\/wp\/v2\/media\/5994"}],"wp:attachment":[{"href":"https:\/\/www.naturparkmagazin.de\/dahme-heideseen\/wp-json\/wp\/v2\/media?parent=5992"}],"wp:term":[{"taxonomy":"category","embeddable":true,"href":"https:\/\/www.naturparkmagazin.de\/dahme-heideseen\/wp-json\/wp\/v2\/categories?post=5992"},{"taxonomy":"post_tag","embeddable":true,"href":"https:\/\/www.naturparkmagazin.de\/dahme-heideseen\/wp-json\/wp\/v2\/tags?post=5992"}],"curies":[{"name":"wp","href":"https:\/\/api.w.org\/{rel}","templated":true}]}}