{"id":604,"date":"2014-06-26T10:04:20","date_gmt":"2014-06-26T08:04:20","guid":{"rendered":"http:\/\/www.naturparkmagazin.de\/dahme-heideseen\/?p=604"},"modified":"2014-06-26T13:24:45","modified_gmt":"2014-06-26T11:24:45","slug":"ausstellungseroeffnung-unsere-wunderbare-insektenwelt","status":"publish","type":"post","link":"https:\/\/www.naturparkmagazin.de\/dahme-heideseen\/ausstellungseroeffnung-unsere-wunderbare-insektenwelt\/","title":{"rendered":"Ausstellungser\u00f6ffnung &#8222;Unsere wunderbare Insektenwelt&#8220; &#8211; gespiegelt im  Fotoformat von Anneli Kr\u00e4mer"},"content":{"rendered":"<p><!--more-->Freunde, G\u00e4ste und Bekannte sind eingeladen zu der Ausstellungser\u00f6ffnung: \u201eUnsere wunderbare Insektenwelt\u201c\u00a0 &#8211; Fotos von Anneli Kr\u00e4mer am 17. Juli 2014 um 16.30 Uhr in die RathausGalerie L\u00fcbbenau ( Spreewald).Wie ihre Freude an der fotografischen Widerspiegelung der Welt der Insekten geweckt wurde, wird Frau Anneli Kr\u00e4mer uns pers\u00f6nlich berichten. Schmetterlinge, Libellen, sp\u00e4ter auch der Hirschk\u00e4fer und viele andere einheimische Insekten wurden zu ihren Motiven. Heute ist Anneli Kr\u00e4mer Mitglied der Fachgruppe Entomologie beim Naturschutzbund\u00a0 und h\u00e4lt mit ihren Fotos in Berlin und Brandenburg Vortr\u00e4ge f\u00fcr Kinder und\u00a0 Erwachsene.\u00a0 Kindereinrichtungen und Gruppen k\u00f6nnen sich gerne f\u00fcr eine F\u00fchrung unter der Telefonnummer\u00a0 03542 85 102 anmelden.\nDie\u00a0 Exponate sind bis 05. September 2014 wochentags zu den \u00d6ffnungszeiten der Stadtverwaltung zu besichtigen.<\/p>\n<div id=\"attachment_605\" style=\"width: 630px\" class=\"wp-caption aligncenter\"><a href=\"https:\/\/www.naturparkmagazin.de\/dahme-heideseen\/wp-content\/uploads\/sites\/37\/Schwalbenschwanz_Kraemer.jpg\"><img aria-describedby=\"caption-attachment-605\" decoding=\"async\" loading=\"lazy\" class=\"size-medium wp-image-605\" alt=\"Schwalbenschwanz Foto: Anneli Kr\u00e4mer\" src=\"https:\/\/www.naturparkmagazin.de\/dahme-heideseen\/wp-content\/uploads\/sites\/37\/Schwalbenschwanz_Kraemer-620x454.jpg\" width=\"620\" height=\"454\" srcset=\"https:\/\/www.naturparkmagazin.de\/dahme-heideseen\/wp-content\/uploads\/sites\/37\/Schwalbenschwanz_Kraemer-620x454.jpg 620w, https:\/\/www.naturparkmagazin.de\/dahme-heideseen\/wp-content\/uploads\/sites\/37\/Schwalbenschwanz_Kraemer-300x220.jpg 300w, https:\/\/www.naturparkmagazin.de\/dahme-heideseen\/wp-content\/uploads\/sites\/37\/Schwalbenschwanz_Kraemer-95x71.jpg 95w, https:\/\/www.naturparkmagazin.de\/dahme-heideseen\/wp-content\/uploads\/sites\/37\/Schwalbenschwanz_Kraemer-670x491.jpg 670w, https:\/\/www.naturparkmagazin.de\/dahme-heideseen\/wp-content\/uploads\/sites\/37\/Schwalbenschwanz_Kraemer-200x147.jpg 200w, https:\/\/www.naturparkmagazin.de\/dahme-heideseen\/wp-content\/uploads\/sites\/37\/Schwalbenschwanz_Kraemer.jpg 853w\" sizes=\"(max-width: 620px) 100vw, 620px\" \/><\/a><p id=\"caption-attachment-605\" class=\"wp-caption-text\">Schwalbenschwanz Foto: Anneli Kr\u00e4mer<\/p><\/div>\n<p>Viele der Aufnahmen von Anneli Kr\u00e4mer stammen aus der Region des Naturparks Dahme-Heideseen<\/p>\n<p><a title=\"Naturfoto Anneli Kr\u00e4mer\" href=\"http:\/\/www.fotocommunity.de\/fotografin\/anneli-kraemer\/434388\" target=\"_blank\">Naturfotos von Anneli Kr\u00e4mer<\/a><\/p>\n<p>&nbsp;<\/p>\n<p>&nbsp;<\/p>\n","protected":false},"excerpt":{"rendered":"","protected":false},"author":48,"featured_media":605,"comment_status":"open","ping_status":"open","sticky":false,"template":"","format":"standard","meta":[],"categories":[11],"tags":[],"yoast_head":"<!-- This site is optimized with the Yoast SEO plugin v19.10 - https:\/\/yoast.com\/wordpress\/plugins\/seo\/ -->\n<title>Ausstellungser\u00f6ffnung &quot;Unsere wunderbare Insektenwelt&quot; - gespiegelt im Fotoformat von Anneli Kr\u00e4mer  - Naturpark Dahme-Heideseen<\/title>\n<meta name=\"robots\" content=\"index, follow, max-snippet:-1, max-image-preview:large, max-video-preview:-1\" \/>\n<link rel=\"canonical\" href=\"https:\/\/www.naturparkmagazin.de\/dahme-heideseen\/ausstellungseroeffnung-unsere-wunderbare-insektenwelt\/\" \/>\n<meta property=\"og:locale\" content=\"de_DE\" \/>\n<meta property=\"og:type\" content=\"article\" \/>\n<meta property=\"og:title\" content=\"Ausstellungser\u00f6ffnung &quot;Unsere wunderbare Insektenwelt&quot; - gespiegelt im Fotoformat von Anneli Kr\u00e4mer  - Naturpark Dahme-Heideseen\" \/>\n<meta property=\"og:url\" content=\"https:\/\/www.naturparkmagazin.de\/dahme-heideseen\/ausstellungseroeffnung-unsere-wunderbare-insektenwelt\/\" \/>\n<meta property=\"og:site_name\" content=\"Naturpark Dahme-Heideseen\" \/>\n<meta property=\"article:published_time\" content=\"2014-06-26T08:04:20+00:00\" \/>\n<meta property=\"article:modified_time\" content=\"2014-06-26T11:24:45+00:00\" \/>\n<meta property=\"og:image\" content=\"https:\/\/www.naturparkmagazin.de\/dahme-heideseen\/wp-content\/uploads\/sites\/37\/Schwalbenschwanz_Kraemer.jpg\" \/>\n\t<meta property=\"og:image:width\" content=\"853\" \/>\n\t<meta property=\"og:image:height\" content=\"625\" \/>\n\t<meta property=\"og:image:type\" content=\"image\/jpeg\" \/>\n<meta name=\"author\" content=\"hanssonnenberg\" \/>\n<meta name=\"twitter:label1\" content=\"Verfasst von\" \/>\n\t<meta name=\"twitter:data1\" content=\"hanssonnenberg\" \/>\n\t<meta name=\"twitter:label2\" content=\"Gesch\u00e4tzte Lesezeit\" \/>\n\t<meta name=\"twitter:data2\" content=\"1\u00a0Minute\" \/>\n<script type=\"application\/ld+json\" class=\"yoast-schema-graph\">{\"@context\":\"https:\/\/schema.org\",\"@graph\":[{\"@type\":\"WebPage\",\"@id\":\"https:\/\/www.naturparkmagazin.de\/dahme-heideseen\/ausstellungseroeffnung-unsere-wunderbare-insektenwelt\/\",\"url\":\"https:\/\/www.naturparkmagazin.de\/dahme-heideseen\/ausstellungseroeffnung-unsere-wunderbare-insektenwelt\/\",\"name\":\"Ausstellungser\u00f6ffnung \\\"Unsere wunderbare Insektenwelt\\\" - gespiegelt im Fotoformat von Anneli Kr\u00e4mer - Naturpark Dahme-Heideseen\",\"isPartOf\":{\"@id\":\"https:\/\/www.naturparkmagazin.de\/dahme-heideseen\/#website\"},\"datePublished\":\"2014-06-26T08:04:20+00:00\",\"dateModified\":\"2014-06-26T11:24:45+00:00\",\"author\":{\"@id\":\"https:\/\/www.naturparkmagazin.de\/dahme-heideseen\/#\/schema\/person\/c81c96c3a1f5ee7bffff8b8022c105f0\"},\"breadcrumb\":{\"@id\":\"https:\/\/www.naturparkmagazin.de\/dahme-heideseen\/ausstellungseroeffnung-unsere-wunderbare-insektenwelt\/#breadcrumb\"},\"inLanguage\":\"de\",\"potentialAction\":[{\"@type\":\"ReadAction\",\"target\":[\"https:\/\/www.naturparkmagazin.de\/dahme-heideseen\/ausstellungseroeffnung-unsere-wunderbare-insektenwelt\/\"]}]},{\"@type\":\"BreadcrumbList\",\"@id\":\"https:\/\/www.naturparkmagazin.de\/dahme-heideseen\/ausstellungseroeffnung-unsere-wunderbare-insektenwelt\/#breadcrumb\",\"itemListElement\":[{\"@type\":\"ListItem\",\"position\":1,\"name\":\"Home\",\"item\":\"https:\/\/www.naturparkmagazin.de\/dahme-heideseen\/\"},{\"@type\":\"ListItem\",\"position\":2,\"name\":\"Ausstellungser\u00f6ffnung &#8222;Unsere wunderbare Insektenwelt&#8220; &#8211; gespiegelt im Fotoformat von Anneli Kr\u00e4mer\"}]},{\"@type\":\"WebSite\",\"@id\":\"https:\/\/www.naturparkmagazin.de\/dahme-heideseen\/#website\",\"url\":\"https:\/\/www.naturparkmagazin.de\/dahme-heideseen\/\",\"name\":\"Naturpark Dahme-Heideseen\",\"description\":\"\",\"potentialAction\":[{\"@type\":\"SearchAction\",\"target\":{\"@type\":\"EntryPoint\",\"urlTemplate\":\"https:\/\/www.naturparkmagazin.de\/dahme-heideseen\/?s={search_term_string}\"},\"query-input\":\"required name=search_term_string\"}],\"inLanguage\":\"de\"},{\"@type\":\"Person\",\"@id\":\"https:\/\/www.naturparkmagazin.de\/dahme-heideseen\/#\/schema\/person\/c81c96c3a1f5ee7bffff8b8022c105f0\",\"name\":\"hanssonnenberg\",\"url\":\"https:\/\/www.naturparkmagazin.de\/dahme-heideseen\/author\/hanssonnenberg\/\"}]}<\/script>\n<!-- \/ Yoast SEO plugin. -->","yoast_head_json":{"title":"Ausstellungser\u00f6ffnung \"Unsere wunderbare Insektenwelt\" - gespiegelt im Fotoformat von Anneli Kr\u00e4mer  - Naturpark Dahme-Heideseen","robots":{"index":"index","follow":"follow","max-snippet":"max-snippet:-1","max-image-preview":"max-image-preview:large","max-video-preview":"max-video-preview:-1"},"canonical":"https:\/\/www.naturparkmagazin.de\/dahme-heideseen\/ausstellungseroeffnung-unsere-wunderbare-insektenwelt\/","og_locale":"de_DE","og_type":"article","og_title":"Ausstellungser\u00f6ffnung \"Unsere wunderbare Insektenwelt\" - gespiegelt im Fotoformat von Anneli Kr\u00e4mer  - Naturpark Dahme-Heideseen","og_url":"https:\/\/www.naturparkmagazin.de\/dahme-heideseen\/ausstellungseroeffnung-unsere-wunderbare-insektenwelt\/","og_site_name":"Naturpark Dahme-Heideseen","article_published_time":"2014-06-26T08:04:20+00:00","article_modified_time":"2014-06-26T11:24:45+00:00","og_image":[{"width":853,"height":625,"url":"https:\/\/www.naturparkmagazin.de\/dahme-heideseen\/wp-content\/uploads\/sites\/37\/Schwalbenschwanz_Kraemer.jpg","type":"image\/jpeg"}],"author":"hanssonnenberg","twitter_misc":{"Verfasst von":"hanssonnenberg","Gesch\u00e4tzte Lesezeit":"1\u00a0Minute"},"schema":{"@context":"https:\/\/schema.org","@graph":[{"@type":"WebPage","@id":"https:\/\/www.naturparkmagazin.de\/dahme-heideseen\/ausstellungseroeffnung-unsere-wunderbare-insektenwelt\/","url":"https:\/\/www.naturparkmagazin.de\/dahme-heideseen\/ausstellungseroeffnung-unsere-wunderbare-insektenwelt\/","name":"Ausstellungser\u00f6ffnung \"Unsere wunderbare Insektenwelt\" - gespiegelt im Fotoformat von Anneli Kr\u00e4mer - Naturpark Dahme-Heideseen","isPartOf":{"@id":"https:\/\/www.naturparkmagazin.de\/dahme-heideseen\/#website"},"datePublished":"2014-06-26T08:04:20+00:00","dateModified":"2014-06-26T11:24:45+00:00","author":{"@id":"https:\/\/www.naturparkmagazin.de\/dahme-heideseen\/#\/schema\/person\/c81c96c3a1f5ee7bffff8b8022c105f0"},"breadcrumb":{"@id":"https:\/\/www.naturparkmagazin.de\/dahme-heideseen\/ausstellungseroeffnung-unsere-wunderbare-insektenwelt\/#breadcrumb"},"inLanguage":"de","potentialAction":[{"@type":"ReadAction","target":["https:\/\/www.naturparkmagazin.de\/dahme-heideseen\/ausstellungseroeffnung-unsere-wunderbare-insektenwelt\/"]}]},{"@type":"BreadcrumbList","@id":"https:\/\/www.naturparkmagazin.de\/dahme-heideseen\/ausstellungseroeffnung-unsere-wunderbare-insektenwelt\/#breadcrumb","itemListElement":[{"@type":"ListItem","position":1,"name":"Home","item":"https:\/\/www.naturparkmagazin.de\/dahme-heideseen\/"},{"@type":"ListItem","position":2,"name":"Ausstellungser\u00f6ffnung &#8222;Unsere wunderbare Insektenwelt&#8220; &#8211; gespiegelt im Fotoformat von Anneli Kr\u00e4mer"}]},{"@type":"WebSite","@id":"https:\/\/www.naturparkmagazin.de\/dahme-heideseen\/#website","url":"https:\/\/www.naturparkmagazin.de\/dahme-heideseen\/","name":"Naturpark Dahme-Heideseen","description":"","potentialAction":[{"@type":"SearchAction","target":{"@type":"EntryPoint","urlTemplate":"https:\/\/www.naturparkmagazin.de\/dahme-heideseen\/?s={search_term_string}"},"query-input":"required name=search_term_string"}],"inLanguage":"de"},{"@type":"Person","@id":"https:\/\/www.naturparkmagazin.de\/dahme-heideseen\/#\/schema\/person\/c81c96c3a1f5ee7bffff8b8022c105f0","name":"hanssonnenberg","url":"https:\/\/www.naturparkmagazin.de\/dahme-heideseen\/author\/hanssonnenberg\/"}]}},"_links":{"self":[{"href":"https:\/\/www.naturparkmagazin.de\/dahme-heideseen\/wp-json\/wp\/v2\/posts\/604"}],"collection":[{"href":"https:\/\/www.naturparkmagazin.de\/dahme-heideseen\/wp-json\/wp\/v2\/posts"}],"about":[{"href":"https:\/\/www.naturparkmagazin.de\/dahme-heideseen\/wp-json\/wp\/v2\/types\/post"}],"author":[{"embeddable":true,"href":"https:\/\/www.naturparkmagazin.de\/dahme-heideseen\/wp-json\/wp\/v2\/users\/48"}],"replies":[{"embeddable":true,"href":"https:\/\/www.naturparkmagazin.de\/dahme-heideseen\/wp-json\/wp\/v2\/comments?post=604"}],"version-history":[{"count":4,"href":"https:\/\/www.naturparkmagazin.de\/dahme-heideseen\/wp-json\/wp\/v2\/posts\/604\/revisions"}],"predecessor-version":[{"id":610,"href":"https:\/\/www.naturparkmagazin.de\/dahme-heideseen\/wp-json\/wp\/v2\/posts\/604\/revisions\/610"}],"wp:featuredmedia":[{"embeddable":true,"href":"https:\/\/www.naturparkmagazin.de\/dahme-heideseen\/wp-json\/wp\/v2\/media\/605"}],"wp:attachment":[{"href":"https:\/\/www.naturparkmagazin.de\/dahme-heideseen\/wp-json\/wp\/v2\/media?parent=604"}],"wp:term":[{"taxonomy":"category","embeddable":true,"href":"https:\/\/www.naturparkmagazin.de\/dahme-heideseen\/wp-json\/wp\/v2\/categories?post=604"},{"taxonomy":"post_tag","embeddable":true,"href":"https:\/\/www.naturparkmagazin.de\/dahme-heideseen\/wp-json\/wp\/v2\/tags?post=604"}],"curies":[{"name":"wp","href":"https:\/\/api.w.org\/{rel}","templated":true}]}}