{"id":6167,"date":"2024-06-17T11:49:13","date_gmt":"2024-06-17T09:49:13","guid":{"rendered":"https:\/\/www.naturparkmagazin.de\/dahme-heideseen\/?p=6167"},"modified":"2024-06-24T12:07:14","modified_gmt":"2024-06-24T10:07:14","slug":"sommer-entdecker-ferienprogramm","status":"publish","type":"post","link":"https:\/\/www.naturparkmagazin.de\/dahme-heideseen\/sommer-entdecker-ferienprogramm\/","title":{"rendered":"Sommer-Entdecker-Ferienprogramm: Stockparade"},"content":{"rendered":"<p class=\"tiny_p tinyp\"><strong><u>Stockparade mit Taschenmesser-F\u00fchrerschein<\/u><\/strong><\/p>\n<p class=\"tiny_p tinyp\">Lernt mit Kr\u00e4uterp\u00e4dagogin Regina Jubitz den sicheren Umgang mit dem Taschenmesser und schnitzt Eure eigenen Stock-Werke. Wer bereits ein eigenes Taschenmesser hat, bringt dies am besten mit.\n6-12 Jahre | Burg Storkow | 4 \u20ac<\/p>\n<p><u>Allgemeine Informationen:<\/u>\nDer Treffpunkt f\u00fcr die Veranstaltungen ist, wenn nicht anders angegeben, die Burg Storkow (Innenhof). Bitte melden Sie Ihr Kind im Voraus an (033678-73108 o. <a href=\"mailto:besucherzentrum@storkow.de\">besucherzentrum@storkow.de<\/a> ), da die Teilnehmerzahl begrenzt ist. Sollte Ihr Kind doch nicht teilnehmen k\u00f6nnen, bitten wir Sie, uns dar\u00fcber zu informieren. So steht dieser Platz wieder einem anderen Kind zur Verf\u00fcgung. Die Veranstaltungen finden<strong><u> ohne die Eltern statt.<\/u><\/strong> F\u00fcr die Exkursionen ben\u00f6tigen die Kinder au\u00dferdem Proviant und angemessene Kleidung.\nDer Dalli-Bus kann die Ferienkinder herbringen und auch wieder nach Hause fahren.<\/p>\n<p>&nbsp;<\/p>\n<p><strong><a href=\"https:\/\/www.naturparkmagazin.de\/dahme-heideseen\/wp-content\/uploads\/sites\/37\/2024_Sommerferienprogramm.pdf\">Das gesamte Sommerferienprogramm 2024<\/a><\/strong><\/p>\n<p><a href=\"https:\/\/www.storkow-mark.de\/umweltbildung\">Weiterf\u00fchrende Informationen&#8230;<\/a><\/p>\n<p>&nbsp;<\/p>\n","protected":false},"excerpt":{"rendered":"<p>Lernt mit Kr\u00e4uterp\u00e4dagogin Regina Jubitz den sicheren Umgang mit dem Taschenmesser und schnitzt Eure eigenen Stock-Werke.<\/p>\n","protected":false},"author":83,"featured_media":6168,"comment_status":"open","ping_status":"open","sticky":false,"template":"","format":"standard","meta":[],"categories":[11],"tags":[],"yoast_head":"<!-- This site is optimized with the Yoast SEO plugin v19.10 - https:\/\/yoast.com\/wordpress\/plugins\/seo\/ -->\n<title>Sommer-Entdecker-Ferienprogramm: Stockparade - Naturpark Dahme-Heideseen<\/title>\n<meta name=\"robots\" content=\"index, follow, max-snippet:-1, max-image-preview:large, max-video-preview:-1\" \/>\n<link rel=\"canonical\" href=\"https:\/\/www.naturparkmagazin.de\/dahme-heideseen\/sommer-entdecker-ferienprogramm\/\" \/>\n<meta property=\"og:locale\" content=\"de_DE\" \/>\n<meta property=\"og:type\" content=\"article\" \/>\n<meta property=\"og:title\" content=\"Sommer-Entdecker-Ferienprogramm: Stockparade - Naturpark Dahme-Heideseen\" \/>\n<meta property=\"og:description\" content=\"Lernt mit Kr\u00e4uterp\u00e4dagogin Regina Jubitz den sicheren Umgang mit dem Taschenmesser und schnitzt Eure eigenen Stock-Werke.\" \/>\n<meta property=\"og:url\" content=\"https:\/\/www.naturparkmagazin.de\/dahme-heideseen\/sommer-entdecker-ferienprogramm\/\" \/>\n<meta property=\"og:site_name\" content=\"Naturpark Dahme-Heideseen\" \/>\n<meta property=\"article:published_time\" content=\"2024-06-17T09:49:13+00:00\" \/>\n<meta property=\"article:modified_time\" content=\"2024-06-24T10:07:14+00:00\" \/>\n<meta property=\"og:image\" content=\"https:\/\/www.naturparkmagazin.de\/dahme-heideseen\/wp-content\/uploads\/sites\/37\/IMG-20211013-WA0025_web-design-2.jpg\" \/>\n\t<meta property=\"og:image:width\" content=\"1920\" \/>\n\t<meta property=\"og:image:height\" content=\"1440\" \/>\n\t<meta property=\"og:image:type\" content=\"image\/jpeg\" \/>\n<meta name=\"author\" content=\"Astrid Osenbr\u00fcck\" \/>\n<meta name=\"twitter:label1\" content=\"Verfasst von\" \/>\n\t<meta name=\"twitter:data1\" content=\"Astrid Osenbr\u00fcck\" \/>\n\t<meta name=\"twitter:label2\" content=\"Gesch\u00e4tzte Lesezeit\" \/>\n\t<meta name=\"twitter:data2\" content=\"1\u00a0Minute\" \/>\n<script type=\"application\/ld+json\" class=\"yoast-schema-graph\">{\"@context\":\"https:\/\/schema.org\",\"@graph\":[{\"@type\":\"WebPage\",\"@id\":\"https:\/\/www.naturparkmagazin.de\/dahme-heideseen\/sommer-entdecker-ferienprogramm\/\",\"url\":\"https:\/\/www.naturparkmagazin.de\/dahme-heideseen\/sommer-entdecker-ferienprogramm\/\",\"name\":\"Sommer-Entdecker-Ferienprogramm: Stockparade - Naturpark Dahme-Heideseen\",\"isPartOf\":{\"@id\":\"https:\/\/www.naturparkmagazin.de\/dahme-heideseen\/#website\"},\"datePublished\":\"2024-06-17T09:49:13+00:00\",\"dateModified\":\"2024-06-24T10:07:14+00:00\",\"author\":{\"@id\":\"https:\/\/www.naturparkmagazin.de\/dahme-heideseen\/#\/schema\/person\/a0510aafafdf8183c95fc98faf0c9f21\"},\"breadcrumb\":{\"@id\":\"https:\/\/www.naturparkmagazin.de\/dahme-heideseen\/sommer-entdecker-ferienprogramm\/#breadcrumb\"},\"inLanguage\":\"de\",\"potentialAction\":[{\"@type\":\"ReadAction\",\"target\":[\"https:\/\/www.naturparkmagazin.de\/dahme-heideseen\/sommer-entdecker-ferienprogramm\/\"]}]},{\"@type\":\"BreadcrumbList\",\"@id\":\"https:\/\/www.naturparkmagazin.de\/dahme-heideseen\/sommer-entdecker-ferienprogramm\/#breadcrumb\",\"itemListElement\":[{\"@type\":\"ListItem\",\"position\":1,\"name\":\"Home\",\"item\":\"https:\/\/www.naturparkmagazin.de\/dahme-heideseen\/\"},{\"@type\":\"ListItem\",\"position\":2,\"name\":\"Sommer-Entdecker-Ferienprogramm: Stockparade\"}]},{\"@type\":\"WebSite\",\"@id\":\"https:\/\/www.naturparkmagazin.de\/dahme-heideseen\/#website\",\"url\":\"https:\/\/www.naturparkmagazin.de\/dahme-heideseen\/\",\"name\":\"Naturpark Dahme-Heideseen\",\"description\":\"\",\"potentialAction\":[{\"@type\":\"SearchAction\",\"target\":{\"@type\":\"EntryPoint\",\"urlTemplate\":\"https:\/\/www.naturparkmagazin.de\/dahme-heideseen\/?s={search_term_string}\"},\"query-input\":\"required name=search_term_string\"}],\"inLanguage\":\"de\"},{\"@type\":\"Person\",\"@id\":\"https:\/\/www.naturparkmagazin.de\/dahme-heideseen\/#\/schema\/person\/a0510aafafdf8183c95fc98faf0c9f21\",\"name\":\"Astrid Osenbr\u00fcck\",\"sameAs\":[\"http:\/\/www.dahme-heideseen-naturpark.de\"],\"url\":\"https:\/\/www.naturparkmagazin.de\/dahme-heideseen\/author\/astridosenbrueck\/\"}]}<\/script>\n<!-- \/ Yoast SEO plugin. -->","yoast_head_json":{"title":"Sommer-Entdecker-Ferienprogramm: Stockparade - Naturpark Dahme-Heideseen","robots":{"index":"index","follow":"follow","max-snippet":"max-snippet:-1","max-image-preview":"max-image-preview:large","max-video-preview":"max-video-preview:-1"},"canonical":"https:\/\/www.naturparkmagazin.de\/dahme-heideseen\/sommer-entdecker-ferienprogramm\/","og_locale":"de_DE","og_type":"article","og_title":"Sommer-Entdecker-Ferienprogramm: Stockparade - Naturpark Dahme-Heideseen","og_description":"Lernt mit Kr\u00e4uterp\u00e4dagogin Regina Jubitz den sicheren Umgang mit dem Taschenmesser und schnitzt Eure eigenen Stock-Werke.","og_url":"https:\/\/www.naturparkmagazin.de\/dahme-heideseen\/sommer-entdecker-ferienprogramm\/","og_site_name":"Naturpark Dahme-Heideseen","article_published_time":"2024-06-17T09:49:13+00:00","article_modified_time":"2024-06-24T10:07:14+00:00","og_image":[{"width":1920,"height":1440,"url":"https:\/\/www.naturparkmagazin.de\/dahme-heideseen\/wp-content\/uploads\/sites\/37\/IMG-20211013-WA0025_web-design-2.jpg","type":"image\/jpeg"}],"author":"Astrid Osenbr\u00fcck","twitter_misc":{"Verfasst von":"Astrid Osenbr\u00fcck","Gesch\u00e4tzte Lesezeit":"1\u00a0Minute"},"schema":{"@context":"https:\/\/schema.org","@graph":[{"@type":"WebPage","@id":"https:\/\/www.naturparkmagazin.de\/dahme-heideseen\/sommer-entdecker-ferienprogramm\/","url":"https:\/\/www.naturparkmagazin.de\/dahme-heideseen\/sommer-entdecker-ferienprogramm\/","name":"Sommer-Entdecker-Ferienprogramm: Stockparade - Naturpark Dahme-Heideseen","isPartOf":{"@id":"https:\/\/www.naturparkmagazin.de\/dahme-heideseen\/#website"},"datePublished":"2024-06-17T09:49:13+00:00","dateModified":"2024-06-24T10:07:14+00:00","author":{"@id":"https:\/\/www.naturparkmagazin.de\/dahme-heideseen\/#\/schema\/person\/a0510aafafdf8183c95fc98faf0c9f21"},"breadcrumb":{"@id":"https:\/\/www.naturparkmagazin.de\/dahme-heideseen\/sommer-entdecker-ferienprogramm\/#breadcrumb"},"inLanguage":"de","potentialAction":[{"@type":"ReadAction","target":["https:\/\/www.naturparkmagazin.de\/dahme-heideseen\/sommer-entdecker-ferienprogramm\/"]}]},{"@type":"BreadcrumbList","@id":"https:\/\/www.naturparkmagazin.de\/dahme-heideseen\/sommer-entdecker-ferienprogramm\/#breadcrumb","itemListElement":[{"@type":"ListItem","position":1,"name":"Home","item":"https:\/\/www.naturparkmagazin.de\/dahme-heideseen\/"},{"@type":"ListItem","position":2,"name":"Sommer-Entdecker-Ferienprogramm: Stockparade"}]},{"@type":"WebSite","@id":"https:\/\/www.naturparkmagazin.de\/dahme-heideseen\/#website","url":"https:\/\/www.naturparkmagazin.de\/dahme-heideseen\/","name":"Naturpark Dahme-Heideseen","description":"","potentialAction":[{"@type":"SearchAction","target":{"@type":"EntryPoint","urlTemplate":"https:\/\/www.naturparkmagazin.de\/dahme-heideseen\/?s={search_term_string}"},"query-input":"required name=search_term_string"}],"inLanguage":"de"},{"@type":"Person","@id":"https:\/\/www.naturparkmagazin.de\/dahme-heideseen\/#\/schema\/person\/a0510aafafdf8183c95fc98faf0c9f21","name":"Astrid Osenbr\u00fcck","sameAs":["http:\/\/www.dahme-heideseen-naturpark.de"],"url":"https:\/\/www.naturparkmagazin.de\/dahme-heideseen\/author\/astridosenbrueck\/"}]}},"_links":{"self":[{"href":"https:\/\/www.naturparkmagazin.de\/dahme-heideseen\/wp-json\/wp\/v2\/posts\/6167"}],"collection":[{"href":"https:\/\/www.naturparkmagazin.de\/dahme-heideseen\/wp-json\/wp\/v2\/posts"}],"about":[{"href":"https:\/\/www.naturparkmagazin.de\/dahme-heideseen\/wp-json\/wp\/v2\/types\/post"}],"author":[{"embeddable":true,"href":"https:\/\/www.naturparkmagazin.de\/dahme-heideseen\/wp-json\/wp\/v2\/users\/83"}],"replies":[{"embeddable":true,"href":"https:\/\/www.naturparkmagazin.de\/dahme-heideseen\/wp-json\/wp\/v2\/comments?post=6167"}],"version-history":[{"count":3,"href":"https:\/\/www.naturparkmagazin.de\/dahme-heideseen\/wp-json\/wp\/v2\/posts\/6167\/revisions"}],"predecessor-version":[{"id":6249,"href":"https:\/\/www.naturparkmagazin.de\/dahme-heideseen\/wp-json\/wp\/v2\/posts\/6167\/revisions\/6249"}],"wp:featuredmedia":[{"embeddable":true,"href":"https:\/\/www.naturparkmagazin.de\/dahme-heideseen\/wp-json\/wp\/v2\/media\/6168"}],"wp:attachment":[{"href":"https:\/\/www.naturparkmagazin.de\/dahme-heideseen\/wp-json\/wp\/v2\/media?parent=6167"}],"wp:term":[{"taxonomy":"category","embeddable":true,"href":"https:\/\/www.naturparkmagazin.de\/dahme-heideseen\/wp-json\/wp\/v2\/categories?post=6167"},{"taxonomy":"post_tag","embeddable":true,"href":"https:\/\/www.naturparkmagazin.de\/dahme-heideseen\/wp-json\/wp\/v2\/tags?post=6167"}],"curies":[{"name":"wp","href":"https:\/\/api.w.org\/{rel}","templated":true}]}}