{"id":625,"date":"2014-07-23T15:00:36","date_gmt":"2014-07-23T13:00:36","guid":{"rendered":"http:\/\/www.naturparkmagazin.de\/dahme-heideseen\/?p=625"},"modified":"2014-07-28T11:58:12","modified_gmt":"2014-07-28T09:58:12","slug":"waldwispern-wenn-baeume-sprechen","status":"publish","type":"post","link":"https:\/\/www.naturparkmagazin.de\/dahme-heideseen\/waldwispern-wenn-baeume-sprechen\/","title":{"rendered":"Waldwispern \u2013 wenn B\u00e4ume sprechen"},"content":{"rendered":"<p>Poetische und naturkundliche F\u00fchrung von Kirsten Heidler durch die Lesef\u00e4hrte Waldweisen am 9. August\n<!--more-->Die Lesef\u00e4hrte Waldweise ist ein mit literarischen Texten begleiteter Wanderweg, der\ndie typischen Merkmale der Landschaft in Brandenburg aufweist. ER wurde von dem\nK\u00fcnstler <a title=\"Georgsdorf\" href=\"http:\/\/georgsdorf.com\/\" target=\"_blank\">Wolfgang Georgsdorf<\/a> konzipiert. An kleinen Mooren entlang, f\u00fchrt der f\u00fcr die\nMark bestimmende Kiefern- und Birkenwald zur Dahme hin. Inspiriert von\nGeschichten \u00fcber ehemalige Waldberufe, durch die Texte am Wegesrand, Fauna\nund Flora und k\u00f6nnen wir die Sch\u00f6nheit der Natur auf uns wirken lassen. Bei dieser\n3,5 st\u00fcndigen F\u00fchrung werden wir uns Zeit nehmen, die Natur mit allen Sinnen zu\nerfahren.<\/p>\n<p>Samstag, der 09.08.2014 Uhrzeit 13:00 &#8211; 16:30 Uhr<\/p>\n<p>Oberf\u00f6rsterei Hammer an der B 179, zwischen Neubr\u00fcck und M\u00e4rkisch\u00a0Buchholz, Wanderung ca. 3,5 km<\/p>\n<p>\u00d6ffentlich Bus 725 K\u00f6nigs Wusterhausen &#8211; Neuendorf<\/p>\n<p>Kursleitung Kirsten Heidler\nMaterial bitte mitbringen: Rucksack, wetterfeste Kleidung und Sitzunterlage,\nSchreibzeug, Getr\u00e4nke\/kleiner Imbiss\nAnmeldung erw\u00fcnscht unter heidler@studio58-berlin.de oder 0177-4695649<\/p>\n<p><a title=\"Wandern und Schreiben\" href=\"http:\/\/wandern-und-schreiben.de\/lesefaehrte-waldweisen\/\" target=\"_blank\">wandern-und-schreiben.de<\/a><\/p>\n<div id=\"attachment_627\" style=\"width: 210px\" class=\"wp-caption aligncenter\"><a href=\"https:\/\/www.naturparkmagazin.de\/dahme-heideseen\/wp-content\/uploads\/sites\/37\/schreiben-am-springsee-02-200x300.jpg\"><img aria-describedby=\"caption-attachment-627\" decoding=\"async\" loading=\"lazy\" class=\"size-full wp-image-627\" alt=\"Foto Kirsten Heidler\" src=\"https:\/\/www.naturparkmagazin.de\/dahme-heideseen\/wp-content\/uploads\/sites\/37\/schreiben-am-springsee-02-200x300.jpg\" width=\"200\" height=\"300\" \/><\/a><p id=\"caption-attachment-627\" class=\"wp-caption-text\">Foto Kirsten Heidler<\/p><\/div>\n","protected":false},"excerpt":{"rendered":"<p>Poetische und naturkundliche F\u00fchrung von Kirsten Heidler durch die Lesef\u00e4hrte Waldweisen am 9. August<\/p>\n","protected":false},"author":48,"featured_media":626,"comment_status":"open","ping_status":"open","sticky":false,"template":"","format":"standard","meta":[],"categories":[11],"tags":[],"yoast_head":"<!-- This site is optimized with the Yoast SEO plugin v19.10 - https:\/\/yoast.com\/wordpress\/plugins\/seo\/ -->\n<title>Waldwispern \u2013 wenn B\u00e4ume sprechen - Naturpark Dahme-Heideseen<\/title>\n<meta name=\"robots\" content=\"index, follow, max-snippet:-1, max-image-preview:large, max-video-preview:-1\" \/>\n<link rel=\"canonical\" href=\"https:\/\/www.naturparkmagazin.de\/dahme-heideseen\/waldwispern-wenn-baeume-sprechen\/\" \/>\n<meta property=\"og:locale\" content=\"de_DE\" \/>\n<meta property=\"og:type\" content=\"article\" \/>\n<meta property=\"og:title\" content=\"Waldwispern \u2013 wenn B\u00e4ume sprechen - Naturpark Dahme-Heideseen\" \/>\n<meta property=\"og:description\" content=\"Poetische und naturkundliche F\u00fchrung von Kirsten Heidler durch die Lesef\u00e4hrte Waldweisen am 9. August\" \/>\n<meta property=\"og:url\" content=\"https:\/\/www.naturparkmagazin.de\/dahme-heideseen\/waldwispern-wenn-baeume-sprechen\/\" \/>\n<meta property=\"og:site_name\" content=\"Naturpark Dahme-Heideseen\" \/>\n<meta property=\"article:published_time\" content=\"2014-07-23T13:00:36+00:00\" \/>\n<meta property=\"article:modified_time\" content=\"2014-07-28T09:58:12+00:00\" \/>\n<meta property=\"og:image\" content=\"https:\/\/www.naturparkmagazin.de\/dahme-heideseen\/wp-content\/uploads\/sites\/37\/natur_leseweg_052-e1402589468349.jpg\" \/>\n\t<meta property=\"og:image:width\" content=\"519\" \/>\n\t<meta property=\"og:image:height\" content=\"389\" \/>\n\t<meta property=\"og:image:type\" content=\"image\/jpeg\" \/>\n<meta name=\"author\" content=\"hanssonnenberg\" \/>\n<meta name=\"twitter:label1\" content=\"Verfasst von\" \/>\n\t<meta name=\"twitter:data1\" content=\"hanssonnenberg\" \/>\n\t<meta name=\"twitter:label2\" content=\"Gesch\u00e4tzte Lesezeit\" \/>\n\t<meta name=\"twitter:data2\" content=\"1\u00a0Minute\" \/>\n<script type=\"application\/ld+json\" class=\"yoast-schema-graph\">{\"@context\":\"https:\/\/schema.org\",\"@graph\":[{\"@type\":\"WebPage\",\"@id\":\"https:\/\/www.naturparkmagazin.de\/dahme-heideseen\/waldwispern-wenn-baeume-sprechen\/\",\"url\":\"https:\/\/www.naturparkmagazin.de\/dahme-heideseen\/waldwispern-wenn-baeume-sprechen\/\",\"name\":\"Waldwispern \u2013 wenn B\u00e4ume sprechen - Naturpark Dahme-Heideseen\",\"isPartOf\":{\"@id\":\"https:\/\/www.naturparkmagazin.de\/dahme-heideseen\/#website\"},\"datePublished\":\"2014-07-23T13:00:36+00:00\",\"dateModified\":\"2014-07-28T09:58:12+00:00\",\"author\":{\"@id\":\"https:\/\/www.naturparkmagazin.de\/dahme-heideseen\/#\/schema\/person\/c81c96c3a1f5ee7bffff8b8022c105f0\"},\"breadcrumb\":{\"@id\":\"https:\/\/www.naturparkmagazin.de\/dahme-heideseen\/waldwispern-wenn-baeume-sprechen\/#breadcrumb\"},\"inLanguage\":\"de\",\"potentialAction\":[{\"@type\":\"ReadAction\",\"target\":[\"https:\/\/www.naturparkmagazin.de\/dahme-heideseen\/waldwispern-wenn-baeume-sprechen\/\"]}]},{\"@type\":\"BreadcrumbList\",\"@id\":\"https:\/\/www.naturparkmagazin.de\/dahme-heideseen\/waldwispern-wenn-baeume-sprechen\/#breadcrumb\",\"itemListElement\":[{\"@type\":\"ListItem\",\"position\":1,\"name\":\"Home\",\"item\":\"https:\/\/www.naturparkmagazin.de\/dahme-heideseen\/\"},{\"@type\":\"ListItem\",\"position\":2,\"name\":\"Waldwispern \u2013 wenn B\u00e4ume sprechen\"}]},{\"@type\":\"WebSite\",\"@id\":\"https:\/\/www.naturparkmagazin.de\/dahme-heideseen\/#website\",\"url\":\"https:\/\/www.naturparkmagazin.de\/dahme-heideseen\/\",\"name\":\"Naturpark Dahme-Heideseen\",\"description\":\"\",\"potentialAction\":[{\"@type\":\"SearchAction\",\"target\":{\"@type\":\"EntryPoint\",\"urlTemplate\":\"https:\/\/www.naturparkmagazin.de\/dahme-heideseen\/?s={search_term_string}\"},\"query-input\":\"required name=search_term_string\"}],\"inLanguage\":\"de\"},{\"@type\":\"Person\",\"@id\":\"https:\/\/www.naturparkmagazin.de\/dahme-heideseen\/#\/schema\/person\/c81c96c3a1f5ee7bffff8b8022c105f0\",\"name\":\"hanssonnenberg\",\"url\":\"https:\/\/www.naturparkmagazin.de\/dahme-heideseen\/author\/hanssonnenberg\/\"}]}<\/script>\n<!-- \/ Yoast SEO plugin. -->","yoast_head_json":{"title":"Waldwispern \u2013 wenn B\u00e4ume sprechen - Naturpark Dahme-Heideseen","robots":{"index":"index","follow":"follow","max-snippet":"max-snippet:-1","max-image-preview":"max-image-preview:large","max-video-preview":"max-video-preview:-1"},"canonical":"https:\/\/www.naturparkmagazin.de\/dahme-heideseen\/waldwispern-wenn-baeume-sprechen\/","og_locale":"de_DE","og_type":"article","og_title":"Waldwispern \u2013 wenn B\u00e4ume sprechen - Naturpark Dahme-Heideseen","og_description":"Poetische und naturkundliche F\u00fchrung von Kirsten Heidler durch die Lesef\u00e4hrte Waldweisen am 9. August","og_url":"https:\/\/www.naturparkmagazin.de\/dahme-heideseen\/waldwispern-wenn-baeume-sprechen\/","og_site_name":"Naturpark Dahme-Heideseen","article_published_time":"2014-07-23T13:00:36+00:00","article_modified_time":"2014-07-28T09:58:12+00:00","og_image":[{"width":519,"height":389,"url":"https:\/\/www.naturparkmagazin.de\/dahme-heideseen\/wp-content\/uploads\/sites\/37\/natur_leseweg_052-e1402589468349.jpg","type":"image\/jpeg"}],"author":"hanssonnenberg","twitter_misc":{"Verfasst von":"hanssonnenberg","Gesch\u00e4tzte Lesezeit":"1\u00a0Minute"},"schema":{"@context":"https:\/\/schema.org","@graph":[{"@type":"WebPage","@id":"https:\/\/www.naturparkmagazin.de\/dahme-heideseen\/waldwispern-wenn-baeume-sprechen\/","url":"https:\/\/www.naturparkmagazin.de\/dahme-heideseen\/waldwispern-wenn-baeume-sprechen\/","name":"Waldwispern \u2013 wenn B\u00e4ume sprechen - Naturpark Dahme-Heideseen","isPartOf":{"@id":"https:\/\/www.naturparkmagazin.de\/dahme-heideseen\/#website"},"datePublished":"2014-07-23T13:00:36+00:00","dateModified":"2014-07-28T09:58:12+00:00","author":{"@id":"https:\/\/www.naturparkmagazin.de\/dahme-heideseen\/#\/schema\/person\/c81c96c3a1f5ee7bffff8b8022c105f0"},"breadcrumb":{"@id":"https:\/\/www.naturparkmagazin.de\/dahme-heideseen\/waldwispern-wenn-baeume-sprechen\/#breadcrumb"},"inLanguage":"de","potentialAction":[{"@type":"ReadAction","target":["https:\/\/www.naturparkmagazin.de\/dahme-heideseen\/waldwispern-wenn-baeume-sprechen\/"]}]},{"@type":"BreadcrumbList","@id":"https:\/\/www.naturparkmagazin.de\/dahme-heideseen\/waldwispern-wenn-baeume-sprechen\/#breadcrumb","itemListElement":[{"@type":"ListItem","position":1,"name":"Home","item":"https:\/\/www.naturparkmagazin.de\/dahme-heideseen\/"},{"@type":"ListItem","position":2,"name":"Waldwispern \u2013 wenn B\u00e4ume sprechen"}]},{"@type":"WebSite","@id":"https:\/\/www.naturparkmagazin.de\/dahme-heideseen\/#website","url":"https:\/\/www.naturparkmagazin.de\/dahme-heideseen\/","name":"Naturpark Dahme-Heideseen","description":"","potentialAction":[{"@type":"SearchAction","target":{"@type":"EntryPoint","urlTemplate":"https:\/\/www.naturparkmagazin.de\/dahme-heideseen\/?s={search_term_string}"},"query-input":"required name=search_term_string"}],"inLanguage":"de"},{"@type":"Person","@id":"https:\/\/www.naturparkmagazin.de\/dahme-heideseen\/#\/schema\/person\/c81c96c3a1f5ee7bffff8b8022c105f0","name":"hanssonnenberg","url":"https:\/\/www.naturparkmagazin.de\/dahme-heideseen\/author\/hanssonnenberg\/"}]}},"_links":{"self":[{"href":"https:\/\/www.naturparkmagazin.de\/dahme-heideseen\/wp-json\/wp\/v2\/posts\/625"}],"collection":[{"href":"https:\/\/www.naturparkmagazin.de\/dahme-heideseen\/wp-json\/wp\/v2\/posts"}],"about":[{"href":"https:\/\/www.naturparkmagazin.de\/dahme-heideseen\/wp-json\/wp\/v2\/types\/post"}],"author":[{"embeddable":true,"href":"https:\/\/www.naturparkmagazin.de\/dahme-heideseen\/wp-json\/wp\/v2\/users\/48"}],"replies":[{"embeddable":true,"href":"https:\/\/www.naturparkmagazin.de\/dahme-heideseen\/wp-json\/wp\/v2\/comments?post=625"}],"version-history":[{"count":1,"href":"https:\/\/www.naturparkmagazin.de\/dahme-heideseen\/wp-json\/wp\/v2\/posts\/625\/revisions"}],"predecessor-version":[{"id":628,"href":"https:\/\/www.naturparkmagazin.de\/dahme-heideseen\/wp-json\/wp\/v2\/posts\/625\/revisions\/628"}],"wp:featuredmedia":[{"embeddable":true,"href":"https:\/\/www.naturparkmagazin.de\/dahme-heideseen\/wp-json\/wp\/v2\/media\/626"}],"wp:attachment":[{"href":"https:\/\/www.naturparkmagazin.de\/dahme-heideseen\/wp-json\/wp\/v2\/media?parent=625"}],"wp:term":[{"taxonomy":"category","embeddable":true,"href":"https:\/\/www.naturparkmagazin.de\/dahme-heideseen\/wp-json\/wp\/v2\/categories?post=625"},{"taxonomy":"post_tag","embeddable":true,"href":"https:\/\/www.naturparkmagazin.de\/dahme-heideseen\/wp-json\/wp\/v2\/tags?post=625"}],"curies":[{"name":"wp","href":"https:\/\/api.w.org\/{rel}","templated":true}]}}