{"id":6276,"date":"2024-07-10T14:09:09","date_gmt":"2024-07-10T12:09:09","guid":{"rendered":"https:\/\/www.naturparkmagazin.de\/dahme-heideseen\/?p=6276"},"modified":"2024-07-10T14:09:09","modified_gmt":"2024-07-10T12:09:09","slug":"sommer-ferienprogramm-ranger-exkursion-wer-lebt-im-wald","status":"publish","type":"post","link":"https:\/\/www.naturparkmagazin.de\/dahme-heideseen\/sommer-ferienprogramm-ranger-exkursion-wer-lebt-im-wald\/","title":{"rendered":"Sommer-Ferienprogramm: Ranger-Exkursion: Wer lebt im Wald?"},"content":{"rendered":"<p class=\"tiny_p tinyp\"><strong><u>Ranger-Exkursion: Wer lebt im Wald?<\/u><\/strong><\/p>\n<p class=\"tiny_p tinyp\">Entdeckt mit Naturpark-Ranger Hannes die Tiere des Waldes entlang des angelegten Lehrpfades am Haus des Waldes.\n<\/p>\n<p class=\"tiny_p tinyp\">7-12 Jahre | Gr\u00e4bendorf | 3 \u20ac<\/p>\n<p><u>Allgemeine Informationen:<\/u>\nBitte melden Sie Ihr Kind im Voraus an (033678-73108 o. <a href=\"mailto:besucherzentrum@storkow.de\">besucherzentrum@storkow.de<\/a> ), da die Teilnehmerzahl begrenzt ist. Sollte Ihr Kind doch nicht teilnehmen k\u00f6nnen, bitten wir Sie, uns dar\u00fcber zu informieren. So steht dieser Platz wieder einem anderen Kind zur Verf\u00fcgung. Die Veranstaltungen finden<strong><u> ohne die Eltern statt.<\/u><\/strong> Bitte denken Sie daran, dass Ihre Kinder an hei\u00dfen Tagen mit ausreichend Trinken und Sonnenschutz ausgestattet sind. F\u00fcr die Exkursionen ben\u00f6tigen die Kinder au\u00dferdem Proviant, Badesachen und ein kleines Taschengeld f\u00fcr ein Eis.\nDer Dalli-Bus kann die Ferienkinder herbringen und auch wieder nach Hause fahren.<\/p>\n<p>&nbsp;<\/p>\n<h3>Veranstaltungsort<\/h3>\n<h4 class=\"legacy_h5\">Gr\u00e4bendorf \/ Heidesee<\/h4>\n<p class=\"tiny_p\">Haus des Waldes<\/p>\n<p class=\"tiny_p\"><a href=\"https:\/\/www.google.com\/maps\/place\/\/data=!4m2!3m1!1s0x47a817c13ab0daeb:0x98026fc0f3b720c4?sa=X&amp;ved=1t:8290&amp;ictx=111\" data-url=\"\/maps\/place\/\/data=!4m2!3m1!1s0x47a817c13ab0daeb:0x98026fc0f3b720c4?sa=X&amp;ved=2ahUKEwi0qvqs5IWHAxU3hf0HHQl0Cb4Q4kB6BAgPEAA\" data-sb=\"\/url?sa=t&amp;source=web&amp;rct=j&amp;opi=89978449&amp;url=\/maps\/place\/\/data%3D!4m2!3m1!1s0x47a817c13ab0daeb:0x98026fc0f3b720c4%3Fsa%3DX%26ved%3D1t:8290%26ictx%3D111&amp;ved=2ahUKEwi0qvqs5IWHAxU3hf0HHQl0Cb4Q4kB6BAgzEAM&amp;usg=AOvVaw36PQQ_BiYJSnPFyKemnKbQ\">Frauenseestra\u00dfe 18 a, 15754 Heidesee<\/a><\/p>\n","protected":false},"excerpt":{"rendered":"<p>Entdeckt mit Naturpark-Ranger Hannes die Tiere des Waldes entlang des angelegten Lehrpfades am Haus des Waldes.<\/p>\n","protected":false},"author":83,"featured_media":6277,"comment_status":"open","ping_status":"open","sticky":false,"template":"","format":"standard","meta":[],"categories":[11],"tags":[],"yoast_head":"<!-- This site is optimized with the Yoast SEO plugin v19.10 - https:\/\/yoast.com\/wordpress\/plugins\/seo\/ -->\n<title>Sommer-Ferienprogramm: Ranger-Exkursion: Wer lebt im Wald? - Naturpark Dahme-Heideseen<\/title>\n<meta name=\"robots\" content=\"index, follow, max-snippet:-1, max-image-preview:large, max-video-preview:-1\" \/>\n<link rel=\"canonical\" href=\"https:\/\/www.naturparkmagazin.de\/dahme-heideseen\/sommer-ferienprogramm-ranger-exkursion-wer-lebt-im-wald\/\" \/>\n<meta property=\"og:locale\" content=\"de_DE\" \/>\n<meta property=\"og:type\" content=\"article\" \/>\n<meta property=\"og:title\" content=\"Sommer-Ferienprogramm: Ranger-Exkursion: Wer lebt im Wald? - Naturpark Dahme-Heideseen\" \/>\n<meta property=\"og:description\" content=\"Entdeckt mit Naturpark-Ranger Hannes die Tiere des Waldes entlang des angelegten Lehrpfades am Haus des Waldes.\" \/>\n<meta property=\"og:url\" content=\"https:\/\/www.naturparkmagazin.de\/dahme-heideseen\/sommer-ferienprogramm-ranger-exkursion-wer-lebt-im-wald\/\" \/>\n<meta property=\"og:site_name\" content=\"Naturpark Dahme-Heideseen\" \/>\n<meta property=\"article:published_time\" content=\"2024-07-10T12:09:09+00:00\" \/>\n<meta property=\"og:image\" content=\"https:\/\/www.naturparkmagazin.de\/dahme-heideseen\/wp-content\/uploads\/sites\/37\/Kids_Expedition_Hannes-940x705.jpg\" \/>\n\t<meta property=\"og:image:width\" content=\"940\" \/>\n\t<meta property=\"og:image:height\" content=\"705\" \/>\n\t<meta property=\"og:image:type\" content=\"image\/jpeg\" \/>\n<meta name=\"author\" content=\"Astrid Osenbr\u00fcck\" \/>\n<meta name=\"twitter:label1\" content=\"Verfasst von\" \/>\n\t<meta name=\"twitter:data1\" content=\"Astrid Osenbr\u00fcck\" \/>\n\t<meta name=\"twitter:label2\" content=\"Gesch\u00e4tzte Lesezeit\" \/>\n\t<meta name=\"twitter:data2\" content=\"1\u00a0Minute\" \/>\n<script type=\"application\/ld+json\" class=\"yoast-schema-graph\">{\"@context\":\"https:\/\/schema.org\",\"@graph\":[{\"@type\":\"WebPage\",\"@id\":\"https:\/\/www.naturparkmagazin.de\/dahme-heideseen\/sommer-ferienprogramm-ranger-exkursion-wer-lebt-im-wald\/\",\"url\":\"https:\/\/www.naturparkmagazin.de\/dahme-heideseen\/sommer-ferienprogramm-ranger-exkursion-wer-lebt-im-wald\/\",\"name\":\"Sommer-Ferienprogramm: Ranger-Exkursion: Wer lebt im Wald? - Naturpark Dahme-Heideseen\",\"isPartOf\":{\"@id\":\"https:\/\/www.naturparkmagazin.de\/dahme-heideseen\/#website\"},\"datePublished\":\"2024-07-10T12:09:09+00:00\",\"dateModified\":\"2024-07-10T12:09:09+00:00\",\"author\":{\"@id\":\"https:\/\/www.naturparkmagazin.de\/dahme-heideseen\/#\/schema\/person\/a0510aafafdf8183c95fc98faf0c9f21\"},\"breadcrumb\":{\"@id\":\"https:\/\/www.naturparkmagazin.de\/dahme-heideseen\/sommer-ferienprogramm-ranger-exkursion-wer-lebt-im-wald\/#breadcrumb\"},\"inLanguage\":\"de\",\"potentialAction\":[{\"@type\":\"ReadAction\",\"target\":[\"https:\/\/www.naturparkmagazin.de\/dahme-heideseen\/sommer-ferienprogramm-ranger-exkursion-wer-lebt-im-wald\/\"]}]},{\"@type\":\"BreadcrumbList\",\"@id\":\"https:\/\/www.naturparkmagazin.de\/dahme-heideseen\/sommer-ferienprogramm-ranger-exkursion-wer-lebt-im-wald\/#breadcrumb\",\"itemListElement\":[{\"@type\":\"ListItem\",\"position\":1,\"name\":\"Home\",\"item\":\"https:\/\/www.naturparkmagazin.de\/dahme-heideseen\/\"},{\"@type\":\"ListItem\",\"position\":2,\"name\":\"Sommer-Ferienprogramm: Ranger-Exkursion: Wer lebt im Wald?\"}]},{\"@type\":\"WebSite\",\"@id\":\"https:\/\/www.naturparkmagazin.de\/dahme-heideseen\/#website\",\"url\":\"https:\/\/www.naturparkmagazin.de\/dahme-heideseen\/\",\"name\":\"Naturpark Dahme-Heideseen\",\"description\":\"\",\"potentialAction\":[{\"@type\":\"SearchAction\",\"target\":{\"@type\":\"EntryPoint\",\"urlTemplate\":\"https:\/\/www.naturparkmagazin.de\/dahme-heideseen\/?s={search_term_string}\"},\"query-input\":\"required name=search_term_string\"}],\"inLanguage\":\"de\"},{\"@type\":\"Person\",\"@id\":\"https:\/\/www.naturparkmagazin.de\/dahme-heideseen\/#\/schema\/person\/a0510aafafdf8183c95fc98faf0c9f21\",\"name\":\"Astrid Osenbr\u00fcck\",\"sameAs\":[\"http:\/\/www.dahme-heideseen-naturpark.de\"],\"url\":\"https:\/\/www.naturparkmagazin.de\/dahme-heideseen\/author\/astridosenbrueck\/\"}]}<\/script>\n<!-- \/ Yoast SEO plugin. -->","yoast_head_json":{"title":"Sommer-Ferienprogramm: Ranger-Exkursion: Wer lebt im Wald? - Naturpark Dahme-Heideseen","robots":{"index":"index","follow":"follow","max-snippet":"max-snippet:-1","max-image-preview":"max-image-preview:large","max-video-preview":"max-video-preview:-1"},"canonical":"https:\/\/www.naturparkmagazin.de\/dahme-heideseen\/sommer-ferienprogramm-ranger-exkursion-wer-lebt-im-wald\/","og_locale":"de_DE","og_type":"article","og_title":"Sommer-Ferienprogramm: Ranger-Exkursion: Wer lebt im Wald? - Naturpark Dahme-Heideseen","og_description":"Entdeckt mit Naturpark-Ranger Hannes die Tiere des Waldes entlang des angelegten Lehrpfades am Haus des Waldes.","og_url":"https:\/\/www.naturparkmagazin.de\/dahme-heideseen\/sommer-ferienprogramm-ranger-exkursion-wer-lebt-im-wald\/","og_site_name":"Naturpark Dahme-Heideseen","article_published_time":"2024-07-10T12:09:09+00:00","og_image":[{"width":940,"height":705,"url":"https:\/\/www.naturparkmagazin.de\/dahme-heideseen\/wp-content\/uploads\/sites\/37\/Kids_Expedition_Hannes-940x705.jpg","type":"image\/jpeg"}],"author":"Astrid Osenbr\u00fcck","twitter_misc":{"Verfasst von":"Astrid Osenbr\u00fcck","Gesch\u00e4tzte Lesezeit":"1\u00a0Minute"},"schema":{"@context":"https:\/\/schema.org","@graph":[{"@type":"WebPage","@id":"https:\/\/www.naturparkmagazin.de\/dahme-heideseen\/sommer-ferienprogramm-ranger-exkursion-wer-lebt-im-wald\/","url":"https:\/\/www.naturparkmagazin.de\/dahme-heideseen\/sommer-ferienprogramm-ranger-exkursion-wer-lebt-im-wald\/","name":"Sommer-Ferienprogramm: Ranger-Exkursion: Wer lebt im Wald? - Naturpark Dahme-Heideseen","isPartOf":{"@id":"https:\/\/www.naturparkmagazin.de\/dahme-heideseen\/#website"},"datePublished":"2024-07-10T12:09:09+00:00","dateModified":"2024-07-10T12:09:09+00:00","author":{"@id":"https:\/\/www.naturparkmagazin.de\/dahme-heideseen\/#\/schema\/person\/a0510aafafdf8183c95fc98faf0c9f21"},"breadcrumb":{"@id":"https:\/\/www.naturparkmagazin.de\/dahme-heideseen\/sommer-ferienprogramm-ranger-exkursion-wer-lebt-im-wald\/#breadcrumb"},"inLanguage":"de","potentialAction":[{"@type":"ReadAction","target":["https:\/\/www.naturparkmagazin.de\/dahme-heideseen\/sommer-ferienprogramm-ranger-exkursion-wer-lebt-im-wald\/"]}]},{"@type":"BreadcrumbList","@id":"https:\/\/www.naturparkmagazin.de\/dahme-heideseen\/sommer-ferienprogramm-ranger-exkursion-wer-lebt-im-wald\/#breadcrumb","itemListElement":[{"@type":"ListItem","position":1,"name":"Home","item":"https:\/\/www.naturparkmagazin.de\/dahme-heideseen\/"},{"@type":"ListItem","position":2,"name":"Sommer-Ferienprogramm: Ranger-Exkursion: Wer lebt im Wald?"}]},{"@type":"WebSite","@id":"https:\/\/www.naturparkmagazin.de\/dahme-heideseen\/#website","url":"https:\/\/www.naturparkmagazin.de\/dahme-heideseen\/","name":"Naturpark Dahme-Heideseen","description":"","potentialAction":[{"@type":"SearchAction","target":{"@type":"EntryPoint","urlTemplate":"https:\/\/www.naturparkmagazin.de\/dahme-heideseen\/?s={search_term_string}"},"query-input":"required name=search_term_string"}],"inLanguage":"de"},{"@type":"Person","@id":"https:\/\/www.naturparkmagazin.de\/dahme-heideseen\/#\/schema\/person\/a0510aafafdf8183c95fc98faf0c9f21","name":"Astrid Osenbr\u00fcck","sameAs":["http:\/\/www.dahme-heideseen-naturpark.de"],"url":"https:\/\/www.naturparkmagazin.de\/dahme-heideseen\/author\/astridosenbrueck\/"}]}},"_links":{"self":[{"href":"https:\/\/www.naturparkmagazin.de\/dahme-heideseen\/wp-json\/wp\/v2\/posts\/6276"}],"collection":[{"href":"https:\/\/www.naturparkmagazin.de\/dahme-heideseen\/wp-json\/wp\/v2\/posts"}],"about":[{"href":"https:\/\/www.naturparkmagazin.de\/dahme-heideseen\/wp-json\/wp\/v2\/types\/post"}],"author":[{"embeddable":true,"href":"https:\/\/www.naturparkmagazin.de\/dahme-heideseen\/wp-json\/wp\/v2\/users\/83"}],"replies":[{"embeddable":true,"href":"https:\/\/www.naturparkmagazin.de\/dahme-heideseen\/wp-json\/wp\/v2\/comments?post=6276"}],"version-history":[{"count":1,"href":"https:\/\/www.naturparkmagazin.de\/dahme-heideseen\/wp-json\/wp\/v2\/posts\/6276\/revisions"}],"predecessor-version":[{"id":6278,"href":"https:\/\/www.naturparkmagazin.de\/dahme-heideseen\/wp-json\/wp\/v2\/posts\/6276\/revisions\/6278"}],"wp:featuredmedia":[{"embeddable":true,"href":"https:\/\/www.naturparkmagazin.de\/dahme-heideseen\/wp-json\/wp\/v2\/media\/6277"}],"wp:attachment":[{"href":"https:\/\/www.naturparkmagazin.de\/dahme-heideseen\/wp-json\/wp\/v2\/media?parent=6276"}],"wp:term":[{"taxonomy":"category","embeddable":true,"href":"https:\/\/www.naturparkmagazin.de\/dahme-heideseen\/wp-json\/wp\/v2\/categories?post=6276"},{"taxonomy":"post_tag","embeddable":true,"href":"https:\/\/www.naturparkmagazin.de\/dahme-heideseen\/wp-json\/wp\/v2\/tags?post=6276"}],"curies":[{"name":"wp","href":"https:\/\/api.w.org\/{rel}","templated":true}]}}