{"id":6290,"date":"2024-07-10T14:17:02","date_gmt":"2024-07-10T12:17:02","guid":{"rendered":"https:\/\/www.naturparkmagazin.de\/dahme-heideseen\/?p=6290"},"modified":"2024-07-10T14:17:02","modified_gmt":"2024-07-10T12:17:02","slug":"sommer-ferienprogramm-den-wald-mit-allen-sinnen-entdecken","status":"publish","type":"post","link":"https:\/\/www.naturparkmagazin.de\/dahme-heideseen\/sommer-ferienprogramm-den-wald-mit-allen-sinnen-entdecken\/","title":{"rendered":"Sommer-Ferienprogramm: Den Wald mit allen Sinnen entdecken"},"content":{"rendered":"<p class=\"tiny_p tinyp\"><strong><u>Den Wald mit allen Sinnen entdecken<\/u><\/strong><\/p>\n<p class=\"tiny_p tinyp\">\nEntdeckt spielerisch und wandernd zusammen mit der Wildnisp\u00e4dagogin Ulrike den Wald mit allen Sinnen.\nTreffpunkt: Nettis Speisekammer (Birkenallee 17B in Storkow)<\/p>\n<p class=\"tiny_p tinyp\">\n<p class=\"tiny_p tinyp\">6-12 Jahre | Nettis Speisekammer | 3 \u20ac<\/p>\n<p><u>Allgemeine Informationen:<\/u>\nDer Treffpunkt f\u00fcr die Veranstaltungen ist, wenn nicht anders angegeben, die Burg Storkow (Innenhof). Bitte melden Sie Ihr Kind im Voraus an (033678-73108 o. <a href=\"mailto:besucherzentrum@storkow.de\">besucherzentrum@storkow.de<\/a> ), da die Teilnehmerzahl begrenzt ist. Sollte Ihr Kind doch nicht teilnehmen k\u00f6nnen, bitten wir Sie, uns dar\u00fcber zu informieren. So steht dieser Platz wieder einem anderen Kind zur Verf\u00fcgung. Die Veranstaltungen finden<strong><u> ohne die Eltern statt.<\/u><\/strong> Bitte denken Sie daran, dass Ihre Kinder an hei\u00dfen Tagen mit ausreichend Trinken und Sonnenschutz ausgestattet sind. F\u00fcr die Exkursionen ben\u00f6tigen die Kinder au\u00dferdem Proviant, Badesachen und ein kleines Taschengeld f\u00fcr ein Eis.\nDer Dalli-Bus kann die Ferienkinder herbringen und auch wieder nach Hause fahren.<\/p>\n<p>&nbsp;<\/p>\n<h3>Veranstaltungsort<\/h3>\n<h4 class=\"legacy_h5\">Nettis Speisekammer<\/h4>\n<p class=\"tiny_p\">Birkenallee 17B in Storkow<\/p>\n","protected":false},"excerpt":{"rendered":"<p>Den Wald mit allen Sinnen entdecken Entdeckt spielerisch und wandernd zusammen mit der Wildnisp\u00e4dagogin Ulrike den Wald mit allen Sinnen. Treffpunkt: Nettis Speisekammer (Birkenallee 17B in Storkow) 6-12 Jahre | Nettis Speisekammer | 3 \u20ac Allgemeine Informationen: Der Treffpunkt f\u00fcr die Veranstaltungen ist, wenn nicht anders angegeben, die Burg Storkow (Innenhof). Bitte melden Sie Ihr<\/p>\n","protected":false},"author":83,"featured_media":6287,"comment_status":"open","ping_status":"open","sticky":false,"template":"","format":"standard","meta":[],"categories":[11],"tags":[],"yoast_head":"<!-- This site is optimized with the Yoast SEO plugin v19.10 - https:\/\/yoast.com\/wordpress\/plugins\/seo\/ -->\n<title>Sommer-Ferienprogramm: Den Wald mit allen Sinnen entdecken - Naturpark Dahme-Heideseen<\/title>\n<meta name=\"robots\" content=\"index, follow, max-snippet:-1, max-image-preview:large, max-video-preview:-1\" \/>\n<link rel=\"canonical\" href=\"https:\/\/www.naturparkmagazin.de\/dahme-heideseen\/sommer-ferienprogramm-den-wald-mit-allen-sinnen-entdecken\/\" \/>\n<meta property=\"og:locale\" content=\"de_DE\" \/>\n<meta property=\"og:type\" content=\"article\" \/>\n<meta property=\"og:title\" content=\"Sommer-Ferienprogramm: Den Wald mit allen Sinnen entdecken - Naturpark Dahme-Heideseen\" \/>\n<meta property=\"og:description\" content=\"Den Wald mit allen Sinnen entdecken Entdeckt spielerisch und wandernd zusammen mit der Wildnisp\u00e4dagogin Ulrike den Wald mit allen Sinnen. Treffpunkt: Nettis Speisekammer (Birkenallee 17B in Storkow) 6-12 Jahre | Nettis Speisekammer | 3 \u20ac Allgemeine Informationen: Der Treffpunkt f\u00fcr die Veranstaltungen ist, wenn nicht anders angegeben, die Burg Storkow (Innenhof). Bitte melden Sie Ihr\" \/>\n<meta property=\"og:url\" content=\"https:\/\/www.naturparkmagazin.de\/dahme-heideseen\/sommer-ferienprogramm-den-wald-mit-allen-sinnen-entdecken\/\" \/>\n<meta property=\"og:site_name\" content=\"Naturpark Dahme-Heideseen\" \/>\n<meta property=\"article:published_time\" content=\"2024-07-10T12:17:02+00:00\" \/>\n<meta property=\"og:image\" content=\"https:\/\/www.naturparkmagazin.de\/dahme-heideseen\/wp-content\/uploads\/sites\/37\/DSC05699_web-design-940x705.jpg\" \/>\n\t<meta property=\"og:image:width\" content=\"940\" \/>\n\t<meta property=\"og:image:height\" content=\"705\" \/>\n\t<meta property=\"og:image:type\" content=\"image\/jpeg\" \/>\n<meta name=\"author\" content=\"Astrid Osenbr\u00fcck\" \/>\n<meta name=\"twitter:label1\" content=\"Verfasst von\" \/>\n\t<meta name=\"twitter:data1\" content=\"Astrid Osenbr\u00fcck\" \/>\n\t<meta name=\"twitter:label2\" content=\"Gesch\u00e4tzte Lesezeit\" \/>\n\t<meta name=\"twitter:data2\" content=\"1\u00a0Minute\" \/>\n<script type=\"application\/ld+json\" class=\"yoast-schema-graph\">{\"@context\":\"https:\/\/schema.org\",\"@graph\":[{\"@type\":\"WebPage\",\"@id\":\"https:\/\/www.naturparkmagazin.de\/dahme-heideseen\/sommer-ferienprogramm-den-wald-mit-allen-sinnen-entdecken\/\",\"url\":\"https:\/\/www.naturparkmagazin.de\/dahme-heideseen\/sommer-ferienprogramm-den-wald-mit-allen-sinnen-entdecken\/\",\"name\":\"Sommer-Ferienprogramm: Den Wald mit allen Sinnen entdecken - Naturpark Dahme-Heideseen\",\"isPartOf\":{\"@id\":\"https:\/\/www.naturparkmagazin.de\/dahme-heideseen\/#website\"},\"datePublished\":\"2024-07-10T12:17:02+00:00\",\"dateModified\":\"2024-07-10T12:17:02+00:00\",\"author\":{\"@id\":\"https:\/\/www.naturparkmagazin.de\/dahme-heideseen\/#\/schema\/person\/a0510aafafdf8183c95fc98faf0c9f21\"},\"breadcrumb\":{\"@id\":\"https:\/\/www.naturparkmagazin.de\/dahme-heideseen\/sommer-ferienprogramm-den-wald-mit-allen-sinnen-entdecken\/#breadcrumb\"},\"inLanguage\":\"de\",\"potentialAction\":[{\"@type\":\"ReadAction\",\"target\":[\"https:\/\/www.naturparkmagazin.de\/dahme-heideseen\/sommer-ferienprogramm-den-wald-mit-allen-sinnen-entdecken\/\"]}]},{\"@type\":\"BreadcrumbList\",\"@id\":\"https:\/\/www.naturparkmagazin.de\/dahme-heideseen\/sommer-ferienprogramm-den-wald-mit-allen-sinnen-entdecken\/#breadcrumb\",\"itemListElement\":[{\"@type\":\"ListItem\",\"position\":1,\"name\":\"Home\",\"item\":\"https:\/\/www.naturparkmagazin.de\/dahme-heideseen\/\"},{\"@type\":\"ListItem\",\"position\":2,\"name\":\"Sommer-Ferienprogramm: Den Wald mit allen Sinnen entdecken\"}]},{\"@type\":\"WebSite\",\"@id\":\"https:\/\/www.naturparkmagazin.de\/dahme-heideseen\/#website\",\"url\":\"https:\/\/www.naturparkmagazin.de\/dahme-heideseen\/\",\"name\":\"Naturpark Dahme-Heideseen\",\"description\":\"\",\"potentialAction\":[{\"@type\":\"SearchAction\",\"target\":{\"@type\":\"EntryPoint\",\"urlTemplate\":\"https:\/\/www.naturparkmagazin.de\/dahme-heideseen\/?s={search_term_string}\"},\"query-input\":\"required name=search_term_string\"}],\"inLanguage\":\"de\"},{\"@type\":\"Person\",\"@id\":\"https:\/\/www.naturparkmagazin.de\/dahme-heideseen\/#\/schema\/person\/a0510aafafdf8183c95fc98faf0c9f21\",\"name\":\"Astrid Osenbr\u00fcck\",\"sameAs\":[\"http:\/\/www.dahme-heideseen-naturpark.de\"],\"url\":\"https:\/\/www.naturparkmagazin.de\/dahme-heideseen\/author\/astridosenbrueck\/\"}]}<\/script>\n<!-- \/ Yoast SEO plugin. -->","yoast_head_json":{"title":"Sommer-Ferienprogramm: Den Wald mit allen Sinnen entdecken - Naturpark Dahme-Heideseen","robots":{"index":"index","follow":"follow","max-snippet":"max-snippet:-1","max-image-preview":"max-image-preview:large","max-video-preview":"max-video-preview:-1"},"canonical":"https:\/\/www.naturparkmagazin.de\/dahme-heideseen\/sommer-ferienprogramm-den-wald-mit-allen-sinnen-entdecken\/","og_locale":"de_DE","og_type":"article","og_title":"Sommer-Ferienprogramm: Den Wald mit allen Sinnen entdecken - Naturpark Dahme-Heideseen","og_description":"Den Wald mit allen Sinnen entdecken Entdeckt spielerisch und wandernd zusammen mit der Wildnisp\u00e4dagogin Ulrike den Wald mit allen Sinnen. Treffpunkt: Nettis Speisekammer (Birkenallee 17B in Storkow) 6-12 Jahre | Nettis Speisekammer | 3 \u20ac Allgemeine Informationen: Der Treffpunkt f\u00fcr die Veranstaltungen ist, wenn nicht anders angegeben, die Burg Storkow (Innenhof). Bitte melden Sie Ihr","og_url":"https:\/\/www.naturparkmagazin.de\/dahme-heideseen\/sommer-ferienprogramm-den-wald-mit-allen-sinnen-entdecken\/","og_site_name":"Naturpark Dahme-Heideseen","article_published_time":"2024-07-10T12:17:02+00:00","og_image":[{"width":940,"height":705,"url":"https:\/\/www.naturparkmagazin.de\/dahme-heideseen\/wp-content\/uploads\/sites\/37\/DSC05699_web-design-940x705.jpg","type":"image\/jpeg"}],"author":"Astrid Osenbr\u00fcck","twitter_misc":{"Verfasst von":"Astrid Osenbr\u00fcck","Gesch\u00e4tzte Lesezeit":"1\u00a0Minute"},"schema":{"@context":"https:\/\/schema.org","@graph":[{"@type":"WebPage","@id":"https:\/\/www.naturparkmagazin.de\/dahme-heideseen\/sommer-ferienprogramm-den-wald-mit-allen-sinnen-entdecken\/","url":"https:\/\/www.naturparkmagazin.de\/dahme-heideseen\/sommer-ferienprogramm-den-wald-mit-allen-sinnen-entdecken\/","name":"Sommer-Ferienprogramm: Den Wald mit allen Sinnen entdecken - Naturpark Dahme-Heideseen","isPartOf":{"@id":"https:\/\/www.naturparkmagazin.de\/dahme-heideseen\/#website"},"datePublished":"2024-07-10T12:17:02+00:00","dateModified":"2024-07-10T12:17:02+00:00","author":{"@id":"https:\/\/www.naturparkmagazin.de\/dahme-heideseen\/#\/schema\/person\/a0510aafafdf8183c95fc98faf0c9f21"},"breadcrumb":{"@id":"https:\/\/www.naturparkmagazin.de\/dahme-heideseen\/sommer-ferienprogramm-den-wald-mit-allen-sinnen-entdecken\/#breadcrumb"},"inLanguage":"de","potentialAction":[{"@type":"ReadAction","target":["https:\/\/www.naturparkmagazin.de\/dahme-heideseen\/sommer-ferienprogramm-den-wald-mit-allen-sinnen-entdecken\/"]}]},{"@type":"BreadcrumbList","@id":"https:\/\/www.naturparkmagazin.de\/dahme-heideseen\/sommer-ferienprogramm-den-wald-mit-allen-sinnen-entdecken\/#breadcrumb","itemListElement":[{"@type":"ListItem","position":1,"name":"Home","item":"https:\/\/www.naturparkmagazin.de\/dahme-heideseen\/"},{"@type":"ListItem","position":2,"name":"Sommer-Ferienprogramm: Den Wald mit allen Sinnen entdecken"}]},{"@type":"WebSite","@id":"https:\/\/www.naturparkmagazin.de\/dahme-heideseen\/#website","url":"https:\/\/www.naturparkmagazin.de\/dahme-heideseen\/","name":"Naturpark Dahme-Heideseen","description":"","potentialAction":[{"@type":"SearchAction","target":{"@type":"EntryPoint","urlTemplate":"https:\/\/www.naturparkmagazin.de\/dahme-heideseen\/?s={search_term_string}"},"query-input":"required name=search_term_string"}],"inLanguage":"de"},{"@type":"Person","@id":"https:\/\/www.naturparkmagazin.de\/dahme-heideseen\/#\/schema\/person\/a0510aafafdf8183c95fc98faf0c9f21","name":"Astrid Osenbr\u00fcck","sameAs":["http:\/\/www.dahme-heideseen-naturpark.de"],"url":"https:\/\/www.naturparkmagazin.de\/dahme-heideseen\/author\/astridosenbrueck\/"}]}},"_links":{"self":[{"href":"https:\/\/www.naturparkmagazin.de\/dahme-heideseen\/wp-json\/wp\/v2\/posts\/6290"}],"collection":[{"href":"https:\/\/www.naturparkmagazin.de\/dahme-heideseen\/wp-json\/wp\/v2\/posts"}],"about":[{"href":"https:\/\/www.naturparkmagazin.de\/dahme-heideseen\/wp-json\/wp\/v2\/types\/post"}],"author":[{"embeddable":true,"href":"https:\/\/www.naturparkmagazin.de\/dahme-heideseen\/wp-json\/wp\/v2\/users\/83"}],"replies":[{"embeddable":true,"href":"https:\/\/www.naturparkmagazin.de\/dahme-heideseen\/wp-json\/wp\/v2\/comments?post=6290"}],"version-history":[{"count":1,"href":"https:\/\/www.naturparkmagazin.de\/dahme-heideseen\/wp-json\/wp\/v2\/posts\/6290\/revisions"}],"predecessor-version":[{"id":6291,"href":"https:\/\/www.naturparkmagazin.de\/dahme-heideseen\/wp-json\/wp\/v2\/posts\/6290\/revisions\/6291"}],"wp:featuredmedia":[{"embeddable":true,"href":"https:\/\/www.naturparkmagazin.de\/dahme-heideseen\/wp-json\/wp\/v2\/media\/6287"}],"wp:attachment":[{"href":"https:\/\/www.naturparkmagazin.de\/dahme-heideseen\/wp-json\/wp\/v2\/media?parent=6290"}],"wp:term":[{"taxonomy":"category","embeddable":true,"href":"https:\/\/www.naturparkmagazin.de\/dahme-heideseen\/wp-json\/wp\/v2\/categories?post=6290"},{"taxonomy":"post_tag","embeddable":true,"href":"https:\/\/www.naturparkmagazin.de\/dahme-heideseen\/wp-json\/wp\/v2\/tags?post=6290"}],"curies":[{"name":"wp","href":"https:\/\/api.w.org\/{rel}","templated":true}]}}